{"id":3057,"date":"2015-11-18T13:00:19","date_gmt":"2015-11-18T12:00:19","guid":{"rendered":"http:\/\/www.naturparkmagazin.de\/stechlin\/?p=3057"},"modified":"2015-11-25T14:32:59","modified_gmt":"2015-11-25T13:32:59","slug":"naturpark-beteiligt-sich-am-bundesweiten-vorlesetag","status":"publish","type":"post","link":"https:\/\/www.naturparkmagazin.de\/stechlin\/naturpark-beteiligt-sich-am-bundesweiten-vorlesetag\/","title":{"rendered":"Naturpark beteiligt sich am Bundesweiten Vorlesetag"},"content":{"rendered":"<div id=\"attachment_3065\" style=\"width: 309px\" class=\"wp-caption alignleft\"><a href=\"https:\/\/www.naturparkmagazin.de\/stechlin\/wp-content\/uploads\/sites\/38\/Vorlesetag-2015.jpg\"><img aria-describedby=\"caption-attachment-3065\" decoding=\"async\" loading=\"lazy\" class=\"size-full wp-image-3065\" src=\"https:\/\/www.naturparkmagazin.de\/stechlin\/wp-content\/uploads\/sites\/38\/Vorlesetag-2015.jpg\" alt=\"Naturparkleiter Dr. Mario Schrumpf lie\u00dft in der 5. Klasse\" width=\"299\" height=\"200\" srcset=\"https:\/\/www.naturparkmagazin.de\/stechlin\/wp-content\/uploads\/sites\/38\/Vorlesetag-2015.jpg 299w, https:\/\/www.naturparkmagazin.de\/stechlin\/wp-content\/uploads\/sites\/38\/Vorlesetag-2015-200x134.jpg 200w\" sizes=\"(max-width: 299px) 100vw, 299px\" \/><\/a><p id=\"caption-attachment-3065\" class=\"wp-caption-text\">Naturparkleiter Dr. Mario Schrumpf liest in der 5. Klasse<\/p><\/div>\n<p>&nbsp;<\/p>\n<p>&nbsp;<\/p>\n<p>&nbsp;<\/p>\n<p>&nbsp;<\/p>\n<p>&nbsp;<\/p>\n<p>&nbsp;<\/p>\n<p>&nbsp;<\/p>\n<div id=\"attachment_3068\" style=\"width: 309px\" class=\"wp-caption alignleft\"><a href=\"https:\/\/www.naturparkmagazin.de\/stechlin\/wp-content\/uploads\/sites\/38\/Vorlesetag-3.jpg\"><img aria-describedby=\"caption-attachment-3068\" decoding=\"async\" loading=\"lazy\" class=\"size-full wp-image-3068\" src=\"https:\/\/www.naturparkmagazin.de\/stechlin\/wp-content\/uploads\/sites\/38\/Vorlesetag-3.jpg\" alt=\"Die Geschichten des L\u00fcgenbarons M\u00fcnchhausen kamen bei den Sch\u00fclern gut an.\" width=\"299\" height=\"200\" srcset=\"https:\/\/www.naturparkmagazin.de\/stechlin\/wp-content\/uploads\/sites\/38\/Vorlesetag-3.jpg 299w, https:\/\/www.naturparkmagazin.de\/stechlin\/wp-content\/uploads\/sites\/38\/Vorlesetag-3-200x134.jpg 200w\" sizes=\"(max-width: 299px) 100vw, 299px\" \/><\/a><p id=\"caption-attachment-3068\" class=\"wp-caption-text\">Die Geschichten des L\u00fcgenbarons M\u00fcnchhausen kamen bei den Sch\u00fclern gut an.<\/p><\/div>\n<p>&nbsp;<\/p>\n<p>&nbsp;<\/p>\n<p>&nbsp;<\/p>\n<p>&nbsp;<\/p>\n<p>&nbsp;<\/p>\n<p>&nbsp;<\/p>\n<p>&nbsp;<\/p>\n<p>&nbsp;<\/p>\n<p>&nbsp;<\/p>\n<p>&nbsp;<\/p>\n<p>Naturwachtleiterin Anke Rudnik und Naturparkleiter Dr. Mario Schrumpf beteiligten sich am 20. November auf Einladung der Theodor-Fontane-Schule Menz am Bundesweiten Vorlesetag.<\/p>\n<p>Dieser Tag hat an der Menzer Naturparkschule Tradition. G\u00e4ste aus Kommunalpolitik, befreundeten Einrichtungen, Eltern sowie Lehrer a.D. werden von der Schulleitung eingeladen. Jeder lie\u00dft in einer anderen Klasse aus einem von ihm ausgew\u00e4hlten Buch.<\/p>\n<p>Ziel des Bundesweiten Vorlesetages ist die Sch\u00fcler zum selbstst\u00e4ndigen lesen zu motivieren. In der Naturparkschule Menz bestehen mit der schuleigenen Bibliothek gute Voraussetzungen. Der Buchbestand wird daf\u00fcr regelm\u00e4\u00dfig aktualisiert.<\/p>\n","protected":false},"excerpt":{"rendered":"<p>Naturwachtleiterin Anke Rudnik und Naturparkleiter Dr. Mario Schrumpf beteiligten sich am 20. November auf Einladung der Theodor-Fontane-Schule Menz am Bundesweiten Vorlesetag.<\/p>\n","protected":false},"author":39,"featured_media":3067,"comment_status":"open","ping_status":"open","sticky":false,"template":"","format":"standard","meta":[],"categories":[7],"tags":[],"yoast_head":"<!-- This site is optimized with the Yoast SEO plugin v19.10 - https:\/\/yoast.com\/wordpress\/plugins\/seo\/ -->\n<title>Naturpark beteiligt sich am Bundesweiten Vorlesetag - Naturpark Stechlin-Ruppiner Land<\/title>\n<meta name=\"robots\" content=\"index, follow, max-snippet:-1, max-image-preview:large, max-video-preview:-1\" \/>\n<link rel=\"canonical\" href=\"https:\/\/www.naturparkmagazin.de\/stechlin\/naturpark-beteiligt-sich-am-bundesweiten-vorlesetag\/\" \/>\n<meta property=\"og:locale\" content=\"de_DE\" \/>\n<meta property=\"og:type\" content=\"article\" \/>\n<meta property=\"og:title\" content=\"Naturpark beteiligt sich am Bundesweiten Vorlesetag - Naturpark Stechlin-Ruppiner Land\" \/>\n<meta property=\"og:description\" content=\"Naturwachtleiterin Anke Rudnik und Naturparkleiter Dr. Mario Schrumpf beteiligten sich am 20. November auf Einladung der Theodor-Fontane-Schule Menz am Bundesweiten Vorlesetag.\" \/>\n<meta property=\"og:url\" content=\"https:\/\/www.naturparkmagazin.de\/stechlin\/naturpark-beteiligt-sich-am-bundesweiten-vorlesetag\/\" \/>\n<meta property=\"og:site_name\" content=\"Naturpark Stechlin-Ruppiner Land\" \/>\n<meta property=\"article:published_time\" content=\"2015-11-18T12:00:19+00:00\" \/>\n<meta property=\"article:modified_time\" content=\"2015-11-25T13:32:59+00:00\" \/>\n<meta property=\"og:image\" content=\"https:\/\/www.naturparkmagazin.de\/stechlin\/wp-content\/uploads\/sites\/38\/Vorlesetag-2.jpg\" \/>\n\t<meta property=\"og:image:width\" content=\"299\" \/>\n\t<meta property=\"og:image:height\" content=\"200\" \/>\n\t<meta property=\"og:image:type\" content=\"image\/jpeg\" \/>\n<meta name=\"author\" content=\"marioschrumpf\" \/>\n<meta name=\"twitter:label1\" content=\"Verfasst von\" \/>\n\t<meta name=\"twitter:data1\" content=\"marioschrumpf\" \/>\n\t<meta name=\"twitter:label2\" content=\"Gesch\u00e4tzte Lesezeit\" \/>\n\t<meta name=\"twitter:data2\" content=\"1\u00a0Minute\" \/>\n<script type=\"application\/ld+json\" class=\"yoast-schema-graph\">{\"@context\":\"https:\/\/schema.org\",\"@graph\":[{\"@type\":\"WebPage\",\"@id\":\"https:\/\/www.naturparkmagazin.de\/stechlin\/naturpark-beteiligt-sich-am-bundesweiten-vorlesetag\/\",\"url\":\"https:\/\/www.naturparkmagazin.de\/stechlin\/naturpark-beteiligt-sich-am-bundesweiten-vorlesetag\/\",\"name\":\"Naturpark beteiligt sich am Bundesweiten Vorlesetag - Naturpark Stechlin-Ruppiner Land\",\"isPartOf\":{\"@id\":\"https:\/\/www.naturparkmagazin.de\/stechlin\/#website\"},\"datePublished\":\"2015-11-18T12:00:19+00:00\",\"dateModified\":\"2015-11-25T13:32:59+00:00\",\"author\":{\"@id\":\"https:\/\/www.naturparkmagazin.de\/stechlin\/#\/schema\/person\/3f0d93203df21c806dd63c76d9bb28bc\"},\"breadcrumb\":{\"@id\":\"https:\/\/www.naturparkmagazin.de\/stechlin\/naturpark-beteiligt-sich-am-bundesweiten-vorlesetag\/#breadcrumb\"},\"inLanguage\":\"de\",\"potentialAction\":[{\"@type\":\"ReadAction\",\"target\":[\"https:\/\/www.naturparkmagazin.de\/stechlin\/naturpark-beteiligt-sich-am-bundesweiten-vorlesetag\/\"]}]},{\"@type\":\"BreadcrumbList\",\"@id\":\"https:\/\/www.naturparkmagazin.de\/stechlin\/naturpark-beteiligt-sich-am-bundesweiten-vorlesetag\/#breadcrumb\",\"itemListElement\":[{\"@type\":\"ListItem\",\"position\":1,\"name\":\"Home\",\"item\":\"https:\/\/www.naturparkmagazin.de\/stechlin\/\"},{\"@type\":\"ListItem\",\"position\":2,\"name\":\"Naturpark beteiligt sich am Bundesweiten Vorlesetag\"}]},{\"@type\":\"WebSite\",\"@id\":\"https:\/\/www.naturparkmagazin.de\/stechlin\/#website\",\"url\":\"https:\/\/www.naturparkmagazin.de\/stechlin\/\",\"name\":\"Naturpark Stechlin-Ruppiner Land\",\"description\":\"\",\"potentialAction\":[{\"@type\":\"SearchAction\",\"target\":{\"@type\":\"EntryPoint\",\"urlTemplate\":\"https:\/\/www.naturparkmagazin.de\/stechlin\/?s={search_term_string}\"},\"query-input\":\"required name=search_term_string\"}],\"inLanguage\":\"de\"},{\"@type\":\"Person\",\"@id\":\"https:\/\/www.naturparkmagazin.de\/stechlin\/#\/schema\/person\/3f0d93203df21c806dd63c76d9bb28bc\",\"name\":\"marioschrumpf\",\"url\":\"https:\/\/www.naturparkmagazin.de\/stechlin\/author\/marioschrumpf\/\"}]}<\/script>\n<!-- \/ Yoast SEO plugin. -->","yoast_head_json":{"title":"Naturpark beteiligt sich am Bundesweiten Vorlesetag - Naturpark Stechlin-Ruppiner Land","robots":{"index":"index","follow":"follow","max-snippet":"max-snippet:-1","max-image-preview":"max-image-preview:large","max-video-preview":"max-video-preview:-1"},"canonical":"https:\/\/www.naturparkmagazin.de\/stechlin\/naturpark-beteiligt-sich-am-bundesweiten-vorlesetag\/","og_locale":"de_DE","og_type":"article","og_title":"Naturpark beteiligt sich am Bundesweiten Vorlesetag - Naturpark Stechlin-Ruppiner Land","og_description":"Naturwachtleiterin Anke Rudnik und Naturparkleiter Dr. Mario Schrumpf beteiligten sich am 20. November auf Einladung der Theodor-Fontane-Schule Menz am Bundesweiten Vorlesetag.","og_url":"https:\/\/www.naturparkmagazin.de\/stechlin\/naturpark-beteiligt-sich-am-bundesweiten-vorlesetag\/","og_site_name":"Naturpark Stechlin-Ruppiner Land","article_published_time":"2015-11-18T12:00:19+00:00","article_modified_time":"2015-11-25T13:32:59+00:00","og_image":[{"width":299,"height":200,"url":"https:\/\/www.naturparkmagazin.de\/stechlin\/wp-content\/uploads\/sites\/38\/Vorlesetag-2.jpg","type":"image\/jpeg"}],"author":"marioschrumpf","twitter_misc":{"Verfasst von":"marioschrumpf","Gesch\u00e4tzte Lesezeit":"1\u00a0Minute"},"schema":{"@context":"https:\/\/schema.org","@graph":[{"@type":"WebPage","@id":"https:\/\/www.naturparkmagazin.de\/stechlin\/naturpark-beteiligt-sich-am-bundesweiten-vorlesetag\/","url":"https:\/\/www.naturparkmagazin.de\/stechlin\/naturpark-beteiligt-sich-am-bundesweiten-vorlesetag\/","name":"Naturpark beteiligt sich am Bundesweiten Vorlesetag - Naturpark Stechlin-Ruppiner Land","isPartOf":{"@id":"https:\/\/www.naturparkmagazin.de\/stechlin\/#website"},"datePublished":"2015-11-18T12:00:19+00:00","dateModified":"2015-11-25T13:32:59+00:00","author":{"@id":"https:\/\/www.naturparkmagazin.de\/stechlin\/#\/schema\/person\/3f0d93203df21c806dd63c76d9bb28bc"},"breadcrumb":{"@id":"https:\/\/www.naturparkmagazin.de\/stechlin\/naturpark-beteiligt-sich-am-bundesweiten-vorlesetag\/#breadcrumb"},"inLanguage":"de","potentialAction":[{"@type":"ReadAction","target":["https:\/\/www.naturparkmagazin.de\/stechlin\/naturpark-beteiligt-sich-am-bundesweiten-vorlesetag\/"]}]},{"@type":"BreadcrumbList","@id":"https:\/\/www.naturparkmagazin.de\/stechlin\/naturpark-beteiligt-sich-am-bundesweiten-vorlesetag\/#breadcrumb","itemListElement":[{"@type":"ListItem","position":1,"name":"Home","item":"https:\/\/www.naturparkmagazin.de\/stechlin\/"},{"@type":"ListItem","position":2,"name":"Naturpark beteiligt sich am Bundesweiten Vorlesetag"}]},{"@type":"WebSite","@id":"https:\/\/www.naturparkmagazin.de\/stechlin\/#website","url":"https:\/\/www.naturparkmagazin.de\/stechlin\/","name":"Naturpark Stechlin-Ruppiner Land","description":"","potentialAction":[{"@type":"SearchAction","target":{"@type":"EntryPoint","urlTemplate":"https:\/\/www.naturparkmagazin.de\/stechlin\/?s={search_term_string}"},"query-input":"required name=search_term_string"}],"inLanguage":"de"},{"@type":"Person","@id":"https:\/\/www.naturparkmagazin.de\/stechlin\/#\/schema\/person\/3f0d93203df21c806dd63c76d9bb28bc","name":"marioschrumpf","url":"https:\/\/www.naturparkmagazin.de\/stechlin\/author\/marioschrumpf\/"}]}},"_links":{"self":[{"href":"https:\/\/www.naturparkmagazin.de\/stechlin\/wp-json\/wp\/v2\/posts\/3057"}],"collection":[{"href":"https:\/\/www.naturparkmagazin.de\/stechlin\/wp-json\/wp\/v2\/posts"}],"about":[{"href":"https:\/\/www.naturparkmagazin.de\/stechlin\/wp-json\/wp\/v2\/types\/post"}],"author":[{"embeddable":true,"href":"https:\/\/www.naturparkmagazin.de\/stechlin\/wp-json\/wp\/v2\/users\/39"}],"replies":[{"embeddable":true,"href":"https:\/\/www.naturparkmagazin.de\/stechlin\/wp-json\/wp\/v2\/comments?post=3057"}],"version-history":[{"count":13,"href":"https:\/\/www.naturparkmagazin.de\/stechlin\/wp-json\/wp\/v2\/posts\/3057\/revisions"}],"predecessor-version":[{"id":3079,"href":"https:\/\/www.naturparkmagazin.de\/stechlin\/wp-json\/wp\/v2\/posts\/3057\/revisions\/3079"}],"wp:featuredmedia":[{"embeddable":true,"href":"https:\/\/www.naturparkmagazin.de\/stechlin\/wp-json\/wp\/v2\/media\/3067"}],"wp:attachment":[{"href":"https:\/\/www.naturparkmagazin.de\/stechlin\/wp-json\/wp\/v2\/media?parent=3057"}],"wp:term":[{"taxonomy":"category","embeddable":true,"href":"https:\/\/www.naturparkmagazin.de\/stechlin\/wp-json\/wp\/v2\/categories?post=3057"},{"taxonomy":"post_tag","embeddable":true,"href":"https:\/\/www.naturparkmagazin.de\/stechlin\/wp-json\/wp\/v2\/tags?post=3057"}],"curies":[{"name":"wp","href":"https:\/\/api.w.org\/{rel}","templated":true}]}}