{"id":3088,"date":"2015-12-14T11:04:26","date_gmt":"2015-12-14T10:04:26","guid":{"rendered":"http:\/\/www.naturparkmagazin.de\/stechlin\/?p=3088"},"modified":"2015-12-14T14:40:42","modified_gmt":"2015-12-14T13:40:42","slug":"liebe-leserin-lieber-leser-7","status":"publish","type":"post","link":"https:\/\/www.naturparkmagazin.de\/stechlin\/liebe-leserin-lieber-leser-7\/","title":{"rendered":"Liebe Leserin, lieber Leser,"},"content":{"rendered":"<p>das Jahr 2016 steht ganz im Zeichen der Naturparke. Die Deutsche Zentrale f\u00fcr Tourismus (DZT) stellt im kommenden Jahr in ihrer internationalen Themenkampagne \u201eFaszination Natururlaub in Deutschland\u201c die Naturparke, Nationalparke und Biosph\u00e4renreservate in den Fokus, um auf Deutschland als Naturreiseziel aufmerksam zu machen. Dies ist f\u00fcr uns eine gro\u00dfe Chance, die Naturerlebnisangebote der Naturparke auch im Inland noch bekannter zu machen. Daher stellt der Verband Deutscher Naturparke (VDN) 2016 die Naturerlebnisangebote der Naturparke in einer Kampagne unter dem Motto \u201eFaszination Natur\u201c auch auf <a href=\"http:\/\/www.naturparke.de\/\">www.naturparke.de<\/a> vor.<\/p>\n<p>Ich bedanke mich\u00a0bei allen, die uns im vergangenen Jahr mit Hand und Herz, pers\u00f6nlichem Engagement und Ideenreichtum in unserer Arbeit unterst\u00fctzt haben! Wir w\u00fcnschen Ihnen und Ihren Familien einen guten Start in das neue Jahr 2016.<\/p>\n<p>&nbsp;<\/p>\n<p>Dr. Mario Schrumpf<\/p>\n<p>Teamleiter<\/p>\n<p>Naturpark Stechlin-Ruppiner Land<\/p>\n","protected":false},"excerpt":{"rendered":"<p>das Jahr 2016 steht ganz im Zeichen der Naturparke. Die Deutsche Zentrale f\u00fcr Tourismus (DZT) stellt im kommenden Jahr in ihrer internationalen Themenkampagne \u201eFaszination Natururlaub in Deutschland\u201c die Naturparke, Nationalparke und Biosph\u00e4renreservate in den Fokus, um auf Deutschland als Naturreiseziel aufmerksam zu machen. Dies ist f\u00fcr uns eine gro\u00dfe Chance, die Naturerlebnisangebote der Naturparke auch<\/p>\n","protected":false},"author":39,"featured_media":0,"comment_status":"open","ping_status":"open","sticky":false,"template":"","format":"standard","meta":[],"categories":[52],"tags":[],"yoast_head":"<!-- This site is optimized with the Yoast SEO plugin v19.10 - https:\/\/yoast.com\/wordpress\/plugins\/seo\/ -->\n<title>Liebe Leserin, lieber Leser, - Naturpark Stechlin-Ruppiner Land<\/title>\n<meta name=\"robots\" content=\"index, follow, max-snippet:-1, max-image-preview:large, max-video-preview:-1\" \/>\n<link rel=\"canonical\" href=\"https:\/\/www.naturparkmagazin.de\/stechlin\/liebe-leserin-lieber-leser-7\/\" \/>\n<meta property=\"og:locale\" content=\"de_DE\" \/>\n<meta property=\"og:type\" content=\"article\" \/>\n<meta property=\"og:title\" content=\"Liebe Leserin, lieber Leser, - Naturpark Stechlin-Ruppiner Land\" \/>\n<meta property=\"og:description\" content=\"das Jahr 2016 steht ganz im Zeichen der Naturparke. Die Deutsche Zentrale f\u00fcr Tourismus (DZT) stellt im kommenden Jahr in ihrer internationalen Themenkampagne \u201eFaszination Natururlaub in Deutschland\u201c die Naturparke, Nationalparke und Biosph\u00e4renreservate in den Fokus, um auf Deutschland als Naturreiseziel aufmerksam zu machen. Dies ist f\u00fcr uns eine gro\u00dfe Chance, die Naturerlebnisangebote der Naturparke auch\" \/>\n<meta property=\"og:url\" content=\"https:\/\/www.naturparkmagazin.de\/stechlin\/liebe-leserin-lieber-leser-7\/\" \/>\n<meta property=\"og:site_name\" content=\"Naturpark Stechlin-Ruppiner Land\" \/>\n<meta property=\"article:published_time\" content=\"2015-12-14T10:04:26+00:00\" \/>\n<meta property=\"article:modified_time\" content=\"2015-12-14T13:40:42+00:00\" \/>\n<meta name=\"author\" content=\"marioschrumpf\" \/>\n<meta name=\"twitter:label1\" content=\"Verfasst von\" \/>\n\t<meta name=\"twitter:data1\" content=\"marioschrumpf\" \/>\n\t<meta name=\"twitter:label2\" content=\"Gesch\u00e4tzte Lesezeit\" \/>\n\t<meta name=\"twitter:data2\" content=\"1\u00a0Minute\" \/>\n<script type=\"application\/ld+json\" class=\"yoast-schema-graph\">{\"@context\":\"https:\/\/schema.org\",\"@graph\":[{\"@type\":\"WebPage\",\"@id\":\"https:\/\/www.naturparkmagazin.de\/stechlin\/liebe-leserin-lieber-leser-7\/\",\"url\":\"https:\/\/www.naturparkmagazin.de\/stechlin\/liebe-leserin-lieber-leser-7\/\",\"name\":\"Liebe Leserin, lieber Leser, - Naturpark Stechlin-Ruppiner Land\",\"isPartOf\":{\"@id\":\"https:\/\/www.naturparkmagazin.de\/stechlin\/#website\"},\"datePublished\":\"2015-12-14T10:04:26+00:00\",\"dateModified\":\"2015-12-14T13:40:42+00:00\",\"author\":{\"@id\":\"https:\/\/www.naturparkmagazin.de\/stechlin\/#\/schema\/person\/3f0d93203df21c806dd63c76d9bb28bc\"},\"breadcrumb\":{\"@id\":\"https:\/\/www.naturparkmagazin.de\/stechlin\/liebe-leserin-lieber-leser-7\/#breadcrumb\"},\"inLanguage\":\"de\",\"potentialAction\":[{\"@type\":\"ReadAction\",\"target\":[\"https:\/\/www.naturparkmagazin.de\/stechlin\/liebe-leserin-lieber-leser-7\/\"]}]},{\"@type\":\"BreadcrumbList\",\"@id\":\"https:\/\/www.naturparkmagazin.de\/stechlin\/liebe-leserin-lieber-leser-7\/#breadcrumb\",\"itemListElement\":[{\"@type\":\"ListItem\",\"position\":1,\"name\":\"Home\",\"item\":\"https:\/\/www.naturparkmagazin.de\/stechlin\/\"},{\"@type\":\"ListItem\",\"position\":2,\"name\":\"Liebe Leserin, lieber Leser,\"}]},{\"@type\":\"WebSite\",\"@id\":\"https:\/\/www.naturparkmagazin.de\/stechlin\/#website\",\"url\":\"https:\/\/www.naturparkmagazin.de\/stechlin\/\",\"name\":\"Naturpark Stechlin-Ruppiner Land\",\"description\":\"\",\"potentialAction\":[{\"@type\":\"SearchAction\",\"target\":{\"@type\":\"EntryPoint\",\"urlTemplate\":\"https:\/\/www.naturparkmagazin.de\/stechlin\/?s={search_term_string}\"},\"query-input\":\"required name=search_term_string\"}],\"inLanguage\":\"de\"},{\"@type\":\"Person\",\"@id\":\"https:\/\/www.naturparkmagazin.de\/stechlin\/#\/schema\/person\/3f0d93203df21c806dd63c76d9bb28bc\",\"name\":\"marioschrumpf\",\"url\":\"https:\/\/www.naturparkmagazin.de\/stechlin\/author\/marioschrumpf\/\"}]}<\/script>\n<!-- \/ Yoast SEO plugin. -->","yoast_head_json":{"title":"Liebe Leserin, lieber Leser, - Naturpark Stechlin-Ruppiner Land","robots":{"index":"index","follow":"follow","max-snippet":"max-snippet:-1","max-image-preview":"max-image-preview:large","max-video-preview":"max-video-preview:-1"},"canonical":"https:\/\/www.naturparkmagazin.de\/stechlin\/liebe-leserin-lieber-leser-7\/","og_locale":"de_DE","og_type":"article","og_title":"Liebe Leserin, lieber Leser, - Naturpark Stechlin-Ruppiner Land","og_description":"das Jahr 2016 steht ganz im Zeichen der Naturparke. Die Deutsche Zentrale f\u00fcr Tourismus (DZT) stellt im kommenden Jahr in ihrer internationalen Themenkampagne \u201eFaszination Natururlaub in Deutschland\u201c die Naturparke, Nationalparke und Biosph\u00e4renreservate in den Fokus, um auf Deutschland als Naturreiseziel aufmerksam zu machen. Dies ist f\u00fcr uns eine gro\u00dfe Chance, die Naturerlebnisangebote der Naturparke auch","og_url":"https:\/\/www.naturparkmagazin.de\/stechlin\/liebe-leserin-lieber-leser-7\/","og_site_name":"Naturpark Stechlin-Ruppiner Land","article_published_time":"2015-12-14T10:04:26+00:00","article_modified_time":"2015-12-14T13:40:42+00:00","author":"marioschrumpf","twitter_misc":{"Verfasst von":"marioschrumpf","Gesch\u00e4tzte Lesezeit":"1\u00a0Minute"},"schema":{"@context":"https:\/\/schema.org","@graph":[{"@type":"WebPage","@id":"https:\/\/www.naturparkmagazin.de\/stechlin\/liebe-leserin-lieber-leser-7\/","url":"https:\/\/www.naturparkmagazin.de\/stechlin\/liebe-leserin-lieber-leser-7\/","name":"Liebe Leserin, lieber Leser, - Naturpark Stechlin-Ruppiner Land","isPartOf":{"@id":"https:\/\/www.naturparkmagazin.de\/stechlin\/#website"},"datePublished":"2015-12-14T10:04:26+00:00","dateModified":"2015-12-14T13:40:42+00:00","author":{"@id":"https:\/\/www.naturparkmagazin.de\/stechlin\/#\/schema\/person\/3f0d93203df21c806dd63c76d9bb28bc"},"breadcrumb":{"@id":"https:\/\/www.naturparkmagazin.de\/stechlin\/liebe-leserin-lieber-leser-7\/#breadcrumb"},"inLanguage":"de","potentialAction":[{"@type":"ReadAction","target":["https:\/\/www.naturparkmagazin.de\/stechlin\/liebe-leserin-lieber-leser-7\/"]}]},{"@type":"BreadcrumbList","@id":"https:\/\/www.naturparkmagazin.de\/stechlin\/liebe-leserin-lieber-leser-7\/#breadcrumb","itemListElement":[{"@type":"ListItem","position":1,"name":"Home","item":"https:\/\/www.naturparkmagazin.de\/stechlin\/"},{"@type":"ListItem","position":2,"name":"Liebe Leserin, lieber Leser,"}]},{"@type":"WebSite","@id":"https:\/\/www.naturparkmagazin.de\/stechlin\/#website","url":"https:\/\/www.naturparkmagazin.de\/stechlin\/","name":"Naturpark Stechlin-Ruppiner Land","description":"","potentialAction":[{"@type":"SearchAction","target":{"@type":"EntryPoint","urlTemplate":"https:\/\/www.naturparkmagazin.de\/stechlin\/?s={search_term_string}"},"query-input":"required name=search_term_string"}],"inLanguage":"de"},{"@type":"Person","@id":"https:\/\/www.naturparkmagazin.de\/stechlin\/#\/schema\/person\/3f0d93203df21c806dd63c76d9bb28bc","name":"marioschrumpf","url":"https:\/\/www.naturparkmagazin.de\/stechlin\/author\/marioschrumpf\/"}]}},"_links":{"self":[{"href":"https:\/\/www.naturparkmagazin.de\/stechlin\/wp-json\/wp\/v2\/posts\/3088"}],"collection":[{"href":"https:\/\/www.naturparkmagazin.de\/stechlin\/wp-json\/wp\/v2\/posts"}],"about":[{"href":"https:\/\/www.naturparkmagazin.de\/stechlin\/wp-json\/wp\/v2\/types\/post"}],"author":[{"embeddable":true,"href":"https:\/\/www.naturparkmagazin.de\/stechlin\/wp-json\/wp\/v2\/users\/39"}],"replies":[{"embeddable":true,"href":"https:\/\/www.naturparkmagazin.de\/stechlin\/wp-json\/wp\/v2\/comments?post=3088"}],"version-history":[{"count":3,"href":"https:\/\/www.naturparkmagazin.de\/stechlin\/wp-json\/wp\/v2\/posts\/3088\/revisions"}],"predecessor-version":[{"id":3151,"href":"https:\/\/www.naturparkmagazin.de\/stechlin\/wp-json\/wp\/v2\/posts\/3088\/revisions\/3151"}],"wp:attachment":[{"href":"https:\/\/www.naturparkmagazin.de\/stechlin\/wp-json\/wp\/v2\/media?parent=3088"}],"wp:term":[{"taxonomy":"category","embeddable":true,"href":"https:\/\/www.naturparkmagazin.de\/stechlin\/wp-json\/wp\/v2\/categories?post=3088"},{"taxonomy":"post_tag","embeddable":true,"href":"https:\/\/www.naturparkmagazin.de\/stechlin\/wp-json\/wp\/v2\/tags?post=3088"}],"curies":[{"name":"wp","href":"https:\/\/api.w.org\/{rel}","templated":true}]}}