{"id":3090,"date":"2015-12-14T11:14:27","date_gmt":"2015-12-14T10:14:27","guid":{"rendered":"http:\/\/www.naturparkmagazin.de\/stechlin\/?p=3090"},"modified":"2015-12-21T11:50:08","modified_gmt":"2015-12-21T10:50:08","slug":"ehre-wem-ehre-gebuehrt","status":"publish","type":"post","link":"https:\/\/www.naturparkmagazin.de\/stechlin\/ehre-wem-ehre-gebuehrt\/","title":{"rendered":"Ehre, wem Ehre geb\u00fchrt!"},"content":{"rendered":"<div id=\"attachment_3091\" style=\"width: 310px\" class=\"wp-caption alignleft\"><a href=\"https:\/\/www.naturparkmagazin.de\/stechlin\/wp-content\/uploads\/sites\/38\/23239663360_70db501aac_200x200.jpg\"><img aria-describedby=\"caption-attachment-3091\" decoding=\"async\" loading=\"lazy\" class=\"size-thumbnail wp-image-3091\" src=\"https:\/\/www.naturparkmagazin.de\/stechlin\/wp-content\/uploads\/sites\/38\/23239663360_70db501aac_200x200-300x200.jpg\" alt=\"Die Ehrenamtlichen aus dem Politikfeld Natur- und Umweltschutz durften am Tisch von Agrar- und Umweltminister J\u00f6rg Vogels\u00e4nger Platz nehmen.\" width=\"300\" height=\"200\" srcset=\"https:\/\/www.naturparkmagazin.de\/stechlin\/wp-content\/uploads\/sites\/38\/23239663360_70db501aac_200x200.jpg 300w, https:\/\/www.naturparkmagazin.de\/stechlin\/wp-content\/uploads\/sites\/38\/23239663360_70db501aac_200x200-200x133.jpg 200w\" sizes=\"(max-width: 300px) 100vw, 300px\" \/><\/a><p id=\"caption-attachment-3091\" class=\"wp-caption-text\">Die Ehrenamtlichen aus dem Politikfeld Natur- und Umweltschutz durften am Tisch von Agrar- und Umweltminister J\u00f6rg Vogels\u00e4nger Platz nehmen.<\/p><\/div>\n<p>&nbsp;<\/p>\n<p>&nbsp;<\/p>\n<p>&nbsp;<\/p>\n<p>&nbsp;<\/p>\n<p>&nbsp;<\/p>\n<div id=\"attachment_1843\" style=\"width: 238px\" class=\"wp-caption alignleft\"><a href=\"https:\/\/www.naturparkmagazin.de\/stechlin\/wp-content\/uploads\/sites\/38\/dr.henkel03.jpg\"><img aria-describedby=\"caption-attachment-1843\" decoding=\"async\" loading=\"lazy\" class=\"size-full wp-image-1843\" src=\"https:\/\/www.naturparkmagazin.de\/stechlin\/wp-content\/uploads\/sites\/38\/dr.henkel03.jpg\" alt=\"Dr. Wolfgang Henkel, Vorsitzender des F\u00f6rdervereins Naturlandschaft Stechlin und Menzer Heide e.V.\" width=\"228\" height=\"179\" srcset=\"https:\/\/www.naturparkmagazin.de\/stechlin\/wp-content\/uploads\/sites\/38\/dr.henkel03.jpg 228w, https:\/\/www.naturparkmagazin.de\/stechlin\/wp-content\/uploads\/sites\/38\/dr.henkel03-200x157.jpg 200w\" sizes=\"(max-width: 228px) 100vw, 228px\" \/><\/a><p id=\"caption-attachment-1843\" class=\"wp-caption-text\">Dr. Wolfgang Henkel,Vorsitzender des F\u00f6rdervereins Naturlandschaft Stechlin und Menzer Heide e.V.<\/p><\/div>\n<p>&nbsp;<\/p>\n<p>&nbsp;<\/p>\n<p>&nbsp;<\/p>\n<p>&nbsp;<\/p>\n<p>&nbsp;<\/p>\n<p>&nbsp;<\/p>\n<p>&nbsp;<\/p>\n<p>&nbsp;<\/p>\n<p>&nbsp;<\/p>\n<p>&nbsp;<\/p>\n<p>&nbsp;<\/p>\n<p>&nbsp;<\/p>\n<p>&nbsp;<\/p>\n<p>&nbsp;<\/p>\n<p>Der Vorsitzende des F\u00f6rdervereins &#8222;Naturlandschaft Stechlin und Menzer Heide&#8220; e.V., <strong>Dr. Wolfgang Henkel<\/strong> wurde aufgrund seiner langj\u00e4hrigen Verdienste zum traditionellen Empfang in die Potsdamer Staatskanzlei eingeladen.<\/p>\n<p>Zum Welttag des Ehrenamts am 5. Dezember haben Landtag und Landesregierung den Zehntausenden freiwillig T\u00e4tigen im Land Brandenburg Dank und Anerkennung ausgesprochen. Beim gemeinsamen Empfang von Landtagspr\u00e4sidentin Britta Stark und Ministerpr\u00e4sident Dietmar Woidke in der Potsdamer Staatskanzlei waren rund 100 Ehrenamtler aus allen Teilen des Landes zu Gast. Bei dem vom rbb-Fernsehjournalisten Gerald Meyer moderierten festlichen Beisammensein waren die gesamte Landesregierung, Landtagsvizepr\u00e4sident Dieter Dombrowski und zahlreiche prominente Vertreter der brandenburgischen Medien vertreten. Wolfgang Henkel durfte an der Seite von Agrar- und Umweltminister J\u00f6rg Vogels\u00e4nger Platz nehmen.<\/p>\n<p>Landtagspr\u00e4sidentin Stark sagte: \u201e<em>Wer anderen Menschen Hoffnung, Mut und Freude schenkt, der bereichert auch sein eigenes Leben. Die St\u00e4rke einer Zivilgesellschaft l\u00e4sst sich auch daran messen, wie viele Menschen sich f\u00fcr das Gemeinwesen engagieren. Davon lebt unsere Demokratie. Im Namen aller Abgeordneten \u00fcberbringe ich gr\u00f6\u00dften Respekt und Dank.\u201c<\/em><\/p>\n<p>In seinem Gru\u00dfwort zollte Ministerpr\u00e4sident Woidke nicht nur den Willkommensinitiativen f\u00fcr Fl\u00fcchtlinge im Land h\u00f6chste Wertsch\u00e4tzung, sondern auch den Ehrenamtlern aus allen anderen Bereichen des gesellschaftlichen Lebens. Woidke w\u00f6rtlich: \u201e<em>Ohne Ehrenamt w\u00e4re unser Land Brandenburg nicht vorstellbar. Deshalb gibt es bei uns seit vielen Jahren eine gewachsene Anerkennungskultur. Eine Kultur des Danke-Sagens f\u00fcr die viele Arbeit zum Wohle unseres Landes. Ehre dem Ehrenamt.\u201c<\/em><\/p>\n<p><a href=\"https:\/\/www.naturparkmagazin.de\/stechlin\/wp-content\/uploads\/sites\/38\/23509326486_01ff5bef21_200x200.jpg\"><img decoding=\"async\" loading=\"lazy\" class=\"alignleft size-thumbnail wp-image-3092\" src=\"https:\/\/www.naturparkmagazin.de\/stechlin\/wp-content\/uploads\/sites\/38\/23509326486_01ff5bef21_200x200-300x200.jpg\" alt=\"NP SRL\/www.brandenburg.de\" width=\"300\" height=\"200\" srcset=\"https:\/\/www.naturparkmagazin.de\/stechlin\/wp-content\/uploads\/sites\/38\/23509326486_01ff5bef21_200x200.jpg 300w, https:\/\/www.naturparkmagazin.de\/stechlin\/wp-content\/uploads\/sites\/38\/23509326486_01ff5bef21_200x200-200x133.jpg 200w\" sizes=\"(max-width: 300px) 100vw, 300px\" \/><\/a><\/p>\n","protected":false},"excerpt":{"rendered":"<p>Der Vorsitzende des F\u00f6rdervereins &#8222;Naturlandschaft Stechlin und Menzer Heide&#8220; e. V., Dr. Wolfgang Henkel&#8220; wurde aufgrund seiner langj\u00e4hrigen Verdienste zum traditionellen Empfang in die Potsdamer Staatskanzlei eingeladen.<\/p>\n","protected":false},"author":39,"featured_media":3191,"comment_status":"open","ping_status":"open","sticky":false,"template":"","format":"standard","meta":[],"categories":[7],"tags":[],"yoast_head":"<!-- This site is optimized with the Yoast SEO plugin v19.10 - https:\/\/yoast.com\/wordpress\/plugins\/seo\/ -->\n<title>Ehre, wem Ehre geb\u00fchrt! - Naturpark Stechlin-Ruppiner Land<\/title>\n<meta name=\"robots\" content=\"index, follow, max-snippet:-1, max-image-preview:large, max-video-preview:-1\" \/>\n<link rel=\"canonical\" href=\"https:\/\/www.naturparkmagazin.de\/stechlin\/ehre-wem-ehre-gebuehrt\/\" \/>\n<meta property=\"og:locale\" content=\"de_DE\" \/>\n<meta property=\"og:type\" content=\"article\" \/>\n<meta property=\"og:title\" content=\"Ehre, wem Ehre geb\u00fchrt! - Naturpark Stechlin-Ruppiner Land\" \/>\n<meta property=\"og:description\" content=\"Der Vorsitzende des F\u00f6rdervereins &quot;Naturlandschaft Stechlin und Menzer Heide&quot; e. V., Dr. Wolfgang Henkel&quot; wurde aufgrund seiner langj\u00e4hrigen Verdienste zum traditionellen Empfang in die Potsdamer Staatskanzlei eingeladen.\" \/>\n<meta property=\"og:url\" content=\"https:\/\/www.naturparkmagazin.de\/stechlin\/ehre-wem-ehre-gebuehrt\/\" \/>\n<meta property=\"og:site_name\" content=\"Naturpark Stechlin-Ruppiner Land\" \/>\n<meta property=\"article:published_time\" content=\"2015-12-14T10:14:27+00:00\" \/>\n<meta property=\"article:modified_time\" content=\"2015-12-21T10:50:08+00:00\" \/>\n<meta property=\"og:image\" content=\"https:\/\/www.naturparkmagazin.de\/stechlin\/wp-content\/uploads\/sites\/38\/Ehre.jpg\" \/>\n\t<meta property=\"og:image:width\" content=\"200\" \/>\n\t<meta property=\"og:image:height\" content=\"200\" \/>\n\t<meta property=\"og:image:type\" content=\"image\/jpeg\" \/>\n<meta name=\"author\" content=\"marioschrumpf\" \/>\n<meta name=\"twitter:label1\" content=\"Verfasst von\" \/>\n\t<meta name=\"twitter:data1\" content=\"marioschrumpf\" \/>\n\t<meta name=\"twitter:label2\" content=\"Gesch\u00e4tzte Lesezeit\" \/>\n\t<meta name=\"twitter:data2\" content=\"2\u00a0Minuten\" \/>\n<script type=\"application\/ld+json\" class=\"yoast-schema-graph\">{\"@context\":\"https:\/\/schema.org\",\"@graph\":[{\"@type\":\"WebPage\",\"@id\":\"https:\/\/www.naturparkmagazin.de\/stechlin\/ehre-wem-ehre-gebuehrt\/\",\"url\":\"https:\/\/www.naturparkmagazin.de\/stechlin\/ehre-wem-ehre-gebuehrt\/\",\"name\":\"Ehre, wem Ehre geb\u00fchrt! - Naturpark Stechlin-Ruppiner Land\",\"isPartOf\":{\"@id\":\"https:\/\/www.naturparkmagazin.de\/stechlin\/#website\"},\"datePublished\":\"2015-12-14T10:14:27+00:00\",\"dateModified\":\"2015-12-21T10:50:08+00:00\",\"author\":{\"@id\":\"https:\/\/www.naturparkmagazin.de\/stechlin\/#\/schema\/person\/3f0d93203df21c806dd63c76d9bb28bc\"},\"breadcrumb\":{\"@id\":\"https:\/\/www.naturparkmagazin.de\/stechlin\/ehre-wem-ehre-gebuehrt\/#breadcrumb\"},\"inLanguage\":\"de\",\"potentialAction\":[{\"@type\":\"ReadAction\",\"target\":[\"https:\/\/www.naturparkmagazin.de\/stechlin\/ehre-wem-ehre-gebuehrt\/\"]}]},{\"@type\":\"BreadcrumbList\",\"@id\":\"https:\/\/www.naturparkmagazin.de\/stechlin\/ehre-wem-ehre-gebuehrt\/#breadcrumb\",\"itemListElement\":[{\"@type\":\"ListItem\",\"position\":1,\"name\":\"Home\",\"item\":\"https:\/\/www.naturparkmagazin.de\/stechlin\/\"},{\"@type\":\"ListItem\",\"position\":2,\"name\":\"Ehre, wem Ehre geb\u00fchrt!\"}]},{\"@type\":\"WebSite\",\"@id\":\"https:\/\/www.naturparkmagazin.de\/stechlin\/#website\",\"url\":\"https:\/\/www.naturparkmagazin.de\/stechlin\/\",\"name\":\"Naturpark Stechlin-Ruppiner Land\",\"description\":\"\",\"potentialAction\":[{\"@type\":\"SearchAction\",\"target\":{\"@type\":\"EntryPoint\",\"urlTemplate\":\"https:\/\/www.naturparkmagazin.de\/stechlin\/?s={search_term_string}\"},\"query-input\":\"required name=search_term_string\"}],\"inLanguage\":\"de\"},{\"@type\":\"Person\",\"@id\":\"https:\/\/www.naturparkmagazin.de\/stechlin\/#\/schema\/person\/3f0d93203df21c806dd63c76d9bb28bc\",\"name\":\"marioschrumpf\",\"url\":\"https:\/\/www.naturparkmagazin.de\/stechlin\/author\/marioschrumpf\/\"}]}<\/script>\n<!-- \/ Yoast SEO plugin. -->","yoast_head_json":{"title":"Ehre, wem Ehre geb\u00fchrt! - Naturpark Stechlin-Ruppiner Land","robots":{"index":"index","follow":"follow","max-snippet":"max-snippet:-1","max-image-preview":"max-image-preview:large","max-video-preview":"max-video-preview:-1"},"canonical":"https:\/\/www.naturparkmagazin.de\/stechlin\/ehre-wem-ehre-gebuehrt\/","og_locale":"de_DE","og_type":"article","og_title":"Ehre, wem Ehre geb\u00fchrt! - Naturpark Stechlin-Ruppiner Land","og_description":"Der Vorsitzende des F\u00f6rdervereins \"Naturlandschaft Stechlin und Menzer Heide\" e. V., Dr. Wolfgang Henkel\" wurde aufgrund seiner langj\u00e4hrigen Verdienste zum traditionellen Empfang in die Potsdamer Staatskanzlei eingeladen.","og_url":"https:\/\/www.naturparkmagazin.de\/stechlin\/ehre-wem-ehre-gebuehrt\/","og_site_name":"Naturpark Stechlin-Ruppiner Land","article_published_time":"2015-12-14T10:14:27+00:00","article_modified_time":"2015-12-21T10:50:08+00:00","og_image":[{"width":200,"height":200,"url":"https:\/\/www.naturparkmagazin.de\/stechlin\/wp-content\/uploads\/sites\/38\/Ehre.jpg","type":"image\/jpeg"}],"author":"marioschrumpf","twitter_misc":{"Verfasst von":"marioschrumpf","Gesch\u00e4tzte Lesezeit":"2\u00a0Minuten"},"schema":{"@context":"https:\/\/schema.org","@graph":[{"@type":"WebPage","@id":"https:\/\/www.naturparkmagazin.de\/stechlin\/ehre-wem-ehre-gebuehrt\/","url":"https:\/\/www.naturparkmagazin.de\/stechlin\/ehre-wem-ehre-gebuehrt\/","name":"Ehre, wem Ehre geb\u00fchrt! - Naturpark Stechlin-Ruppiner Land","isPartOf":{"@id":"https:\/\/www.naturparkmagazin.de\/stechlin\/#website"},"datePublished":"2015-12-14T10:14:27+00:00","dateModified":"2015-12-21T10:50:08+00:00","author":{"@id":"https:\/\/www.naturparkmagazin.de\/stechlin\/#\/schema\/person\/3f0d93203df21c806dd63c76d9bb28bc"},"breadcrumb":{"@id":"https:\/\/www.naturparkmagazin.de\/stechlin\/ehre-wem-ehre-gebuehrt\/#breadcrumb"},"inLanguage":"de","potentialAction":[{"@type":"ReadAction","target":["https:\/\/www.naturparkmagazin.de\/stechlin\/ehre-wem-ehre-gebuehrt\/"]}]},{"@type":"BreadcrumbList","@id":"https:\/\/www.naturparkmagazin.de\/stechlin\/ehre-wem-ehre-gebuehrt\/#breadcrumb","itemListElement":[{"@type":"ListItem","position":1,"name":"Home","item":"https:\/\/www.naturparkmagazin.de\/stechlin\/"},{"@type":"ListItem","position":2,"name":"Ehre, wem Ehre geb\u00fchrt!"}]},{"@type":"WebSite","@id":"https:\/\/www.naturparkmagazin.de\/stechlin\/#website","url":"https:\/\/www.naturparkmagazin.de\/stechlin\/","name":"Naturpark Stechlin-Ruppiner Land","description":"","potentialAction":[{"@type":"SearchAction","target":{"@type":"EntryPoint","urlTemplate":"https:\/\/www.naturparkmagazin.de\/stechlin\/?s={search_term_string}"},"query-input":"required name=search_term_string"}],"inLanguage":"de"},{"@type":"Person","@id":"https:\/\/www.naturparkmagazin.de\/stechlin\/#\/schema\/person\/3f0d93203df21c806dd63c76d9bb28bc","name":"marioschrumpf","url":"https:\/\/www.naturparkmagazin.de\/stechlin\/author\/marioschrumpf\/"}]}},"_links":{"self":[{"href":"https:\/\/www.naturparkmagazin.de\/stechlin\/wp-json\/wp\/v2\/posts\/3090"}],"collection":[{"href":"https:\/\/www.naturparkmagazin.de\/stechlin\/wp-json\/wp\/v2\/posts"}],"about":[{"href":"https:\/\/www.naturparkmagazin.de\/stechlin\/wp-json\/wp\/v2\/types\/post"}],"author":[{"embeddable":true,"href":"https:\/\/www.naturparkmagazin.de\/stechlin\/wp-json\/wp\/v2\/users\/39"}],"replies":[{"embeddable":true,"href":"https:\/\/www.naturparkmagazin.de\/stechlin\/wp-json\/wp\/v2\/comments?post=3090"}],"version-history":[{"count":9,"href":"https:\/\/www.naturparkmagazin.de\/stechlin\/wp-json\/wp\/v2\/posts\/3090\/revisions"}],"predecessor-version":[{"id":3146,"href":"https:\/\/www.naturparkmagazin.de\/stechlin\/wp-json\/wp\/v2\/posts\/3090\/revisions\/3146"}],"wp:featuredmedia":[{"embeddable":true,"href":"https:\/\/www.naturparkmagazin.de\/stechlin\/wp-json\/wp\/v2\/media\/3191"}],"wp:attachment":[{"href":"https:\/\/www.naturparkmagazin.de\/stechlin\/wp-json\/wp\/v2\/media?parent=3090"}],"wp:term":[{"taxonomy":"category","embeddable":true,"href":"https:\/\/www.naturparkmagazin.de\/stechlin\/wp-json\/wp\/v2\/categories?post=3090"},{"taxonomy":"post_tag","embeddable":true,"href":"https:\/\/www.naturparkmagazin.de\/stechlin\/wp-json\/wp\/v2\/tags?post=3090"}],"curies":[{"name":"wp","href":"https:\/\/api.w.org\/{rel}","templated":true}]}}