{"id":3111,"date":"2015-12-14T13:47:14","date_gmt":"2015-12-14T12:47:14","guid":{"rendered":"http:\/\/www.naturparkmagazin.de\/stechlin\/?p=3111"},"modified":"2015-12-21T11:43:47","modified_gmt":"2015-12-21T10:43:47","slug":"tenschau-2019-erstmalig-im-naturpark","status":"publish","type":"post","link":"https:\/\/www.naturparkmagazin.de\/stechlin\/tenschau-2019-erstmalig-im-naturpark\/","title":{"rendered":"Landesgartenschau 2019 erstmalig im Naturpark"},"content":{"rendered":"<div id=\"attachment_3114\" style=\"width: 310px\" class=\"wp-caption alignleft\"><a href=\"https:\/\/www.naturparkmagazin.de\/stechlin\/wp-content\/uploads\/sites\/38\/Schweinrich2.jpg\"><img aria-describedby=\"caption-attachment-3114\" decoding=\"async\" loading=\"lazy\" class=\"size-thumbnail wp-image-3114\" src=\"https:\/\/www.naturparkmagazin.de\/stechlin\/wp-content\/uploads\/sites\/38\/Schweinrich2-300x200.jpg\" alt=\"Die Dorfkirche in Schweinrich ist typisch f\u00fcr die Feldsteinarchitektur im Naturpark.\" width=\"300\" height=\"200\" srcset=\"https:\/\/www.naturparkmagazin.de\/stechlin\/wp-content\/uploads\/sites\/38\/Schweinrich2.jpg 300w, https:\/\/www.naturparkmagazin.de\/stechlin\/wp-content\/uploads\/sites\/38\/Schweinrich2-200x133.jpg 200w\" sizes=\"(max-width: 300px) 100vw, 300px\" \/><\/a><p id=\"caption-attachment-3114\" class=\"wp-caption-text\">Die Dorfkirche in Schweinrich ist typisch f\u00fcr die Feldsteinarchitektur im Naturpark.<\/p><\/div>\n<p>&nbsp;<\/p>\n<p>&nbsp;<\/p>\n<p>&nbsp;<\/p>\n<p>&nbsp;<\/p>\n<p>&nbsp;<\/p>\n<p>&nbsp;<\/p>\n<p>&nbsp;<\/p>\n<p>&nbsp;<\/p>\n<div id=\"attachment_3113\" style=\"width: 310px\" class=\"wp-caption alignleft\"><a href=\"https:\/\/www.naturparkmagazin.de\/stechlin\/wp-content\/uploads\/sites\/38\/Schweinrich1.jpg\"><img aria-describedby=\"caption-attachment-3113\" decoding=\"async\" loading=\"lazy\" class=\"size-thumbnail wp-image-3113\" src=\"https:\/\/www.naturparkmagazin.de\/stechlin\/wp-content\/uploads\/sites\/38\/Schweinrich1-300x200.jpg\" alt=\"Der Dranser See geh\u00f6rt zu den wervollen Klarwasserseen im Naturpark.\" width=\"300\" height=\"200\" srcset=\"https:\/\/www.naturparkmagazin.de\/stechlin\/wp-content\/uploads\/sites\/38\/Schweinrich1.jpg 300w, https:\/\/www.naturparkmagazin.de\/stechlin\/wp-content\/uploads\/sites\/38\/Schweinrich1-200x133.jpg 200w\" sizes=\"(max-width: 300px) 100vw, 300px\" \/><\/a><p id=\"caption-attachment-3113\" class=\"wp-caption-text\">Der Dranser See geh\u00f6rt zu den wertvollen Klarwasserseen im Naturpark.<\/p><\/div>\n<p>&nbsp;<\/p>\n<p>&nbsp;<\/p>\n<p>&nbsp;<\/p>\n<p>&nbsp;<\/p>\n<p>&nbsp;<\/p>\n<p>&nbsp;<\/p>\n<p>&nbsp;<\/p>\n<p>&nbsp;<\/p>\n<p>&nbsp;<\/p>\n<p>&nbsp;<\/p>\n<p>Die <strong>Stadt Wittstock\/Dosse<\/strong> wird Gastgeberin der <strong>6. Landesgartenschau (LAGA) im Jahr 2019<\/strong>. Die Landesregierung folgte damit dem Votum der Auswahlkommission sowie von Agrar- und Umweltminister J\u00f6rg Vogels\u00e4nger. Wittstock hat sich damit mit seinem Konzept \u201e<em>Gr\u00fcne B\u00fcrgerstadt<\/em>\u201c durchgesetzt. Mit beworben hatten sich in der Schlussrunde Beelitz und Spremberg. Vogels\u00e4nger: \u201e<em>F\u00fcr die Jury war dies am Ende keine leichte Entscheidung. Alle drei St\u00e4dte, die in der Schlussrunde im Rennen waren, haben sehr interessante und sehr gute Bewerbungen abgegeben. In den Kommunen wurde eine tolle Arbeit geleistet.\u201c<\/em>\nWittstock will als \u201e<em>B\u00fcrgerstadt, Geschichtsstadt und Stadt am Wasser eine Gartenschau von B\u00fcrgern f\u00fcr B\u00fcrger<\/em>\u201c gestalten. Die mittelalterlich gepr\u00e4gte Altstadt, umgeben von einer zweieinhalb Kilometer langen Stadtmauer, wurde St\u00fcck f\u00fcr St\u00fcck saniert. Der zentrale Veranstaltungsbereich wird innerhalb des Burg- und Amtshofs liegen. Das Gartenschaugel\u00e4nde soll unmittelbar an die historischen Wallanlagen der Altstadt grenzen und eine Verbindung zwischen Naturerlebnis und historischer Kulisse herstellen. Zudem ist beabsichtigt, den historischen Bahnhofsbereich zu sanieren und zum Eingangstor der LAGA zu machen.\nDurch die Investitionen, insbesondere im Bereich des ehemaligen Bahnbetriebsgel\u00e4ndes und des Bahnhofareals, die Einbeziehung und Weiterentwicklung des Stadtmauergel\u00e4ndes und der m\u00f6glicherweise einzubindenden ehemaligen Tuchfabrik soll die st\u00e4dtebauliche Qualit\u00e4t verbessert werden. Profitieren wollen die Ausrichter auch von der N\u00e4he zur Fontanestadt Neuruppin und den Aktivit\u00e4ten um das \u201eFontanejahr 2019\u201c anl\u00e4sslich des 200. Geburtstags von Theodor Fontane.<\/p>\n<p><strong>Dar\u00fcberhinaus kann Wittstock mit seiner Lage im Naturpark punkten.<\/strong> Liegen doch die Ortsteile Zempow, Dranse, Schweinrich und Sewekow unmittelbar in Brandenburgs j\u00fcngstem Gro\u00dfschutzgebiet.<\/p>\n<p>Brandenburgs Umwelt- und Agrarminister J\u00f6rg Vogels\u00e4nger hat sich am Montag, 7. Dezember 2015, \u00fcber die Vorbereitung f\u00fcr die Landesgartenschau 2019 in Wittstock\/Dosse informiert. Bei einem Rundgang \u00fcber das k\u00fcnftige Ausstellungsgel\u00e4nde besichtigte er den Bahnhof, die historischen Wallanlagen und den Amtshof. Bei dem Besuch lie\u00df sich der Minister von Wittstocks B\u00fcrgermeister J\u00f6rg Gehrmann Details zur Planung der Laga erkl\u00e4ren. J\u00f6rg Vogels\u00e4nger lobte die vielen M\u00f6glichkeiten, die Wittstock\/Dosse als Austragungsort f\u00fcr die Landesgartenschau bietet und konnte sich bei seinem Besuch auch von der Unterst\u00fctzung f\u00fcr das ehrgeizige Projekt durch Politik, Wirtschaft und B\u00fcrger \u00fcberzeugen.<\/p>\n<div id=\"attachment_3115\" style=\"width: 310px\" class=\"wp-caption alignleft\"><a href=\"https:\/\/www.naturparkmagazin.de\/stechlin\/wp-content\/uploads\/sites\/38\/Minister-Laga-Wittstock.jpg\"><img aria-describedby=\"caption-attachment-3115\" decoding=\"async\" loading=\"lazy\" class=\"wp-image-3115 size-thumbnail\" src=\"https:\/\/www.naturparkmagazin.de\/stechlin\/wp-content\/uploads\/sites\/38\/Minister-Laga-Wittstock-300x200.jpg\" alt=\"Internet Stadt Wittstock\" width=\"300\" height=\"200\" srcset=\"https:\/\/www.naturparkmagazin.de\/stechlin\/wp-content\/uploads\/sites\/38\/Minister-Laga-Wittstock-300x200.jpg 300w, https:\/\/www.naturparkmagazin.de\/stechlin\/wp-content\/uploads\/sites\/38\/Minister-Laga-Wittstock-620x413.jpg 620w, https:\/\/www.naturparkmagazin.de\/stechlin\/wp-content\/uploads\/sites\/38\/Minister-Laga-Wittstock-670x447.jpg 670w, https:\/\/www.naturparkmagazin.de\/stechlin\/wp-content\/uploads\/sites\/38\/Minister-Laga-Wittstock-200x133.jpg 200w, https:\/\/www.naturparkmagazin.de\/stechlin\/wp-content\/uploads\/sites\/38\/Minister-Laga-Wittstock.jpg 900w\" sizes=\"(max-width: 300px) 100vw, 300px\" \/><\/a><p id=\"caption-attachment-3115\" class=\"wp-caption-text\">Ina Muhs (MdL), B\u00fcrgermeister J\u00f6rg Gehrmann und Minister J\u00f6rg Vogels\u00e4nger beim Stadtrundgang.<\/p><\/div>\n<p>&nbsp;<\/p>\n","protected":false},"excerpt":{"rendered":"<p>Die Stadt Wittstock\/Dosse wird Gastgeberin der 6. Landesgartenschau (LAGA) im Jahr 2019. Die Landesregierung folgte damit dem Votum der Auswahlkommission sowie von Agrar- und Umweltminister J\u00f6rg Vogels\u00e4nger. <\/p>\n","protected":false},"author":39,"featured_media":3188,"comment_status":"open","ping_status":"open","sticky":false,"template":"","format":"standard","meta":[],"categories":[7],"tags":[],"yoast_head":"<!-- This site is optimized with the Yoast SEO plugin v19.10 - https:\/\/yoast.com\/wordpress\/plugins\/seo\/ -->\n<title>Landesgartenschau 2019 erstmalig im Naturpark - Naturpark Stechlin-Ruppiner Land<\/title>\n<meta name=\"robots\" content=\"index, follow, max-snippet:-1, max-image-preview:large, max-video-preview:-1\" \/>\n<link rel=\"canonical\" href=\"https:\/\/www.naturparkmagazin.de\/stechlin\/tenschau-2019-erstmalig-im-naturpark\/\" \/>\n<meta property=\"og:locale\" content=\"de_DE\" \/>\n<meta property=\"og:type\" content=\"article\" \/>\n<meta property=\"og:title\" content=\"Landesgartenschau 2019 erstmalig im Naturpark - Naturpark Stechlin-Ruppiner Land\" \/>\n<meta property=\"og:description\" content=\"Die Stadt Wittstock\/Dosse wird Gastgeberin der 6. Landesgartenschau (LAGA) im Jahr 2019. Die Landesregierung folgte damit dem Votum der Auswahlkommission sowie von Agrar- und Umweltminister J\u00f6rg Vogels\u00e4nger.\" \/>\n<meta property=\"og:url\" content=\"https:\/\/www.naturparkmagazin.de\/stechlin\/tenschau-2019-erstmalig-im-naturpark\/\" \/>\n<meta property=\"og:site_name\" content=\"Naturpark Stechlin-Ruppiner Land\" \/>\n<meta property=\"article:published_time\" content=\"2015-12-14T12:47:14+00:00\" \/>\n<meta property=\"article:modified_time\" content=\"2015-12-21T10:43:47+00:00\" \/>\n<meta property=\"og:image\" content=\"https:\/\/www.naturparkmagazin.de\/stechlin\/wp-content\/uploads\/sites\/38\/Laga.jpg\" \/>\n\t<meta property=\"og:image:width\" content=\"200\" \/>\n\t<meta property=\"og:image:height\" content=\"200\" \/>\n\t<meta property=\"og:image:type\" content=\"image\/jpeg\" \/>\n<meta name=\"author\" content=\"marioschrumpf\" \/>\n<meta name=\"twitter:label1\" content=\"Verfasst von\" \/>\n\t<meta name=\"twitter:data1\" content=\"marioschrumpf\" \/>\n\t<meta name=\"twitter:label2\" content=\"Gesch\u00e4tzte Lesezeit\" \/>\n\t<meta name=\"twitter:data2\" content=\"2\u00a0Minuten\" \/>\n<script type=\"application\/ld+json\" class=\"yoast-schema-graph\">{\"@context\":\"https:\/\/schema.org\",\"@graph\":[{\"@type\":\"WebPage\",\"@id\":\"https:\/\/www.naturparkmagazin.de\/stechlin\/tenschau-2019-erstmalig-im-naturpark\/\",\"url\":\"https:\/\/www.naturparkmagazin.de\/stechlin\/tenschau-2019-erstmalig-im-naturpark\/\",\"name\":\"Landesgartenschau 2019 erstmalig im Naturpark - Naturpark Stechlin-Ruppiner Land\",\"isPartOf\":{\"@id\":\"https:\/\/www.naturparkmagazin.de\/stechlin\/#website\"},\"datePublished\":\"2015-12-14T12:47:14+00:00\",\"dateModified\":\"2015-12-21T10:43:47+00:00\",\"author\":{\"@id\":\"https:\/\/www.naturparkmagazin.de\/stechlin\/#\/schema\/person\/3f0d93203df21c806dd63c76d9bb28bc\"},\"breadcrumb\":{\"@id\":\"https:\/\/www.naturparkmagazin.de\/stechlin\/tenschau-2019-erstmalig-im-naturpark\/#breadcrumb\"},\"inLanguage\":\"de\",\"potentialAction\":[{\"@type\":\"ReadAction\",\"target\":[\"https:\/\/www.naturparkmagazin.de\/stechlin\/tenschau-2019-erstmalig-im-naturpark\/\"]}]},{\"@type\":\"BreadcrumbList\",\"@id\":\"https:\/\/www.naturparkmagazin.de\/stechlin\/tenschau-2019-erstmalig-im-naturpark\/#breadcrumb\",\"itemListElement\":[{\"@type\":\"ListItem\",\"position\":1,\"name\":\"Home\",\"item\":\"https:\/\/www.naturparkmagazin.de\/stechlin\/\"},{\"@type\":\"ListItem\",\"position\":2,\"name\":\"Landesgartenschau 2019 erstmalig im Naturpark\"}]},{\"@type\":\"WebSite\",\"@id\":\"https:\/\/www.naturparkmagazin.de\/stechlin\/#website\",\"url\":\"https:\/\/www.naturparkmagazin.de\/stechlin\/\",\"name\":\"Naturpark Stechlin-Ruppiner Land\",\"description\":\"\",\"potentialAction\":[{\"@type\":\"SearchAction\",\"target\":{\"@type\":\"EntryPoint\",\"urlTemplate\":\"https:\/\/www.naturparkmagazin.de\/stechlin\/?s={search_term_string}\"},\"query-input\":\"required name=search_term_string\"}],\"inLanguage\":\"de\"},{\"@type\":\"Person\",\"@id\":\"https:\/\/www.naturparkmagazin.de\/stechlin\/#\/schema\/person\/3f0d93203df21c806dd63c76d9bb28bc\",\"name\":\"marioschrumpf\",\"url\":\"https:\/\/www.naturparkmagazin.de\/stechlin\/author\/marioschrumpf\/\"}]}<\/script>\n<!-- \/ Yoast SEO plugin. -->","yoast_head_json":{"title":"Landesgartenschau 2019 erstmalig im Naturpark - Naturpark Stechlin-Ruppiner Land","robots":{"index":"index","follow":"follow","max-snippet":"max-snippet:-1","max-image-preview":"max-image-preview:large","max-video-preview":"max-video-preview:-1"},"canonical":"https:\/\/www.naturparkmagazin.de\/stechlin\/tenschau-2019-erstmalig-im-naturpark\/","og_locale":"de_DE","og_type":"article","og_title":"Landesgartenschau 2019 erstmalig im Naturpark - Naturpark Stechlin-Ruppiner Land","og_description":"Die Stadt Wittstock\/Dosse wird Gastgeberin der 6. Landesgartenschau (LAGA) im Jahr 2019. Die Landesregierung folgte damit dem Votum der Auswahlkommission sowie von Agrar- und Umweltminister J\u00f6rg Vogels\u00e4nger.","og_url":"https:\/\/www.naturparkmagazin.de\/stechlin\/tenschau-2019-erstmalig-im-naturpark\/","og_site_name":"Naturpark Stechlin-Ruppiner Land","article_published_time":"2015-12-14T12:47:14+00:00","article_modified_time":"2015-12-21T10:43:47+00:00","og_image":[{"width":200,"height":200,"url":"https:\/\/www.naturparkmagazin.de\/stechlin\/wp-content\/uploads\/sites\/38\/Laga.jpg","type":"image\/jpeg"}],"author":"marioschrumpf","twitter_misc":{"Verfasst von":"marioschrumpf","Gesch\u00e4tzte Lesezeit":"2\u00a0Minuten"},"schema":{"@context":"https:\/\/schema.org","@graph":[{"@type":"WebPage","@id":"https:\/\/www.naturparkmagazin.de\/stechlin\/tenschau-2019-erstmalig-im-naturpark\/","url":"https:\/\/www.naturparkmagazin.de\/stechlin\/tenschau-2019-erstmalig-im-naturpark\/","name":"Landesgartenschau 2019 erstmalig im Naturpark - Naturpark Stechlin-Ruppiner Land","isPartOf":{"@id":"https:\/\/www.naturparkmagazin.de\/stechlin\/#website"},"datePublished":"2015-12-14T12:47:14+00:00","dateModified":"2015-12-21T10:43:47+00:00","author":{"@id":"https:\/\/www.naturparkmagazin.de\/stechlin\/#\/schema\/person\/3f0d93203df21c806dd63c76d9bb28bc"},"breadcrumb":{"@id":"https:\/\/www.naturparkmagazin.de\/stechlin\/tenschau-2019-erstmalig-im-naturpark\/#breadcrumb"},"inLanguage":"de","potentialAction":[{"@type":"ReadAction","target":["https:\/\/www.naturparkmagazin.de\/stechlin\/tenschau-2019-erstmalig-im-naturpark\/"]}]},{"@type":"BreadcrumbList","@id":"https:\/\/www.naturparkmagazin.de\/stechlin\/tenschau-2019-erstmalig-im-naturpark\/#breadcrumb","itemListElement":[{"@type":"ListItem","position":1,"name":"Home","item":"https:\/\/www.naturparkmagazin.de\/stechlin\/"},{"@type":"ListItem","position":2,"name":"Landesgartenschau 2019 erstmalig im Naturpark"}]},{"@type":"WebSite","@id":"https:\/\/www.naturparkmagazin.de\/stechlin\/#website","url":"https:\/\/www.naturparkmagazin.de\/stechlin\/","name":"Naturpark Stechlin-Ruppiner Land","description":"","potentialAction":[{"@type":"SearchAction","target":{"@type":"EntryPoint","urlTemplate":"https:\/\/www.naturparkmagazin.de\/stechlin\/?s={search_term_string}"},"query-input":"required name=search_term_string"}],"inLanguage":"de"},{"@type":"Person","@id":"https:\/\/www.naturparkmagazin.de\/stechlin\/#\/schema\/person\/3f0d93203df21c806dd63c76d9bb28bc","name":"marioschrumpf","url":"https:\/\/www.naturparkmagazin.de\/stechlin\/author\/marioschrumpf\/"}]}},"_links":{"self":[{"href":"https:\/\/www.naturparkmagazin.de\/stechlin\/wp-json\/wp\/v2\/posts\/3111"}],"collection":[{"href":"https:\/\/www.naturparkmagazin.de\/stechlin\/wp-json\/wp\/v2\/posts"}],"about":[{"href":"https:\/\/www.naturparkmagazin.de\/stechlin\/wp-json\/wp\/v2\/types\/post"}],"author":[{"embeddable":true,"href":"https:\/\/www.naturparkmagazin.de\/stechlin\/wp-json\/wp\/v2\/users\/39"}],"replies":[{"embeddable":true,"href":"https:\/\/www.naturparkmagazin.de\/stechlin\/wp-json\/wp\/v2\/comments?post=3111"}],"version-history":[{"count":5,"href":"https:\/\/www.naturparkmagazin.de\/stechlin\/wp-json\/wp\/v2\/posts\/3111\/revisions"}],"predecessor-version":[{"id":3139,"href":"https:\/\/www.naturparkmagazin.de\/stechlin\/wp-json\/wp\/v2\/posts\/3111\/revisions\/3139"}],"wp:featuredmedia":[{"embeddable":true,"href":"https:\/\/www.naturparkmagazin.de\/stechlin\/wp-json\/wp\/v2\/media\/3188"}],"wp:attachment":[{"href":"https:\/\/www.naturparkmagazin.de\/stechlin\/wp-json\/wp\/v2\/media?parent=3111"}],"wp:term":[{"taxonomy":"category","embeddable":true,"href":"https:\/\/www.naturparkmagazin.de\/stechlin\/wp-json\/wp\/v2\/categories?post=3111"},{"taxonomy":"post_tag","embeddable":true,"href":"https:\/\/www.naturparkmagazin.de\/stechlin\/wp-json\/wp\/v2\/tags?post=3111"}],"curies":[{"name":"wp","href":"https:\/\/api.w.org\/{rel}","templated":true}]}}