{"id":3135,"date":"2015-12-14T14:44:33","date_gmt":"2015-12-14T13:44:33","guid":{"rendered":"http:\/\/www.naturparkmagazin.de\/stechlin\/?p=3135"},"modified":"2015-12-21T11:34:07","modified_gmt":"2015-12-21T10:34:07","slug":"kuratorium-tagte-in-wittstockdosse","status":"publish","type":"post","link":"https:\/\/www.naturparkmagazin.de\/stechlin\/kuratorium-tagte-in-wittstockdosse\/","title":{"rendered":"Kuratorium tagte in Wittstock\/Dosse"},"content":{"rendered":"<div id=\"attachment_3149\" style=\"width: 310px\" class=\"wp-caption alignleft\"><a href=\"https:\/\/www.naturparkmagazin.de\/stechlin\/wp-content\/uploads\/sites\/38\/Heidemanagement.jpg\"><img aria-describedby=\"caption-attachment-3149\" decoding=\"async\" loading=\"lazy\" class=\"size-thumbnail wp-image-3149\" src=\"https:\/\/www.naturparkmagazin.de\/stechlin\/wp-content\/uploads\/sites\/38\/Heidemanagement-300x200.jpg\" alt=\"Heidemanagement durch Brand in der Kyritz-Ruppiner Heide\" width=\"300\" height=\"200\" srcset=\"https:\/\/www.naturparkmagazin.de\/stechlin\/wp-content\/uploads\/sites\/38\/Heidemanagement.jpg 300w, https:\/\/www.naturparkmagazin.de\/stechlin\/wp-content\/uploads\/sites\/38\/Heidemanagement-200x133.jpg 200w\" sizes=\"(max-width: 300px) 100vw, 300px\" \/><\/a><p id=\"caption-attachment-3149\" class=\"wp-caption-text\">Heidemanagement durch Brand in der Kyritz-Ruppiner Heide<\/p><\/div>\n<p>&nbsp;<\/p>\n<p>&nbsp;<\/p>\n<p>&nbsp;<\/p>\n<p>&nbsp;<\/p>\n<p>&nbsp;<\/p>\n<p>&nbsp;<\/p>\n<div id=\"attachment_3152\" style=\"width: 310px\" class=\"wp-caption alignleft\"><a href=\"https:\/\/www.naturparkmagazin.de\/stechlin\/wp-content\/uploads\/sites\/38\/Sielmannh\u00fcgel.jpg\"><img aria-describedby=\"caption-attachment-3152\" decoding=\"async\" loading=\"lazy\" class=\"size-thumbnail wp-image-3152\" src=\"https:\/\/www.naturparkmagazin.de\/stechlin\/wp-content\/uploads\/sites\/38\/Sielmannh\u00fcgel-300x200.jpg\" alt=\"Auf dem &quot;Sielmannh\u00fcgel&quot; soll ein barrierefreier Naturerlebnisturm entstehen.\" width=\"300\" height=\"200\" srcset=\"https:\/\/www.naturparkmagazin.de\/stechlin\/wp-content\/uploads\/sites\/38\/Sielmannh\u00fcgel.jpg 300w, https:\/\/www.naturparkmagazin.de\/stechlin\/wp-content\/uploads\/sites\/38\/Sielmannh\u00fcgel-200x133.jpg 200w\" sizes=\"(max-width: 300px) 100vw, 300px\" \/><\/a><p id=\"caption-attachment-3152\" class=\"wp-caption-text\">Auf dem &#8222;Sielmann-H\u00fcgel&#8220; soll ein barrierefreier Naturerlebnisturm entstehen.<\/p><\/div>\n<p>&nbsp;<\/p>\n<p>&nbsp;<\/p>\n<p>&nbsp;<\/p>\n<p>&nbsp;<\/p>\n<p>&nbsp;<\/p>\n<p>&nbsp;<\/p>\n<p>&nbsp;<\/p>\n<p>&nbsp;<\/p>\n<p>&nbsp;<\/p>\n<p>&nbsp;<\/p>\n<p>&nbsp;<\/p>\n<p>&nbsp;<\/p>\n<p>16 Mitglieder trafen sich am 1. Dezember zur Kuratoriumssitzung des Naturparks\u00a0auf Einladung der Stadt Wittstock\/Dosse in der Stadtbibliothek der Bischofsstadt.<\/p>\n<p>Der Kuratoriumsvorsitzende, Peter Krause, betonte bei der Begr\u00fc\u00dfung, das der Sitzungsort nicht besser gew\u00e4hlt werden konnte. Hatte doch die Stadt Wittstock wenige Tage zuvor die freudige Botschaft erhalten, Ausrichter der Landesgartenschau 2019 zu sein.<\/p>\n<p>B\u00fcrgermeister J\u00f6rg Gehrmann stellte das LAGA-Konzept vor. Naturparkleiter Dr. Mario Schrumpf \u00fcberreichte ihm einen Dumont-Naturpark-Kalender. Dieser m\u00f6ge ihn allzeit darin erinnern, dass dies die erste Landesgartenschau im Naturpark Stechlin-Ruppiner Land sein wird.<\/p>\n<p>Nach dem Bericht zur aktuellen Arbeit der Naturparkverwaltung stellte Ute Steinke von der Bundesanstalt f\u00fcr Immobilienaufgaben, Sparte Bundesforst den Managementplan f\u00fcr das FFH-Gebiet Wittstock&#8211;Ruppiner Heide vor. Ca. 300 ha des \u00fcber 9.000 ha gro\u00dfen Areals liegen im Naturpark.<\/p>\n<p>Dr. Wolfgang Henkel informierte, dass der F\u00f6rderverein &#8222;Naturlandschaft Stechlin und Menzer Heide&#8220; e.V. f\u00fcr den Betrieb des Besucherzentrums NaturParkHaus Stechlin in Menz\u00a0Zuwendungen des Landes vom 1.1.2016 bis 31.12.2018 erh\u00e4lt.<\/p>\n<p>Peter Krause wurde am 10. Dezember zum landesweiten Erfahrungsaustausches der Kuratoriumsvorsitzenden ins Umweltministerium eingeladen. Im Mittelpunkt der Beratung steht die zuk\u00fcnftige, organisatorische Anbindung der Naturparkverwaltungen. Die anschlie\u00dfende Diskussion zeigte, dass sich aus Sicht des Kuratoriums die bisherigen Strukturen bew\u00e4hrt haben. Voraussetzung f\u00fcr Umstrukturierungen ist ein schl\u00fcssiges Konzept zur Verbesserung der Arbeitsf\u00e4higkeit der Naturparkverwaltungen.<\/p>\n","protected":false},"excerpt":{"rendered":"<p>Die Mitglieder des Kuratoriums Naturpark Stechlin-Ruppiner Land trafen sich am 1. Dezember in der Bischofsstadt Wittstock\/Dosse zu ihrer Sitzung.<\/p>\n","protected":false},"author":39,"featured_media":3187,"comment_status":"open","ping_status":"open","sticky":false,"template":"","format":"standard","meta":[],"categories":[7],"tags":[],"yoast_head":"<!-- This site is optimized with the Yoast SEO plugin v19.10 - https:\/\/yoast.com\/wordpress\/plugins\/seo\/ -->\n<title>Kuratorium tagte in Wittstock\/Dosse - Naturpark Stechlin-Ruppiner Land<\/title>\n<meta name=\"robots\" content=\"index, follow, max-snippet:-1, max-image-preview:large, max-video-preview:-1\" \/>\n<link rel=\"canonical\" href=\"https:\/\/www.naturparkmagazin.de\/stechlin\/kuratorium-tagte-in-wittstockdosse\/\" \/>\n<meta property=\"og:locale\" content=\"de_DE\" \/>\n<meta property=\"og:type\" content=\"article\" \/>\n<meta property=\"og:title\" content=\"Kuratorium tagte in Wittstock\/Dosse - Naturpark Stechlin-Ruppiner Land\" \/>\n<meta property=\"og:description\" content=\"Die Mitglieder des Kuratoriums Naturpark Stechlin-Ruppiner Land trafen sich am 1. Dezember in der Bischofsstadt Wittstock\/Dosse zu ihrer Sitzung.\" \/>\n<meta property=\"og:url\" content=\"https:\/\/www.naturparkmagazin.de\/stechlin\/kuratorium-tagte-in-wittstockdosse\/\" \/>\n<meta property=\"og:site_name\" content=\"Naturpark Stechlin-Ruppiner Land\" \/>\n<meta property=\"article:published_time\" content=\"2015-12-14T13:44:33+00:00\" \/>\n<meta property=\"article:modified_time\" content=\"2015-12-21T10:34:07+00:00\" \/>\n<meta property=\"og:image\" content=\"https:\/\/www.naturparkmagazin.de\/stechlin\/wp-content\/uploads\/sites\/38\/Kuratorium1.jpg\" \/>\n\t<meta property=\"og:image:width\" content=\"200\" \/>\n\t<meta property=\"og:image:height\" content=\"200\" \/>\n\t<meta property=\"og:image:type\" content=\"image\/jpeg\" \/>\n<meta name=\"author\" content=\"marioschrumpf\" \/>\n<meta name=\"twitter:label1\" content=\"Verfasst von\" \/>\n\t<meta name=\"twitter:data1\" content=\"marioschrumpf\" \/>\n\t<meta name=\"twitter:label2\" content=\"Gesch\u00e4tzte Lesezeit\" \/>\n\t<meta name=\"twitter:data2\" content=\"1\u00a0Minute\" \/>\n<script type=\"application\/ld+json\" class=\"yoast-schema-graph\">{\"@context\":\"https:\/\/schema.org\",\"@graph\":[{\"@type\":\"WebPage\",\"@id\":\"https:\/\/www.naturparkmagazin.de\/stechlin\/kuratorium-tagte-in-wittstockdosse\/\",\"url\":\"https:\/\/www.naturparkmagazin.de\/stechlin\/kuratorium-tagte-in-wittstockdosse\/\",\"name\":\"Kuratorium tagte in Wittstock\/Dosse - Naturpark Stechlin-Ruppiner Land\",\"isPartOf\":{\"@id\":\"https:\/\/www.naturparkmagazin.de\/stechlin\/#website\"},\"datePublished\":\"2015-12-14T13:44:33+00:00\",\"dateModified\":\"2015-12-21T10:34:07+00:00\",\"author\":{\"@id\":\"https:\/\/www.naturparkmagazin.de\/stechlin\/#\/schema\/person\/3f0d93203df21c806dd63c76d9bb28bc\"},\"breadcrumb\":{\"@id\":\"https:\/\/www.naturparkmagazin.de\/stechlin\/kuratorium-tagte-in-wittstockdosse\/#breadcrumb\"},\"inLanguage\":\"de\",\"potentialAction\":[{\"@type\":\"ReadAction\",\"target\":[\"https:\/\/www.naturparkmagazin.de\/stechlin\/kuratorium-tagte-in-wittstockdosse\/\"]}]},{\"@type\":\"BreadcrumbList\",\"@id\":\"https:\/\/www.naturparkmagazin.de\/stechlin\/kuratorium-tagte-in-wittstockdosse\/#breadcrumb\",\"itemListElement\":[{\"@type\":\"ListItem\",\"position\":1,\"name\":\"Home\",\"item\":\"https:\/\/www.naturparkmagazin.de\/stechlin\/\"},{\"@type\":\"ListItem\",\"position\":2,\"name\":\"Kuratorium tagte in Wittstock\/Dosse\"}]},{\"@type\":\"WebSite\",\"@id\":\"https:\/\/www.naturparkmagazin.de\/stechlin\/#website\",\"url\":\"https:\/\/www.naturparkmagazin.de\/stechlin\/\",\"name\":\"Naturpark Stechlin-Ruppiner Land\",\"description\":\"\",\"potentialAction\":[{\"@type\":\"SearchAction\",\"target\":{\"@type\":\"EntryPoint\",\"urlTemplate\":\"https:\/\/www.naturparkmagazin.de\/stechlin\/?s={search_term_string}\"},\"query-input\":\"required name=search_term_string\"}],\"inLanguage\":\"de\"},{\"@type\":\"Person\",\"@id\":\"https:\/\/www.naturparkmagazin.de\/stechlin\/#\/schema\/person\/3f0d93203df21c806dd63c76d9bb28bc\",\"name\":\"marioschrumpf\",\"url\":\"https:\/\/www.naturparkmagazin.de\/stechlin\/author\/marioschrumpf\/\"}]}<\/script>\n<!-- \/ Yoast SEO plugin. -->","yoast_head_json":{"title":"Kuratorium tagte in Wittstock\/Dosse - Naturpark Stechlin-Ruppiner Land","robots":{"index":"index","follow":"follow","max-snippet":"max-snippet:-1","max-image-preview":"max-image-preview:large","max-video-preview":"max-video-preview:-1"},"canonical":"https:\/\/www.naturparkmagazin.de\/stechlin\/kuratorium-tagte-in-wittstockdosse\/","og_locale":"de_DE","og_type":"article","og_title":"Kuratorium tagte in Wittstock\/Dosse - Naturpark Stechlin-Ruppiner Land","og_description":"Die Mitglieder des Kuratoriums Naturpark Stechlin-Ruppiner Land trafen sich am 1. Dezember in der Bischofsstadt Wittstock\/Dosse zu ihrer Sitzung.","og_url":"https:\/\/www.naturparkmagazin.de\/stechlin\/kuratorium-tagte-in-wittstockdosse\/","og_site_name":"Naturpark Stechlin-Ruppiner Land","article_published_time":"2015-12-14T13:44:33+00:00","article_modified_time":"2015-12-21T10:34:07+00:00","og_image":[{"width":200,"height":200,"url":"https:\/\/www.naturparkmagazin.de\/stechlin\/wp-content\/uploads\/sites\/38\/Kuratorium1.jpg","type":"image\/jpeg"}],"author":"marioschrumpf","twitter_misc":{"Verfasst von":"marioschrumpf","Gesch\u00e4tzte Lesezeit":"1\u00a0Minute"},"schema":{"@context":"https:\/\/schema.org","@graph":[{"@type":"WebPage","@id":"https:\/\/www.naturparkmagazin.de\/stechlin\/kuratorium-tagte-in-wittstockdosse\/","url":"https:\/\/www.naturparkmagazin.de\/stechlin\/kuratorium-tagte-in-wittstockdosse\/","name":"Kuratorium tagte in Wittstock\/Dosse - Naturpark Stechlin-Ruppiner Land","isPartOf":{"@id":"https:\/\/www.naturparkmagazin.de\/stechlin\/#website"},"datePublished":"2015-12-14T13:44:33+00:00","dateModified":"2015-12-21T10:34:07+00:00","author":{"@id":"https:\/\/www.naturparkmagazin.de\/stechlin\/#\/schema\/person\/3f0d93203df21c806dd63c76d9bb28bc"},"breadcrumb":{"@id":"https:\/\/www.naturparkmagazin.de\/stechlin\/kuratorium-tagte-in-wittstockdosse\/#breadcrumb"},"inLanguage":"de","potentialAction":[{"@type":"ReadAction","target":["https:\/\/www.naturparkmagazin.de\/stechlin\/kuratorium-tagte-in-wittstockdosse\/"]}]},{"@type":"BreadcrumbList","@id":"https:\/\/www.naturparkmagazin.de\/stechlin\/kuratorium-tagte-in-wittstockdosse\/#breadcrumb","itemListElement":[{"@type":"ListItem","position":1,"name":"Home","item":"https:\/\/www.naturparkmagazin.de\/stechlin\/"},{"@type":"ListItem","position":2,"name":"Kuratorium tagte in Wittstock\/Dosse"}]},{"@type":"WebSite","@id":"https:\/\/www.naturparkmagazin.de\/stechlin\/#website","url":"https:\/\/www.naturparkmagazin.de\/stechlin\/","name":"Naturpark Stechlin-Ruppiner Land","description":"","potentialAction":[{"@type":"SearchAction","target":{"@type":"EntryPoint","urlTemplate":"https:\/\/www.naturparkmagazin.de\/stechlin\/?s={search_term_string}"},"query-input":"required name=search_term_string"}],"inLanguage":"de"},{"@type":"Person","@id":"https:\/\/www.naturparkmagazin.de\/stechlin\/#\/schema\/person\/3f0d93203df21c806dd63c76d9bb28bc","name":"marioschrumpf","url":"https:\/\/www.naturparkmagazin.de\/stechlin\/author\/marioschrumpf\/"}]}},"_links":{"self":[{"href":"https:\/\/www.naturparkmagazin.de\/stechlin\/wp-json\/wp\/v2\/posts\/3135"}],"collection":[{"href":"https:\/\/www.naturparkmagazin.de\/stechlin\/wp-json\/wp\/v2\/posts"}],"about":[{"href":"https:\/\/www.naturparkmagazin.de\/stechlin\/wp-json\/wp\/v2\/types\/post"}],"author":[{"embeddable":true,"href":"https:\/\/www.naturparkmagazin.de\/stechlin\/wp-json\/wp\/v2\/users\/39"}],"replies":[{"embeddable":true,"href":"https:\/\/www.naturparkmagazin.de\/stechlin\/wp-json\/wp\/v2\/comments?post=3135"}],"version-history":[{"count":4,"href":"https:\/\/www.naturparkmagazin.de\/stechlin\/wp-json\/wp\/v2\/posts\/3135\/revisions"}],"predecessor-version":[{"id":3182,"href":"https:\/\/www.naturparkmagazin.de\/stechlin\/wp-json\/wp\/v2\/posts\/3135\/revisions\/3182"}],"wp:featuredmedia":[{"embeddable":true,"href":"https:\/\/www.naturparkmagazin.de\/stechlin\/wp-json\/wp\/v2\/media\/3187"}],"wp:attachment":[{"href":"https:\/\/www.naturparkmagazin.de\/stechlin\/wp-json\/wp\/v2\/media?parent=3135"}],"wp:term":[{"taxonomy":"category","embeddable":true,"href":"https:\/\/www.naturparkmagazin.de\/stechlin\/wp-json\/wp\/v2\/categories?post=3135"},{"taxonomy":"post_tag","embeddable":true,"href":"https:\/\/www.naturparkmagazin.de\/stechlin\/wp-json\/wp\/v2\/tags?post=3135"}],"curies":[{"name":"wp","href":"https:\/\/api.w.org\/{rel}","templated":true}]}}