{"id":3200,"date":"2016-01-18T11:32:47","date_gmt":"2016-01-18T10:32:47","guid":{"rendered":"http:\/\/www.naturparkmagazin.de\/stechlin\/?p=3200"},"modified":"2016-01-19T15:59:22","modified_gmt":"2016-01-19T14:59:22","slug":"liebe-leseinnen-und-leser-4","status":"publish","type":"post","link":"https:\/\/www.naturparkmagazin.de\/stechlin\/liebe-leseinnen-und-leser-4\/","title":{"rendered":"Liebe Leserinnen und Leser,"},"content":{"rendered":"<p>wie doch die Zeit vergeht!<\/p>\n<p>Am 18. Februar findet bereits zum zehnten Mal der Kleine Naturschutztag, die Jahrestagung des Naturparks statt! Es ist zu einer guten Tradition geworden, dass wir vor Beginn der Vegetationsperiode gemeinsam mit unseren Partnern R\u00fcckschau halten auf das zur\u00fcckliegende Jahr. Viele Untersuchungen und konkrete Umsetzungsma\u00dfnahmen wurden auf den Weg gebracht. Dar\u00fcber wird in den Vortr\u00e4gen ausf\u00fchrlich berichtet.<\/p>\n<p>An dieser Stelle ein herzliches Dankesch\u00f6n an alle Kooperationspartner, ohne die das erfolgreiche Netzwerk Naturpark nicht funktionieren w\u00fcrde.<\/p>\n<p>Viel Spa\u00df beim Lesen!<\/p>\n<p>&nbsp;<\/p>\n<p>Dr. Mario Schrumpf<\/p>\n<p>Teamleiter des Naturparks<\/p>\n","protected":false},"excerpt":{"rendered":"<p>wie doch die Zeit vergeht! Am 18. Februar findet bereits zum zehnten Mal der Kleine Naturschutztag, die Jahrestagung des Naturparks statt! Es ist zu einer guten Tradition geworden, dass wir vor Beginn der Vegetationsperiode gemeinsam mit unseren Partnern R\u00fcckschau halten auf das zur\u00fcckliegende Jahr. Viele Untersuchungen und konkrete Umsetzungsma\u00dfnahmen wurden auf den Weg gebracht. Dar\u00fcber<\/p>\n","protected":false},"author":39,"featured_media":0,"comment_status":"open","ping_status":"open","sticky":false,"template":"","format":"standard","meta":[],"categories":[52],"tags":[],"yoast_head":"<!-- This site is optimized with the Yoast SEO plugin v19.10 - https:\/\/yoast.com\/wordpress\/plugins\/seo\/ -->\n<title>Liebe Leserinnen und Leser, - Naturpark Stechlin-Ruppiner Land<\/title>\n<meta name=\"robots\" content=\"index, follow, max-snippet:-1, max-image-preview:large, max-video-preview:-1\" \/>\n<link rel=\"canonical\" href=\"https:\/\/www.naturparkmagazin.de\/stechlin\/liebe-leseinnen-und-leser-4\/\" \/>\n<meta property=\"og:locale\" content=\"de_DE\" \/>\n<meta property=\"og:type\" content=\"article\" \/>\n<meta property=\"og:title\" content=\"Liebe Leserinnen und Leser, - Naturpark Stechlin-Ruppiner Land\" \/>\n<meta property=\"og:description\" content=\"wie doch die Zeit vergeht! Am 18. Februar findet bereits zum zehnten Mal der Kleine Naturschutztag, die Jahrestagung des Naturparks statt! Es ist zu einer guten Tradition geworden, dass wir vor Beginn der Vegetationsperiode gemeinsam mit unseren Partnern R\u00fcckschau halten auf das zur\u00fcckliegende Jahr. Viele Untersuchungen und konkrete Umsetzungsma\u00dfnahmen wurden auf den Weg gebracht. Dar\u00fcber\" \/>\n<meta property=\"og:url\" content=\"https:\/\/www.naturparkmagazin.de\/stechlin\/liebe-leseinnen-und-leser-4\/\" \/>\n<meta property=\"og:site_name\" content=\"Naturpark Stechlin-Ruppiner Land\" \/>\n<meta property=\"article:published_time\" content=\"2016-01-18T10:32:47+00:00\" \/>\n<meta property=\"article:modified_time\" content=\"2016-01-19T14:59:22+00:00\" \/>\n<meta name=\"author\" content=\"marioschrumpf\" \/>\n<meta name=\"twitter:label1\" content=\"Verfasst von\" \/>\n\t<meta name=\"twitter:data1\" content=\"marioschrumpf\" \/>\n<script type=\"application\/ld+json\" class=\"yoast-schema-graph\">{\"@context\":\"https:\/\/schema.org\",\"@graph\":[{\"@type\":\"WebPage\",\"@id\":\"https:\/\/www.naturparkmagazin.de\/stechlin\/liebe-leseinnen-und-leser-4\/\",\"url\":\"https:\/\/www.naturparkmagazin.de\/stechlin\/liebe-leseinnen-und-leser-4\/\",\"name\":\"Liebe Leserinnen und Leser, - Naturpark Stechlin-Ruppiner Land\",\"isPartOf\":{\"@id\":\"https:\/\/www.naturparkmagazin.de\/stechlin\/#website\"},\"datePublished\":\"2016-01-18T10:32:47+00:00\",\"dateModified\":\"2016-01-19T14:59:22+00:00\",\"author\":{\"@id\":\"https:\/\/www.naturparkmagazin.de\/stechlin\/#\/schema\/person\/3f0d93203df21c806dd63c76d9bb28bc\"},\"breadcrumb\":{\"@id\":\"https:\/\/www.naturparkmagazin.de\/stechlin\/liebe-leseinnen-und-leser-4\/#breadcrumb\"},\"inLanguage\":\"de\",\"potentialAction\":[{\"@type\":\"ReadAction\",\"target\":[\"https:\/\/www.naturparkmagazin.de\/stechlin\/liebe-leseinnen-und-leser-4\/\"]}]},{\"@type\":\"BreadcrumbList\",\"@id\":\"https:\/\/www.naturparkmagazin.de\/stechlin\/liebe-leseinnen-und-leser-4\/#breadcrumb\",\"itemListElement\":[{\"@type\":\"ListItem\",\"position\":1,\"name\":\"Home\",\"item\":\"https:\/\/www.naturparkmagazin.de\/stechlin\/\"},{\"@type\":\"ListItem\",\"position\":2,\"name\":\"Liebe Leserinnen und Leser,\"}]},{\"@type\":\"WebSite\",\"@id\":\"https:\/\/www.naturparkmagazin.de\/stechlin\/#website\",\"url\":\"https:\/\/www.naturparkmagazin.de\/stechlin\/\",\"name\":\"Naturpark Stechlin-Ruppiner Land\",\"description\":\"\",\"potentialAction\":[{\"@type\":\"SearchAction\",\"target\":{\"@type\":\"EntryPoint\",\"urlTemplate\":\"https:\/\/www.naturparkmagazin.de\/stechlin\/?s={search_term_string}\"},\"query-input\":\"required name=search_term_string\"}],\"inLanguage\":\"de\"},{\"@type\":\"Person\",\"@id\":\"https:\/\/www.naturparkmagazin.de\/stechlin\/#\/schema\/person\/3f0d93203df21c806dd63c76d9bb28bc\",\"name\":\"marioschrumpf\",\"url\":\"https:\/\/www.naturparkmagazin.de\/stechlin\/author\/marioschrumpf\/\"}]}<\/script>\n<!-- \/ Yoast SEO plugin. -->","yoast_head_json":{"title":"Liebe Leserinnen und Leser, - Naturpark Stechlin-Ruppiner Land","robots":{"index":"index","follow":"follow","max-snippet":"max-snippet:-1","max-image-preview":"max-image-preview:large","max-video-preview":"max-video-preview:-1"},"canonical":"https:\/\/www.naturparkmagazin.de\/stechlin\/liebe-leseinnen-und-leser-4\/","og_locale":"de_DE","og_type":"article","og_title":"Liebe Leserinnen und Leser, - Naturpark Stechlin-Ruppiner Land","og_description":"wie doch die Zeit vergeht! Am 18. Februar findet bereits zum zehnten Mal der Kleine Naturschutztag, die Jahrestagung des Naturparks statt! Es ist zu einer guten Tradition geworden, dass wir vor Beginn der Vegetationsperiode gemeinsam mit unseren Partnern R\u00fcckschau halten auf das zur\u00fcckliegende Jahr. Viele Untersuchungen und konkrete Umsetzungsma\u00dfnahmen wurden auf den Weg gebracht. Dar\u00fcber","og_url":"https:\/\/www.naturparkmagazin.de\/stechlin\/liebe-leseinnen-und-leser-4\/","og_site_name":"Naturpark Stechlin-Ruppiner Land","article_published_time":"2016-01-18T10:32:47+00:00","article_modified_time":"2016-01-19T14:59:22+00:00","author":"marioschrumpf","twitter_misc":{"Verfasst von":"marioschrumpf"},"schema":{"@context":"https:\/\/schema.org","@graph":[{"@type":"WebPage","@id":"https:\/\/www.naturparkmagazin.de\/stechlin\/liebe-leseinnen-und-leser-4\/","url":"https:\/\/www.naturparkmagazin.de\/stechlin\/liebe-leseinnen-und-leser-4\/","name":"Liebe Leserinnen und Leser, - Naturpark Stechlin-Ruppiner Land","isPartOf":{"@id":"https:\/\/www.naturparkmagazin.de\/stechlin\/#website"},"datePublished":"2016-01-18T10:32:47+00:00","dateModified":"2016-01-19T14:59:22+00:00","author":{"@id":"https:\/\/www.naturparkmagazin.de\/stechlin\/#\/schema\/person\/3f0d93203df21c806dd63c76d9bb28bc"},"breadcrumb":{"@id":"https:\/\/www.naturparkmagazin.de\/stechlin\/liebe-leseinnen-und-leser-4\/#breadcrumb"},"inLanguage":"de","potentialAction":[{"@type":"ReadAction","target":["https:\/\/www.naturparkmagazin.de\/stechlin\/liebe-leseinnen-und-leser-4\/"]}]},{"@type":"BreadcrumbList","@id":"https:\/\/www.naturparkmagazin.de\/stechlin\/liebe-leseinnen-und-leser-4\/#breadcrumb","itemListElement":[{"@type":"ListItem","position":1,"name":"Home","item":"https:\/\/www.naturparkmagazin.de\/stechlin\/"},{"@type":"ListItem","position":2,"name":"Liebe Leserinnen und Leser,"}]},{"@type":"WebSite","@id":"https:\/\/www.naturparkmagazin.de\/stechlin\/#website","url":"https:\/\/www.naturparkmagazin.de\/stechlin\/","name":"Naturpark Stechlin-Ruppiner Land","description":"","potentialAction":[{"@type":"SearchAction","target":{"@type":"EntryPoint","urlTemplate":"https:\/\/www.naturparkmagazin.de\/stechlin\/?s={search_term_string}"},"query-input":"required name=search_term_string"}],"inLanguage":"de"},{"@type":"Person","@id":"https:\/\/www.naturparkmagazin.de\/stechlin\/#\/schema\/person\/3f0d93203df21c806dd63c76d9bb28bc","name":"marioschrumpf","url":"https:\/\/www.naturparkmagazin.de\/stechlin\/author\/marioschrumpf\/"}]}},"_links":{"self":[{"href":"https:\/\/www.naturparkmagazin.de\/stechlin\/wp-json\/wp\/v2\/posts\/3200"}],"collection":[{"href":"https:\/\/www.naturparkmagazin.de\/stechlin\/wp-json\/wp\/v2\/posts"}],"about":[{"href":"https:\/\/www.naturparkmagazin.de\/stechlin\/wp-json\/wp\/v2\/types\/post"}],"author":[{"embeddable":true,"href":"https:\/\/www.naturparkmagazin.de\/stechlin\/wp-json\/wp\/v2\/users\/39"}],"replies":[{"embeddable":true,"href":"https:\/\/www.naturparkmagazin.de\/stechlin\/wp-json\/wp\/v2\/comments?post=3200"}],"version-history":[{"count":5,"href":"https:\/\/www.naturparkmagazin.de\/stechlin\/wp-json\/wp\/v2\/posts\/3200\/revisions"}],"predecessor-version":[{"id":3313,"href":"https:\/\/www.naturparkmagazin.de\/stechlin\/wp-json\/wp\/v2\/posts\/3200\/revisions\/3313"}],"wp:attachment":[{"href":"https:\/\/www.naturparkmagazin.de\/stechlin\/wp-json\/wp\/v2\/media?parent=3200"}],"wp:term":[{"taxonomy":"category","embeddable":true,"href":"https:\/\/www.naturparkmagazin.de\/stechlin\/wp-json\/wp\/v2\/categories?post=3200"},{"taxonomy":"post_tag","embeddable":true,"href":"https:\/\/www.naturparkmagazin.de\/stechlin\/wp-json\/wp\/v2\/tags?post=3200"}],"curies":[{"name":"wp","href":"https:\/\/api.w.org\/{rel}","templated":true}]}}