{"id":3203,"date":"2016-01-18T11:43:10","date_gmt":"2016-01-18T10:43:10","guid":{"rendered":"http:\/\/www.naturparkmagazin.de\/stechlin\/?p=3203"},"modified":"2016-02-22T11:24:20","modified_gmt":"2016-02-22T10:24:20","slug":"obst-auf-dem-gemuesehof","status":"publish","type":"post","link":"https:\/\/www.naturparkmagazin.de\/stechlin\/obst-auf-dem-gemuesehof\/","title":{"rendered":"Altglobsow ist in den vergangenen Wochen baumreicher geworden"},"content":{"rendered":"<div id=\"attachment_3204\" style=\"width: 310px\" class=\"wp-caption alignleft\"><a href=\"https:\/\/www.naturparkmagazin.de\/stechlin\/wp-content\/uploads\/sites\/38\/2.Obstbaume-auf-dem-Bio-Hof-Altglobsow-Dez.-2015.jpg\"><img aria-describedby=\"caption-attachment-3204\" decoding=\"async\" loading=\"lazy\" class=\"wp-image-3204 size-thumbnail\" src=\"https:\/\/www.naturparkmagazin.de\/stechlin\/wp-content\/uploads\/sites\/38\/2.Obstbaume-auf-dem-Bio-Hof-Altglobsow-Dez.-2015-300x200.jpg\" alt=\"Obstb\u00e4ume auf dem BIO-Hof Altglobsow (Foto: Liane von Billerbeck)\" width=\"300\" height=\"200\" srcset=\"https:\/\/www.naturparkmagazin.de\/stechlin\/wp-content\/uploads\/sites\/38\/2.Obstbaume-auf-dem-Bio-Hof-Altglobsow-Dez.-2015.jpg 300w, https:\/\/www.naturparkmagazin.de\/stechlin\/wp-content\/uploads\/sites\/38\/2.Obstbaume-auf-dem-Bio-Hof-Altglobsow-Dez.-2015-200x133.jpg 200w\" sizes=\"(max-width: 300px) 100vw, 300px\" \/><\/a><p id=\"caption-attachment-3204\" class=\"wp-caption-text\">Obstb\u00e4ume auf dem BIO-Hof Altglobsow (Foto: Liane von Billerbeck)<\/p><\/div>\n<p>&nbsp;<\/p>\n<p>&nbsp;<\/p>\n<p>&nbsp;<\/p>\n<p>&nbsp;<\/p>\n<p>&nbsp;<\/p>\n<p>&nbsp;<\/p>\n<p>&nbsp;<\/p>\n<p>&nbsp;<\/p>\n<div id=\"attachment_3205\" style=\"width: 310px\" class=\"wp-caption alignleft\"><a href=\"https:\/\/www.naturparkmagazin.de\/stechlin\/wp-content\/uploads\/sites\/38\/200x200.jpg\"><img aria-describedby=\"caption-attachment-3205\" decoding=\"async\" loading=\"lazy\" class=\"wp-image-3205 size-thumbnail\" src=\"https:\/\/www.naturparkmagazin.de\/stechlin\/wp-content\/uploads\/sites\/38\/200x200-300x353.jpg\" alt=\"NP SRL\/Liane von Billerbeck\" width=\"300\" height=\"353\" srcset=\"https:\/\/www.naturparkmagazin.de\/stechlin\/wp-content\/uploads\/sites\/38\/200x200-300x353.jpg 300w, https:\/\/www.naturparkmagazin.de\/stechlin\/wp-content\/uploads\/sites\/38\/200x200-620x729.jpg 620w, https:\/\/www.naturparkmagazin.de\/stechlin\/wp-content\/uploads\/sites\/38\/200x200-200x235.jpg 200w, https:\/\/www.naturparkmagazin.de\/stechlin\/wp-content\/uploads\/sites\/38\/200x200.jpg 640w\" sizes=\"(max-width: 300px) 100vw, 300px\" \/><\/a><p id=\"caption-attachment-3205\" class=\"wp-caption-text\">Der syrische Fl\u00fcchtling Hamdan und Udo Koch vom BIO-Hof Altglobsow bei der Pflanzung (Foto: Liane von Billerbeck)<\/p><\/div>\n<p>&nbsp;<\/p>\n<p>&nbsp;<\/p>\n<p>&nbsp;<\/p>\n<p>&nbsp;<\/p>\n<p>&nbsp;<\/p>\n<p>&nbsp;<\/p>\n<p>&nbsp;<\/p>\n<p>&nbsp;<\/p>\n<p>&nbsp;<\/p>\n<p>&nbsp;<\/p>\n<p>&nbsp;<\/p>\n<p>&nbsp;<\/p>\n<p>&nbsp;<\/p>\n<p>&nbsp;<\/p>\n<p>Insgesamt 100 Hochst\u00e4mme alter Obstsorten hat die Bio-G\u00e4rtnerei KEPOS auf den hofeigenen Fl\u00e4chen gepflanzt. Dabei wurde\u00a0auch auf das Genressourcenprojekt des Naturparkes zur\u00fcckgegriffen, bei dem es um den Erhalt alter regionaler Streuobstsorten geht. Hierbei erhalten Interessierte Privatpersonen innerhalb der Naturparkregion Hochst\u00e4mme alter Apfelsorten zur Nutzung und Pflege in ihre Obhut.<\/p>\n<p>Inzwischen sind um die 100 B\u00e4ume gepflanzt worden. Davon kamen f\u00fcnf (im Rahmen des \u201eGenressourcenprojektes\u201c ausgesucht und beim Menzer Apfelfest erhalten) von der Baumschule Fischer aus Eberswalde. 17 weitere Obstb\u00e4ume der Menzer Familie von Leo Thiede &#8211; auch aus dem &#8222;Genressourcenprojekt&#8220; und von der Baumschule Fischer \u2013 wurden auf dem Gel\u00e4nde der G\u00e4rtnerei gesetzt, weil deren Grundst\u00fcck zu nass f\u00fcr die Apfelb\u00e4ume ist. Die Pflege und Ernte dieser B\u00e4ume wird solidarisch geteilt. Au\u00dferdem lieferte Michael Diessner vom Permakultur-\u201eRosenhof\u201c Altglobsow Zwetschgenb\u00e4ume f\u00fcr die Streuobstwiese. Ein Gro\u00dfteil der B\u00e4ume wurde in Zusammenarbeit mit dem Naturpark \u00fcber eine F\u00f6rderung des NaturSchutzFonds Brandenburg mitfinanziert. Diese 60 B\u00e4ume kamen von der \u00d6kologischen Baumschule Walsetal im Eichsfeld.<\/p>\n<p>Gepflanzt wurde in Eigenregie der G\u00e4rtnerei. Tatkr\u00e4ftige Unterst\u00fctzung erfuhren die G\u00e4rtner durch den syrischen Fl\u00fcchtling Hamdan. Dieser lebt derzeit in Lehnitz (in der dortigen Erstaufnahmeeinrichtung) und hat Anfang Dezember ein paar Tage beim Obstbaumpflanzen auf dem Hof geholfen. Dabei kam allen die milde Witterung des Dezembers 2015 entgegen.<\/p>\n<p>Bei der Auswahl der Sorten wurde Wert auf alte, robuste, gut angepasste Sorten gelegt: \u00c4pfel, Birnen, Zwetschgen, Quitten.<\/p>\n<p>Gepflanzt wurden u.a. die Apfelsorten:<\/p>\n<p>Wei\u00dfer Winterglockenapfel, Schneiderapfel, Harberts Renette, Edelborsdorfer, Goldrenette von Blenheim, Himbeerapfel von Holovous, Prinz Albrecht von Preu\u00dfen, Rheinischer Bohnapfel, Rote Sternrenette, Sch\u00f6ner von Boskoop, Ingrid Marie, Landsberger Renette, Klarapfel, Gravensteiner, Gubener Waraschke<\/p>\n<p>Birnen:<\/p>\n<p>Gr\u00e4fin von Paris, Schweizer Wasserbirne, Gellerts Butterbirne, Birne Bosc\u00b4s Flaschenbirne, Bunte Julibirne<\/p>\n<p>Pflaumen\/Zwetschgen:<\/p>\n<p>L\u00f6hrpflaume, Fr\u00fche Fruchtbare, Hanita, Cacaks Sch\u00f6ne, Quetsche de Letricourt, N\u00fcssle Brennzwetsche, Cakacs Beste<\/p>\n<p>Quitten:<\/p>\n<p>Konstantinopler Apfelquitte, Portugiesische Birnenquitte, Vranja.<\/p>\n<p>&nbsp;<\/p>\n","protected":false},"excerpt":{"rendered":"<p>Insgesamt 100 Hochst\u00e4mme alter Obstsorten hat die Bio-G\u00e4rtnerei KEPOS auf den hofeigenen Fl\u00e4chen gepflanzt. Dabei wurde auch auf das Genressourcenprojekt des Naturparkes zur\u00fcckgegriffen.<\/p>\n","protected":false},"author":39,"featured_media":3227,"comment_status":"open","ping_status":"open","sticky":false,"template":"","format":"standard","meta":[],"categories":[7],"tags":[],"yoast_head":"<!-- This site is optimized with the Yoast SEO plugin v19.10 - https:\/\/yoast.com\/wordpress\/plugins\/seo\/ -->\n<title>Altglobsow ist in den vergangenen Wochen baumreicher geworden - Naturpark Stechlin-Ruppiner Land<\/title>\n<meta name=\"robots\" content=\"index, follow, max-snippet:-1, max-image-preview:large, max-video-preview:-1\" \/>\n<link rel=\"canonical\" href=\"https:\/\/www.naturparkmagazin.de\/stechlin\/obst-auf-dem-gemuesehof\/\" \/>\n<meta property=\"og:locale\" content=\"de_DE\" \/>\n<meta property=\"og:type\" content=\"article\" \/>\n<meta property=\"og:title\" content=\"Altglobsow ist in den vergangenen Wochen baumreicher geworden - Naturpark Stechlin-Ruppiner Land\" \/>\n<meta property=\"og:description\" content=\"Insgesamt 100 Hochst\u00e4mme alter Obstsorten hat die Bio-G\u00e4rtnerei KEPOS auf den hofeigenen Fl\u00e4chen gepflanzt. Dabei wurde auch auf das Genressourcenprojekt des Naturparkes zur\u00fcckgegriffen.\" \/>\n<meta property=\"og:url\" content=\"https:\/\/www.naturparkmagazin.de\/stechlin\/obst-auf-dem-gemuesehof\/\" \/>\n<meta property=\"og:site_name\" content=\"Naturpark Stechlin-Ruppiner Land\" \/>\n<meta property=\"article:published_time\" content=\"2016-01-18T10:43:10+00:00\" \/>\n<meta property=\"article:modified_time\" content=\"2016-02-22T10:24:20+00:00\" \/>\n<meta property=\"og:image\" content=\"https:\/\/www.naturparkmagazin.de\/stechlin\/wp-content\/uploads\/sites\/38\/streuobstwiese_klein.jpg\" \/>\n\t<meta property=\"og:image:width\" content=\"300\" \/>\n\t<meta property=\"og:image:height\" content=\"225\" \/>\n\t<meta property=\"og:image:type\" content=\"image\/jpeg\" \/>\n<meta name=\"author\" content=\"marioschrumpf\" \/>\n<meta name=\"twitter:label1\" content=\"Verfasst von\" \/>\n\t<meta name=\"twitter:data1\" content=\"marioschrumpf\" \/>\n\t<meta name=\"twitter:label2\" content=\"Gesch\u00e4tzte Lesezeit\" \/>\n\t<meta name=\"twitter:data2\" content=\"2\u00a0Minuten\" \/>\n<script type=\"application\/ld+json\" class=\"yoast-schema-graph\">{\"@context\":\"https:\/\/schema.org\",\"@graph\":[{\"@type\":\"WebPage\",\"@id\":\"https:\/\/www.naturparkmagazin.de\/stechlin\/obst-auf-dem-gemuesehof\/\",\"url\":\"https:\/\/www.naturparkmagazin.de\/stechlin\/obst-auf-dem-gemuesehof\/\",\"name\":\"Altglobsow ist in den vergangenen Wochen baumreicher geworden - Naturpark Stechlin-Ruppiner Land\",\"isPartOf\":{\"@id\":\"https:\/\/www.naturparkmagazin.de\/stechlin\/#website\"},\"datePublished\":\"2016-01-18T10:43:10+00:00\",\"dateModified\":\"2016-02-22T10:24:20+00:00\",\"author\":{\"@id\":\"https:\/\/www.naturparkmagazin.de\/stechlin\/#\/schema\/person\/3f0d93203df21c806dd63c76d9bb28bc\"},\"breadcrumb\":{\"@id\":\"https:\/\/www.naturparkmagazin.de\/stechlin\/obst-auf-dem-gemuesehof\/#breadcrumb\"},\"inLanguage\":\"de\",\"potentialAction\":[{\"@type\":\"ReadAction\",\"target\":[\"https:\/\/www.naturparkmagazin.de\/stechlin\/obst-auf-dem-gemuesehof\/\"]}]},{\"@type\":\"BreadcrumbList\",\"@id\":\"https:\/\/www.naturparkmagazin.de\/stechlin\/obst-auf-dem-gemuesehof\/#breadcrumb\",\"itemListElement\":[{\"@type\":\"ListItem\",\"position\":1,\"name\":\"Home\",\"item\":\"https:\/\/www.naturparkmagazin.de\/stechlin\/\"},{\"@type\":\"ListItem\",\"position\":2,\"name\":\"Altglobsow ist in den vergangenen Wochen baumreicher geworden\"}]},{\"@type\":\"WebSite\",\"@id\":\"https:\/\/www.naturparkmagazin.de\/stechlin\/#website\",\"url\":\"https:\/\/www.naturparkmagazin.de\/stechlin\/\",\"name\":\"Naturpark Stechlin-Ruppiner Land\",\"description\":\"\",\"potentialAction\":[{\"@type\":\"SearchAction\",\"target\":{\"@type\":\"EntryPoint\",\"urlTemplate\":\"https:\/\/www.naturparkmagazin.de\/stechlin\/?s={search_term_string}\"},\"query-input\":\"required name=search_term_string\"}],\"inLanguage\":\"de\"},{\"@type\":\"Person\",\"@id\":\"https:\/\/www.naturparkmagazin.de\/stechlin\/#\/schema\/person\/3f0d93203df21c806dd63c76d9bb28bc\",\"name\":\"marioschrumpf\",\"url\":\"https:\/\/www.naturparkmagazin.de\/stechlin\/author\/marioschrumpf\/\"}]}<\/script>\n<!-- \/ Yoast SEO plugin. -->","yoast_head_json":{"title":"Altglobsow ist in den vergangenen Wochen baumreicher geworden - Naturpark Stechlin-Ruppiner Land","robots":{"index":"index","follow":"follow","max-snippet":"max-snippet:-1","max-image-preview":"max-image-preview:large","max-video-preview":"max-video-preview:-1"},"canonical":"https:\/\/www.naturparkmagazin.de\/stechlin\/obst-auf-dem-gemuesehof\/","og_locale":"de_DE","og_type":"article","og_title":"Altglobsow ist in den vergangenen Wochen baumreicher geworden - Naturpark Stechlin-Ruppiner Land","og_description":"Insgesamt 100 Hochst\u00e4mme alter Obstsorten hat die Bio-G\u00e4rtnerei KEPOS auf den hofeigenen Fl\u00e4chen gepflanzt. Dabei wurde auch auf das Genressourcenprojekt des Naturparkes zur\u00fcckgegriffen.","og_url":"https:\/\/www.naturparkmagazin.de\/stechlin\/obst-auf-dem-gemuesehof\/","og_site_name":"Naturpark Stechlin-Ruppiner Land","article_published_time":"2016-01-18T10:43:10+00:00","article_modified_time":"2016-02-22T10:24:20+00:00","og_image":[{"width":300,"height":225,"url":"https:\/\/www.naturparkmagazin.de\/stechlin\/wp-content\/uploads\/sites\/38\/streuobstwiese_klein.jpg","type":"image\/jpeg"}],"author":"marioschrumpf","twitter_misc":{"Verfasst von":"marioschrumpf","Gesch\u00e4tzte Lesezeit":"2\u00a0Minuten"},"schema":{"@context":"https:\/\/schema.org","@graph":[{"@type":"WebPage","@id":"https:\/\/www.naturparkmagazin.de\/stechlin\/obst-auf-dem-gemuesehof\/","url":"https:\/\/www.naturparkmagazin.de\/stechlin\/obst-auf-dem-gemuesehof\/","name":"Altglobsow ist in den vergangenen Wochen baumreicher geworden - Naturpark Stechlin-Ruppiner Land","isPartOf":{"@id":"https:\/\/www.naturparkmagazin.de\/stechlin\/#website"},"datePublished":"2016-01-18T10:43:10+00:00","dateModified":"2016-02-22T10:24:20+00:00","author":{"@id":"https:\/\/www.naturparkmagazin.de\/stechlin\/#\/schema\/person\/3f0d93203df21c806dd63c76d9bb28bc"},"breadcrumb":{"@id":"https:\/\/www.naturparkmagazin.de\/stechlin\/obst-auf-dem-gemuesehof\/#breadcrumb"},"inLanguage":"de","potentialAction":[{"@type":"ReadAction","target":["https:\/\/www.naturparkmagazin.de\/stechlin\/obst-auf-dem-gemuesehof\/"]}]},{"@type":"BreadcrumbList","@id":"https:\/\/www.naturparkmagazin.de\/stechlin\/obst-auf-dem-gemuesehof\/#breadcrumb","itemListElement":[{"@type":"ListItem","position":1,"name":"Home","item":"https:\/\/www.naturparkmagazin.de\/stechlin\/"},{"@type":"ListItem","position":2,"name":"Altglobsow ist in den vergangenen Wochen baumreicher geworden"}]},{"@type":"WebSite","@id":"https:\/\/www.naturparkmagazin.de\/stechlin\/#website","url":"https:\/\/www.naturparkmagazin.de\/stechlin\/","name":"Naturpark Stechlin-Ruppiner Land","description":"","potentialAction":[{"@type":"SearchAction","target":{"@type":"EntryPoint","urlTemplate":"https:\/\/www.naturparkmagazin.de\/stechlin\/?s={search_term_string}"},"query-input":"required name=search_term_string"}],"inLanguage":"de"},{"@type":"Person","@id":"https:\/\/www.naturparkmagazin.de\/stechlin\/#\/schema\/person\/3f0d93203df21c806dd63c76d9bb28bc","name":"marioschrumpf","url":"https:\/\/www.naturparkmagazin.de\/stechlin\/author\/marioschrumpf\/"}]}},"_links":{"self":[{"href":"https:\/\/www.naturparkmagazin.de\/stechlin\/wp-json\/wp\/v2\/posts\/3203"}],"collection":[{"href":"https:\/\/www.naturparkmagazin.de\/stechlin\/wp-json\/wp\/v2\/posts"}],"about":[{"href":"https:\/\/www.naturparkmagazin.de\/stechlin\/wp-json\/wp\/v2\/types\/post"}],"author":[{"embeddable":true,"href":"https:\/\/www.naturparkmagazin.de\/stechlin\/wp-json\/wp\/v2\/users\/39"}],"replies":[{"embeddable":true,"href":"https:\/\/www.naturparkmagazin.de\/stechlin\/wp-json\/wp\/v2\/comments?post=3203"}],"version-history":[{"count":10,"href":"https:\/\/www.naturparkmagazin.de\/stechlin\/wp-json\/wp\/v2\/posts\/3203\/revisions"}],"predecessor-version":[{"id":3461,"href":"https:\/\/www.naturparkmagazin.de\/stechlin\/wp-json\/wp\/v2\/posts\/3203\/revisions\/3461"}],"wp:featuredmedia":[{"embeddable":true,"href":"https:\/\/www.naturparkmagazin.de\/stechlin\/wp-json\/wp\/v2\/media\/3227"}],"wp:attachment":[{"href":"https:\/\/www.naturparkmagazin.de\/stechlin\/wp-json\/wp\/v2\/media?parent=3203"}],"wp:term":[{"taxonomy":"category","embeddable":true,"href":"https:\/\/www.naturparkmagazin.de\/stechlin\/wp-json\/wp\/v2\/categories?post=3203"},{"taxonomy":"post_tag","embeddable":true,"href":"https:\/\/www.naturparkmagazin.de\/stechlin\/wp-json\/wp\/v2\/tags?post=3203"}],"curies":[{"name":"wp","href":"https:\/\/api.w.org\/{rel}","templated":true}]}}