{"id":3215,"date":"2016-01-18T13:24:47","date_gmt":"2016-01-18T12:24:47","guid":{"rendered":"http:\/\/www.naturparkmagazin.de\/stechlin\/?p=3215"},"modified":"2016-01-19T15:48:40","modified_gmt":"2016-01-19T14:48:40","slug":"praesentation-auf-der-gruenen-woche","status":"publish","type":"post","link":"https:\/\/www.naturparkmagazin.de\/stechlin\/praesentation-auf-der-gruenen-woche\/","title":{"rendered":"Pr\u00e4sentation auf der Gr\u00fcnen Woche"},"content":{"rendered":"<p>ch<\/p>\n<div id=\"attachment_3217\" style=\"width: 309px\" class=\"wp-caption alignleft\"><a href=\"https:\/\/www.naturparkmagazin.de\/stechlin\/wp-content\/uploads\/sites\/38\/Gr\u00fcne-Woche-_62.jpg\"><img aria-describedby=\"caption-attachment-3217\" decoding=\"async\" loading=\"lazy\" class=\"size-full wp-image-3217\" src=\"https:\/\/www.naturparkmagazin.de\/stechlin\/wp-content\/uploads\/sites\/38\/Gr\u00fcne-Woche-_62.jpg\" alt=\"Steffen Schindel im Pressegespr\u00e4ch\" width=\"299\" height=\"200\" srcset=\"https:\/\/www.naturparkmagazin.de\/stechlin\/wp-content\/uploads\/sites\/38\/Gr\u00fcne-Woche-_62.jpg 299w, https:\/\/www.naturparkmagazin.de\/stechlin\/wp-content\/uploads\/sites\/38\/Gr\u00fcne-Woche-_62-200x134.jpg 200w\" sizes=\"(max-width: 299px) 100vw, 299px\" \/><\/a><p id=\"caption-attachment-3217\" class=\"wp-caption-text\">Steffen Schindel im Pressegespr\u00e4ch<\/p><\/div>\n<p>&nbsp;<\/p>\n<p>&nbsp;<\/p>\n<p>&nbsp;<\/p>\n<p>&nbsp;<\/p>\n<p>&nbsp;<\/p>\n<p>&nbsp;<\/p>\n<div id=\"attachment_3218\" style=\"width: 309px\" class=\"wp-caption alignleft\"><a href=\"https:\/\/www.naturparkmagazin.de\/stechlin\/wp-content\/uploads\/sites\/38\/Gr\u00fcne-Woche-2016_2.jpg\"><img aria-describedby=\"caption-attachment-3218\" decoding=\"async\" loading=\"lazy\" class=\"size-full wp-image-3218\" src=\"https:\/\/www.naturparkmagazin.de\/stechlin\/wp-content\/uploads\/sites\/38\/Gr\u00fcne-Woche-2016_2.jpg\" alt=\"Pr\u00e4sentation des Besucherzentrums am Stand der Stadt Rheinsberg\" width=\"299\" height=\"200\" srcset=\"https:\/\/www.naturparkmagazin.de\/stechlin\/wp-content\/uploads\/sites\/38\/Gr\u00fcne-Woche-2016_2.jpg 299w, https:\/\/www.naturparkmagazin.de\/stechlin\/wp-content\/uploads\/sites\/38\/Gr\u00fcne-Woche-2016_2-200x134.jpg 200w\" sizes=\"(max-width: 299px) 100vw, 299px\" \/><\/a><p id=\"caption-attachment-3218\" class=\"wp-caption-text\">Pr\u00e4sentation des NaturParkHauses Stechlin am Stand der Stadt Rheinsberg<\/p><\/div>\n<p>&nbsp;<\/p>\n<p>&nbsp;<\/p>\n<p>&nbsp;<\/p>\n<p>&nbsp;<\/p>\n<p>&nbsp;<\/p>\n<p>&nbsp;<\/p>\n<p>&nbsp;<\/p>\n<p>&nbsp;<\/p>\n<p>&nbsp;<\/p>\n<p>&nbsp;<\/p>\n<p>&nbsp;<\/p>\n<p>Viele Besucher nutzten am ersten Besuchertag der <strong>Gr\u00fcnen Woche<\/strong> in Berlin die M\u00f6glichkeit, sich direkt \u00fcber Neuigkeiten im Naturpark am Stand der Nationalen Naturlandschaften Brandenburgs zu informieren.<\/p>\n<p>Gemeinsam mit Steffen Schindel, regionaler Anbieter aus Lindow und ausgebildeter Natur- und Landschaftsf\u00fchrer, machte der Naturpark in der Brandenburg-Halle 21a Werbung f\u00fcr seine Region. Unterst\u00fctzung gab es vom NaturParkHaus Stechlin. Das Besucherzentrum pr\u00e4sentierte sich exklusiv am Stand der Stadt Rheinsberg. Beide verbindet eine Kooperation \u00fcber Landkreisgrenzen hinweg. So gew\u00e4hrt das NaturParkHaus Stechlin bei Vorlage der Rheinsberger G\u00e4stekarte einen Rabatt auf den Eintrittspreis.<\/p>\n<p>Naturparkleiter Dr. Mario Schrumpf stellt auf der Antenne-Brandenburg-B\u00fchne die Highlights des Naturparks vor. Auch im Kochstudio durfte er gemeinsam mit Profi-K\u00f6chen bei der Zubereitung von Fisch Hand anlegen.<\/p>\n<div id=\"attachment_3219\" style=\"width: 309px\" class=\"wp-caption alignleft\"><a href=\"https:\/\/www.naturparkmagazin.de\/stechlin\/wp-content\/uploads\/sites\/38\/Gr\u00fcne-Woche-2016_77.jpg\"><img aria-describedby=\"caption-attachment-3219\" decoding=\"async\" loading=\"lazy\" class=\"size-full wp-image-3219\" src=\"https:\/\/www.naturparkmagazin.de\/stechlin\/wp-content\/uploads\/sites\/38\/Gr\u00fcne-Woche-2016_77.jpg\" alt=\"Interview auf der Antenne-Brandenburg-B\u00fchne\" width=\"299\" height=\"200\" srcset=\"https:\/\/www.naturparkmagazin.de\/stechlin\/wp-content\/uploads\/sites\/38\/Gr\u00fcne-Woche-2016_77.jpg 299w, https:\/\/www.naturparkmagazin.de\/stechlin\/wp-content\/uploads\/sites\/38\/Gr\u00fcne-Woche-2016_77-200x134.jpg 200w\" sizes=\"(max-width: 299px) 100vw, 299px\" \/><\/a><p id=\"caption-attachment-3219\" class=\"wp-caption-text\">Interview auf der Antenne-Brandenburg-B\u00fchne<\/p><\/div>\n<p>&nbsp;<\/p>\n<p>&nbsp;<\/p>\n","protected":false},"excerpt":{"rendered":"<p>Viele Besucher nutzten am ersten Besuchertag der Gr\u00fcnen Woche die M\u00f6glichkeit, sich direkt \u00fcber Neuigkeiten im Naturpark am Stand der Nationalen Naturlandschaften Brandenburgs zu informieren.<\/p>\n","protected":false},"author":39,"featured_media":3216,"comment_status":"open","ping_status":"open","sticky":false,"template":"","format":"standard","meta":[],"categories":[7],"tags":[],"yoast_head":"<!-- This site is optimized with the Yoast SEO plugin v19.10 - https:\/\/yoast.com\/wordpress\/plugins\/seo\/ -->\n<title>Pr\u00e4sentation auf der Gr\u00fcnen Woche - Naturpark Stechlin-Ruppiner Land<\/title>\n<meta name=\"robots\" content=\"index, follow, max-snippet:-1, max-image-preview:large, max-video-preview:-1\" \/>\n<link rel=\"canonical\" href=\"https:\/\/www.naturparkmagazin.de\/stechlin\/praesentation-auf-der-gruenen-woche\/\" \/>\n<meta property=\"og:locale\" content=\"de_DE\" \/>\n<meta property=\"og:type\" content=\"article\" \/>\n<meta property=\"og:title\" content=\"Pr\u00e4sentation auf der Gr\u00fcnen Woche - Naturpark Stechlin-Ruppiner Land\" \/>\n<meta property=\"og:description\" content=\"Viele Besucher nutzten am ersten Besuchertag der Gr\u00fcnen Woche die M\u00f6glichkeit, sich direkt \u00fcber Neuigkeiten im Naturpark am Stand der Nationalen Naturlandschaften Brandenburgs zu informieren.\" \/>\n<meta property=\"og:url\" content=\"https:\/\/www.naturparkmagazin.de\/stechlin\/praesentation-auf-der-gruenen-woche\/\" \/>\n<meta property=\"og:site_name\" content=\"Naturpark Stechlin-Ruppiner Land\" \/>\n<meta property=\"article:published_time\" content=\"2016-01-18T12:24:47+00:00\" \/>\n<meta property=\"article:modified_time\" content=\"2016-01-19T14:48:40+00:00\" \/>\n<meta property=\"og:image\" content=\"https:\/\/www.naturparkmagazin.de\/stechlin\/wp-content\/uploads\/sites\/38\/Gr\u00fcne-Woche-2016_1.jpg\" \/>\n\t<meta property=\"og:image:width\" content=\"299\" \/>\n\t<meta property=\"og:image:height\" content=\"200\" \/>\n\t<meta property=\"og:image:type\" content=\"image\/jpeg\" \/>\n<meta name=\"author\" content=\"marioschrumpf\" \/>\n<meta name=\"twitter:label1\" content=\"Verfasst von\" \/>\n\t<meta name=\"twitter:data1\" content=\"marioschrumpf\" \/>\n\t<meta name=\"twitter:label2\" content=\"Gesch\u00e4tzte Lesezeit\" \/>\n\t<meta name=\"twitter:data2\" content=\"1\u00a0Minute\" \/>\n<script type=\"application\/ld+json\" class=\"yoast-schema-graph\">{\"@context\":\"https:\/\/schema.org\",\"@graph\":[{\"@type\":\"WebPage\",\"@id\":\"https:\/\/www.naturparkmagazin.de\/stechlin\/praesentation-auf-der-gruenen-woche\/\",\"url\":\"https:\/\/www.naturparkmagazin.de\/stechlin\/praesentation-auf-der-gruenen-woche\/\",\"name\":\"Pr\u00e4sentation auf der Gr\u00fcnen Woche - Naturpark Stechlin-Ruppiner Land\",\"isPartOf\":{\"@id\":\"https:\/\/www.naturparkmagazin.de\/stechlin\/#website\"},\"datePublished\":\"2016-01-18T12:24:47+00:00\",\"dateModified\":\"2016-01-19T14:48:40+00:00\",\"author\":{\"@id\":\"https:\/\/www.naturparkmagazin.de\/stechlin\/#\/schema\/person\/3f0d93203df21c806dd63c76d9bb28bc\"},\"breadcrumb\":{\"@id\":\"https:\/\/www.naturparkmagazin.de\/stechlin\/praesentation-auf-der-gruenen-woche\/#breadcrumb\"},\"inLanguage\":\"de\",\"potentialAction\":[{\"@type\":\"ReadAction\",\"target\":[\"https:\/\/www.naturparkmagazin.de\/stechlin\/praesentation-auf-der-gruenen-woche\/\"]}]},{\"@type\":\"BreadcrumbList\",\"@id\":\"https:\/\/www.naturparkmagazin.de\/stechlin\/praesentation-auf-der-gruenen-woche\/#breadcrumb\",\"itemListElement\":[{\"@type\":\"ListItem\",\"position\":1,\"name\":\"Home\",\"item\":\"https:\/\/www.naturparkmagazin.de\/stechlin\/\"},{\"@type\":\"ListItem\",\"position\":2,\"name\":\"Pr\u00e4sentation auf der Gr\u00fcnen Woche\"}]},{\"@type\":\"WebSite\",\"@id\":\"https:\/\/www.naturparkmagazin.de\/stechlin\/#website\",\"url\":\"https:\/\/www.naturparkmagazin.de\/stechlin\/\",\"name\":\"Naturpark Stechlin-Ruppiner Land\",\"description\":\"\",\"potentialAction\":[{\"@type\":\"SearchAction\",\"target\":{\"@type\":\"EntryPoint\",\"urlTemplate\":\"https:\/\/www.naturparkmagazin.de\/stechlin\/?s={search_term_string}\"},\"query-input\":\"required name=search_term_string\"}],\"inLanguage\":\"de\"},{\"@type\":\"Person\",\"@id\":\"https:\/\/www.naturparkmagazin.de\/stechlin\/#\/schema\/person\/3f0d93203df21c806dd63c76d9bb28bc\",\"name\":\"marioschrumpf\",\"url\":\"https:\/\/www.naturparkmagazin.de\/stechlin\/author\/marioschrumpf\/\"}]}<\/script>\n<!-- \/ Yoast SEO plugin. -->","yoast_head_json":{"title":"Pr\u00e4sentation auf der Gr\u00fcnen Woche - Naturpark Stechlin-Ruppiner Land","robots":{"index":"index","follow":"follow","max-snippet":"max-snippet:-1","max-image-preview":"max-image-preview:large","max-video-preview":"max-video-preview:-1"},"canonical":"https:\/\/www.naturparkmagazin.de\/stechlin\/praesentation-auf-der-gruenen-woche\/","og_locale":"de_DE","og_type":"article","og_title":"Pr\u00e4sentation auf der Gr\u00fcnen Woche - Naturpark Stechlin-Ruppiner Land","og_description":"Viele Besucher nutzten am ersten Besuchertag der Gr\u00fcnen Woche die M\u00f6glichkeit, sich direkt \u00fcber Neuigkeiten im Naturpark am Stand der Nationalen Naturlandschaften Brandenburgs zu informieren.","og_url":"https:\/\/www.naturparkmagazin.de\/stechlin\/praesentation-auf-der-gruenen-woche\/","og_site_name":"Naturpark Stechlin-Ruppiner Land","article_published_time":"2016-01-18T12:24:47+00:00","article_modified_time":"2016-01-19T14:48:40+00:00","og_image":[{"width":299,"height":200,"url":"https:\/\/www.naturparkmagazin.de\/stechlin\/wp-content\/uploads\/sites\/38\/Gr\u00fcne-Woche-2016_1.jpg","type":"image\/jpeg"}],"author":"marioschrumpf","twitter_misc":{"Verfasst von":"marioschrumpf","Gesch\u00e4tzte Lesezeit":"1\u00a0Minute"},"schema":{"@context":"https:\/\/schema.org","@graph":[{"@type":"WebPage","@id":"https:\/\/www.naturparkmagazin.de\/stechlin\/praesentation-auf-der-gruenen-woche\/","url":"https:\/\/www.naturparkmagazin.de\/stechlin\/praesentation-auf-der-gruenen-woche\/","name":"Pr\u00e4sentation auf der Gr\u00fcnen Woche - Naturpark Stechlin-Ruppiner Land","isPartOf":{"@id":"https:\/\/www.naturparkmagazin.de\/stechlin\/#website"},"datePublished":"2016-01-18T12:24:47+00:00","dateModified":"2016-01-19T14:48:40+00:00","author":{"@id":"https:\/\/www.naturparkmagazin.de\/stechlin\/#\/schema\/person\/3f0d93203df21c806dd63c76d9bb28bc"},"breadcrumb":{"@id":"https:\/\/www.naturparkmagazin.de\/stechlin\/praesentation-auf-der-gruenen-woche\/#breadcrumb"},"inLanguage":"de","potentialAction":[{"@type":"ReadAction","target":["https:\/\/www.naturparkmagazin.de\/stechlin\/praesentation-auf-der-gruenen-woche\/"]}]},{"@type":"BreadcrumbList","@id":"https:\/\/www.naturparkmagazin.de\/stechlin\/praesentation-auf-der-gruenen-woche\/#breadcrumb","itemListElement":[{"@type":"ListItem","position":1,"name":"Home","item":"https:\/\/www.naturparkmagazin.de\/stechlin\/"},{"@type":"ListItem","position":2,"name":"Pr\u00e4sentation auf der Gr\u00fcnen Woche"}]},{"@type":"WebSite","@id":"https:\/\/www.naturparkmagazin.de\/stechlin\/#website","url":"https:\/\/www.naturparkmagazin.de\/stechlin\/","name":"Naturpark Stechlin-Ruppiner Land","description":"","potentialAction":[{"@type":"SearchAction","target":{"@type":"EntryPoint","urlTemplate":"https:\/\/www.naturparkmagazin.de\/stechlin\/?s={search_term_string}"},"query-input":"required name=search_term_string"}],"inLanguage":"de"},{"@type":"Person","@id":"https:\/\/www.naturparkmagazin.de\/stechlin\/#\/schema\/person\/3f0d93203df21c806dd63c76d9bb28bc","name":"marioschrumpf","url":"https:\/\/www.naturparkmagazin.de\/stechlin\/author\/marioschrumpf\/"}]}},"_links":{"self":[{"href":"https:\/\/www.naturparkmagazin.de\/stechlin\/wp-json\/wp\/v2\/posts\/3215"}],"collection":[{"href":"https:\/\/www.naturparkmagazin.de\/stechlin\/wp-json\/wp\/v2\/posts"}],"about":[{"href":"https:\/\/www.naturparkmagazin.de\/stechlin\/wp-json\/wp\/v2\/types\/post"}],"author":[{"embeddable":true,"href":"https:\/\/www.naturparkmagazin.de\/stechlin\/wp-json\/wp\/v2\/users\/39"}],"replies":[{"embeddable":true,"href":"https:\/\/www.naturparkmagazin.de\/stechlin\/wp-json\/wp\/v2\/comments?post=3215"}],"version-history":[{"count":3,"href":"https:\/\/www.naturparkmagazin.de\/stechlin\/wp-json\/wp\/v2\/posts\/3215\/revisions"}],"predecessor-version":[{"id":3305,"href":"https:\/\/www.naturparkmagazin.de\/stechlin\/wp-json\/wp\/v2\/posts\/3215\/revisions\/3305"}],"wp:featuredmedia":[{"embeddable":true,"href":"https:\/\/www.naturparkmagazin.de\/stechlin\/wp-json\/wp\/v2\/media\/3216"}],"wp:attachment":[{"href":"https:\/\/www.naturparkmagazin.de\/stechlin\/wp-json\/wp\/v2\/media?parent=3215"}],"wp:term":[{"taxonomy":"category","embeddable":true,"href":"https:\/\/www.naturparkmagazin.de\/stechlin\/wp-json\/wp\/v2\/categories?post=3215"},{"taxonomy":"post_tag","embeddable":true,"href":"https:\/\/www.naturparkmagazin.de\/stechlin\/wp-json\/wp\/v2\/tags?post=3215"}],"curies":[{"name":"wp","href":"https:\/\/api.w.org\/{rel}","templated":true}]}}