{"id":3221,"date":"2016-01-18T13:48:23","date_gmt":"2016-01-18T12:48:23","guid":{"rendered":"http:\/\/www.naturparkmagazin.de\/stechlin\/?p=3221"},"modified":"2016-01-21T15:28:43","modified_gmt":"2016-01-21T14:28:43","slug":"zukunft-der-naturwacht-gesichert","status":"publish","type":"post","link":"https:\/\/www.naturparkmagazin.de\/stechlin\/zukunft-der-naturwacht-gesichert\/","title":{"rendered":"Zukunft der Naturwacht gesichert!"},"content":{"rendered":"<div id=\"attachment_3223\" style=\"width: 309px\" class=\"wp-caption alignleft\"><a href=\"https:\/\/www.naturparkmagazin.de\/stechlin\/wp-content\/uploads\/sites\/38\/Gr\u00fcne-Woche-2016_Petra.jpg\"><img aria-describedby=\"caption-attachment-3223\" decoding=\"async\" loading=\"lazy\" class=\"size-full wp-image-3223\" src=\"https:\/\/www.naturparkmagazin.de\/stechlin\/wp-content\/uploads\/sites\/38\/Gr\u00fcne-Woche-2016_Petra.jpg\" alt=\"Naturwacht-Mitarbeiterin Petra M\u00f6hl im Gespr\u00e4ch mit Reinhard Brehe vom Landesschaftszuchtverband.\" width=\"299\" height=\"200\" srcset=\"https:\/\/www.naturparkmagazin.de\/stechlin\/wp-content\/uploads\/sites\/38\/Gr\u00fcne-Woche-2016_Petra.jpg 299w, https:\/\/www.naturparkmagazin.de\/stechlin\/wp-content\/uploads\/sites\/38\/Gr\u00fcne-Woche-2016_Petra-200x134.jpg 200w\" sizes=\"(max-width: 299px) 100vw, 299px\" \/><\/a><p id=\"caption-attachment-3223\" class=\"wp-caption-text\">Naturwacht-Mitarbeiterin Petra M\u00f6hl im Gespr\u00e4ch mit Reinhard Brehe vom Landesschaftzuchtverband.<\/p><\/div>\n<p>&nbsp;<\/p>\n<p>&nbsp;<\/p>\n<p>&nbsp;<\/p>\n<p>&nbsp;<\/p>\n<p>&nbsp;<\/p>\n<p>&nbsp;<\/p>\n<div id=\"attachment_3224\" style=\"width: 310px\" class=\"wp-caption alignleft\"><a href=\"https:\/\/www.naturparkmagazin.de\/stechlin\/wp-content\/uploads\/sites\/38\/Juniorrangercamp-2015.jpg\"><img aria-describedby=\"caption-attachment-3224\" decoding=\"async\" loading=\"lazy\" class=\"size-thumbnail wp-image-3224\" src=\"https:\/\/www.naturparkmagazin.de\/stechlin\/wp-content\/uploads\/sites\/38\/Juniorrangercamp-2015-300x201.jpg\" alt=\"Bundesweites &quot;Juniorrangercamp in Kunsterspring&quot;\" width=\"300\" height=\"201\" srcset=\"https:\/\/www.naturparkmagazin.de\/stechlin\/wp-content\/uploads\/sites\/38\/Juniorrangercamp-2015.jpg 300w, https:\/\/www.naturparkmagazin.de\/stechlin\/wp-content\/uploads\/sites\/38\/Juniorrangercamp-2015-200x134.jpg 200w\" sizes=\"(max-width: 300px) 100vw, 300px\" \/><\/a><p id=\"caption-attachment-3224\" class=\"wp-caption-text\">Landesweites &#8222;Juniorrangercamp&#8220; in Kunsterspring<\/p><\/div>\n<p>&nbsp;<\/p>\n<p>&nbsp;<\/p>\n<p>&nbsp;<\/p>\n<p>&nbsp;<\/p>\n<p>&nbsp;<\/p>\n<p>&nbsp;<\/p>\n<p>&nbsp;<\/p>\n<p>&nbsp;<\/p>\n<p>&nbsp;<\/p>\n<p>&nbsp;<\/p>\n<p>&nbsp;<\/p>\n<p>&nbsp;<\/p>\n<p>&nbsp;<\/p>\n<p>Mit Beginn des neuen Jahres konnte die Rahmenvereinbarung f\u00fcr die Naturwacht Brandenburg unterzeichnet werden. Brandenburgs Umweltministerium sowie die Stiftung NaturSchutzFonds Brandenburg haben damit die Finanzierung der Naturwacht f\u00fcr die n\u00e4chsten f\u00fcnf Jahre weitgehend gesichert.<\/p>\n<p>Mit der jetzt unterzeichneten Rahmenvereinbarung ist der gr\u00f6\u00dfte Teil der zur Finanzierung der Naturwacht ben\u00f6tigten Mittel abgedeckt. Die Stiftung NaturSchutzFonds Brandenburg als Tr\u00e4ger der Naturwacht erh\u00e4lt f\u00fcr deren Arbeit in den n\u00e4chsten f\u00fcnf Jahren j\u00e4hrlich 4,5 Millionen Euro aus dem Landeshaushalt. Daneben wird die Naturwacht auch k\u00fcnftig Drittmittel \u00fcber Projekte einwerben.<\/p>\n<p>Im Kern regelt die beschlossene Vereinbarung die partnerschaftliche Zusammenarbeit der Naturwacht mit den Verwaltungen der 15 Nationalen Naturlandschaften in Brandenburg. Die rund 90 Ranger der Naturwacht Brandenburg nehmen in enger Abstimmung mit den Verwaltungen zahlreiche Aufgaben in den Nationalen Naturlandschaften wahr. Dabei sind sie vor allem in den Bereichen Umweltbeobachtungen, Arten- und Biotopschutz swie Umweltbildung aktiv.<\/p>\n<p>Mit F\u00fchrungen wie etwa beim Konzertfr\u00fchling oder den Ranger-Erlebnis-Touren begeistern sie Einheimische und Touristen in den L\u00e4ndlichen R\u00e4umen Brandenburgs. Zudem betreuen die Ranger Arbeitsgemeinschaften von Sch\u00fclern und bieten Projekttage f\u00fcr Schulen an. Ihr anerkanntes Juniorranger-Programm bietet Kindern interessante Einblicke in die heimische Natur.<\/p>\n<p>&nbsp;<\/p>\n","protected":false},"excerpt":{"rendered":"<p>Mit Beginn des neuen Jahres konnte die Rahmenvereinbarung f\u00fcr die Naturwacht Brandenburg unterzeichnet werden. Damit ist die Finanzierung der Naturwacht f\u00fcr die n\u00e4chsten f\u00fcnf Jahre weitgehend gesichert.<\/p>\n","protected":false},"author":39,"featured_media":3222,"comment_status":"open","ping_status":"open","sticky":false,"template":"","format":"standard","meta":[],"categories":[7],"tags":[],"yoast_head":"<!-- This site is optimized with the Yoast SEO plugin v19.10 - https:\/\/yoast.com\/wordpress\/plugins\/seo\/ -->\n<title>Zukunft der Naturwacht gesichert! - Naturpark Stechlin-Ruppiner Land<\/title>\n<meta name=\"robots\" content=\"index, follow, max-snippet:-1, max-image-preview:large, max-video-preview:-1\" \/>\n<link rel=\"canonical\" href=\"https:\/\/www.naturparkmagazin.de\/stechlin\/zukunft-der-naturwacht-gesichert\/\" \/>\n<meta property=\"og:locale\" content=\"de_DE\" \/>\n<meta property=\"og:type\" content=\"article\" \/>\n<meta property=\"og:title\" content=\"Zukunft der Naturwacht gesichert! - Naturpark Stechlin-Ruppiner Land\" \/>\n<meta property=\"og:description\" content=\"Mit Beginn des neuen Jahres konnte die Rahmenvereinbarung f\u00fcr die Naturwacht Brandenburg unterzeichnet werden. Damit ist die Finanzierung der Naturwacht f\u00fcr die n\u00e4chsten f\u00fcnf Jahre weitgehend gesichert.\" \/>\n<meta property=\"og:url\" content=\"https:\/\/www.naturparkmagazin.de\/stechlin\/zukunft-der-naturwacht-gesichert\/\" \/>\n<meta property=\"og:site_name\" content=\"Naturpark Stechlin-Ruppiner Land\" \/>\n<meta property=\"article:published_time\" content=\"2016-01-18T12:48:23+00:00\" \/>\n<meta property=\"article:modified_time\" content=\"2016-01-21T14:28:43+00:00\" \/>\n<meta property=\"og:image\" content=\"https:\/\/www.naturparkmagazin.de\/stechlin\/wp-content\/uploads\/sites\/38\/k-DSC_00351.jpg\" \/>\n\t<meta property=\"og:image:width\" content=\"968\" \/>\n\t<meta property=\"og:image:height\" content=\"648\" \/>\n\t<meta property=\"og:image:type\" content=\"image\/jpeg\" \/>\n<meta name=\"author\" content=\"marioschrumpf\" \/>\n<meta name=\"twitter:label1\" content=\"Verfasst von\" \/>\n\t<meta name=\"twitter:data1\" content=\"marioschrumpf\" \/>\n\t<meta name=\"twitter:label2\" content=\"Gesch\u00e4tzte Lesezeit\" \/>\n\t<meta name=\"twitter:data2\" content=\"1\u00a0Minute\" \/>\n<script type=\"application\/ld+json\" class=\"yoast-schema-graph\">{\"@context\":\"https:\/\/schema.org\",\"@graph\":[{\"@type\":\"WebPage\",\"@id\":\"https:\/\/www.naturparkmagazin.de\/stechlin\/zukunft-der-naturwacht-gesichert\/\",\"url\":\"https:\/\/www.naturparkmagazin.de\/stechlin\/zukunft-der-naturwacht-gesichert\/\",\"name\":\"Zukunft der Naturwacht gesichert! - Naturpark Stechlin-Ruppiner Land\",\"isPartOf\":{\"@id\":\"https:\/\/www.naturparkmagazin.de\/stechlin\/#website\"},\"datePublished\":\"2016-01-18T12:48:23+00:00\",\"dateModified\":\"2016-01-21T14:28:43+00:00\",\"author\":{\"@id\":\"https:\/\/www.naturparkmagazin.de\/stechlin\/#\/schema\/person\/3f0d93203df21c806dd63c76d9bb28bc\"},\"breadcrumb\":{\"@id\":\"https:\/\/www.naturparkmagazin.de\/stechlin\/zukunft-der-naturwacht-gesichert\/#breadcrumb\"},\"inLanguage\":\"de\",\"potentialAction\":[{\"@type\":\"ReadAction\",\"target\":[\"https:\/\/www.naturparkmagazin.de\/stechlin\/zukunft-der-naturwacht-gesichert\/\"]}]},{\"@type\":\"BreadcrumbList\",\"@id\":\"https:\/\/www.naturparkmagazin.de\/stechlin\/zukunft-der-naturwacht-gesichert\/#breadcrumb\",\"itemListElement\":[{\"@type\":\"ListItem\",\"position\":1,\"name\":\"Home\",\"item\":\"https:\/\/www.naturparkmagazin.de\/stechlin\/\"},{\"@type\":\"ListItem\",\"position\":2,\"name\":\"Zukunft der Naturwacht gesichert!\"}]},{\"@type\":\"WebSite\",\"@id\":\"https:\/\/www.naturparkmagazin.de\/stechlin\/#website\",\"url\":\"https:\/\/www.naturparkmagazin.de\/stechlin\/\",\"name\":\"Naturpark Stechlin-Ruppiner Land\",\"description\":\"\",\"potentialAction\":[{\"@type\":\"SearchAction\",\"target\":{\"@type\":\"EntryPoint\",\"urlTemplate\":\"https:\/\/www.naturparkmagazin.de\/stechlin\/?s={search_term_string}\"},\"query-input\":\"required name=search_term_string\"}],\"inLanguage\":\"de\"},{\"@type\":\"Person\",\"@id\":\"https:\/\/www.naturparkmagazin.de\/stechlin\/#\/schema\/person\/3f0d93203df21c806dd63c76d9bb28bc\",\"name\":\"marioschrumpf\",\"url\":\"https:\/\/www.naturparkmagazin.de\/stechlin\/author\/marioschrumpf\/\"}]}<\/script>\n<!-- \/ Yoast SEO plugin. -->","yoast_head_json":{"title":"Zukunft der Naturwacht gesichert! - Naturpark Stechlin-Ruppiner Land","robots":{"index":"index","follow":"follow","max-snippet":"max-snippet:-1","max-image-preview":"max-image-preview:large","max-video-preview":"max-video-preview:-1"},"canonical":"https:\/\/www.naturparkmagazin.de\/stechlin\/zukunft-der-naturwacht-gesichert\/","og_locale":"de_DE","og_type":"article","og_title":"Zukunft der Naturwacht gesichert! - Naturpark Stechlin-Ruppiner Land","og_description":"Mit Beginn des neuen Jahres konnte die Rahmenvereinbarung f\u00fcr die Naturwacht Brandenburg unterzeichnet werden. Damit ist die Finanzierung der Naturwacht f\u00fcr die n\u00e4chsten f\u00fcnf Jahre weitgehend gesichert.","og_url":"https:\/\/www.naturparkmagazin.de\/stechlin\/zukunft-der-naturwacht-gesichert\/","og_site_name":"Naturpark Stechlin-Ruppiner Land","article_published_time":"2016-01-18T12:48:23+00:00","article_modified_time":"2016-01-21T14:28:43+00:00","og_image":[{"width":968,"height":648,"url":"https:\/\/www.naturparkmagazin.de\/stechlin\/wp-content\/uploads\/sites\/38\/k-DSC_00351.jpg","type":"image\/jpeg"}],"author":"marioschrumpf","twitter_misc":{"Verfasst von":"marioschrumpf","Gesch\u00e4tzte Lesezeit":"1\u00a0Minute"},"schema":{"@context":"https:\/\/schema.org","@graph":[{"@type":"WebPage","@id":"https:\/\/www.naturparkmagazin.de\/stechlin\/zukunft-der-naturwacht-gesichert\/","url":"https:\/\/www.naturparkmagazin.de\/stechlin\/zukunft-der-naturwacht-gesichert\/","name":"Zukunft der Naturwacht gesichert! - Naturpark Stechlin-Ruppiner Land","isPartOf":{"@id":"https:\/\/www.naturparkmagazin.de\/stechlin\/#website"},"datePublished":"2016-01-18T12:48:23+00:00","dateModified":"2016-01-21T14:28:43+00:00","author":{"@id":"https:\/\/www.naturparkmagazin.de\/stechlin\/#\/schema\/person\/3f0d93203df21c806dd63c76d9bb28bc"},"breadcrumb":{"@id":"https:\/\/www.naturparkmagazin.de\/stechlin\/zukunft-der-naturwacht-gesichert\/#breadcrumb"},"inLanguage":"de","potentialAction":[{"@type":"ReadAction","target":["https:\/\/www.naturparkmagazin.de\/stechlin\/zukunft-der-naturwacht-gesichert\/"]}]},{"@type":"BreadcrumbList","@id":"https:\/\/www.naturparkmagazin.de\/stechlin\/zukunft-der-naturwacht-gesichert\/#breadcrumb","itemListElement":[{"@type":"ListItem","position":1,"name":"Home","item":"https:\/\/www.naturparkmagazin.de\/stechlin\/"},{"@type":"ListItem","position":2,"name":"Zukunft der Naturwacht gesichert!"}]},{"@type":"WebSite","@id":"https:\/\/www.naturparkmagazin.de\/stechlin\/#website","url":"https:\/\/www.naturparkmagazin.de\/stechlin\/","name":"Naturpark Stechlin-Ruppiner Land","description":"","potentialAction":[{"@type":"SearchAction","target":{"@type":"EntryPoint","urlTemplate":"https:\/\/www.naturparkmagazin.de\/stechlin\/?s={search_term_string}"},"query-input":"required name=search_term_string"}],"inLanguage":"de"},{"@type":"Person","@id":"https:\/\/www.naturparkmagazin.de\/stechlin\/#\/schema\/person\/3f0d93203df21c806dd63c76d9bb28bc","name":"marioschrumpf","url":"https:\/\/www.naturparkmagazin.de\/stechlin\/author\/marioschrumpf\/"}]}},"_links":{"self":[{"href":"https:\/\/www.naturparkmagazin.de\/stechlin\/wp-json\/wp\/v2\/posts\/3221"}],"collection":[{"href":"https:\/\/www.naturparkmagazin.de\/stechlin\/wp-json\/wp\/v2\/posts"}],"about":[{"href":"https:\/\/www.naturparkmagazin.de\/stechlin\/wp-json\/wp\/v2\/types\/post"}],"author":[{"embeddable":true,"href":"https:\/\/www.naturparkmagazin.de\/stechlin\/wp-json\/wp\/v2\/users\/39"}],"replies":[{"embeddable":true,"href":"https:\/\/www.naturparkmagazin.de\/stechlin\/wp-json\/wp\/v2\/comments?post=3221"}],"version-history":[{"count":6,"href":"https:\/\/www.naturparkmagazin.de\/stechlin\/wp-json\/wp\/v2\/posts\/3221\/revisions"}],"predecessor-version":[{"id":3326,"href":"https:\/\/www.naturparkmagazin.de\/stechlin\/wp-json\/wp\/v2\/posts\/3221\/revisions\/3326"}],"wp:featuredmedia":[{"embeddable":true,"href":"https:\/\/www.naturparkmagazin.de\/stechlin\/wp-json\/wp\/v2\/media\/3222"}],"wp:attachment":[{"href":"https:\/\/www.naturparkmagazin.de\/stechlin\/wp-json\/wp\/v2\/media?parent=3221"}],"wp:term":[{"taxonomy":"category","embeddable":true,"href":"https:\/\/www.naturparkmagazin.de\/stechlin\/wp-json\/wp\/v2\/categories?post=3221"},{"taxonomy":"post_tag","embeddable":true,"href":"https:\/\/www.naturparkmagazin.de\/stechlin\/wp-json\/wp\/v2\/tags?post=3221"}],"curies":[{"name":"wp","href":"https:\/\/api.w.org\/{rel}","templated":true}]}}