{"id":3237,"date":"2016-01-18T14:45:53","date_gmt":"2016-01-18T13:45:53","guid":{"rendered":"http:\/\/www.naturparkmagazin.de\/stechlin\/?p=3237"},"modified":"2016-01-25T08:35:23","modified_gmt":"2016-01-25T07:35:23","slug":"programm-fuer-10-kleinen-naturschutztag-steht","status":"publish","type":"post","link":"https:\/\/www.naturparkmagazin.de\/stechlin\/programm-fuer-10-kleinen-naturschutztag-steht\/","title":{"rendered":"Programm f\u00fcr den 10. Kleinen Naturschutztag steht"},"content":{"rendered":"<div id=\"attachment_3222\" style=\"width: 310px\" class=\"wp-caption alignleft\"><a href=\"https:\/\/www.naturparkmagazin.de\/stechlin\/wp-content\/uploads\/sites\/38\/k-DSC_00351.jpg\"><img aria-describedby=\"caption-attachment-3222\" decoding=\"async\" loading=\"lazy\" class=\"wp-image-3222 size-thumbnail\" src=\"https:\/\/www.naturparkmagazin.de\/stechlin\/wp-content\/uploads\/sites\/38\/k-DSC_00351-300x201.jpg\" alt=\"NP SRL\/ Archiv NP\" width=\"300\" height=\"201\" srcset=\"https:\/\/www.naturparkmagazin.de\/stechlin\/wp-content\/uploads\/sites\/38\/k-DSC_00351-300x201.jpg 300w, https:\/\/www.naturparkmagazin.de\/stechlin\/wp-content\/uploads\/sites\/38\/k-DSC_00351-620x415.jpg 620w, https:\/\/www.naturparkmagazin.de\/stechlin\/wp-content\/uploads\/sites\/38\/k-DSC_00351-940x629.jpg 940w, https:\/\/www.naturparkmagazin.de\/stechlin\/wp-content\/uploads\/sites\/38\/k-DSC_00351-670x449.jpg 670w, https:\/\/www.naturparkmagazin.de\/stechlin\/wp-content\/uploads\/sites\/38\/k-DSC_00351-200x134.jpg 200w, https:\/\/www.naturparkmagazin.de\/stechlin\/wp-content\/uploads\/sites\/38\/k-DSC_00351.jpg 968w\" sizes=\"(max-width: 300px) 100vw, 300px\" \/><\/a><p id=\"caption-attachment-3222\" class=\"wp-caption-text\">Naturwachtmitarbeiter Thomas Hahn berichtet \u00fcber seine Arbeit zum Schutz der Amphibien<\/p><\/div>\n<p>&nbsp;<\/p>\n<p>&nbsp;<\/p>\n<p>&nbsp;<\/p>\n<p>&nbsp;<\/p>\n<p>&nbsp;<\/p>\n<div id=\"attachment_3195\" style=\"width: 210px\" class=\"wp-caption alignleft\"><a href=\"https:\/\/www.naturparkmagazin.de\/stechlin\/wp-content\/uploads\/sites\/38\/Naturschutztag.jpg\"><img aria-describedby=\"caption-attachment-3195\" decoding=\"async\" loading=\"lazy\" class=\"wp-image-3195 size-full\" src=\"https:\/\/www.naturparkmagazin.de\/stechlin\/wp-content\/uploads\/sites\/38\/Naturschutztag.jpg\" alt=\"NP SRL\/Dr. Mario Schrumpf\" width=\"200\" height=\"200\" srcset=\"https:\/\/www.naturparkmagazin.de\/stechlin\/wp-content\/uploads\/sites\/38\/Naturschutztag.jpg 200w, https:\/\/www.naturparkmagazin.de\/stechlin\/wp-content\/uploads\/sites\/38\/Naturschutztag-30x30.jpg 30w\" sizes=\"(max-width: 200px) 100vw, 200px\" \/><\/a><p id=\"caption-attachment-3195\" class=\"wp-caption-text\">Gro\u00df ist die Zahl der Besucher, die zum 10. Kleinen Naturschutztag erwartet werden.<\/p><\/div>\n<p>&nbsp;<\/p>\n<p>&nbsp;<\/p>\n<p>&nbsp;<\/p>\n<p>&nbsp;<\/p>\n<p>&nbsp;<\/p>\n<p>&nbsp;<\/p>\n<p>&nbsp;<\/p>\n<p>&nbsp;<\/p>\n<p>&nbsp;<\/p>\n<p>&nbsp;<\/p>\n<p>&nbsp;<\/p>\n<p>&nbsp;<\/p>\n<p>&nbsp;<\/p>\n<p>&nbsp;<\/p>\n<p>Am 18. Februar findet die traditionelle Jahrestagung des Naturparks bereits zum zehnten mal statt.<\/p>\n<p>Da die Platzkapazit\u00e4t begrenzt ist, sollten sich Interessenten schnellstm\u00f6glich anmelden (Frau Oldorff, Tel.: 033082 407-17, e-mail: <a href=\"mailto:Silke.Oldorff@ugb.brandenburg.de\">Silke.Oldorff@lugv.brandenburg.de<\/a>\u00a0oder Frau Quietzsch, Tel.: 033082 407-0, e-mail: <a href=\"mailto:np-stechlin-ruppiner-land@lugv.brandenburg.de\">np-stechlin-ruppiner-land@lugv.brandenburg.de<\/a>)<\/p>\n<p><a href=\"http:\/\/www.stechlin-ruppiner-land-naturpark.de\/fileadmin\/user_upload\/PDF\/Stechlin-Ruppin\/Aktuelles\/Einladung_Naturschutztag_2016_final_klein.pdf\">Hier das aktuelle Programm:<\/a><\/p>\n<p><strong>\u00a0<\/strong><strong>\u00a0\u00a0\u00a0\u00a0\u00a0\u00a0\u00a0\u00a0\u00a0\u00a0\u00a0\u00a0\u00a0\u00a0\u00a0\u00a0<\/strong><\/p>\n<p><strong>Ausstellung im Saal: <\/strong><\/p>\n<p>\u201e<em>LebensWert Land<\/em>\u201c<\/p>\n<p>Wanderausstellung zum Europ\u00e4ischen Landwirtschaftsfonds f\u00fcr die Entwicklung des l\u00e4ndlichen Raumes (ELER)<\/p>\n<p>&nbsp;<\/p>\n<p><strong>Tipp:<\/strong><\/p>\n<p>Um 18 Uhr besteht die M\u00f6glichkeit in der Siechenhauskapelle in Neuruppin im Rahmen der \u00d6kofilmtour den<\/p>\n<p>Dokumentarfilm \u201e<em>Magie der Moore<\/em>\u201c von Jan Haft anzusehen.<\/p>\n<p><strong>\u00a0<\/strong><\/p>\n","protected":false},"excerpt":{"rendered":"<p>Am 18. Februar findet die traditionelle Jahrestagung des Naturparks bereits zum zehnten mal statt. Da die Platzkapazit\u00e4t begrenzt ist, sollten sich Interessenten schnellstm\u00f6glich anmelden!<\/p>\n","protected":false},"author":39,"featured_media":3238,"comment_status":"open","ping_status":"open","sticky":false,"template":"","format":"standard","meta":[],"categories":[11],"tags":[],"yoast_head":"<!-- This site is optimized with the Yoast SEO plugin v19.10 - https:\/\/yoast.com\/wordpress\/plugins\/seo\/ -->\n<title>Programm f\u00fcr den 10. Kleinen Naturschutztag steht - Naturpark Stechlin-Ruppiner Land<\/title>\n<meta name=\"robots\" content=\"index, follow, max-snippet:-1, max-image-preview:large, max-video-preview:-1\" \/>\n<link rel=\"canonical\" href=\"https:\/\/www.naturparkmagazin.de\/stechlin\/programm-fuer-10-kleinen-naturschutztag-steht\/\" \/>\n<meta property=\"og:locale\" content=\"de_DE\" \/>\n<meta property=\"og:type\" content=\"article\" \/>\n<meta property=\"og:title\" content=\"Programm f\u00fcr den 10. Kleinen Naturschutztag steht - Naturpark Stechlin-Ruppiner Land\" \/>\n<meta property=\"og:description\" content=\"Am 18. Februar findet die traditionelle Jahrestagung des Naturparks bereits zum zehnten mal statt. Da die Platzkapazit\u00e4t begrenzt ist, sollten sich Interessenten schnellstm\u00f6glich anmelden!\" \/>\n<meta property=\"og:url\" content=\"https:\/\/www.naturparkmagazin.de\/stechlin\/programm-fuer-10-kleinen-naturschutztag-steht\/\" \/>\n<meta property=\"og:site_name\" content=\"Naturpark Stechlin-Ruppiner Land\" \/>\n<meta property=\"article:published_time\" content=\"2016-01-18T13:45:53+00:00\" \/>\n<meta property=\"article:modified_time\" content=\"2016-01-25T07:35:23+00:00\" \/>\n<meta property=\"og:image\" content=\"https:\/\/www.naturparkmagazin.de\/stechlin\/wp-content\/uploads\/sites\/38\/Gottesanbeterin_Manfred-Keller.jpg\" \/>\n\t<meta property=\"og:image:width\" content=\"300\" \/>\n\t<meta property=\"og:image:height\" content=\"225\" \/>\n\t<meta property=\"og:image:type\" content=\"image\/jpeg\" \/>\n<meta name=\"author\" content=\"marioschrumpf\" \/>\n<meta name=\"twitter:label1\" content=\"Verfasst von\" \/>\n\t<meta name=\"twitter:data1\" content=\"marioschrumpf\" \/>\n\t<meta name=\"twitter:label2\" content=\"Gesch\u00e4tzte Lesezeit\" \/>\n\t<meta name=\"twitter:data2\" content=\"1\u00a0Minute\" \/>\n<script type=\"application\/ld+json\" class=\"yoast-schema-graph\">{\"@context\":\"https:\/\/schema.org\",\"@graph\":[{\"@type\":\"WebPage\",\"@id\":\"https:\/\/www.naturparkmagazin.de\/stechlin\/programm-fuer-10-kleinen-naturschutztag-steht\/\",\"url\":\"https:\/\/www.naturparkmagazin.de\/stechlin\/programm-fuer-10-kleinen-naturschutztag-steht\/\",\"name\":\"Programm f\u00fcr den 10. Kleinen Naturschutztag steht - Naturpark Stechlin-Ruppiner Land\",\"isPartOf\":{\"@id\":\"https:\/\/www.naturparkmagazin.de\/stechlin\/#website\"},\"datePublished\":\"2016-01-18T13:45:53+00:00\",\"dateModified\":\"2016-01-25T07:35:23+00:00\",\"author\":{\"@id\":\"https:\/\/www.naturparkmagazin.de\/stechlin\/#\/schema\/person\/3f0d93203df21c806dd63c76d9bb28bc\"},\"breadcrumb\":{\"@id\":\"https:\/\/www.naturparkmagazin.de\/stechlin\/programm-fuer-10-kleinen-naturschutztag-steht\/#breadcrumb\"},\"inLanguage\":\"de\",\"potentialAction\":[{\"@type\":\"ReadAction\",\"target\":[\"https:\/\/www.naturparkmagazin.de\/stechlin\/programm-fuer-10-kleinen-naturschutztag-steht\/\"]}]},{\"@type\":\"BreadcrumbList\",\"@id\":\"https:\/\/www.naturparkmagazin.de\/stechlin\/programm-fuer-10-kleinen-naturschutztag-steht\/#breadcrumb\",\"itemListElement\":[{\"@type\":\"ListItem\",\"position\":1,\"name\":\"Home\",\"item\":\"https:\/\/www.naturparkmagazin.de\/stechlin\/\"},{\"@type\":\"ListItem\",\"position\":2,\"name\":\"Programm f\u00fcr den 10. Kleinen Naturschutztag steht\"}]},{\"@type\":\"WebSite\",\"@id\":\"https:\/\/www.naturparkmagazin.de\/stechlin\/#website\",\"url\":\"https:\/\/www.naturparkmagazin.de\/stechlin\/\",\"name\":\"Naturpark Stechlin-Ruppiner Land\",\"description\":\"\",\"potentialAction\":[{\"@type\":\"SearchAction\",\"target\":{\"@type\":\"EntryPoint\",\"urlTemplate\":\"https:\/\/www.naturparkmagazin.de\/stechlin\/?s={search_term_string}\"},\"query-input\":\"required name=search_term_string\"}],\"inLanguage\":\"de\"},{\"@type\":\"Person\",\"@id\":\"https:\/\/www.naturparkmagazin.de\/stechlin\/#\/schema\/person\/3f0d93203df21c806dd63c76d9bb28bc\",\"name\":\"marioschrumpf\",\"url\":\"https:\/\/www.naturparkmagazin.de\/stechlin\/author\/marioschrumpf\/\"}]}<\/script>\n<!-- \/ Yoast SEO plugin. -->","yoast_head_json":{"title":"Programm f\u00fcr den 10. Kleinen Naturschutztag steht - Naturpark Stechlin-Ruppiner Land","robots":{"index":"index","follow":"follow","max-snippet":"max-snippet:-1","max-image-preview":"max-image-preview:large","max-video-preview":"max-video-preview:-1"},"canonical":"https:\/\/www.naturparkmagazin.de\/stechlin\/programm-fuer-10-kleinen-naturschutztag-steht\/","og_locale":"de_DE","og_type":"article","og_title":"Programm f\u00fcr den 10. Kleinen Naturschutztag steht - Naturpark Stechlin-Ruppiner Land","og_description":"Am 18. Februar findet die traditionelle Jahrestagung des Naturparks bereits zum zehnten mal statt. Da die Platzkapazit\u00e4t begrenzt ist, sollten sich Interessenten schnellstm\u00f6glich anmelden!","og_url":"https:\/\/www.naturparkmagazin.de\/stechlin\/programm-fuer-10-kleinen-naturschutztag-steht\/","og_site_name":"Naturpark Stechlin-Ruppiner Land","article_published_time":"2016-01-18T13:45:53+00:00","article_modified_time":"2016-01-25T07:35:23+00:00","og_image":[{"width":300,"height":225,"url":"https:\/\/www.naturparkmagazin.de\/stechlin\/wp-content\/uploads\/sites\/38\/Gottesanbeterin_Manfred-Keller.jpg","type":"image\/jpeg"}],"author":"marioschrumpf","twitter_misc":{"Verfasst von":"marioschrumpf","Gesch\u00e4tzte Lesezeit":"1\u00a0Minute"},"schema":{"@context":"https:\/\/schema.org","@graph":[{"@type":"WebPage","@id":"https:\/\/www.naturparkmagazin.de\/stechlin\/programm-fuer-10-kleinen-naturschutztag-steht\/","url":"https:\/\/www.naturparkmagazin.de\/stechlin\/programm-fuer-10-kleinen-naturschutztag-steht\/","name":"Programm f\u00fcr den 10. Kleinen Naturschutztag steht - Naturpark Stechlin-Ruppiner Land","isPartOf":{"@id":"https:\/\/www.naturparkmagazin.de\/stechlin\/#website"},"datePublished":"2016-01-18T13:45:53+00:00","dateModified":"2016-01-25T07:35:23+00:00","author":{"@id":"https:\/\/www.naturparkmagazin.de\/stechlin\/#\/schema\/person\/3f0d93203df21c806dd63c76d9bb28bc"},"breadcrumb":{"@id":"https:\/\/www.naturparkmagazin.de\/stechlin\/programm-fuer-10-kleinen-naturschutztag-steht\/#breadcrumb"},"inLanguage":"de","potentialAction":[{"@type":"ReadAction","target":["https:\/\/www.naturparkmagazin.de\/stechlin\/programm-fuer-10-kleinen-naturschutztag-steht\/"]}]},{"@type":"BreadcrumbList","@id":"https:\/\/www.naturparkmagazin.de\/stechlin\/programm-fuer-10-kleinen-naturschutztag-steht\/#breadcrumb","itemListElement":[{"@type":"ListItem","position":1,"name":"Home","item":"https:\/\/www.naturparkmagazin.de\/stechlin\/"},{"@type":"ListItem","position":2,"name":"Programm f\u00fcr den 10. Kleinen Naturschutztag steht"}]},{"@type":"WebSite","@id":"https:\/\/www.naturparkmagazin.de\/stechlin\/#website","url":"https:\/\/www.naturparkmagazin.de\/stechlin\/","name":"Naturpark Stechlin-Ruppiner Land","description":"","potentialAction":[{"@type":"SearchAction","target":{"@type":"EntryPoint","urlTemplate":"https:\/\/www.naturparkmagazin.de\/stechlin\/?s={search_term_string}"},"query-input":"required name=search_term_string"}],"inLanguage":"de"},{"@type":"Person","@id":"https:\/\/www.naturparkmagazin.de\/stechlin\/#\/schema\/person\/3f0d93203df21c806dd63c76d9bb28bc","name":"marioschrumpf","url":"https:\/\/www.naturparkmagazin.de\/stechlin\/author\/marioschrumpf\/"}]}},"_links":{"self":[{"href":"https:\/\/www.naturparkmagazin.de\/stechlin\/wp-json\/wp\/v2\/posts\/3237"}],"collection":[{"href":"https:\/\/www.naturparkmagazin.de\/stechlin\/wp-json\/wp\/v2\/posts"}],"about":[{"href":"https:\/\/www.naturparkmagazin.de\/stechlin\/wp-json\/wp\/v2\/types\/post"}],"author":[{"embeddable":true,"href":"https:\/\/www.naturparkmagazin.de\/stechlin\/wp-json\/wp\/v2\/users\/39"}],"replies":[{"embeddable":true,"href":"https:\/\/www.naturparkmagazin.de\/stechlin\/wp-json\/wp\/v2\/comments?post=3237"}],"version-history":[{"count":9,"href":"https:\/\/www.naturparkmagazin.de\/stechlin\/wp-json\/wp\/v2\/posts\/3237\/revisions"}],"predecessor-version":[{"id":3334,"href":"https:\/\/www.naturparkmagazin.de\/stechlin\/wp-json\/wp\/v2\/posts\/3237\/revisions\/3334"}],"wp:featuredmedia":[{"embeddable":true,"href":"https:\/\/www.naturparkmagazin.de\/stechlin\/wp-json\/wp\/v2\/media\/3238"}],"wp:attachment":[{"href":"https:\/\/www.naturparkmagazin.de\/stechlin\/wp-json\/wp\/v2\/media?parent=3237"}],"wp:term":[{"taxonomy":"category","embeddable":true,"href":"https:\/\/www.naturparkmagazin.de\/stechlin\/wp-json\/wp\/v2\/categories?post=3237"},{"taxonomy":"post_tag","embeddable":true,"href":"https:\/\/www.naturparkmagazin.de\/stechlin\/wp-json\/wp\/v2\/tags?post=3237"}],"curies":[{"name":"wp","href":"https:\/\/api.w.org\/{rel}","templated":true}]}}