{"id":3240,"date":"2016-01-18T15:00:41","date_gmt":"2016-01-18T14:00:41","guid":{"rendered":"http:\/\/www.naturparkmagazin.de\/stechlin\/?p=3240"},"modified":"2025-02-24T16:32:41","modified_gmt":"2025-02-24T15:32:41","slug":"oekofilmtour-macht-am-25-februar-station-in-menz","status":"publish","type":"post","link":"https:\/\/www.naturparkmagazin.de\/stechlin\/oekofilmtour-macht-am-25-februar-station-in-menz\/","title":{"rendered":"\u00d6kofilmtour macht in Menz Station (2016)"},"content":{"rendered":"<p><a href=\"https:\/\/www.naturparkmagazin.de\/stechlin\/wp-content\/uploads\/sites\/38\/glyphosatspray.jpg\"><img decoding=\"async\" loading=\"lazy\" class=\"alignleft size-thumbnail wp-image-3245\" src=\"https:\/\/www.naturparkmagazin.de\/stechlin\/wp-content\/uploads\/sites\/38\/glyphosatspray-300x200.jpg\" alt=\"NP SRL\/Archiv\" width=\"300\" height=\"200\" srcset=\"https:\/\/www.naturparkmagazin.de\/stechlin\/wp-content\/uploads\/sites\/38\/glyphosatspray-300x200.jpg 300w, https:\/\/www.naturparkmagazin.de\/stechlin\/wp-content\/uploads\/sites\/38\/glyphosatspray-620x413.jpg 620w, https:\/\/www.naturparkmagazin.de\/stechlin\/wp-content\/uploads\/sites\/38\/glyphosatspray-940x627.jpg 940w, https:\/\/www.naturparkmagazin.de\/stechlin\/wp-content\/uploads\/sites\/38\/glyphosatspray-670x447.jpg 670w, https:\/\/www.naturparkmagazin.de\/stechlin\/wp-content\/uploads\/sites\/38\/glyphosatspray-200x133.jpg 200w, https:\/\/www.naturparkmagazin.de\/stechlin\/wp-content\/uploads\/sites\/38\/glyphosatspray.jpg 1182w\" sizes=\"(max-width: 300px) 100vw, 300px\" \/><\/a><\/p>\n<p>&nbsp;<\/p>\n<p>&nbsp;<\/p>\n<p>&nbsp;<\/p>\n<p>&nbsp;<\/p>\n<p>&nbsp;<\/p>\n<p>&nbsp;<\/p>\n<p>&nbsp;<\/p>\n<p>&nbsp;<\/p>\n<p><strong>&#8222;Gift im Acker &#8211; Glyphosat, die untersch\u00e4tzte Gefahr?&#8220;<\/strong> ist der Titel des Dokumentarfilms der <strong>am 25.2., 19 Uhr in Menz<\/strong> gezeigt wird.<\/p>\n<p>Bei der anschlie\u00dfenden Filmdiskussion im Saal der Regionalwerkstatt Stechlin werden miteinander diskutieren: Frank Stieldorf, Gesch\u00e4ftsf\u00fchrer der Rheinsberger Preussenquelle; Harald Zehmke, Gesch\u00e4ftsf\u00fchrer der NEUGRO-Agrar GmbH und Prof. Werner Kratz, 2. Vorsitzender des NABU-Landesverbandes Brandenburg. Der 43min\u00fctige Dokumentarfilm von Volker Barth geht der Frage nach, ob das Bundesinstitut f\u00fcr Risikobewertung die Zulassung des umstrittenen Pestizids verl\u00e4ngern wird. Stuft doch die Weltgesundheitsorganisation WHO den Wirkstoff des meist genutzten Pestizids als toxisch und krebserregend ein.<\/p>\n<p>Im Rahmen des Vormittagsprogrammes werden am 26.2. f\u00fcr die Sch\u00fcler der Theodor-Fontane-Schule Menz die Filme &#8222;<em>Eisb\u00e4rensommer<\/em>&#8222;, &#8222;<em>Seeadler-Der Vogel Ph\u00f6nix&#8220;<\/em> und &#8222;<em>Amerikas Naturwunder-Das Abenteuer<\/em>&#8220; gezeigt.<\/p>\n<p>&nbsp;<\/p>\n<p>Weitere Festivalorte im Naturpark sind:<\/p>\n<p><em>Altruppin und Kunsterspring am 17. Februar;<\/em><\/p>\n<p><em>Neuruppin am 18. Februar;<\/em><\/p>\n<p><em>Hindenberg am 17. M\u00e4rz;<\/em><\/p>\n<p><em>Gransee am 18. M\u00e4rz und<\/em><\/p>\n<p><em>F\u00fcrstenberg\/H. am 19.2., 21.2., 4.3., 6.3. und 20.3.<\/em><\/p>\n<p>&nbsp;<\/p>\n<p>Weitere Informationen unter: <a href=\"http:\/\/www.oekofilmtour.de\" target=\"_blank\" rel=\"noopener\">www.oekofilmtour.de<\/a><\/p>\n","protected":false},"excerpt":{"rendered":"<p>&#8222;Gift im Acker &#8211; Glyphosat, die untersch\u00e4tzte Gefahr?&#8220; ist der Titel des Dokumentarfilms der am 25.2., 19 Uhr in Menz gezeigt wird.<\/p>\n","protected":false},"author":39,"featured_media":3332,"comment_status":"open","ping_status":"open","sticky":false,"template":"","format":"standard","meta":[],"categories":[11],"tags":[],"yoast_head":"<!-- This site is optimized with the Yoast SEO plugin v19.10 - https:\/\/yoast.com\/wordpress\/plugins\/seo\/ -->\n<title>\u00d6kofilmtour macht in Menz Station (2016) - Naturpark Stechlin-Ruppiner Land<\/title>\n<meta name=\"robots\" content=\"index, follow, max-snippet:-1, max-image-preview:large, max-video-preview:-1\" \/>\n<link rel=\"canonical\" href=\"https:\/\/www.naturparkmagazin.de\/stechlin\/oekofilmtour-macht-am-25-februar-station-in-menz\/\" \/>\n<meta property=\"og:locale\" content=\"de_DE\" \/>\n<meta property=\"og:type\" content=\"article\" \/>\n<meta property=\"og:title\" content=\"\u00d6kofilmtour macht in Menz Station (2016) - Naturpark Stechlin-Ruppiner Land\" \/>\n<meta property=\"og:description\" content=\"&quot;Gift im Acker - Glyphosat, die untersch\u00e4tzte Gefahr?&quot; ist der Titel des Dokumentarfilms der am 25.2., 19 Uhr in Menz gezeigt wird.\" \/>\n<meta property=\"og:url\" content=\"https:\/\/www.naturparkmagazin.de\/stechlin\/oekofilmtour-macht-am-25-februar-station-in-menz\/\" \/>\n<meta property=\"og:site_name\" content=\"Naturpark Stechlin-Ruppiner Land\" \/>\n<meta property=\"article:published_time\" content=\"2016-01-18T14:00:41+00:00\" \/>\n<meta property=\"article:modified_time\" content=\"2025-02-24T15:32:41+00:00\" \/>\n<meta property=\"og:image\" content=\"https:\/\/www.naturparkmagazin.de\/stechlin\/wp-content\/uploads\/sites\/38\/Plakat-\u00d6kofiltour.jpg\" \/>\n\t<meta property=\"og:image:width\" content=\"218\" \/>\n\t<meta property=\"og:image:height\" content=\"185\" \/>\n\t<meta property=\"og:image:type\" content=\"image\/jpeg\" \/>\n<meta name=\"author\" content=\"marioschrumpf\" \/>\n<meta name=\"twitter:label1\" content=\"Verfasst von\" \/>\n\t<meta name=\"twitter:data1\" content=\"marioschrumpf\" \/>\n\t<meta name=\"twitter:label2\" content=\"Gesch\u00e4tzte Lesezeit\" \/>\n\t<meta name=\"twitter:data2\" content=\"2\u00a0Minuten\" \/>\n<script type=\"application\/ld+json\" class=\"yoast-schema-graph\">{\"@context\":\"https:\/\/schema.org\",\"@graph\":[{\"@type\":\"WebPage\",\"@id\":\"https:\/\/www.naturparkmagazin.de\/stechlin\/oekofilmtour-macht-am-25-februar-station-in-menz\/\",\"url\":\"https:\/\/www.naturparkmagazin.de\/stechlin\/oekofilmtour-macht-am-25-februar-station-in-menz\/\",\"name\":\"\u00d6kofilmtour macht in Menz Station (2016) - Naturpark Stechlin-Ruppiner Land\",\"isPartOf\":{\"@id\":\"https:\/\/www.naturparkmagazin.de\/stechlin\/#website\"},\"datePublished\":\"2016-01-18T14:00:41+00:00\",\"dateModified\":\"2025-02-24T15:32:41+00:00\",\"author\":{\"@id\":\"https:\/\/www.naturparkmagazin.de\/stechlin\/#\/schema\/person\/3f0d93203df21c806dd63c76d9bb28bc\"},\"breadcrumb\":{\"@id\":\"https:\/\/www.naturparkmagazin.de\/stechlin\/oekofilmtour-macht-am-25-februar-station-in-menz\/#breadcrumb\"},\"inLanguage\":\"de\",\"potentialAction\":[{\"@type\":\"ReadAction\",\"target\":[\"https:\/\/www.naturparkmagazin.de\/stechlin\/oekofilmtour-macht-am-25-februar-station-in-menz\/\"]}]},{\"@type\":\"BreadcrumbList\",\"@id\":\"https:\/\/www.naturparkmagazin.de\/stechlin\/oekofilmtour-macht-am-25-februar-station-in-menz\/#breadcrumb\",\"itemListElement\":[{\"@type\":\"ListItem\",\"position\":1,\"name\":\"Home\",\"item\":\"https:\/\/www.naturparkmagazin.de\/stechlin\/\"},{\"@type\":\"ListItem\",\"position\":2,\"name\":\"\u00d6kofilmtour macht in Menz Station (2016)\"}]},{\"@type\":\"WebSite\",\"@id\":\"https:\/\/www.naturparkmagazin.de\/stechlin\/#website\",\"url\":\"https:\/\/www.naturparkmagazin.de\/stechlin\/\",\"name\":\"Naturpark Stechlin-Ruppiner Land\",\"description\":\"\",\"potentialAction\":[{\"@type\":\"SearchAction\",\"target\":{\"@type\":\"EntryPoint\",\"urlTemplate\":\"https:\/\/www.naturparkmagazin.de\/stechlin\/?s={search_term_string}\"},\"query-input\":\"required name=search_term_string\"}],\"inLanguage\":\"de\"},{\"@type\":\"Person\",\"@id\":\"https:\/\/www.naturparkmagazin.de\/stechlin\/#\/schema\/person\/3f0d93203df21c806dd63c76d9bb28bc\",\"name\":\"marioschrumpf\",\"url\":\"https:\/\/www.naturparkmagazin.de\/stechlin\/author\/marioschrumpf\/\"}]}<\/script>\n<!-- \/ Yoast SEO plugin. -->","yoast_head_json":{"title":"\u00d6kofilmtour macht in Menz Station (2016) - Naturpark Stechlin-Ruppiner Land","robots":{"index":"index","follow":"follow","max-snippet":"max-snippet:-1","max-image-preview":"max-image-preview:large","max-video-preview":"max-video-preview:-1"},"canonical":"https:\/\/www.naturparkmagazin.de\/stechlin\/oekofilmtour-macht-am-25-februar-station-in-menz\/","og_locale":"de_DE","og_type":"article","og_title":"\u00d6kofilmtour macht in Menz Station (2016) - Naturpark Stechlin-Ruppiner Land","og_description":"\"Gift im Acker - Glyphosat, die untersch\u00e4tzte Gefahr?\" ist der Titel des Dokumentarfilms der am 25.2., 19 Uhr in Menz gezeigt wird.","og_url":"https:\/\/www.naturparkmagazin.de\/stechlin\/oekofilmtour-macht-am-25-februar-station-in-menz\/","og_site_name":"Naturpark Stechlin-Ruppiner Land","article_published_time":"2016-01-18T14:00:41+00:00","article_modified_time":"2025-02-24T15:32:41+00:00","og_image":[{"width":218,"height":185,"url":"https:\/\/www.naturparkmagazin.de\/stechlin\/wp-content\/uploads\/sites\/38\/Plakat-\u00d6kofiltour.jpg","type":"image\/jpeg"}],"author":"marioschrumpf","twitter_misc":{"Verfasst von":"marioschrumpf","Gesch\u00e4tzte Lesezeit":"2\u00a0Minuten"},"schema":{"@context":"https:\/\/schema.org","@graph":[{"@type":"WebPage","@id":"https:\/\/www.naturparkmagazin.de\/stechlin\/oekofilmtour-macht-am-25-februar-station-in-menz\/","url":"https:\/\/www.naturparkmagazin.de\/stechlin\/oekofilmtour-macht-am-25-februar-station-in-menz\/","name":"\u00d6kofilmtour macht in Menz Station (2016) - Naturpark Stechlin-Ruppiner Land","isPartOf":{"@id":"https:\/\/www.naturparkmagazin.de\/stechlin\/#website"},"datePublished":"2016-01-18T14:00:41+00:00","dateModified":"2025-02-24T15:32:41+00:00","author":{"@id":"https:\/\/www.naturparkmagazin.de\/stechlin\/#\/schema\/person\/3f0d93203df21c806dd63c76d9bb28bc"},"breadcrumb":{"@id":"https:\/\/www.naturparkmagazin.de\/stechlin\/oekofilmtour-macht-am-25-februar-station-in-menz\/#breadcrumb"},"inLanguage":"de","potentialAction":[{"@type":"ReadAction","target":["https:\/\/www.naturparkmagazin.de\/stechlin\/oekofilmtour-macht-am-25-februar-station-in-menz\/"]}]},{"@type":"BreadcrumbList","@id":"https:\/\/www.naturparkmagazin.de\/stechlin\/oekofilmtour-macht-am-25-februar-station-in-menz\/#breadcrumb","itemListElement":[{"@type":"ListItem","position":1,"name":"Home","item":"https:\/\/www.naturparkmagazin.de\/stechlin\/"},{"@type":"ListItem","position":2,"name":"\u00d6kofilmtour macht in Menz Station (2016)"}]},{"@type":"WebSite","@id":"https:\/\/www.naturparkmagazin.de\/stechlin\/#website","url":"https:\/\/www.naturparkmagazin.de\/stechlin\/","name":"Naturpark Stechlin-Ruppiner Land","description":"","potentialAction":[{"@type":"SearchAction","target":{"@type":"EntryPoint","urlTemplate":"https:\/\/www.naturparkmagazin.de\/stechlin\/?s={search_term_string}"},"query-input":"required name=search_term_string"}],"inLanguage":"de"},{"@type":"Person","@id":"https:\/\/www.naturparkmagazin.de\/stechlin\/#\/schema\/person\/3f0d93203df21c806dd63c76d9bb28bc","name":"marioschrumpf","url":"https:\/\/www.naturparkmagazin.de\/stechlin\/author\/marioschrumpf\/"}]}},"_links":{"self":[{"href":"https:\/\/www.naturparkmagazin.de\/stechlin\/wp-json\/wp\/v2\/posts\/3240"}],"collection":[{"href":"https:\/\/www.naturparkmagazin.de\/stechlin\/wp-json\/wp\/v2\/posts"}],"about":[{"href":"https:\/\/www.naturparkmagazin.de\/stechlin\/wp-json\/wp\/v2\/types\/post"}],"author":[{"embeddable":true,"href":"https:\/\/www.naturparkmagazin.de\/stechlin\/wp-json\/wp\/v2\/users\/39"}],"replies":[{"embeddable":true,"href":"https:\/\/www.naturparkmagazin.de\/stechlin\/wp-json\/wp\/v2\/comments?post=3240"}],"version-history":[{"count":6,"href":"https:\/\/www.naturparkmagazin.de\/stechlin\/wp-json\/wp\/v2\/posts\/3240\/revisions"}],"predecessor-version":[{"id":16825,"href":"https:\/\/www.naturparkmagazin.de\/stechlin\/wp-json\/wp\/v2\/posts\/3240\/revisions\/16825"}],"wp:featuredmedia":[{"embeddable":true,"href":"https:\/\/www.naturparkmagazin.de\/stechlin\/wp-json\/wp\/v2\/media\/3332"}],"wp:attachment":[{"href":"https:\/\/www.naturparkmagazin.de\/stechlin\/wp-json\/wp\/v2\/media?parent=3240"}],"wp:term":[{"taxonomy":"category","embeddable":true,"href":"https:\/\/www.naturparkmagazin.de\/stechlin\/wp-json\/wp\/v2\/categories?post=3240"},{"taxonomy":"post_tag","embeddable":true,"href":"https:\/\/www.naturparkmagazin.de\/stechlin\/wp-json\/wp\/v2\/tags?post=3240"}],"curies":[{"name":"wp","href":"https:\/\/api.w.org\/{rel}","templated":true}]}}