{"id":3248,"date":"2016-01-18T15:26:00","date_gmt":"2016-01-18T14:26:00","guid":{"rendered":"http:\/\/www.naturparkmagazin.de\/stechlin\/?p=3248"},"modified":"2016-01-28T18:31:06","modified_gmt":"2016-01-28T17:31:06","slug":"magie-der-moore-von-jan-haft-am-18-2-in-neuruppin","status":"publish","type":"post","link":"https:\/\/www.naturparkmagazin.de\/stechlin\/magie-der-moore-von-jan-haft-am-18-2-in-neuruppin\/","title":{"rendered":"&#8222;Magie der Moore&#8220; von Jan Haft am 18.2. in Neuruppin"},"content":{"rendered":"<div id=\"attachment_3251\" style=\"width: 310px\" class=\"wp-caption alignleft\"><a href=\"https:\/\/www.naturparkmagazin.de\/stechlin\/wp-content\/uploads\/sites\/38\/k-DSC_00322.jpg\"><img aria-describedby=\"caption-attachment-3251\" decoding=\"async\" loading=\"lazy\" class=\"wp-image-3251 size-thumbnail\" src=\"https:\/\/www.naturparkmagazin.de\/stechlin\/wp-content\/uploads\/sites\/38\/k-DSC_00322-300x448.jpg\" alt=\"NP SRL\/Archiv\" width=\"300\" height=\"448\" srcset=\"https:\/\/www.naturparkmagazin.de\/stechlin\/wp-content\/uploads\/sites\/38\/k-DSC_00322-300x448.jpg 300w, https:\/\/www.naturparkmagazin.de\/stechlin\/wp-content\/uploads\/sites\/38\/k-DSC_00322-620x926.jpg 620w, https:\/\/www.naturparkmagazin.de\/stechlin\/wp-content\/uploads\/sites\/38\/k-DSC_00322-200x299.jpg 200w, https:\/\/www.naturparkmagazin.de\/stechlin\/wp-content\/uploads\/sites\/38\/k-DSC_00322.jpg 648w\" sizes=\"(max-width: 300px) 100vw, 300px\" \/><\/a><p id=\"caption-attachment-3251\" class=\"wp-caption-text\">Moorexperte Michael Zauft steht im Filmgespr\u00e4ch Rede und Antwort<\/p><\/div>\n<p>&nbsp;<\/p>\n<p>&nbsp;<\/p>\n<p>&nbsp;<\/p>\n<p>&nbsp;<\/p>\n<p>&nbsp;<\/p>\n<p>&nbsp;<\/p>\n<p>&nbsp;<\/p>\n<p>&nbsp;<\/p>\n<p>&nbsp;<\/p>\n<p>&nbsp;<\/p>\n<p>&nbsp;<\/p>\n<p>&nbsp;<\/p>\n<p>&nbsp;<\/p>\n<p>&nbsp;<\/p>\n<p>&nbsp;<\/p>\n<p>&nbsp;<\/p>\n<p>&nbsp;<\/p>\n<p>Kaum ein anderer Lebensraum ist so geheimnisvoll wie das Moor. Dieses \u00fcber mehrere Jahrhunderte entstandene Biotop birgt mit seiner vielf\u00e4ltigen Tier- und Pflanzenwelt zahlreiche Mysterien, die es schon immer mit einer ganz eigenen Wirkung versehen haben. Als schwer zu greifender \u00dcbergangsraum zwischen Land, Wasser und Wald bieten Moore nicht nur kleinen, an die besonderen Bedingungen angepassten Tieren eine Heimat, sondern locken gar auch gr\u00f6\u00dfere Arten wie W\u00f6lfe und B\u00e4ren an, die in der Abgeschiedenheit der au\u00dfergew\u00f6hnlichen Landschaft auf Beutezug gehen.<\/p>\n<p>F\u00fcnf Jahre lang war das Drehteam an 80 Orten in Deutschland, Finnland, Tschechien, Schweden, D\u00e4nemark, Norwegen und der Slowakei unterwegs. Jan Haft, einer der bekanntesten deutschen Naturfilmer, macht diesen Lebensraum zum unvergesslichen Erlebnis &#8211; eine wissenschaftliche exakte und emotional packende Einladung, die Magie dieser prachtvollen Orte mit gesch\u00e4rftem Bewusstsein neu zu entdecken und die im Verlauf\u00a0 der Jahre immer weiter geschrumpften Lebensr\u00e4ume bewahren zu helfen.<\/p>\n<p>Weitere Informationen unter: <a href=\"http:\/\/www.magiedermoore-derfilm.de\">www.magiedermoore-derfilm.de<\/a><\/p>\n<p>Zum anschlie\u00dfenden Filmgespr\u00e4ch ist Michael Zauft (Projektleiter LIFE-Natur-Projekt &#8222;Feuchtw\u00e4lder&#8220;, Stiftung NaturSchutzFonds Brandenburg) in der Siechenhauskapelle in Neuruppin zu Gast. Der Film beginnt um 18 Uhr.<\/p>\n","protected":false},"excerpt":{"rendered":"<p>Kaum ein anderer Lebensraum ist so geheimnisvoll wie das Moor. Dieses \u00fcber mehrere Jahrhunderte entstandene Biotop birgt mit seiner vielf\u00e4ltigen Tier- und Pflanzenwelt zahlreiche Mysterien, die es schon immer mit einer ganz eigenen Wirkung versehen haben.<\/p>\n","protected":false},"author":39,"featured_media":3249,"comment_status":"open","ping_status":"open","sticky":false,"template":"","format":"standard","meta":[],"categories":[11],"tags":[],"yoast_head":"<!-- This site is optimized with the Yoast SEO plugin v19.10 - https:\/\/yoast.com\/wordpress\/plugins\/seo\/ -->\n<title>&quot;Magie der Moore&quot; von Jan Haft am 18.2. in Neuruppin - Naturpark Stechlin-Ruppiner Land<\/title>\n<meta name=\"robots\" content=\"index, follow, max-snippet:-1, max-image-preview:large, max-video-preview:-1\" \/>\n<link rel=\"canonical\" href=\"https:\/\/www.naturparkmagazin.de\/stechlin\/magie-der-moore-von-jan-haft-am-18-2-in-neuruppin\/\" \/>\n<meta property=\"og:locale\" content=\"de_DE\" \/>\n<meta property=\"og:type\" content=\"article\" \/>\n<meta property=\"og:title\" content=\"&quot;Magie der Moore&quot; von Jan Haft am 18.2. in Neuruppin - Naturpark Stechlin-Ruppiner Land\" \/>\n<meta property=\"og:description\" content=\"Kaum ein anderer Lebensraum ist so geheimnisvoll wie das Moor. Dieses \u00fcber mehrere Jahrhunderte entstandene Biotop birgt mit seiner vielf\u00e4ltigen Tier- und Pflanzenwelt zahlreiche Mysterien, die es schon immer mit einer ganz eigenen Wirkung versehen haben.\" \/>\n<meta property=\"og:url\" content=\"https:\/\/www.naturparkmagazin.de\/stechlin\/magie-der-moore-von-jan-haft-am-18-2-in-neuruppin\/\" \/>\n<meta property=\"og:site_name\" content=\"Naturpark Stechlin-Ruppiner Land\" \/>\n<meta property=\"article:published_time\" content=\"2016-01-18T14:26:00+00:00\" \/>\n<meta property=\"article:modified_time\" content=\"2016-01-28T17:31:06+00:00\" \/>\n<meta property=\"og:image\" content=\"https:\/\/www.naturparkmagazin.de\/stechlin\/wp-content\/uploads\/sites\/38\/Newsletter-Februar_Moorlandschaft-Spinnennetz.jpg\" \/>\n\t<meta property=\"og:image:width\" content=\"960\" \/>\n\t<meta property=\"og:image:height\" content=\"640\" \/>\n\t<meta property=\"og:image:type\" content=\"image\/jpeg\" \/>\n<meta name=\"author\" content=\"marioschrumpf\" \/>\n<meta name=\"twitter:label1\" content=\"Verfasst von\" \/>\n\t<meta name=\"twitter:data1\" content=\"marioschrumpf\" \/>\n\t<meta name=\"twitter:label2\" content=\"Gesch\u00e4tzte Lesezeit\" \/>\n\t<meta name=\"twitter:data2\" content=\"1\u00a0Minute\" \/>\n<script type=\"application\/ld+json\" class=\"yoast-schema-graph\">{\"@context\":\"https:\/\/schema.org\",\"@graph\":[{\"@type\":\"WebPage\",\"@id\":\"https:\/\/www.naturparkmagazin.de\/stechlin\/magie-der-moore-von-jan-haft-am-18-2-in-neuruppin\/\",\"url\":\"https:\/\/www.naturparkmagazin.de\/stechlin\/magie-der-moore-von-jan-haft-am-18-2-in-neuruppin\/\",\"name\":\"\\\"Magie der Moore\\\" von Jan Haft am 18.2. in Neuruppin - Naturpark Stechlin-Ruppiner Land\",\"isPartOf\":{\"@id\":\"https:\/\/www.naturparkmagazin.de\/stechlin\/#website\"},\"datePublished\":\"2016-01-18T14:26:00+00:00\",\"dateModified\":\"2016-01-28T17:31:06+00:00\",\"author\":{\"@id\":\"https:\/\/www.naturparkmagazin.de\/stechlin\/#\/schema\/person\/3f0d93203df21c806dd63c76d9bb28bc\"},\"breadcrumb\":{\"@id\":\"https:\/\/www.naturparkmagazin.de\/stechlin\/magie-der-moore-von-jan-haft-am-18-2-in-neuruppin\/#breadcrumb\"},\"inLanguage\":\"de\",\"potentialAction\":[{\"@type\":\"ReadAction\",\"target\":[\"https:\/\/www.naturparkmagazin.de\/stechlin\/magie-der-moore-von-jan-haft-am-18-2-in-neuruppin\/\"]}]},{\"@type\":\"BreadcrumbList\",\"@id\":\"https:\/\/www.naturparkmagazin.de\/stechlin\/magie-der-moore-von-jan-haft-am-18-2-in-neuruppin\/#breadcrumb\",\"itemListElement\":[{\"@type\":\"ListItem\",\"position\":1,\"name\":\"Home\",\"item\":\"https:\/\/www.naturparkmagazin.de\/stechlin\/\"},{\"@type\":\"ListItem\",\"position\":2,\"name\":\"&#8222;Magie der Moore&#8220; von Jan Haft am 18.2. in Neuruppin\"}]},{\"@type\":\"WebSite\",\"@id\":\"https:\/\/www.naturparkmagazin.de\/stechlin\/#website\",\"url\":\"https:\/\/www.naturparkmagazin.de\/stechlin\/\",\"name\":\"Naturpark Stechlin-Ruppiner Land\",\"description\":\"\",\"potentialAction\":[{\"@type\":\"SearchAction\",\"target\":{\"@type\":\"EntryPoint\",\"urlTemplate\":\"https:\/\/www.naturparkmagazin.de\/stechlin\/?s={search_term_string}\"},\"query-input\":\"required name=search_term_string\"}],\"inLanguage\":\"de\"},{\"@type\":\"Person\",\"@id\":\"https:\/\/www.naturparkmagazin.de\/stechlin\/#\/schema\/person\/3f0d93203df21c806dd63c76d9bb28bc\",\"name\":\"marioschrumpf\",\"url\":\"https:\/\/www.naturparkmagazin.de\/stechlin\/author\/marioschrumpf\/\"}]}<\/script>\n<!-- \/ Yoast SEO plugin. -->","yoast_head_json":{"title":"\"Magie der Moore\" von Jan Haft am 18.2. in Neuruppin - Naturpark Stechlin-Ruppiner Land","robots":{"index":"index","follow":"follow","max-snippet":"max-snippet:-1","max-image-preview":"max-image-preview:large","max-video-preview":"max-video-preview:-1"},"canonical":"https:\/\/www.naturparkmagazin.de\/stechlin\/magie-der-moore-von-jan-haft-am-18-2-in-neuruppin\/","og_locale":"de_DE","og_type":"article","og_title":"\"Magie der Moore\" von Jan Haft am 18.2. in Neuruppin - Naturpark Stechlin-Ruppiner Land","og_description":"Kaum ein anderer Lebensraum ist so geheimnisvoll wie das Moor. Dieses \u00fcber mehrere Jahrhunderte entstandene Biotop birgt mit seiner vielf\u00e4ltigen Tier- und Pflanzenwelt zahlreiche Mysterien, die es schon immer mit einer ganz eigenen Wirkung versehen haben.","og_url":"https:\/\/www.naturparkmagazin.de\/stechlin\/magie-der-moore-von-jan-haft-am-18-2-in-neuruppin\/","og_site_name":"Naturpark Stechlin-Ruppiner Land","article_published_time":"2016-01-18T14:26:00+00:00","article_modified_time":"2016-01-28T17:31:06+00:00","og_image":[{"width":960,"height":640,"url":"https:\/\/www.naturparkmagazin.de\/stechlin\/wp-content\/uploads\/sites\/38\/Newsletter-Februar_Moorlandschaft-Spinnennetz.jpg","type":"image\/jpeg"}],"author":"marioschrumpf","twitter_misc":{"Verfasst von":"marioschrumpf","Gesch\u00e4tzte Lesezeit":"1\u00a0Minute"},"schema":{"@context":"https:\/\/schema.org","@graph":[{"@type":"WebPage","@id":"https:\/\/www.naturparkmagazin.de\/stechlin\/magie-der-moore-von-jan-haft-am-18-2-in-neuruppin\/","url":"https:\/\/www.naturparkmagazin.de\/stechlin\/magie-der-moore-von-jan-haft-am-18-2-in-neuruppin\/","name":"\"Magie der Moore\" von Jan Haft am 18.2. in Neuruppin - Naturpark Stechlin-Ruppiner Land","isPartOf":{"@id":"https:\/\/www.naturparkmagazin.de\/stechlin\/#website"},"datePublished":"2016-01-18T14:26:00+00:00","dateModified":"2016-01-28T17:31:06+00:00","author":{"@id":"https:\/\/www.naturparkmagazin.de\/stechlin\/#\/schema\/person\/3f0d93203df21c806dd63c76d9bb28bc"},"breadcrumb":{"@id":"https:\/\/www.naturparkmagazin.de\/stechlin\/magie-der-moore-von-jan-haft-am-18-2-in-neuruppin\/#breadcrumb"},"inLanguage":"de","potentialAction":[{"@type":"ReadAction","target":["https:\/\/www.naturparkmagazin.de\/stechlin\/magie-der-moore-von-jan-haft-am-18-2-in-neuruppin\/"]}]},{"@type":"BreadcrumbList","@id":"https:\/\/www.naturparkmagazin.de\/stechlin\/magie-der-moore-von-jan-haft-am-18-2-in-neuruppin\/#breadcrumb","itemListElement":[{"@type":"ListItem","position":1,"name":"Home","item":"https:\/\/www.naturparkmagazin.de\/stechlin\/"},{"@type":"ListItem","position":2,"name":"&#8222;Magie der Moore&#8220; von Jan Haft am 18.2. in Neuruppin"}]},{"@type":"WebSite","@id":"https:\/\/www.naturparkmagazin.de\/stechlin\/#website","url":"https:\/\/www.naturparkmagazin.de\/stechlin\/","name":"Naturpark Stechlin-Ruppiner Land","description":"","potentialAction":[{"@type":"SearchAction","target":{"@type":"EntryPoint","urlTemplate":"https:\/\/www.naturparkmagazin.de\/stechlin\/?s={search_term_string}"},"query-input":"required name=search_term_string"}],"inLanguage":"de"},{"@type":"Person","@id":"https:\/\/www.naturparkmagazin.de\/stechlin\/#\/schema\/person\/3f0d93203df21c806dd63c76d9bb28bc","name":"marioschrumpf","url":"https:\/\/www.naturparkmagazin.de\/stechlin\/author\/marioschrumpf\/"}]}},"_links":{"self":[{"href":"https:\/\/www.naturparkmagazin.de\/stechlin\/wp-json\/wp\/v2\/posts\/3248"}],"collection":[{"href":"https:\/\/www.naturparkmagazin.de\/stechlin\/wp-json\/wp\/v2\/posts"}],"about":[{"href":"https:\/\/www.naturparkmagazin.de\/stechlin\/wp-json\/wp\/v2\/types\/post"}],"author":[{"embeddable":true,"href":"https:\/\/www.naturparkmagazin.de\/stechlin\/wp-json\/wp\/v2\/users\/39"}],"replies":[{"embeddable":true,"href":"https:\/\/www.naturparkmagazin.de\/stechlin\/wp-json\/wp\/v2\/comments?post=3248"}],"version-history":[{"count":6,"href":"https:\/\/www.naturparkmagazin.de\/stechlin\/wp-json\/wp\/v2\/posts\/3248\/revisions"}],"predecessor-version":[{"id":3351,"href":"https:\/\/www.naturparkmagazin.de\/stechlin\/wp-json\/wp\/v2\/posts\/3248\/revisions\/3351"}],"wp:featuredmedia":[{"embeddable":true,"href":"https:\/\/www.naturparkmagazin.de\/stechlin\/wp-json\/wp\/v2\/media\/3249"}],"wp:attachment":[{"href":"https:\/\/www.naturparkmagazin.de\/stechlin\/wp-json\/wp\/v2\/media?parent=3248"}],"wp:term":[{"taxonomy":"category","embeddable":true,"href":"https:\/\/www.naturparkmagazin.de\/stechlin\/wp-json\/wp\/v2\/categories?post=3248"},{"taxonomy":"post_tag","embeddable":true,"href":"https:\/\/www.naturparkmagazin.de\/stechlin\/wp-json\/wp\/v2\/tags?post=3248"}],"curies":[{"name":"wp","href":"https:\/\/api.w.org\/{rel}","templated":true}]}}