{"id":3253,"date":"2016-01-18T15:45:36","date_gmt":"2016-01-18T14:45:36","guid":{"rendered":"http:\/\/www.naturparkmagazin.de\/stechlin\/?p=3253"},"modified":"2016-01-28T13:00:24","modified_gmt":"2016-01-28T12:00:24","slug":"steffen-schindel","status":"publish","type":"post","link":"https:\/\/www.naturparkmagazin.de\/stechlin\/steffen-schindel\/","title":{"rendered":"Steffen Schindel"},"content":{"rendered":"<div id=\"attachment_3255\" style=\"width: 310px\" class=\"wp-caption alignleft\"><a href=\"https:\/\/www.naturparkmagazin.de\/stechlin\/wp-content\/uploads\/sites\/38\/F\u00fchrung-Indel-Werder.jpg\"><img aria-describedby=\"caption-attachment-3255\" decoding=\"async\" loading=\"lazy\" class=\"size-thumbnail wp-image-3255\" src=\"https:\/\/www.naturparkmagazin.de\/stechlin\/wp-content\/uploads\/sites\/38\/F\u00fchrung-Indel-Werder-300x225.jpg\" alt=\"F\u00fchrung auf der Insel Werder im Gudelacksee\" width=\"300\" height=\"225\" srcset=\"https:\/\/www.naturparkmagazin.de\/stechlin\/wp-content\/uploads\/sites\/38\/F\u00fchrung-Indel-Werder.jpg 300w, https:\/\/www.naturparkmagazin.de\/stechlin\/wp-content\/uploads\/sites\/38\/F\u00fchrung-Indel-Werder-180x135.jpg 180w, https:\/\/www.naturparkmagazin.de\/stechlin\/wp-content\/uploads\/sites\/38\/F\u00fchrung-Indel-Werder-95x71.jpg 95w, https:\/\/www.naturparkmagazin.de\/stechlin\/wp-content\/uploads\/sites\/38\/F\u00fchrung-Indel-Werder-200x150.jpg 200w\" sizes=\"(max-width: 300px) 100vw, 300px\" \/><\/a><p id=\"caption-attachment-3255\" class=\"wp-caption-text\">F\u00fchrung auf der Insel Werder im Gudelacksee<\/p><\/div>\n<p>&nbsp;<\/p>\n<p>&nbsp;<\/p>\n<p>&nbsp;<\/p>\n<p>&nbsp;<\/p>\n<p>&nbsp;<\/p>\n<p>&nbsp;<\/p>\n<p>&nbsp;<\/p>\n<div id=\"attachment_3256\" style=\"width: 310px\" class=\"wp-caption alignleft\"><a href=\"https:\/\/www.naturparkmagazin.de\/stechlin\/wp-content\/uploads\/sites\/38\/Beweidung-Zechower-Berg.jpg\"><img aria-describedby=\"caption-attachment-3256\" decoding=\"async\" loading=\"lazy\" class=\"size-thumbnail wp-image-3256\" src=\"https:\/\/www.naturparkmagazin.de\/stechlin\/wp-content\/uploads\/sites\/38\/Beweidung-Zechower-Berg-300x225.jpg\" alt=\"Beweidung Zechower Berg\" width=\"300\" height=\"225\" srcset=\"https:\/\/www.naturparkmagazin.de\/stechlin\/wp-content\/uploads\/sites\/38\/Beweidung-Zechower-Berg.jpg 300w, https:\/\/www.naturparkmagazin.de\/stechlin\/wp-content\/uploads\/sites\/38\/Beweidung-Zechower-Berg-180x135.jpg 180w, https:\/\/www.naturparkmagazin.de\/stechlin\/wp-content\/uploads\/sites\/38\/Beweidung-Zechower-Berg-95x71.jpg 95w, https:\/\/www.naturparkmagazin.de\/stechlin\/wp-content\/uploads\/sites\/38\/Beweidung-Zechower-Berg-200x150.jpg 200w\" sizes=\"(max-width: 300px) 100vw, 300px\" \/><\/a><p id=\"caption-attachment-3256\" class=\"wp-caption-text\">Beweidung am Zechower Berg mit Eseln<\/p><\/div>\n<p>&nbsp;<\/p>\n<p>&nbsp;<\/p>\n<p>&nbsp;<\/p>\n<p>&nbsp;<\/p>\n<p>&nbsp;<\/p>\n<p>&nbsp;<\/p>\n<p>&nbsp;<\/p>\n<p>&nbsp;<\/p>\n<p>&nbsp;<\/p>\n<p>&nbsp;<\/p>\n<p>&nbsp;<\/p>\n<p>Der in Lindow mit seiner Manufaktur ans\u00e4ssige, ausgebildete Natur- und Landschaftsf\u00fchrer begleitete in diesem Jahr den Naturpark als regionaler Anbieter zur Gr\u00fcnen Woche nach Berlin.<\/p>\n<p>Neben der Herstellung und dem Verkauf regionaler Produkte, wie z.B. Marmeladen, Lik\u00f6re und Fruchtaufstriche, in seiner Manufaktur ist Steffen Schindel mit weiteren Angeboten im Naturpark pr\u00e4sent. <strong>Animal Trekking<\/strong> &#8211; Wandern mit Tieren erfreut sich nicht nur beim Berliner Publikum zunehmender Beliebtheit. Und wer echtes &#8222;<em>Robinson-Feeling<\/em>&#8220; mag, dem sei sein Projekt &#8222;<em>Inselkind<\/em>&#8222;, ein umweltp\u00e4dagigisches Angebot f\u00fcr Kinder auf der Insel Werder im Gudelacksee bei Lindow empfohlen. Schindel arbeitet aber auch als Dienstleister im Rahmen des Vertragsnaturschutzes f\u00fcr den Naturpark. So beweidet er seit zwei Jahren den Zechower Berg, eine wertvolle Trockenrasenfl\u00e4che im NSG Rheinsberger Rhin und Hellberge mit seinen Eseln. Durch zus\u00e4tzliche manuelle Entbuschung tr\u00e4gt er zum Erhalt dieses naturschutzfachlich wertvollen Biotops bei.<\/p>\n<p>Weitere Infos unter:<\/p>\n<p><a href=\"http:\/\/www.manufaktur-lindow.de\">www.manufaktur-lindow.de<\/a><\/p>\n<p><a href=\"http:\/\/www.animal-trekking.de\">www.animal-trekking.de<\/a><\/p>\n<p><a href=\"http:\/\/www.inselkind-lindow.de\">www.inselkind-lindow.de<\/a><\/p>\n<p>&nbsp;<\/p>\n","protected":false},"excerpt":{"rendered":"<p>betreibt in Lindow eine Manufaktur f\u00fcr regionale Produkte, wie z.B. Marmeladen, Lik\u00f6re und Fruchtaufstriche. Der ausgebildete Natur- und Landschaftsf\u00fchrer begleitete in diesem Jahr den Naturpark als regionaler Anbieter zur Gr\u00fcnen Woche nach Berlin.<\/p>\n","protected":false},"author":39,"featured_media":3341,"comment_status":"open","ping_status":"open","sticky":false,"template":"","format":"standard","meta":[],"categories":[8],"tags":[],"yoast_head":"<!-- This site is optimized with the Yoast SEO plugin v19.10 - https:\/\/yoast.com\/wordpress\/plugins\/seo\/ -->\n<title>Steffen Schindel - Naturpark Stechlin-Ruppiner Land<\/title>\n<meta name=\"robots\" content=\"index, follow, max-snippet:-1, max-image-preview:large, max-video-preview:-1\" \/>\n<link rel=\"canonical\" href=\"https:\/\/www.naturparkmagazin.de\/stechlin\/steffen-schindel\/\" \/>\n<meta property=\"og:locale\" content=\"de_DE\" \/>\n<meta property=\"og:type\" content=\"article\" \/>\n<meta property=\"og:title\" content=\"Steffen Schindel - Naturpark Stechlin-Ruppiner Land\" \/>\n<meta property=\"og:description\" content=\"betreibt in Lindow eine Manufaktur f\u00fcr regionale Produkte, wie z.B. Marmeladen, Lik\u00f6re und Fruchtaufstriche. Der ausgebildete Natur- und Landschaftsf\u00fchrer begleitete in diesem Jahr den Naturpark als regionaler Anbieter zur Gr\u00fcnen Woche nach Berlin.\" \/>\n<meta property=\"og:url\" content=\"https:\/\/www.naturparkmagazin.de\/stechlin\/steffen-schindel\/\" \/>\n<meta property=\"og:site_name\" content=\"Naturpark Stechlin-Ruppiner Land\" \/>\n<meta property=\"article:published_time\" content=\"2016-01-18T14:45:36+00:00\" \/>\n<meta property=\"article:modified_time\" content=\"2016-01-28T12:00:24+00:00\" \/>\n<meta property=\"og:image\" content=\"https:\/\/www.naturparkmagazin.de\/stechlin\/wp-content\/uploads\/sites\/38\/Portrait-Schinde_beitragl.jpg\" \/>\n\t<meta property=\"og:image:width\" content=\"200\" \/>\n\t<meta property=\"og:image:height\" content=\"200\" \/>\n\t<meta property=\"og:image:type\" content=\"image\/jpeg\" \/>\n<meta name=\"author\" content=\"marioschrumpf\" \/>\n<meta name=\"twitter:label1\" content=\"Verfasst von\" \/>\n\t<meta name=\"twitter:data1\" content=\"marioschrumpf\" \/>\n\t<meta name=\"twitter:label2\" content=\"Gesch\u00e4tzte Lesezeit\" \/>\n\t<meta name=\"twitter:data2\" content=\"1\u00a0Minute\" \/>\n<script type=\"application\/ld+json\" class=\"yoast-schema-graph\">{\"@context\":\"https:\/\/schema.org\",\"@graph\":[{\"@type\":\"WebPage\",\"@id\":\"https:\/\/www.naturparkmagazin.de\/stechlin\/steffen-schindel\/\",\"url\":\"https:\/\/www.naturparkmagazin.de\/stechlin\/steffen-schindel\/\",\"name\":\"Steffen Schindel - Naturpark Stechlin-Ruppiner Land\",\"isPartOf\":{\"@id\":\"https:\/\/www.naturparkmagazin.de\/stechlin\/#website\"},\"datePublished\":\"2016-01-18T14:45:36+00:00\",\"dateModified\":\"2016-01-28T12:00:24+00:00\",\"author\":{\"@id\":\"https:\/\/www.naturparkmagazin.de\/stechlin\/#\/schema\/person\/3f0d93203df21c806dd63c76d9bb28bc\"},\"breadcrumb\":{\"@id\":\"https:\/\/www.naturparkmagazin.de\/stechlin\/steffen-schindel\/#breadcrumb\"},\"inLanguage\":\"de\",\"potentialAction\":[{\"@type\":\"ReadAction\",\"target\":[\"https:\/\/www.naturparkmagazin.de\/stechlin\/steffen-schindel\/\"]}]},{\"@type\":\"BreadcrumbList\",\"@id\":\"https:\/\/www.naturparkmagazin.de\/stechlin\/steffen-schindel\/#breadcrumb\",\"itemListElement\":[{\"@type\":\"ListItem\",\"position\":1,\"name\":\"Home\",\"item\":\"https:\/\/www.naturparkmagazin.de\/stechlin\/\"},{\"@type\":\"ListItem\",\"position\":2,\"name\":\"Steffen Schindel\"}]},{\"@type\":\"WebSite\",\"@id\":\"https:\/\/www.naturparkmagazin.de\/stechlin\/#website\",\"url\":\"https:\/\/www.naturparkmagazin.de\/stechlin\/\",\"name\":\"Naturpark Stechlin-Ruppiner Land\",\"description\":\"\",\"potentialAction\":[{\"@type\":\"SearchAction\",\"target\":{\"@type\":\"EntryPoint\",\"urlTemplate\":\"https:\/\/www.naturparkmagazin.de\/stechlin\/?s={search_term_string}\"},\"query-input\":\"required name=search_term_string\"}],\"inLanguage\":\"de\"},{\"@type\":\"Person\",\"@id\":\"https:\/\/www.naturparkmagazin.de\/stechlin\/#\/schema\/person\/3f0d93203df21c806dd63c76d9bb28bc\",\"name\":\"marioschrumpf\",\"url\":\"https:\/\/www.naturparkmagazin.de\/stechlin\/author\/marioschrumpf\/\"}]}<\/script>\n<!-- \/ Yoast SEO plugin. -->","yoast_head_json":{"title":"Steffen Schindel - Naturpark Stechlin-Ruppiner Land","robots":{"index":"index","follow":"follow","max-snippet":"max-snippet:-1","max-image-preview":"max-image-preview:large","max-video-preview":"max-video-preview:-1"},"canonical":"https:\/\/www.naturparkmagazin.de\/stechlin\/steffen-schindel\/","og_locale":"de_DE","og_type":"article","og_title":"Steffen Schindel - Naturpark Stechlin-Ruppiner Land","og_description":"betreibt in Lindow eine Manufaktur f\u00fcr regionale Produkte, wie z.B. Marmeladen, Lik\u00f6re und Fruchtaufstriche. Der ausgebildete Natur- und Landschaftsf\u00fchrer begleitete in diesem Jahr den Naturpark als regionaler Anbieter zur Gr\u00fcnen Woche nach Berlin.","og_url":"https:\/\/www.naturparkmagazin.de\/stechlin\/steffen-schindel\/","og_site_name":"Naturpark Stechlin-Ruppiner Land","article_published_time":"2016-01-18T14:45:36+00:00","article_modified_time":"2016-01-28T12:00:24+00:00","og_image":[{"width":200,"height":200,"url":"https:\/\/www.naturparkmagazin.de\/stechlin\/wp-content\/uploads\/sites\/38\/Portrait-Schinde_beitragl.jpg","type":"image\/jpeg"}],"author":"marioschrumpf","twitter_misc":{"Verfasst von":"marioschrumpf","Gesch\u00e4tzte Lesezeit":"1\u00a0Minute"},"schema":{"@context":"https:\/\/schema.org","@graph":[{"@type":"WebPage","@id":"https:\/\/www.naturparkmagazin.de\/stechlin\/steffen-schindel\/","url":"https:\/\/www.naturparkmagazin.de\/stechlin\/steffen-schindel\/","name":"Steffen Schindel - Naturpark Stechlin-Ruppiner Land","isPartOf":{"@id":"https:\/\/www.naturparkmagazin.de\/stechlin\/#website"},"datePublished":"2016-01-18T14:45:36+00:00","dateModified":"2016-01-28T12:00:24+00:00","author":{"@id":"https:\/\/www.naturparkmagazin.de\/stechlin\/#\/schema\/person\/3f0d93203df21c806dd63c76d9bb28bc"},"breadcrumb":{"@id":"https:\/\/www.naturparkmagazin.de\/stechlin\/steffen-schindel\/#breadcrumb"},"inLanguage":"de","potentialAction":[{"@type":"ReadAction","target":["https:\/\/www.naturparkmagazin.de\/stechlin\/steffen-schindel\/"]}]},{"@type":"BreadcrumbList","@id":"https:\/\/www.naturparkmagazin.de\/stechlin\/steffen-schindel\/#breadcrumb","itemListElement":[{"@type":"ListItem","position":1,"name":"Home","item":"https:\/\/www.naturparkmagazin.de\/stechlin\/"},{"@type":"ListItem","position":2,"name":"Steffen Schindel"}]},{"@type":"WebSite","@id":"https:\/\/www.naturparkmagazin.de\/stechlin\/#website","url":"https:\/\/www.naturparkmagazin.de\/stechlin\/","name":"Naturpark Stechlin-Ruppiner Land","description":"","potentialAction":[{"@type":"SearchAction","target":{"@type":"EntryPoint","urlTemplate":"https:\/\/www.naturparkmagazin.de\/stechlin\/?s={search_term_string}"},"query-input":"required name=search_term_string"}],"inLanguage":"de"},{"@type":"Person","@id":"https:\/\/www.naturparkmagazin.de\/stechlin\/#\/schema\/person\/3f0d93203df21c806dd63c76d9bb28bc","name":"marioschrumpf","url":"https:\/\/www.naturparkmagazin.de\/stechlin\/author\/marioschrumpf\/"}]}},"_links":{"self":[{"href":"https:\/\/www.naturparkmagazin.de\/stechlin\/wp-json\/wp\/v2\/posts\/3253"}],"collection":[{"href":"https:\/\/www.naturparkmagazin.de\/stechlin\/wp-json\/wp\/v2\/posts"}],"about":[{"href":"https:\/\/www.naturparkmagazin.de\/stechlin\/wp-json\/wp\/v2\/types\/post"}],"author":[{"embeddable":true,"href":"https:\/\/www.naturparkmagazin.de\/stechlin\/wp-json\/wp\/v2\/users\/39"}],"replies":[{"embeddable":true,"href":"https:\/\/www.naturparkmagazin.de\/stechlin\/wp-json\/wp\/v2\/comments?post=3253"}],"version-history":[{"count":5,"href":"https:\/\/www.naturparkmagazin.de\/stechlin\/wp-json\/wp\/v2\/posts\/3253\/revisions"}],"predecessor-version":[{"id":3337,"href":"https:\/\/www.naturparkmagazin.de\/stechlin\/wp-json\/wp\/v2\/posts\/3253\/revisions\/3337"}],"wp:featuredmedia":[{"embeddable":true,"href":"https:\/\/www.naturparkmagazin.de\/stechlin\/wp-json\/wp\/v2\/media\/3341"}],"wp:attachment":[{"href":"https:\/\/www.naturparkmagazin.de\/stechlin\/wp-json\/wp\/v2\/media?parent=3253"}],"wp:term":[{"taxonomy":"category","embeddable":true,"href":"https:\/\/www.naturparkmagazin.de\/stechlin\/wp-json\/wp\/v2\/categories?post=3253"},{"taxonomy":"post_tag","embeddable":true,"href":"https:\/\/www.naturparkmagazin.de\/stechlin\/wp-json\/wp\/v2\/tags?post=3253"}],"curies":[{"name":"wp","href":"https:\/\/api.w.org\/{rel}","templated":true}]}}