{"id":3358,"date":"2016-02-12T11:06:02","date_gmt":"2016-02-12T10:06:02","guid":{"rendered":"http:\/\/www.naturparkmagazin.de\/stechlin\/?p=3358"},"modified":"2016-02-22T09:46:00","modified_gmt":"2016-02-22T08:46:00","slug":"menzer-naturforscher-als-juniorranger-ausgezeichnet","status":"publish","type":"post","link":"https:\/\/www.naturparkmagazin.de\/stechlin\/menzer-naturforscher-als-juniorranger-ausgezeichnet\/","title":{"rendered":"Menzer Naturforscher als Juniorranger ausgezeichnet"},"content":{"rendered":"<div id=\"attachment_3452\" style=\"width: 310px\" class=\"wp-caption alignleft\"><a href=\"https:\/\/www.naturparkmagazin.de\/stechlin\/wp-content\/uploads\/sites\/38\/36_Juniorranger.jpg\"><img aria-describedby=\"caption-attachment-3452\" decoding=\"async\" loading=\"lazy\" class=\"size-thumbnail wp-image-3452\" src=\"https:\/\/www.naturparkmagazin.de\/stechlin\/wp-content\/uploads\/sites\/38\/36_Juniorranger-300x180.jpg\" alt=\"Stolze Juniorranger mit ihren Betreuern\" width=\"300\" height=\"180\" srcset=\"https:\/\/www.naturparkmagazin.de\/stechlin\/wp-content\/uploads\/sites\/38\/36_Juniorranger-300x180.jpg 300w, https:\/\/www.naturparkmagazin.de\/stechlin\/wp-content\/uploads\/sites\/38\/36_Juniorranger.jpg 500w, https:\/\/www.naturparkmagazin.de\/stechlin\/wp-content\/uploads\/sites\/38\/36_Juniorranger-200x120.jpg 200w\" sizes=\"(max-width: 300px) 100vw, 300px\" \/><\/a><p id=\"caption-attachment-3452\" class=\"wp-caption-text\">Stolze Juniorranger mit ihren Betreuern<\/p><\/div>\n<p>&nbsp;<\/p>\n<p>&nbsp;<\/p>\n<p>&nbsp;<\/p>\n<p>&nbsp;<\/p>\n<p>&nbsp;<\/p>\n<p><a href=\"https:\/\/www.naturparkmagazin.de\/stechlin\/wp-content\/uploads\/sites\/38\/SAM_2866_1.jpg\">\u00a0<\/a><\/p>\n<p>&nbsp;<\/p>\n<div id=\"attachment_3455\" style=\"width: 310px\" class=\"wp-caption alignleft\"><a href=\"https:\/\/www.naturparkmagazin.de\/stechlin\/wp-content\/uploads\/sites\/38\/33Juniorranger.jpg\"><img aria-describedby=\"caption-attachment-3455\" decoding=\"async\" loading=\"lazy\" class=\"size-thumbnail wp-image-3455\" src=\"https:\/\/www.naturparkmagazin.de\/stechlin\/wp-content\/uploads\/sites\/38\/33Juniorranger-300x201.jpg\" alt=\"Mit Basecap und T-Shirt zum Juniorranger.\" width=\"300\" height=\"201\" srcset=\"https:\/\/www.naturparkmagazin.de\/stechlin\/wp-content\/uploads\/sites\/38\/33Juniorranger-300x201.jpg 300w, https:\/\/www.naturparkmagazin.de\/stechlin\/wp-content\/uploads\/sites\/38\/33Juniorranger.jpg 500w, https:\/\/www.naturparkmagazin.de\/stechlin\/wp-content\/uploads\/sites\/38\/33Juniorranger-200x134.jpg 200w\" sizes=\"(max-width: 300px) 100vw, 300px\" \/><\/a><p id=\"caption-attachment-3455\" class=\"wp-caption-text\">Mit Basecap und T-Shirt zum Juniorranger.<\/p><\/div>\n<p>&nbsp;<\/p>\n<p>&nbsp;<\/p>\n<p>&nbsp;<\/p>\n<p>&nbsp;<\/p>\n<p>&nbsp;<\/p>\n<p>&nbsp;<\/p>\n<p>&nbsp;<\/p>\n<p>&nbsp;<\/p>\n<p>&nbsp;<\/p>\n<p>&nbsp;<\/p>\n<p>Im Rahmen des 10. Kleinen Naturschutztages am 18. Februar erhielten die Menzer Juniorranger ihre Ernennung.<\/p>\n<p>Stolz wie Bolle standen die 5 Kinder aus der AG Menzer Naturforscher auf der B\u00fchne im Saal der Regionalwerkstatt Stechlin. Ranger Thomas Hahn und Naturparkleiter Dr. Mario Schrumpf \u00fcberreichten T-Shirt, Base Cup und Urkunde. Thomas Hahn hat die Sch\u00fcler der Menzer Naturparkschule von der 2. bis 6. Klasse alle 2 Wochen im Rahmen der AG betreut. Themen waren u.a. Amphibien, Streuobstwiese, heimische Orchideen, Schutzgebiete, Naturwacht und Arten des Jahres. Diese wurden sowohl in der Theorie als auch bei der praktischen Naturschutzarbeit vor Ort vertieft. Die Menzer AG geh\u00f6rt zum landesweiten Juniorrangerprogramm der Naturwacht Brandenburg.<\/p>\n<p>Ein herzliches Dankesch\u00f6n geht an die Theodor-Fontane-Schule Menz f\u00fcr die erfolgreiche Kooperation!<\/p>\n","protected":false},"excerpt":{"rendered":"<p>Im Rahmen des 10. Kleinen Naturschutztages am 18. Februar erhielten die Menzer Juniorranger ihre Ernennung.<\/p>\n","protected":false},"author":39,"featured_media":3361,"comment_status":"open","ping_status":"open","sticky":false,"template":"","format":"standard","meta":[],"categories":[7],"tags":[],"yoast_head":"<!-- This site is optimized with the Yoast SEO plugin v19.10 - https:\/\/yoast.com\/wordpress\/plugins\/seo\/ -->\n<title>Menzer Naturforscher als Juniorranger ausgezeichnet - Naturpark Stechlin-Ruppiner Land<\/title>\n<meta name=\"robots\" content=\"index, follow, max-snippet:-1, max-image-preview:large, max-video-preview:-1\" \/>\n<link rel=\"canonical\" href=\"https:\/\/www.naturparkmagazin.de\/stechlin\/menzer-naturforscher-als-juniorranger-ausgezeichnet\/\" \/>\n<meta property=\"og:locale\" content=\"de_DE\" \/>\n<meta property=\"og:type\" content=\"article\" \/>\n<meta property=\"og:title\" content=\"Menzer Naturforscher als Juniorranger ausgezeichnet - Naturpark Stechlin-Ruppiner Land\" \/>\n<meta property=\"og:description\" content=\"Im Rahmen des 10. Kleinen Naturschutztages am 18. Februar erhielten die Menzer Juniorranger ihre Ernennung.\" \/>\n<meta property=\"og:url\" content=\"https:\/\/www.naturparkmagazin.de\/stechlin\/menzer-naturforscher-als-juniorranger-ausgezeichnet\/\" \/>\n<meta property=\"og:site_name\" content=\"Naturpark Stechlin-Ruppiner Land\" \/>\n<meta property=\"article:published_time\" content=\"2016-02-12T10:06:02+00:00\" \/>\n<meta property=\"article:modified_time\" content=\"2016-02-22T08:46:00+00:00\" \/>\n<meta property=\"og:image\" content=\"https:\/\/www.naturparkmagazin.de\/stechlin\/wp-content\/uploads\/sites\/38\/2866_1.jpg\" \/>\n\t<meta property=\"og:image:width\" content=\"250\" \/>\n\t<meta property=\"og:image:height\" content=\"200\" \/>\n\t<meta property=\"og:image:type\" content=\"image\/jpeg\" \/>\n<meta name=\"author\" content=\"marioschrumpf\" \/>\n<meta name=\"twitter:label1\" content=\"Verfasst von\" \/>\n\t<meta name=\"twitter:data1\" content=\"marioschrumpf\" \/>\n\t<meta name=\"twitter:label2\" content=\"Gesch\u00e4tzte Lesezeit\" \/>\n\t<meta name=\"twitter:data2\" content=\"1\u00a0Minute\" \/>\n<script type=\"application\/ld+json\" class=\"yoast-schema-graph\">{\"@context\":\"https:\/\/schema.org\",\"@graph\":[{\"@type\":\"WebPage\",\"@id\":\"https:\/\/www.naturparkmagazin.de\/stechlin\/menzer-naturforscher-als-juniorranger-ausgezeichnet\/\",\"url\":\"https:\/\/www.naturparkmagazin.de\/stechlin\/menzer-naturforscher-als-juniorranger-ausgezeichnet\/\",\"name\":\"Menzer Naturforscher als Juniorranger ausgezeichnet - Naturpark Stechlin-Ruppiner Land\",\"isPartOf\":{\"@id\":\"https:\/\/www.naturparkmagazin.de\/stechlin\/#website\"},\"datePublished\":\"2016-02-12T10:06:02+00:00\",\"dateModified\":\"2016-02-22T08:46:00+00:00\",\"author\":{\"@id\":\"https:\/\/www.naturparkmagazin.de\/stechlin\/#\/schema\/person\/3f0d93203df21c806dd63c76d9bb28bc\"},\"breadcrumb\":{\"@id\":\"https:\/\/www.naturparkmagazin.de\/stechlin\/menzer-naturforscher-als-juniorranger-ausgezeichnet\/#breadcrumb\"},\"inLanguage\":\"de\",\"potentialAction\":[{\"@type\":\"ReadAction\",\"target\":[\"https:\/\/www.naturparkmagazin.de\/stechlin\/menzer-naturforscher-als-juniorranger-ausgezeichnet\/\"]}]},{\"@type\":\"BreadcrumbList\",\"@id\":\"https:\/\/www.naturparkmagazin.de\/stechlin\/menzer-naturforscher-als-juniorranger-ausgezeichnet\/#breadcrumb\",\"itemListElement\":[{\"@type\":\"ListItem\",\"position\":1,\"name\":\"Home\",\"item\":\"https:\/\/www.naturparkmagazin.de\/stechlin\/\"},{\"@type\":\"ListItem\",\"position\":2,\"name\":\"Menzer Naturforscher als Juniorranger ausgezeichnet\"}]},{\"@type\":\"WebSite\",\"@id\":\"https:\/\/www.naturparkmagazin.de\/stechlin\/#website\",\"url\":\"https:\/\/www.naturparkmagazin.de\/stechlin\/\",\"name\":\"Naturpark Stechlin-Ruppiner Land\",\"description\":\"\",\"potentialAction\":[{\"@type\":\"SearchAction\",\"target\":{\"@type\":\"EntryPoint\",\"urlTemplate\":\"https:\/\/www.naturparkmagazin.de\/stechlin\/?s={search_term_string}\"},\"query-input\":\"required name=search_term_string\"}],\"inLanguage\":\"de\"},{\"@type\":\"Person\",\"@id\":\"https:\/\/www.naturparkmagazin.de\/stechlin\/#\/schema\/person\/3f0d93203df21c806dd63c76d9bb28bc\",\"name\":\"marioschrumpf\",\"url\":\"https:\/\/www.naturparkmagazin.de\/stechlin\/author\/marioschrumpf\/\"}]}<\/script>\n<!-- \/ Yoast SEO plugin. -->","yoast_head_json":{"title":"Menzer Naturforscher als Juniorranger ausgezeichnet - Naturpark Stechlin-Ruppiner Land","robots":{"index":"index","follow":"follow","max-snippet":"max-snippet:-1","max-image-preview":"max-image-preview:large","max-video-preview":"max-video-preview:-1"},"canonical":"https:\/\/www.naturparkmagazin.de\/stechlin\/menzer-naturforscher-als-juniorranger-ausgezeichnet\/","og_locale":"de_DE","og_type":"article","og_title":"Menzer Naturforscher als Juniorranger ausgezeichnet - Naturpark Stechlin-Ruppiner Land","og_description":"Im Rahmen des 10. Kleinen Naturschutztages am 18. Februar erhielten die Menzer Juniorranger ihre Ernennung.","og_url":"https:\/\/www.naturparkmagazin.de\/stechlin\/menzer-naturforscher-als-juniorranger-ausgezeichnet\/","og_site_name":"Naturpark Stechlin-Ruppiner Land","article_published_time":"2016-02-12T10:06:02+00:00","article_modified_time":"2016-02-22T08:46:00+00:00","og_image":[{"width":250,"height":200,"url":"https:\/\/www.naturparkmagazin.de\/stechlin\/wp-content\/uploads\/sites\/38\/2866_1.jpg","type":"image\/jpeg"}],"author":"marioschrumpf","twitter_misc":{"Verfasst von":"marioschrumpf","Gesch\u00e4tzte Lesezeit":"1\u00a0Minute"},"schema":{"@context":"https:\/\/schema.org","@graph":[{"@type":"WebPage","@id":"https:\/\/www.naturparkmagazin.de\/stechlin\/menzer-naturforscher-als-juniorranger-ausgezeichnet\/","url":"https:\/\/www.naturparkmagazin.de\/stechlin\/menzer-naturforscher-als-juniorranger-ausgezeichnet\/","name":"Menzer Naturforscher als Juniorranger ausgezeichnet - Naturpark Stechlin-Ruppiner Land","isPartOf":{"@id":"https:\/\/www.naturparkmagazin.de\/stechlin\/#website"},"datePublished":"2016-02-12T10:06:02+00:00","dateModified":"2016-02-22T08:46:00+00:00","author":{"@id":"https:\/\/www.naturparkmagazin.de\/stechlin\/#\/schema\/person\/3f0d93203df21c806dd63c76d9bb28bc"},"breadcrumb":{"@id":"https:\/\/www.naturparkmagazin.de\/stechlin\/menzer-naturforscher-als-juniorranger-ausgezeichnet\/#breadcrumb"},"inLanguage":"de","potentialAction":[{"@type":"ReadAction","target":["https:\/\/www.naturparkmagazin.de\/stechlin\/menzer-naturforscher-als-juniorranger-ausgezeichnet\/"]}]},{"@type":"BreadcrumbList","@id":"https:\/\/www.naturparkmagazin.de\/stechlin\/menzer-naturforscher-als-juniorranger-ausgezeichnet\/#breadcrumb","itemListElement":[{"@type":"ListItem","position":1,"name":"Home","item":"https:\/\/www.naturparkmagazin.de\/stechlin\/"},{"@type":"ListItem","position":2,"name":"Menzer Naturforscher als Juniorranger ausgezeichnet"}]},{"@type":"WebSite","@id":"https:\/\/www.naturparkmagazin.de\/stechlin\/#website","url":"https:\/\/www.naturparkmagazin.de\/stechlin\/","name":"Naturpark Stechlin-Ruppiner Land","description":"","potentialAction":[{"@type":"SearchAction","target":{"@type":"EntryPoint","urlTemplate":"https:\/\/www.naturparkmagazin.de\/stechlin\/?s={search_term_string}"},"query-input":"required name=search_term_string"}],"inLanguage":"de"},{"@type":"Person","@id":"https:\/\/www.naturparkmagazin.de\/stechlin\/#\/schema\/person\/3f0d93203df21c806dd63c76d9bb28bc","name":"marioschrumpf","url":"https:\/\/www.naturparkmagazin.de\/stechlin\/author\/marioschrumpf\/"}]}},"_links":{"self":[{"href":"https:\/\/www.naturparkmagazin.de\/stechlin\/wp-json\/wp\/v2\/posts\/3358"}],"collection":[{"href":"https:\/\/www.naturparkmagazin.de\/stechlin\/wp-json\/wp\/v2\/posts"}],"about":[{"href":"https:\/\/www.naturparkmagazin.de\/stechlin\/wp-json\/wp\/v2\/types\/post"}],"author":[{"embeddable":true,"href":"https:\/\/www.naturparkmagazin.de\/stechlin\/wp-json\/wp\/v2\/users\/39"}],"replies":[{"embeddable":true,"href":"https:\/\/www.naturparkmagazin.de\/stechlin\/wp-json\/wp\/v2\/comments?post=3358"}],"version-history":[{"count":6,"href":"https:\/\/www.naturparkmagazin.de\/stechlin\/wp-json\/wp\/v2\/posts\/3358\/revisions"}],"predecessor-version":[{"id":3457,"href":"https:\/\/www.naturparkmagazin.de\/stechlin\/wp-json\/wp\/v2\/posts\/3358\/revisions\/3457"}],"wp:featuredmedia":[{"embeddable":true,"href":"https:\/\/www.naturparkmagazin.de\/stechlin\/wp-json\/wp\/v2\/media\/3361"}],"wp:attachment":[{"href":"https:\/\/www.naturparkmagazin.de\/stechlin\/wp-json\/wp\/v2\/media?parent=3358"}],"wp:term":[{"taxonomy":"category","embeddable":true,"href":"https:\/\/www.naturparkmagazin.de\/stechlin\/wp-json\/wp\/v2\/categories?post=3358"},{"taxonomy":"post_tag","embeddable":true,"href":"https:\/\/www.naturparkmagazin.de\/stechlin\/wp-json\/wp\/v2\/tags?post=3358"}],"curies":[{"name":"wp","href":"https:\/\/api.w.org\/{rel}","templated":true}]}}