{"id":3363,"date":"2017-02-13T08:40:28","date_gmt":"2017-02-13T07:40:28","guid":{"rendered":"http:\/\/www.naturparkmagazin.de\/stechlin\/?p=3363"},"modified":"2017-02-20T12:24:19","modified_gmt":"2017-02-20T11:24:19","slug":"auf-zur-alte-sorten-fragestunde-am-1-april-nach-menz","status":"publish","type":"post","link":"https:\/\/www.naturparkmagazin.de\/stechlin\/auf-zur-alte-sorten-fragestunde-am-1-april-nach-menz\/","title":{"rendered":"Auf zur &#8222;Alte Sorten-Fragestunde&#8220; am 31. M\u00e4rz nach Menz"},"content":{"rendered":"<div id=\"attachment_2206\" style=\"width: 310px\" class=\"wp-caption alignnone\"><a href=\"https:\/\/www.naturparkmagazin.de\/stechlin\/wp-content\/uploads\/sites\/38\/k-DSC_00055.jpg\"><img aria-describedby=\"caption-attachment-2206\" decoding=\"async\" loading=\"lazy\" class=\"size-thumbnail wp-image-2206\" src=\"https:\/\/www.naturparkmagazin.de\/stechlin\/wp-content\/uploads\/sites\/38\/k-DSC_00055-300x201.jpg\" alt=\"Elke Resnitschek von &quot;Elkes Paradies&quot; im Kundengespr\u00e4ch.\" width=\"300\" height=\"201\" srcset=\"https:\/\/www.naturparkmagazin.de\/stechlin\/wp-content\/uploads\/sites\/38\/k-DSC_00055-300x201.jpg 300w, https:\/\/www.naturparkmagazin.de\/stechlin\/wp-content\/uploads\/sites\/38\/k-DSC_00055-620x415.jpg 620w, https:\/\/www.naturparkmagazin.de\/stechlin\/wp-content\/uploads\/sites\/38\/k-DSC_00055-940x629.jpg 940w, https:\/\/www.naturparkmagazin.de\/stechlin\/wp-content\/uploads\/sites\/38\/k-DSC_00055-670x449.jpg 670w, https:\/\/www.naturparkmagazin.de\/stechlin\/wp-content\/uploads\/sites\/38\/k-DSC_00055-200x134.jpg 200w, https:\/\/www.naturparkmagazin.de\/stechlin\/wp-content\/uploads\/sites\/38\/k-DSC_00055.jpg 968w\" sizes=\"(max-width: 300px) 100vw, 300px\" \/><\/a><p id=\"caption-attachment-2206\" class=\"wp-caption-text\">Elke Resnitschek von &#8222;Elkes Paradies&#8220; im Kundengespr\u00e4ch.<\/p><\/div>\n<p>Wenn die Sonne wieder h\u00f6her steigt und die Gartenfans beginnen ihre Scholle zu beackern, dann ist wieder Zeit f\u00fcr die &#8222;Alte Sorten-Fragestunde&#8220;.<\/p>\n<p>Christof Blank vom Verein zur Erhaltung und Rekultivierung von Nutzpflanzen in Brandenburg (VERN e. V.) beantwortet am <strong>31. M\u00e4rz 2017, ab 18 Uhr<\/strong> in der Regionalwerkstatt Stechlin in Menz alle Fragen zu alten Sorten, zu Anbau, Pflege und Vermehrung. Zu Beginn werden einige neue Erkenntnisse aus der Erhaltung alter Nutzpflanzensorten pr\u00e4sentiert.<\/p>\n<p>Der VERN-Katalog mit Sortenbeschreibung liegt im NaturParkHaus Stechlin aus bzw. kann unter <a href=\"http:\/\/www.vern.de\">www.vern.de<\/a> eingesehen werden.<\/p>\n<p>An diesen Abend werden Pflanzkartoffeln und S\u00e4mereien abgegeben. Unkostenbeitrag 1 Portion Pflanzkartoffeln (10 Knollen) 3,50 \u20ac; 1 Portion Saatgut 2,50 \u20ac (f\u00fcr Mitglieder 2,00 \u20ac).<\/p>\n<p>&nbsp;<\/p>\n","protected":false},"excerpt":{"rendered":"<p>Wenn die Sonne wieder h\u00f6her steigt und die Gartenfans beginnen ihre Scholle zu beackern, dann ist wieder Zeit f\u00fcr die &#8222;Alte Sorten-Fragestunde&#8220;.<\/p>\n","protected":false},"author":39,"featured_media":3579,"comment_status":"open","ping_status":"open","sticky":false,"template":"","format":"standard","meta":[],"categories":[11],"tags":[],"yoast_head":"<!-- This site is optimized with the Yoast SEO plugin v19.10 - https:\/\/yoast.com\/wordpress\/plugins\/seo\/ -->\n<title>Auf zur &quot;Alte Sorten-Fragestunde&quot; am 31. M\u00e4rz nach Menz - Naturpark Stechlin-Ruppiner Land<\/title>\n<meta name=\"robots\" content=\"index, follow, max-snippet:-1, max-image-preview:large, max-video-preview:-1\" \/>\n<link rel=\"canonical\" href=\"https:\/\/www.naturparkmagazin.de\/stechlin\/auf-zur-alte-sorten-fragestunde-am-1-april-nach-menz\/\" \/>\n<meta property=\"og:locale\" content=\"de_DE\" \/>\n<meta property=\"og:type\" content=\"article\" \/>\n<meta property=\"og:title\" content=\"Auf zur &quot;Alte Sorten-Fragestunde&quot; am 31. M\u00e4rz nach Menz - Naturpark Stechlin-Ruppiner Land\" \/>\n<meta property=\"og:description\" content=\"Wenn die Sonne wieder h\u00f6her steigt und die Gartenfans beginnen ihre Scholle zu beackern, dann ist wieder Zeit f\u00fcr die &quot;Alte Sorten-Fragestunde&quot;.\" \/>\n<meta property=\"og:url\" content=\"https:\/\/www.naturparkmagazin.de\/stechlin\/auf-zur-alte-sorten-fragestunde-am-1-april-nach-menz\/\" \/>\n<meta property=\"og:site_name\" content=\"Naturpark Stechlin-Ruppiner Land\" \/>\n<meta property=\"article:published_time\" content=\"2017-02-13T07:40:28+00:00\" \/>\n<meta property=\"article:modified_time\" content=\"2017-02-20T11:24:19+00:00\" \/>\n<meta property=\"og:image\" content=\"https:\/\/www.naturparkmagazin.de\/stechlin\/wp-content\/uploads\/sites\/38\/Person_beitragsbild.jpg\" \/>\n\t<meta property=\"og:image:width\" content=\"200\" \/>\n\t<meta property=\"og:image:height\" content=\"200\" \/>\n\t<meta property=\"og:image:type\" content=\"image\/jpeg\" \/>\n<meta name=\"author\" content=\"marioschrumpf\" \/>\n<meta name=\"twitter:label1\" content=\"Verfasst von\" \/>\n\t<meta name=\"twitter:data1\" content=\"marioschrumpf\" \/>\n\t<meta name=\"twitter:label2\" content=\"Gesch\u00e4tzte Lesezeit\" \/>\n\t<meta name=\"twitter:data2\" content=\"1\u00a0Minute\" \/>\n<script type=\"application\/ld+json\" class=\"yoast-schema-graph\">{\"@context\":\"https:\/\/schema.org\",\"@graph\":[{\"@type\":\"WebPage\",\"@id\":\"https:\/\/www.naturparkmagazin.de\/stechlin\/auf-zur-alte-sorten-fragestunde-am-1-april-nach-menz\/\",\"url\":\"https:\/\/www.naturparkmagazin.de\/stechlin\/auf-zur-alte-sorten-fragestunde-am-1-april-nach-menz\/\",\"name\":\"Auf zur \\\"Alte Sorten-Fragestunde\\\" am 31. M\u00e4rz nach Menz - Naturpark Stechlin-Ruppiner Land\",\"isPartOf\":{\"@id\":\"https:\/\/www.naturparkmagazin.de\/stechlin\/#website\"},\"datePublished\":\"2017-02-13T07:40:28+00:00\",\"dateModified\":\"2017-02-20T11:24:19+00:00\",\"author\":{\"@id\":\"https:\/\/www.naturparkmagazin.de\/stechlin\/#\/schema\/person\/3f0d93203df21c806dd63c76d9bb28bc\"},\"breadcrumb\":{\"@id\":\"https:\/\/www.naturparkmagazin.de\/stechlin\/auf-zur-alte-sorten-fragestunde-am-1-april-nach-menz\/#breadcrumb\"},\"inLanguage\":\"de\",\"potentialAction\":[{\"@type\":\"ReadAction\",\"target\":[\"https:\/\/www.naturparkmagazin.de\/stechlin\/auf-zur-alte-sorten-fragestunde-am-1-april-nach-menz\/\"]}]},{\"@type\":\"BreadcrumbList\",\"@id\":\"https:\/\/www.naturparkmagazin.de\/stechlin\/auf-zur-alte-sorten-fragestunde-am-1-april-nach-menz\/#breadcrumb\",\"itemListElement\":[{\"@type\":\"ListItem\",\"position\":1,\"name\":\"Home\",\"item\":\"https:\/\/www.naturparkmagazin.de\/stechlin\/\"},{\"@type\":\"ListItem\",\"position\":2,\"name\":\"Auf zur &#8222;Alte Sorten-Fragestunde&#8220; am 31. M\u00e4rz nach Menz\"}]},{\"@type\":\"WebSite\",\"@id\":\"https:\/\/www.naturparkmagazin.de\/stechlin\/#website\",\"url\":\"https:\/\/www.naturparkmagazin.de\/stechlin\/\",\"name\":\"Naturpark Stechlin-Ruppiner Land\",\"description\":\"\",\"potentialAction\":[{\"@type\":\"SearchAction\",\"target\":{\"@type\":\"EntryPoint\",\"urlTemplate\":\"https:\/\/www.naturparkmagazin.de\/stechlin\/?s={search_term_string}\"},\"query-input\":\"required name=search_term_string\"}],\"inLanguage\":\"de\"},{\"@type\":\"Person\",\"@id\":\"https:\/\/www.naturparkmagazin.de\/stechlin\/#\/schema\/person\/3f0d93203df21c806dd63c76d9bb28bc\",\"name\":\"marioschrumpf\",\"url\":\"https:\/\/www.naturparkmagazin.de\/stechlin\/author\/marioschrumpf\/\"}]}<\/script>\n<!-- \/ Yoast SEO plugin. -->","yoast_head_json":{"title":"Auf zur \"Alte Sorten-Fragestunde\" am 31. M\u00e4rz nach Menz - Naturpark Stechlin-Ruppiner Land","robots":{"index":"index","follow":"follow","max-snippet":"max-snippet:-1","max-image-preview":"max-image-preview:large","max-video-preview":"max-video-preview:-1"},"canonical":"https:\/\/www.naturparkmagazin.de\/stechlin\/auf-zur-alte-sorten-fragestunde-am-1-april-nach-menz\/","og_locale":"de_DE","og_type":"article","og_title":"Auf zur \"Alte Sorten-Fragestunde\" am 31. M\u00e4rz nach Menz - Naturpark Stechlin-Ruppiner Land","og_description":"Wenn die Sonne wieder h\u00f6her steigt und die Gartenfans beginnen ihre Scholle zu beackern, dann ist wieder Zeit f\u00fcr die \"Alte Sorten-Fragestunde\".","og_url":"https:\/\/www.naturparkmagazin.de\/stechlin\/auf-zur-alte-sorten-fragestunde-am-1-april-nach-menz\/","og_site_name":"Naturpark Stechlin-Ruppiner Land","article_published_time":"2017-02-13T07:40:28+00:00","article_modified_time":"2017-02-20T11:24:19+00:00","og_image":[{"width":200,"height":200,"url":"https:\/\/www.naturparkmagazin.de\/stechlin\/wp-content\/uploads\/sites\/38\/Person_beitragsbild.jpg","type":"image\/jpeg"}],"author":"marioschrumpf","twitter_misc":{"Verfasst von":"marioschrumpf","Gesch\u00e4tzte Lesezeit":"1\u00a0Minute"},"schema":{"@context":"https:\/\/schema.org","@graph":[{"@type":"WebPage","@id":"https:\/\/www.naturparkmagazin.de\/stechlin\/auf-zur-alte-sorten-fragestunde-am-1-april-nach-menz\/","url":"https:\/\/www.naturparkmagazin.de\/stechlin\/auf-zur-alte-sorten-fragestunde-am-1-april-nach-menz\/","name":"Auf zur \"Alte Sorten-Fragestunde\" am 31. M\u00e4rz nach Menz - Naturpark Stechlin-Ruppiner Land","isPartOf":{"@id":"https:\/\/www.naturparkmagazin.de\/stechlin\/#website"},"datePublished":"2017-02-13T07:40:28+00:00","dateModified":"2017-02-20T11:24:19+00:00","author":{"@id":"https:\/\/www.naturparkmagazin.de\/stechlin\/#\/schema\/person\/3f0d93203df21c806dd63c76d9bb28bc"},"breadcrumb":{"@id":"https:\/\/www.naturparkmagazin.de\/stechlin\/auf-zur-alte-sorten-fragestunde-am-1-april-nach-menz\/#breadcrumb"},"inLanguage":"de","potentialAction":[{"@type":"ReadAction","target":["https:\/\/www.naturparkmagazin.de\/stechlin\/auf-zur-alte-sorten-fragestunde-am-1-april-nach-menz\/"]}]},{"@type":"BreadcrumbList","@id":"https:\/\/www.naturparkmagazin.de\/stechlin\/auf-zur-alte-sorten-fragestunde-am-1-april-nach-menz\/#breadcrumb","itemListElement":[{"@type":"ListItem","position":1,"name":"Home","item":"https:\/\/www.naturparkmagazin.de\/stechlin\/"},{"@type":"ListItem","position":2,"name":"Auf zur &#8222;Alte Sorten-Fragestunde&#8220; am 31. M\u00e4rz nach Menz"}]},{"@type":"WebSite","@id":"https:\/\/www.naturparkmagazin.de\/stechlin\/#website","url":"https:\/\/www.naturparkmagazin.de\/stechlin\/","name":"Naturpark Stechlin-Ruppiner Land","description":"","potentialAction":[{"@type":"SearchAction","target":{"@type":"EntryPoint","urlTemplate":"https:\/\/www.naturparkmagazin.de\/stechlin\/?s={search_term_string}"},"query-input":"required name=search_term_string"}],"inLanguage":"de"},{"@type":"Person","@id":"https:\/\/www.naturparkmagazin.de\/stechlin\/#\/schema\/person\/3f0d93203df21c806dd63c76d9bb28bc","name":"marioschrumpf","url":"https:\/\/www.naturparkmagazin.de\/stechlin\/author\/marioschrumpf\/"}]}},"_links":{"self":[{"href":"https:\/\/www.naturparkmagazin.de\/stechlin\/wp-json\/wp\/v2\/posts\/3363"}],"collection":[{"href":"https:\/\/www.naturparkmagazin.de\/stechlin\/wp-json\/wp\/v2\/posts"}],"about":[{"href":"https:\/\/www.naturparkmagazin.de\/stechlin\/wp-json\/wp\/v2\/types\/post"}],"author":[{"embeddable":true,"href":"https:\/\/www.naturparkmagazin.de\/stechlin\/wp-json\/wp\/v2\/users\/39"}],"replies":[{"embeddable":true,"href":"https:\/\/www.naturparkmagazin.de\/stechlin\/wp-json\/wp\/v2\/comments?post=3363"}],"version-history":[{"count":13,"href":"https:\/\/www.naturparkmagazin.de\/stechlin\/wp-json\/wp\/v2\/posts\/3363\/revisions"}],"predecessor-version":[{"id":3427,"href":"https:\/\/www.naturparkmagazin.de\/stechlin\/wp-json\/wp\/v2\/posts\/3363\/revisions\/3427"}],"wp:featuredmedia":[{"embeddable":true,"href":"https:\/\/www.naturparkmagazin.de\/stechlin\/wp-json\/wp\/v2\/media\/3579"}],"wp:attachment":[{"href":"https:\/\/www.naturparkmagazin.de\/stechlin\/wp-json\/wp\/v2\/media?parent=3363"}],"wp:term":[{"taxonomy":"category","embeddable":true,"href":"https:\/\/www.naturparkmagazin.de\/stechlin\/wp-json\/wp\/v2\/categories?post=3363"},{"taxonomy":"post_tag","embeddable":true,"href":"https:\/\/www.naturparkmagazin.de\/stechlin\/wp-json\/wp\/v2\/tags?post=3363"}],"curies":[{"name":"wp","href":"https:\/\/api.w.org\/{rel}","templated":true}]}}