{"id":3370,"date":"2016-02-15T20:42:08","date_gmt":"2016-02-15T19:42:08","guid":{"rendered":"http:\/\/www.naturparkmagazin.de\/stechlin\/?p=3370"},"modified":"2026-01-21T09:58:49","modified_gmt":"2026-01-21T08:58:49","slug":"fruehlingsboten-malerei-von-christel-stuewe","status":"publish","type":"post","link":"https:\/\/www.naturparkmagazin.de\/stechlin\/fruehlingsboten-malerei-von-christel-stuewe\/","title":{"rendered":"&#8222;Fr\u00fchlingsboten&#8220; &#8211; Malerei von Christel St\u00fcwe (2016)"},"content":{"rendered":"<p><a href=\"https:\/\/www.naturparkmagazin.de\/stechlin\/wp-content\/uploads\/sites\/38\/Birkenwald.jpg\"><img decoding=\"async\" loading=\"lazy\" class=\"alignleft size-thumbnail wp-image-3371\" src=\"https:\/\/www.naturparkmagazin.de\/stechlin\/wp-content\/uploads\/sites\/38\/Birkenwald-300x398.jpg\" alt=\"NP SRL\/Christel St\u00fcwe\" width=\"300\" height=\"398\" srcset=\"https:\/\/www.naturparkmagazin.de\/stechlin\/wp-content\/uploads\/sites\/38\/Birkenwald-300x398.jpg 300w, https:\/\/www.naturparkmagazin.de\/stechlin\/wp-content\/uploads\/sites\/38\/Birkenwald-135x180.jpg 135w, https:\/\/www.naturparkmagazin.de\/stechlin\/wp-content\/uploads\/sites\/38\/Birkenwald-53x71.jpg 53w, https:\/\/www.naturparkmagazin.de\/stechlin\/wp-content\/uploads\/sites\/38\/Birkenwald-200x265.jpg 200w, https:\/\/www.naturparkmagazin.de\/stechlin\/wp-content\/uploads\/sites\/38\/Birkenwald.jpg 516w\" sizes=\"(max-width: 300px) 100vw, 300px\" \/><\/a><\/p>\n<p>&nbsp;<\/p>\n<p>&nbsp;<\/p>\n<p>&nbsp;<\/p>\n<p>&nbsp;<\/p>\n<p>&nbsp;<\/p>\n<p>&nbsp;<\/p>\n<p>&nbsp;<\/p>\n<p>&nbsp;<\/p>\n<p>&nbsp;<\/p>\n<p>&nbsp;<\/p>\n<p>&nbsp;<\/p>\n<p>&nbsp;<\/p>\n<p>&nbsp;<\/p>\n<p>&nbsp;<\/p>\n<p>Am <strong>11. M\u00e4rz 2016, 18 Uhr<\/strong> wird in der <strong>Regionalwerkstatt Stechlin<\/strong> in Menz eine Ausstellung der Granseer Hobbymalerin <strong>Christel St\u00fcwe<\/strong> er\u00f6ffnet.<\/p>\n<p>Thematisch\u00a0setzen sich die Werke mit dem erwachenden Fr\u00fchling auseinander. Christel St\u00fcwe stellt bereits zum dritten mal in Menz aus. Alle Bilder k\u00f6nnen auch k\u00e4uflich erworben werden. Die Ausstellung kann vom 11.3.-20.5. t\u00e4glich besucht werden. Bitte im benachbarten NaturParkHaus Stechlin melden! Der Eintritt ist frei.<\/p>\n<p><a href=\"https:\/\/www.naturparkmagazin.de\/stechlin\/wp-content\/uploads\/sites\/38\/Frau1.jpg\"><img decoding=\"async\" loading=\"lazy\" class=\"alignleft size-thumbnail wp-image-3372\" src=\"https:\/\/www.naturparkmagazin.de\/stechlin\/wp-content\/uploads\/sites\/38\/Frau1-300x460.jpg\" alt=\"NP SRL\/Christel St\u00fcwe\" width=\"300\" height=\"460\" srcset=\"https:\/\/www.naturparkmagazin.de\/stechlin\/wp-content\/uploads\/sites\/38\/Frau1-300x460.jpg 300w, https:\/\/www.naturparkmagazin.de\/stechlin\/wp-content\/uploads\/sites\/38\/Frau1-200x307.jpg 200w, https:\/\/www.naturparkmagazin.de\/stechlin\/wp-content\/uploads\/sites\/38\/Frau1.jpg 576w\" sizes=\"(max-width: 300px) 100vw, 300px\" \/>\n<\/a><\/p>\n","protected":false},"excerpt":{"rendered":"<p>Am 11. M\u00e4rz, 18 Uhr wird in der Regionalwerkstatt Stechlin in Menz eine Ausstellung der Granseer Hobbymalerin Christel St\u00fcwe er\u00f6ffnet.<\/p>\n","protected":false},"author":39,"featured_media":3373,"comment_status":"open","ping_status":"open","sticky":false,"template":"","format":"standard","meta":[],"categories":[11],"tags":[],"yoast_head":"<!-- This site is optimized with the Yoast SEO plugin v19.10 - https:\/\/yoast.com\/wordpress\/plugins\/seo\/ -->\n<title>&quot;Fr\u00fchlingsboten&quot; - Malerei von Christel St\u00fcwe (2016) - Naturpark Stechlin-Ruppiner Land<\/title>\n<meta name=\"robots\" content=\"index, follow, max-snippet:-1, max-image-preview:large, max-video-preview:-1\" \/>\n<link rel=\"canonical\" href=\"https:\/\/www.naturparkmagazin.de\/stechlin\/fruehlingsboten-malerei-von-christel-stuewe\/\" \/>\n<meta property=\"og:locale\" content=\"de_DE\" \/>\n<meta property=\"og:type\" content=\"article\" \/>\n<meta property=\"og:title\" content=\"&quot;Fr\u00fchlingsboten&quot; - Malerei von Christel St\u00fcwe (2016) - Naturpark Stechlin-Ruppiner Land\" \/>\n<meta property=\"og:description\" content=\"Am 11. M\u00e4rz, 18 Uhr wird in der Regionalwerkstatt Stechlin in Menz eine Ausstellung der Granseer Hobbymalerin Christel St\u00fcwe er\u00f6ffnet.\" \/>\n<meta property=\"og:url\" content=\"https:\/\/www.naturparkmagazin.de\/stechlin\/fruehlingsboten-malerei-von-christel-stuewe\/\" \/>\n<meta property=\"og:site_name\" content=\"Naturpark Stechlin-Ruppiner Land\" \/>\n<meta property=\"article:published_time\" content=\"2016-02-15T19:42:08+00:00\" \/>\n<meta property=\"article:modified_time\" content=\"2026-01-21T08:58:49+00:00\" \/>\n<meta property=\"og:image\" content=\"https:\/\/www.naturparkmagazin.de\/stechlin\/wp-content\/uploads\/sites\/38\/Frau2.jpg\" \/>\n\t<meta property=\"og:image:width\" content=\"883\" \/>\n\t<meta property=\"og:image:height\" content=\"595\" \/>\n\t<meta property=\"og:image:type\" content=\"image\/jpeg\" \/>\n<meta name=\"author\" content=\"marioschrumpf\" \/>\n<meta name=\"twitter:label1\" content=\"Verfasst von\" \/>\n\t<meta name=\"twitter:data1\" content=\"marioschrumpf\" \/>\n\t<meta name=\"twitter:label2\" content=\"Gesch\u00e4tzte Lesezeit\" \/>\n\t<meta name=\"twitter:data2\" content=\"1\u00a0Minute\" \/>\n<script type=\"application\/ld+json\" class=\"yoast-schema-graph\">{\"@context\":\"https:\/\/schema.org\",\"@graph\":[{\"@type\":\"WebPage\",\"@id\":\"https:\/\/www.naturparkmagazin.de\/stechlin\/fruehlingsboten-malerei-von-christel-stuewe\/\",\"url\":\"https:\/\/www.naturparkmagazin.de\/stechlin\/fruehlingsboten-malerei-von-christel-stuewe\/\",\"name\":\"\\\"Fr\u00fchlingsboten\\\" - Malerei von Christel St\u00fcwe (2016) - Naturpark Stechlin-Ruppiner Land\",\"isPartOf\":{\"@id\":\"https:\/\/www.naturparkmagazin.de\/stechlin\/#website\"},\"datePublished\":\"2016-02-15T19:42:08+00:00\",\"dateModified\":\"2026-01-21T08:58:49+00:00\",\"author\":{\"@id\":\"https:\/\/www.naturparkmagazin.de\/stechlin\/#\/schema\/person\/3f0d93203df21c806dd63c76d9bb28bc\"},\"breadcrumb\":{\"@id\":\"https:\/\/www.naturparkmagazin.de\/stechlin\/fruehlingsboten-malerei-von-christel-stuewe\/#breadcrumb\"},\"inLanguage\":\"de\",\"potentialAction\":[{\"@type\":\"ReadAction\",\"target\":[\"https:\/\/www.naturparkmagazin.de\/stechlin\/fruehlingsboten-malerei-von-christel-stuewe\/\"]}]},{\"@type\":\"BreadcrumbList\",\"@id\":\"https:\/\/www.naturparkmagazin.de\/stechlin\/fruehlingsboten-malerei-von-christel-stuewe\/#breadcrumb\",\"itemListElement\":[{\"@type\":\"ListItem\",\"position\":1,\"name\":\"Home\",\"item\":\"https:\/\/www.naturparkmagazin.de\/stechlin\/\"},{\"@type\":\"ListItem\",\"position\":2,\"name\":\"&#8222;Fr\u00fchlingsboten&#8220; &#8211; Malerei von Christel St\u00fcwe (2016)\"}]},{\"@type\":\"WebSite\",\"@id\":\"https:\/\/www.naturparkmagazin.de\/stechlin\/#website\",\"url\":\"https:\/\/www.naturparkmagazin.de\/stechlin\/\",\"name\":\"Naturpark Stechlin-Ruppiner Land\",\"description\":\"\",\"potentialAction\":[{\"@type\":\"SearchAction\",\"target\":{\"@type\":\"EntryPoint\",\"urlTemplate\":\"https:\/\/www.naturparkmagazin.de\/stechlin\/?s={search_term_string}\"},\"query-input\":\"required name=search_term_string\"}],\"inLanguage\":\"de\"},{\"@type\":\"Person\",\"@id\":\"https:\/\/www.naturparkmagazin.de\/stechlin\/#\/schema\/person\/3f0d93203df21c806dd63c76d9bb28bc\",\"name\":\"marioschrumpf\",\"url\":\"https:\/\/www.naturparkmagazin.de\/stechlin\/author\/marioschrumpf\/\"}]}<\/script>\n<!-- \/ Yoast SEO plugin. -->","yoast_head_json":{"title":"\"Fr\u00fchlingsboten\" - Malerei von Christel St\u00fcwe (2016) - Naturpark Stechlin-Ruppiner Land","robots":{"index":"index","follow":"follow","max-snippet":"max-snippet:-1","max-image-preview":"max-image-preview:large","max-video-preview":"max-video-preview:-1"},"canonical":"https:\/\/www.naturparkmagazin.de\/stechlin\/fruehlingsboten-malerei-von-christel-stuewe\/","og_locale":"de_DE","og_type":"article","og_title":"\"Fr\u00fchlingsboten\" - Malerei von Christel St\u00fcwe (2016) - Naturpark Stechlin-Ruppiner Land","og_description":"Am 11. M\u00e4rz, 18 Uhr wird in der Regionalwerkstatt Stechlin in Menz eine Ausstellung der Granseer Hobbymalerin Christel St\u00fcwe er\u00f6ffnet.","og_url":"https:\/\/www.naturparkmagazin.de\/stechlin\/fruehlingsboten-malerei-von-christel-stuewe\/","og_site_name":"Naturpark Stechlin-Ruppiner Land","article_published_time":"2016-02-15T19:42:08+00:00","article_modified_time":"2026-01-21T08:58:49+00:00","og_image":[{"width":883,"height":595,"url":"https:\/\/www.naturparkmagazin.de\/stechlin\/wp-content\/uploads\/sites\/38\/Frau2.jpg","type":"image\/jpeg"}],"author":"marioschrumpf","twitter_misc":{"Verfasst von":"marioschrumpf","Gesch\u00e4tzte Lesezeit":"1\u00a0Minute"},"schema":{"@context":"https:\/\/schema.org","@graph":[{"@type":"WebPage","@id":"https:\/\/www.naturparkmagazin.de\/stechlin\/fruehlingsboten-malerei-von-christel-stuewe\/","url":"https:\/\/www.naturparkmagazin.de\/stechlin\/fruehlingsboten-malerei-von-christel-stuewe\/","name":"\"Fr\u00fchlingsboten\" - Malerei von Christel St\u00fcwe (2016) - Naturpark Stechlin-Ruppiner Land","isPartOf":{"@id":"https:\/\/www.naturparkmagazin.de\/stechlin\/#website"},"datePublished":"2016-02-15T19:42:08+00:00","dateModified":"2026-01-21T08:58:49+00:00","author":{"@id":"https:\/\/www.naturparkmagazin.de\/stechlin\/#\/schema\/person\/3f0d93203df21c806dd63c76d9bb28bc"},"breadcrumb":{"@id":"https:\/\/www.naturparkmagazin.de\/stechlin\/fruehlingsboten-malerei-von-christel-stuewe\/#breadcrumb"},"inLanguage":"de","potentialAction":[{"@type":"ReadAction","target":["https:\/\/www.naturparkmagazin.de\/stechlin\/fruehlingsboten-malerei-von-christel-stuewe\/"]}]},{"@type":"BreadcrumbList","@id":"https:\/\/www.naturparkmagazin.de\/stechlin\/fruehlingsboten-malerei-von-christel-stuewe\/#breadcrumb","itemListElement":[{"@type":"ListItem","position":1,"name":"Home","item":"https:\/\/www.naturparkmagazin.de\/stechlin\/"},{"@type":"ListItem","position":2,"name":"&#8222;Fr\u00fchlingsboten&#8220; &#8211; Malerei von Christel St\u00fcwe (2016)"}]},{"@type":"WebSite","@id":"https:\/\/www.naturparkmagazin.de\/stechlin\/#website","url":"https:\/\/www.naturparkmagazin.de\/stechlin\/","name":"Naturpark Stechlin-Ruppiner Land","description":"","potentialAction":[{"@type":"SearchAction","target":{"@type":"EntryPoint","urlTemplate":"https:\/\/www.naturparkmagazin.de\/stechlin\/?s={search_term_string}"},"query-input":"required name=search_term_string"}],"inLanguage":"de"},{"@type":"Person","@id":"https:\/\/www.naturparkmagazin.de\/stechlin\/#\/schema\/person\/3f0d93203df21c806dd63c76d9bb28bc","name":"marioschrumpf","url":"https:\/\/www.naturparkmagazin.de\/stechlin\/author\/marioschrumpf\/"}]}},"_links":{"self":[{"href":"https:\/\/www.naturparkmagazin.de\/stechlin\/wp-json\/wp\/v2\/posts\/3370"}],"collection":[{"href":"https:\/\/www.naturparkmagazin.de\/stechlin\/wp-json\/wp\/v2\/posts"}],"about":[{"href":"https:\/\/www.naturparkmagazin.de\/stechlin\/wp-json\/wp\/v2\/types\/post"}],"author":[{"embeddable":true,"href":"https:\/\/www.naturparkmagazin.de\/stechlin\/wp-json\/wp\/v2\/users\/39"}],"replies":[{"embeddable":true,"href":"https:\/\/www.naturparkmagazin.de\/stechlin\/wp-json\/wp\/v2\/comments?post=3370"}],"version-history":[{"count":5,"href":"https:\/\/www.naturparkmagazin.de\/stechlin\/wp-json\/wp\/v2\/posts\/3370\/revisions"}],"predecessor-version":[{"id":18845,"href":"https:\/\/www.naturparkmagazin.de\/stechlin\/wp-json\/wp\/v2\/posts\/3370\/revisions\/18845"}],"wp:featuredmedia":[{"embeddable":true,"href":"https:\/\/www.naturparkmagazin.de\/stechlin\/wp-json\/wp\/v2\/media\/3373"}],"wp:attachment":[{"href":"https:\/\/www.naturparkmagazin.de\/stechlin\/wp-json\/wp\/v2\/media?parent=3370"}],"wp:term":[{"taxonomy":"category","embeddable":true,"href":"https:\/\/www.naturparkmagazin.de\/stechlin\/wp-json\/wp\/v2\/categories?post=3370"},{"taxonomy":"post_tag","embeddable":true,"href":"https:\/\/www.naturparkmagazin.de\/stechlin\/wp-json\/wp\/v2\/tags?post=3370"}],"curies":[{"name":"wp","href":"https:\/\/api.w.org\/{rel}","templated":true}]}}