{"id":3375,"date":"2016-02-15T13:42:48","date_gmt":"2016-02-15T12:42:48","guid":{"rendered":"http:\/\/www.naturparkmagazin.de\/stechlin\/?p=3375"},"modified":"2016-02-24T12:11:35","modified_gmt":"2016-02-24T11:11:35","slug":"viele-besucher-beim-jubilaeums-naturschutztag","status":"publish","type":"post","link":"https:\/\/www.naturparkmagazin.de\/stechlin\/viele-besucher-beim-jubilaeums-naturschutztag\/","title":{"rendered":"Viele Besucher beim Jubil\u00e4ums-Naturschutztag"},"content":{"rendered":"<div id=\"attachment_3445\" style=\"width: 310px\" class=\"wp-caption alignleft\"><a href=\"https:\/\/www.naturparkmagazin.de\/stechlin\/wp-content\/uploads\/sites\/38\/NST_Silke-Oldorff.jpg\"><img aria-describedby=\"caption-attachment-3445\" decoding=\"async\" loading=\"lazy\" class=\"size-thumbnail wp-image-3445\" src=\"https:\/\/www.naturparkmagazin.de\/stechlin\/wp-content\/uploads\/sites\/38\/NST_Silke-Oldorff-300x180.jpg\" alt=\"Silke Oldorff informiert \u00fcber die nach einem Aufruf auf dem Kleinen Naturschutztag 2015 gemeldeten Hirschk\u00e4ferfunde.\" width=\"300\" height=\"180\" srcset=\"https:\/\/www.naturparkmagazin.de\/stechlin\/wp-content\/uploads\/sites\/38\/NST_Silke-Oldorff-300x180.jpg 300w, https:\/\/www.naturparkmagazin.de\/stechlin\/wp-content\/uploads\/sites\/38\/NST_Silke-Oldorff.jpg 500w, https:\/\/www.naturparkmagazin.de\/stechlin\/wp-content\/uploads\/sites\/38\/NST_Silke-Oldorff-200x120.jpg 200w\" sizes=\"(max-width: 300px) 100vw, 300px\" \/><\/a><p id=\"caption-attachment-3445\" class=\"wp-caption-text\">Silke Oldorff informiert \u00fcber die nach einem Aufruf auf dem Kleinen Naturschutztag 2015 gemeldeten Hirschk\u00e4ferfunde.<\/p><\/div>\n<p>&nbsp;<\/p>\n<p>&nbsp;<\/p>\n<p>&nbsp;<\/p>\n<p>&nbsp;<\/p>\n<p>&nbsp;<\/p>\n<p>&nbsp;<\/p>\n<p>&nbsp;<\/p>\n<div id=\"attachment_3446\" style=\"width: 310px\" class=\"wp-caption alignleft\"><a href=\"https:\/\/www.naturparkmagazin.de\/stechlin\/wp-content\/uploads\/sites\/38\/45_NSTAlexandrin.jpg\"><img aria-describedby=\"caption-attachment-3446\" decoding=\"async\" loading=\"lazy\" class=\"size-thumbnail wp-image-3446\" src=\"https:\/\/www.naturparkmagazin.de\/stechlin\/wp-content\/uploads\/sites\/38\/45_NSTAlexandrin-300x180.jpg\" alt=\"Die stellvertretende Direktorin der Theodor-Fontane-Schule Menz, Frau Alexandrin, bedankte sich bei Thomas Hahn f\u00fcr sein Engagement bei der Juniorrangerausbildung.\" width=\"300\" height=\"180\" srcset=\"https:\/\/www.naturparkmagazin.de\/stechlin\/wp-content\/uploads\/sites\/38\/45_NSTAlexandrin-300x180.jpg 300w, https:\/\/www.naturparkmagazin.de\/stechlin\/wp-content\/uploads\/sites\/38\/45_NSTAlexandrin.jpg 500w, https:\/\/www.naturparkmagazin.de\/stechlin\/wp-content\/uploads\/sites\/38\/45_NSTAlexandrin-200x120.jpg 200w\" sizes=\"(max-width: 300px) 100vw, 300px\" \/><\/a><p id=\"caption-attachment-3446\" class=\"wp-caption-text\">Die stellvertretende Direktorin der Theodor-Fontane-Schule Menz, Frau Alexandrin, bedankte sich bei Thomas Hahn f\u00fcr sein Engagement bei der Juniorrangerausbildung.<\/p><\/div>\n<p>&nbsp;<\/p>\n<p>&nbsp;<\/p>\n<p>&nbsp;<\/p>\n<p>&nbsp;<\/p>\n<p>&nbsp;<\/p>\n<p>&nbsp;<\/p>\n<p>&nbsp;<\/p>\n<p>&nbsp;<\/p>\n<div id=\"attachment_3449\" style=\"width: 310px\" class=\"wp-caption alignleft\"><a href=\"https:\/\/www.naturparkmagazin.de\/stechlin\/wp-content\/uploads\/sites\/38\/NST_Torte.jpg\"><img aria-describedby=\"caption-attachment-3449\" decoding=\"async\" loading=\"lazy\" class=\"size-thumbnail wp-image-3449\" src=\"https:\/\/www.naturparkmagazin.de\/stechlin\/wp-content\/uploads\/sites\/38\/NST_Torte-300x180.jpg\" alt=\"Geburtstagstorte zum Jubil\u00e4ums-Naturschutztag\" width=\"300\" height=\"180\" srcset=\"https:\/\/www.naturparkmagazin.de\/stechlin\/wp-content\/uploads\/sites\/38\/NST_Torte-300x180.jpg 300w, https:\/\/www.naturparkmagazin.de\/stechlin\/wp-content\/uploads\/sites\/38\/NST_Torte.jpg 500w, https:\/\/www.naturparkmagazin.de\/stechlin\/wp-content\/uploads\/sites\/38\/NST_Torte-200x120.jpg 200w\" sizes=\"(max-width: 300px) 100vw, 300px\" \/><\/a><p id=\"caption-attachment-3449\" class=\"wp-caption-text\">Geburtstagstorte zum Jubil\u00e4ums-Naturschutztag<\/p><\/div>\n<p>&nbsp;<\/p>\n<p>&nbsp;<\/p>\n<p>&nbsp;<\/p>\n<p>&nbsp;<\/p>\n<p>&nbsp;<\/p>\n<p>&nbsp;<\/p>\n<p>&nbsp;<\/p>\n<p>&nbsp;<\/p>\n<p>&nbsp;<\/p>\n<p>&nbsp;<\/p>\n<p>Bereits zum zehnten Mal hat der Naturpark am 18. Februar zu seiner traditionellen Jahrestagung eingeladen.<\/p>\n<p>Das Besucherinteresse war auch in diesem Jahr wieder gro\u00df. Mehr als 100 G\u00e4ste, u.a. Vertreter von Landkreisen und Kommunen, der Landesforst, Ehrenamtliche Natursch\u00fctzer, Wissenschaftler, Pressevertreter und interessierte B\u00fcrger kamen zur Jubil\u00e4ums-Tagung. Vorgestellt werden auf der mittlerweile traditionellen Veranstaltung Untersuchungen, Planungen und Projekte, die im zur\u00fcckliegenden Jahr durch die Naturparkverwaltung oder ihre Kooperationspartner beauftragt oder mit Partnern umgesetzt wurden, sowie Vorhaben f\u00fcr die n\u00e4chsten Jahre. Die Ergebnisse der Effizienzkontrolle an der station\u00e4ren Amphibienleiteinrichtung bei Altglobsow im FFH-Gebiet Globsower Buchheide pr\u00e4sentiert Naturwacht-Mitarbeiter Thomas Hahn. Sie belegen, dass sich hier, wo Erdkr\u00f6ten, Moor-, Gras- und Teichfr\u00f6sche sowie Kamm- und Teichmolche auf dem Weg vom Landlebensraum zu ihren drei Laichgew\u00e4ssern eine Stra\u00dfe queren m\u00fcssen, die langj\u00e4hrigen Anstrengungen zu deren Schutz auszahlen. Zuvor war das \u00dcberqueren der Stra\u00dfe f\u00fcr viele Tiere t\u00f6dlich. Das hat sich seit 1996 Schritt f\u00fcr Schritt ge\u00e4ndert. Zun\u00e4chst war ab 1996 zur Zeit der Amphibienwanderung ein tempor\u00e4rer Schutz eingerichtet und durch zahlreicher Ehrenamtliche und die Naturwacht betreut worden, schlie\u00dflich wurde im Herbst 2008 die station\u00e4re Leiteinrichtung gebaut. 195.000 EUR EU-F\u00f6rdermittel aus dem Programm zur Sicherung des nat\u00fcrlichen Erbes und aus Mitteln des NaturSchutzFonds Brandenburg wurden f\u00fcr die auf einer L\u00e4nge von ca. 750 m an beiden Stra\u00dfenseiten errichtete Anlage mit 15 Tunneln ausgegeben, mit 30.000 EUR finanzierte der NaturSchutzFonds zudem 2010 die Revitalisierung des Laichgew\u00e4ssers Schleiluch. Nun zeigen die Zahlen, dass sich die Anstrengungen und Investitionen gelohnt haben. Seit 1996 hat sich die Amphibienpopulation nahezu verzehnfacht. 2015 nutzten ca. 5.000 Tiere den gefahrlosen Weg durch die Tunnel bei ihrer Wanderung zum Laichgew\u00e4sser. Ein wichtiger Brandenburger Beitrag zum Schutz der nach FFH-Richtlinie besonders gesch\u00fctzten Kammmolche und Moorfr\u00f6sche.<\/p>\n<p>Wie Kleines im Gro\u00dfes vollbracht werden kann und einstige Orchideenpracht auf die Liebeswiese im Naturschutzgebiet Kunsterspring zur\u00fcckkehrte, berichtet Michael Schade vom Regionalverband Ruppin e. V. der Schutzgemeinschaft Deutscher Wald (SDW). Seit 1994 betreut der 19k\u00f6pfige Regionalverband das 2,3 ha gro\u00dfe Areal liebevoll und engagiert. Damals gab es aufgrund der aufgelassenen Nutzung nur noch einen Restbestand von ca. 150 bl\u00fchenden Orchideen. Seither wird die Wiese j\u00e4hrlich im Rahmen des Vertragsnaturschutzes gem\u00e4ht, das Mahdgut von der Fl\u00e4che getragen und abtransportiert. Die konkurrenzschwachen Orchideen, wie Breitbl\u00e4ttriges oder Steifbl\u00e4ttriges Knabenkraut, bl\u00fchen wieder auf. Im vergangenen Jahr ist der Bestand der Liebeswiese wieder auf ca. 530 bl\u00fchende Exemplare angewachsen.<u> <\/u><\/p>\n<p>In welchem Umfang Neophyten und Neozoen bereits ein Naturschutzproblem im Naturpark sind, beleuchtet Silke Oldorff, Landschaftsplanerin im Naturpark. Vielerorts in Europa verdr\u00e4ngen Waschb\u00e4r, Schwarzmundgrundel, Indisches Springkraut und Riesenb\u00e4renklau und andere aus Nordamerika, Asien oder Afrika eingeschleppte Arten heimische aus ihren Lebensr\u00e4umen. Oft f\u00fchren fehlende Gegenspieler zu einer invasiven Ausbreitung. Dem gilt es entgegenzuwirken. Um einen \u00dcberblick \u00fcber das Vorkommen invasiver Pflanzenarten im Naturpark zu erhalten, wird die Naturwacht deshalb in 2016 Riesenb\u00e4renklau, Sacchalin-Kn\u00f6terich und Indisches Springkraut kartieren. Alle Einwohner und G\u00e4ste des Naturparks Stechlin-Ruppiner Land sind aufgerufen die Kartierung zu unterst\u00fctzen<u>. <\/u><\/p>\n<p><u>\u00a0<\/u>Beobachtungen k\u00f6nnen \u00fcber <a href=\"http:\/\/www.naturgucker.de\/\"><strong><em>www.naturgucker.de<\/em><\/strong><\/a> erfasst oder direkt an Silke Oldorff (e-mail: <a href=\"mailto:Silke.Oldorff@lugv.brandenburg.de\"><strong><em>Silke.Oldorff@lugv.brandenburg.de<\/em><\/strong><\/a>) gemeldet werden.<\/p>\n<p><u>\u00a0<\/u><\/p>\n<p>&nbsp;<\/p>\n","protected":false},"excerpt":{"rendered":"<p>Bereits zum zehnten Mal hat der Naturpark am 18. Februar zu seiner traditionellen Jahrestagung eingeladen.<\/p>\n","protected":false},"author":39,"featured_media":3444,"comment_status":"open","ping_status":"open","sticky":false,"template":"","format":"standard","meta":[],"categories":[7],"tags":[],"yoast_head":"<!-- This site is optimized with the Yoast SEO plugin v19.10 - https:\/\/yoast.com\/wordpress\/plugins\/seo\/ -->\n<title>Viele Besucher beim Jubil\u00e4ums-Naturschutztag - Naturpark Stechlin-Ruppiner Land<\/title>\n<meta name=\"robots\" content=\"index, follow, max-snippet:-1, max-image-preview:large, max-video-preview:-1\" \/>\n<link rel=\"canonical\" href=\"https:\/\/www.naturparkmagazin.de\/stechlin\/viele-besucher-beim-jubilaeums-naturschutztag\/\" \/>\n<meta property=\"og:locale\" content=\"de_DE\" \/>\n<meta property=\"og:type\" content=\"article\" \/>\n<meta property=\"og:title\" content=\"Viele Besucher beim Jubil\u00e4ums-Naturschutztag - Naturpark Stechlin-Ruppiner Land\" \/>\n<meta property=\"og:description\" content=\"Bereits zum zehnten Mal hat der Naturpark am 18. Februar zu seiner traditionellen Jahrestagung eingeladen.\" \/>\n<meta property=\"og:url\" content=\"https:\/\/www.naturparkmagazin.de\/stechlin\/viele-besucher-beim-jubilaeums-naturschutztag\/\" \/>\n<meta property=\"og:site_name\" content=\"Naturpark Stechlin-Ruppiner Land\" \/>\n<meta property=\"article:published_time\" content=\"2016-02-15T12:42:48+00:00\" \/>\n<meta property=\"article:modified_time\" content=\"2016-02-24T11:11:35+00:00\" \/>\n<meta property=\"og:image\" content=\"https:\/\/www.naturparkmagazin.de\/stechlin\/wp-content\/uploads\/sites\/38\/10NST-Aufmacher.jpg\" \/>\n\t<meta property=\"og:image:width\" content=\"500\" \/>\n\t<meta property=\"og:image:height\" content=\"300\" \/>\n\t<meta property=\"og:image:type\" content=\"image\/jpeg\" \/>\n<meta name=\"author\" content=\"marioschrumpf\" \/>\n<meta name=\"twitter:label1\" content=\"Verfasst von\" \/>\n\t<meta name=\"twitter:data1\" content=\"marioschrumpf\" \/>\n\t<meta name=\"twitter:label2\" content=\"Gesch\u00e4tzte Lesezeit\" \/>\n\t<meta name=\"twitter:data2\" content=\"3\u00a0Minuten\" \/>\n<script type=\"application\/ld+json\" class=\"yoast-schema-graph\">{\"@context\":\"https:\/\/schema.org\",\"@graph\":[{\"@type\":\"WebPage\",\"@id\":\"https:\/\/www.naturparkmagazin.de\/stechlin\/viele-besucher-beim-jubilaeums-naturschutztag\/\",\"url\":\"https:\/\/www.naturparkmagazin.de\/stechlin\/viele-besucher-beim-jubilaeums-naturschutztag\/\",\"name\":\"Viele Besucher beim Jubil\u00e4ums-Naturschutztag - Naturpark Stechlin-Ruppiner Land\",\"isPartOf\":{\"@id\":\"https:\/\/www.naturparkmagazin.de\/stechlin\/#website\"},\"datePublished\":\"2016-02-15T12:42:48+00:00\",\"dateModified\":\"2016-02-24T11:11:35+00:00\",\"author\":{\"@id\":\"https:\/\/www.naturparkmagazin.de\/stechlin\/#\/schema\/person\/3f0d93203df21c806dd63c76d9bb28bc\"},\"breadcrumb\":{\"@id\":\"https:\/\/www.naturparkmagazin.de\/stechlin\/viele-besucher-beim-jubilaeums-naturschutztag\/#breadcrumb\"},\"inLanguage\":\"de\",\"potentialAction\":[{\"@type\":\"ReadAction\",\"target\":[\"https:\/\/www.naturparkmagazin.de\/stechlin\/viele-besucher-beim-jubilaeums-naturschutztag\/\"]}]},{\"@type\":\"BreadcrumbList\",\"@id\":\"https:\/\/www.naturparkmagazin.de\/stechlin\/viele-besucher-beim-jubilaeums-naturschutztag\/#breadcrumb\",\"itemListElement\":[{\"@type\":\"ListItem\",\"position\":1,\"name\":\"Home\",\"item\":\"https:\/\/www.naturparkmagazin.de\/stechlin\/\"},{\"@type\":\"ListItem\",\"position\":2,\"name\":\"Viele Besucher beim Jubil\u00e4ums-Naturschutztag\"}]},{\"@type\":\"WebSite\",\"@id\":\"https:\/\/www.naturparkmagazin.de\/stechlin\/#website\",\"url\":\"https:\/\/www.naturparkmagazin.de\/stechlin\/\",\"name\":\"Naturpark Stechlin-Ruppiner Land\",\"description\":\"\",\"potentialAction\":[{\"@type\":\"SearchAction\",\"target\":{\"@type\":\"EntryPoint\",\"urlTemplate\":\"https:\/\/www.naturparkmagazin.de\/stechlin\/?s={search_term_string}\"},\"query-input\":\"required name=search_term_string\"}],\"inLanguage\":\"de\"},{\"@type\":\"Person\",\"@id\":\"https:\/\/www.naturparkmagazin.de\/stechlin\/#\/schema\/person\/3f0d93203df21c806dd63c76d9bb28bc\",\"name\":\"marioschrumpf\",\"url\":\"https:\/\/www.naturparkmagazin.de\/stechlin\/author\/marioschrumpf\/\"}]}<\/script>\n<!-- \/ Yoast SEO plugin. -->","yoast_head_json":{"title":"Viele Besucher beim Jubil\u00e4ums-Naturschutztag - Naturpark Stechlin-Ruppiner Land","robots":{"index":"index","follow":"follow","max-snippet":"max-snippet:-1","max-image-preview":"max-image-preview:large","max-video-preview":"max-video-preview:-1"},"canonical":"https:\/\/www.naturparkmagazin.de\/stechlin\/viele-besucher-beim-jubilaeums-naturschutztag\/","og_locale":"de_DE","og_type":"article","og_title":"Viele Besucher beim Jubil\u00e4ums-Naturschutztag - Naturpark Stechlin-Ruppiner Land","og_description":"Bereits zum zehnten Mal hat der Naturpark am 18. Februar zu seiner traditionellen Jahrestagung eingeladen.","og_url":"https:\/\/www.naturparkmagazin.de\/stechlin\/viele-besucher-beim-jubilaeums-naturschutztag\/","og_site_name":"Naturpark Stechlin-Ruppiner Land","article_published_time":"2016-02-15T12:42:48+00:00","article_modified_time":"2016-02-24T11:11:35+00:00","og_image":[{"width":500,"height":300,"url":"https:\/\/www.naturparkmagazin.de\/stechlin\/wp-content\/uploads\/sites\/38\/10NST-Aufmacher.jpg","type":"image\/jpeg"}],"author":"marioschrumpf","twitter_misc":{"Verfasst von":"marioschrumpf","Gesch\u00e4tzte Lesezeit":"3\u00a0Minuten"},"schema":{"@context":"https:\/\/schema.org","@graph":[{"@type":"WebPage","@id":"https:\/\/www.naturparkmagazin.de\/stechlin\/viele-besucher-beim-jubilaeums-naturschutztag\/","url":"https:\/\/www.naturparkmagazin.de\/stechlin\/viele-besucher-beim-jubilaeums-naturschutztag\/","name":"Viele Besucher beim Jubil\u00e4ums-Naturschutztag - Naturpark Stechlin-Ruppiner Land","isPartOf":{"@id":"https:\/\/www.naturparkmagazin.de\/stechlin\/#website"},"datePublished":"2016-02-15T12:42:48+00:00","dateModified":"2016-02-24T11:11:35+00:00","author":{"@id":"https:\/\/www.naturparkmagazin.de\/stechlin\/#\/schema\/person\/3f0d93203df21c806dd63c76d9bb28bc"},"breadcrumb":{"@id":"https:\/\/www.naturparkmagazin.de\/stechlin\/viele-besucher-beim-jubilaeums-naturschutztag\/#breadcrumb"},"inLanguage":"de","potentialAction":[{"@type":"ReadAction","target":["https:\/\/www.naturparkmagazin.de\/stechlin\/viele-besucher-beim-jubilaeums-naturschutztag\/"]}]},{"@type":"BreadcrumbList","@id":"https:\/\/www.naturparkmagazin.de\/stechlin\/viele-besucher-beim-jubilaeums-naturschutztag\/#breadcrumb","itemListElement":[{"@type":"ListItem","position":1,"name":"Home","item":"https:\/\/www.naturparkmagazin.de\/stechlin\/"},{"@type":"ListItem","position":2,"name":"Viele Besucher beim Jubil\u00e4ums-Naturschutztag"}]},{"@type":"WebSite","@id":"https:\/\/www.naturparkmagazin.de\/stechlin\/#website","url":"https:\/\/www.naturparkmagazin.de\/stechlin\/","name":"Naturpark Stechlin-Ruppiner Land","description":"","potentialAction":[{"@type":"SearchAction","target":{"@type":"EntryPoint","urlTemplate":"https:\/\/www.naturparkmagazin.de\/stechlin\/?s={search_term_string}"},"query-input":"required name=search_term_string"}],"inLanguage":"de"},{"@type":"Person","@id":"https:\/\/www.naturparkmagazin.de\/stechlin\/#\/schema\/person\/3f0d93203df21c806dd63c76d9bb28bc","name":"marioschrumpf","url":"https:\/\/www.naturparkmagazin.de\/stechlin\/author\/marioschrumpf\/"}]}},"_links":{"self":[{"href":"https:\/\/www.naturparkmagazin.de\/stechlin\/wp-json\/wp\/v2\/posts\/3375"}],"collection":[{"href":"https:\/\/www.naturparkmagazin.de\/stechlin\/wp-json\/wp\/v2\/posts"}],"about":[{"href":"https:\/\/www.naturparkmagazin.de\/stechlin\/wp-json\/wp\/v2\/types\/post"}],"author":[{"embeddable":true,"href":"https:\/\/www.naturparkmagazin.de\/stechlin\/wp-json\/wp\/v2\/users\/39"}],"replies":[{"embeddable":true,"href":"https:\/\/www.naturparkmagazin.de\/stechlin\/wp-json\/wp\/v2\/comments?post=3375"}],"version-history":[{"count":8,"href":"https:\/\/www.naturparkmagazin.de\/stechlin\/wp-json\/wp\/v2\/posts\/3375\/revisions"}],"predecessor-version":[{"id":3440,"href":"https:\/\/www.naturparkmagazin.de\/stechlin\/wp-json\/wp\/v2\/posts\/3375\/revisions\/3440"}],"wp:featuredmedia":[{"embeddable":true,"href":"https:\/\/www.naturparkmagazin.de\/stechlin\/wp-json\/wp\/v2\/media\/3444"}],"wp:attachment":[{"href":"https:\/\/www.naturparkmagazin.de\/stechlin\/wp-json\/wp\/v2\/media?parent=3375"}],"wp:term":[{"taxonomy":"category","embeddable":true,"href":"https:\/\/www.naturparkmagazin.de\/stechlin\/wp-json\/wp\/v2\/categories?post=3375"},{"taxonomy":"post_tag","embeddable":true,"href":"https:\/\/www.naturparkmagazin.de\/stechlin\/wp-json\/wp\/v2\/tags?post=3375"}],"curies":[{"name":"wp","href":"https:\/\/api.w.org\/{rel}","templated":true}]}}