{"id":3378,"date":"2016-02-12T14:01:06","date_gmt":"2016-02-12T13:01:06","guid":{"rendered":"http:\/\/www.naturparkmagazin.de\/stechlin\/?p=3378"},"modified":"2016-02-23T15:46:14","modified_gmt":"2016-02-23T14:46:14","slug":"bundesweite-kooperationsvereinbarung-zwischen-nabu-und-verband-deutscher-sporttaucher","status":"publish","type":"post","link":"https:\/\/www.naturparkmagazin.de\/stechlin\/bundesweite-kooperationsvereinbarung-zwischen-nabu-und-verband-deutscher-sporttaucher\/","title":{"rendered":"Bundesweite Kooperationsvereinbarung zwischen NABU und Verband Deutscher Sporttaucher"},"content":{"rendered":"<p><a href=\"https:\/\/www.naturparkmagazin.de\/stechlin\/wp-content\/uploads\/sites\/38\/12622342_668846039923747_7729718410108612477_o.jpg\"><img decoding=\"async\" loading=\"lazy\" class=\"alignleft size-thumbnail wp-image-3380\" src=\"https:\/\/www.naturparkmagazin.de\/stechlin\/wp-content\/uploads\/sites\/38\/12622342_668846039923747_7729718410108612477_o-300x169.jpg\" alt=\"12622342_668846039923747_7729718410108612477_o\" width=\"300\" height=\"169\" srcset=\"https:\/\/www.naturparkmagazin.de\/stechlin\/wp-content\/uploads\/sites\/38\/12622342_668846039923747_7729718410108612477_o-300x169.jpg 300w, https:\/\/www.naturparkmagazin.de\/stechlin\/wp-content\/uploads\/sites\/38\/12622342_668846039923747_7729718410108612477_o-620x349.jpg 620w, https:\/\/www.naturparkmagazin.de\/stechlin\/wp-content\/uploads\/sites\/38\/12622342_668846039923747_7729718410108612477_o-940x529.jpg 940w, https:\/\/www.naturparkmagazin.de\/stechlin\/wp-content\/uploads\/sites\/38\/12622342_668846039923747_7729718410108612477_o-670x377.jpg 670w, https:\/\/www.naturparkmagazin.de\/stechlin\/wp-content\/uploads\/sites\/38\/12622342_668846039923747_7729718410108612477_o-200x113.jpg 200w, https:\/\/www.naturparkmagazin.de\/stechlin\/wp-content\/uploads\/sites\/38\/12622342_668846039923747_7729718410108612477_o.jpg 1328w\" sizes=\"(max-width: 300px) 100vw, 300px\" \/><\/a><\/p>\n<p>&nbsp;<\/p>\n<p>&nbsp;<\/p>\n<p>&nbsp;<\/p>\n<p>&nbsp;<\/p>\n<p>&nbsp;<\/p>\n<p>&nbsp;<\/p>\n<p>&nbsp;<\/p>\n<p>Natursch\u00fctzer und Taucher wollen k\u00fcnftig enger beim Schutz heimischer Gew\u00e4ssser zusammenarbeiten. Im Rahmen der Wassersportmesse Boot 2016 Ende Januar in D\u00fcsseldorf wurde dazu eine Kooperationsvereinbarung unterzeichnet.<\/p>\n<p>Helmut Opitz, Mitglied des NABU-Ehrenpr\u00e4sidiums und der Pr\u00e4sident des Verbandes Deutscher Sporttaucher (VDST) Prof. Franz Br\u00fcmmer unterschrieben im Rahmen der Bundesausbildertagung mit fast 800 Tauchlehrern eine Kooperationsvereinbarung zur Einf\u00fchrung eines gemeinsamen Spezialkurses \u201eTauchen f\u00fcr den Naturschutz\u201c. Diese Kooperation regelt die fachlichen Anforderungen an den Spezialkurs und die Ausbilder. Das Projekt ist im Naturpark Stechlin-Ruppiner Land unter Federf\u00fchrung des NABU-Regionalverbandes Gransee entstanden.<\/p>\n","protected":false},"excerpt":{"rendered":"<p>Natursch\u00fctzer und Taucher arbeiten k\u00fcnftig enger beim Schutz heimischer Gew\u00e4ssser zusammen. Zur Boot 2016 in D\u00fcsseldorf wurde dazu ein Kooperationsvertrag unterzeichnet.<\/p>\n","protected":false},"author":39,"featured_media":3379,"comment_status":"open","ping_status":"open","sticky":false,"template":"","format":"standard","meta":[],"categories":[7],"tags":[],"yoast_head":"<!-- This site is optimized with the Yoast SEO plugin v19.10 - https:\/\/yoast.com\/wordpress\/plugins\/seo\/ -->\n<title>Bundesweite Kooperationsvereinbarung zwischen NABU und Verband Deutscher Sporttaucher - Naturpark Stechlin-Ruppiner Land<\/title>\n<meta name=\"robots\" content=\"index, follow, max-snippet:-1, max-image-preview:large, max-video-preview:-1\" \/>\n<link rel=\"canonical\" href=\"https:\/\/www.naturparkmagazin.de\/stechlin\/bundesweite-kooperationsvereinbarung-zwischen-nabu-und-verband-deutscher-sporttaucher\/\" \/>\n<meta property=\"og:locale\" content=\"de_DE\" \/>\n<meta property=\"og:type\" content=\"article\" \/>\n<meta property=\"og:title\" content=\"Bundesweite Kooperationsvereinbarung zwischen NABU und Verband Deutscher Sporttaucher - Naturpark Stechlin-Ruppiner Land\" \/>\n<meta property=\"og:description\" content=\"Natursch\u00fctzer und Taucher arbeiten k\u00fcnftig enger beim Schutz heimischer Gew\u00e4ssser zusammen. Zur Boot 2016 in D\u00fcsseldorf wurde dazu ein Kooperationsvertrag unterzeichnet.\" \/>\n<meta property=\"og:url\" content=\"https:\/\/www.naturparkmagazin.de\/stechlin\/bundesweite-kooperationsvereinbarung-zwischen-nabu-und-verband-deutscher-sporttaucher\/\" \/>\n<meta property=\"og:site_name\" content=\"Naturpark Stechlin-Ruppiner Land\" \/>\n<meta property=\"article:published_time\" content=\"2016-02-12T13:01:06+00:00\" \/>\n<meta property=\"article:modified_time\" content=\"2016-02-23T14:46:14+00:00\" \/>\n<meta property=\"og:image\" content=\"https:\/\/www.naturparkmagazin.de\/stechlin\/wp-content\/uploads\/sites\/38\/Kooperation2.jpg\" \/>\n\t<meta property=\"og:image:width\" content=\"735\" \/>\n\t<meta property=\"og:image:height\" content=\"405\" \/>\n\t<meta property=\"og:image:type\" content=\"image\/jpeg\" \/>\n<meta name=\"author\" content=\"marioschrumpf\" \/>\n<meta name=\"twitter:label1\" content=\"Verfasst von\" \/>\n\t<meta name=\"twitter:data1\" content=\"marioschrumpf\" \/>\n\t<meta name=\"twitter:label2\" content=\"Gesch\u00e4tzte Lesezeit\" \/>\n\t<meta name=\"twitter:data2\" content=\"1\u00a0Minute\" \/>\n<script type=\"application\/ld+json\" class=\"yoast-schema-graph\">{\"@context\":\"https:\/\/schema.org\",\"@graph\":[{\"@type\":\"WebPage\",\"@id\":\"https:\/\/www.naturparkmagazin.de\/stechlin\/bundesweite-kooperationsvereinbarung-zwischen-nabu-und-verband-deutscher-sporttaucher\/\",\"url\":\"https:\/\/www.naturparkmagazin.de\/stechlin\/bundesweite-kooperationsvereinbarung-zwischen-nabu-und-verband-deutscher-sporttaucher\/\",\"name\":\"Bundesweite Kooperationsvereinbarung zwischen NABU und Verband Deutscher Sporttaucher - Naturpark Stechlin-Ruppiner Land\",\"isPartOf\":{\"@id\":\"https:\/\/www.naturparkmagazin.de\/stechlin\/#website\"},\"datePublished\":\"2016-02-12T13:01:06+00:00\",\"dateModified\":\"2016-02-23T14:46:14+00:00\",\"author\":{\"@id\":\"https:\/\/www.naturparkmagazin.de\/stechlin\/#\/schema\/person\/3f0d93203df21c806dd63c76d9bb28bc\"},\"breadcrumb\":{\"@id\":\"https:\/\/www.naturparkmagazin.de\/stechlin\/bundesweite-kooperationsvereinbarung-zwischen-nabu-und-verband-deutscher-sporttaucher\/#breadcrumb\"},\"inLanguage\":\"de\",\"potentialAction\":[{\"@type\":\"ReadAction\",\"target\":[\"https:\/\/www.naturparkmagazin.de\/stechlin\/bundesweite-kooperationsvereinbarung-zwischen-nabu-und-verband-deutscher-sporttaucher\/\"]}]},{\"@type\":\"BreadcrumbList\",\"@id\":\"https:\/\/www.naturparkmagazin.de\/stechlin\/bundesweite-kooperationsvereinbarung-zwischen-nabu-und-verband-deutscher-sporttaucher\/#breadcrumb\",\"itemListElement\":[{\"@type\":\"ListItem\",\"position\":1,\"name\":\"Home\",\"item\":\"https:\/\/www.naturparkmagazin.de\/stechlin\/\"},{\"@type\":\"ListItem\",\"position\":2,\"name\":\"Bundesweite Kooperationsvereinbarung zwischen NABU und Verband Deutscher Sporttaucher\"}]},{\"@type\":\"WebSite\",\"@id\":\"https:\/\/www.naturparkmagazin.de\/stechlin\/#website\",\"url\":\"https:\/\/www.naturparkmagazin.de\/stechlin\/\",\"name\":\"Naturpark Stechlin-Ruppiner Land\",\"description\":\"\",\"potentialAction\":[{\"@type\":\"SearchAction\",\"target\":{\"@type\":\"EntryPoint\",\"urlTemplate\":\"https:\/\/www.naturparkmagazin.de\/stechlin\/?s={search_term_string}\"},\"query-input\":\"required name=search_term_string\"}],\"inLanguage\":\"de\"},{\"@type\":\"Person\",\"@id\":\"https:\/\/www.naturparkmagazin.de\/stechlin\/#\/schema\/person\/3f0d93203df21c806dd63c76d9bb28bc\",\"name\":\"marioschrumpf\",\"url\":\"https:\/\/www.naturparkmagazin.de\/stechlin\/author\/marioschrumpf\/\"}]}<\/script>\n<!-- \/ Yoast SEO plugin. -->","yoast_head_json":{"title":"Bundesweite Kooperationsvereinbarung zwischen NABU und Verband Deutscher Sporttaucher - Naturpark Stechlin-Ruppiner Land","robots":{"index":"index","follow":"follow","max-snippet":"max-snippet:-1","max-image-preview":"max-image-preview:large","max-video-preview":"max-video-preview:-1"},"canonical":"https:\/\/www.naturparkmagazin.de\/stechlin\/bundesweite-kooperationsvereinbarung-zwischen-nabu-und-verband-deutscher-sporttaucher\/","og_locale":"de_DE","og_type":"article","og_title":"Bundesweite Kooperationsvereinbarung zwischen NABU und Verband Deutscher Sporttaucher - Naturpark Stechlin-Ruppiner Land","og_description":"Natursch\u00fctzer und Taucher arbeiten k\u00fcnftig enger beim Schutz heimischer Gew\u00e4ssser zusammen. Zur Boot 2016 in D\u00fcsseldorf wurde dazu ein Kooperationsvertrag unterzeichnet.","og_url":"https:\/\/www.naturparkmagazin.de\/stechlin\/bundesweite-kooperationsvereinbarung-zwischen-nabu-und-verband-deutscher-sporttaucher\/","og_site_name":"Naturpark Stechlin-Ruppiner Land","article_published_time":"2016-02-12T13:01:06+00:00","article_modified_time":"2016-02-23T14:46:14+00:00","og_image":[{"width":735,"height":405,"url":"https:\/\/www.naturparkmagazin.de\/stechlin\/wp-content\/uploads\/sites\/38\/Kooperation2.jpg","type":"image\/jpeg"}],"author":"marioschrumpf","twitter_misc":{"Verfasst von":"marioschrumpf","Gesch\u00e4tzte Lesezeit":"1\u00a0Minute"},"schema":{"@context":"https:\/\/schema.org","@graph":[{"@type":"WebPage","@id":"https:\/\/www.naturparkmagazin.de\/stechlin\/bundesweite-kooperationsvereinbarung-zwischen-nabu-und-verband-deutscher-sporttaucher\/","url":"https:\/\/www.naturparkmagazin.de\/stechlin\/bundesweite-kooperationsvereinbarung-zwischen-nabu-und-verband-deutscher-sporttaucher\/","name":"Bundesweite Kooperationsvereinbarung zwischen NABU und Verband Deutscher Sporttaucher - Naturpark Stechlin-Ruppiner Land","isPartOf":{"@id":"https:\/\/www.naturparkmagazin.de\/stechlin\/#website"},"datePublished":"2016-02-12T13:01:06+00:00","dateModified":"2016-02-23T14:46:14+00:00","author":{"@id":"https:\/\/www.naturparkmagazin.de\/stechlin\/#\/schema\/person\/3f0d93203df21c806dd63c76d9bb28bc"},"breadcrumb":{"@id":"https:\/\/www.naturparkmagazin.de\/stechlin\/bundesweite-kooperationsvereinbarung-zwischen-nabu-und-verband-deutscher-sporttaucher\/#breadcrumb"},"inLanguage":"de","potentialAction":[{"@type":"ReadAction","target":["https:\/\/www.naturparkmagazin.de\/stechlin\/bundesweite-kooperationsvereinbarung-zwischen-nabu-und-verband-deutscher-sporttaucher\/"]}]},{"@type":"BreadcrumbList","@id":"https:\/\/www.naturparkmagazin.de\/stechlin\/bundesweite-kooperationsvereinbarung-zwischen-nabu-und-verband-deutscher-sporttaucher\/#breadcrumb","itemListElement":[{"@type":"ListItem","position":1,"name":"Home","item":"https:\/\/www.naturparkmagazin.de\/stechlin\/"},{"@type":"ListItem","position":2,"name":"Bundesweite Kooperationsvereinbarung zwischen NABU und Verband Deutscher Sporttaucher"}]},{"@type":"WebSite","@id":"https:\/\/www.naturparkmagazin.de\/stechlin\/#website","url":"https:\/\/www.naturparkmagazin.de\/stechlin\/","name":"Naturpark Stechlin-Ruppiner Land","description":"","potentialAction":[{"@type":"SearchAction","target":{"@type":"EntryPoint","urlTemplate":"https:\/\/www.naturparkmagazin.de\/stechlin\/?s={search_term_string}"},"query-input":"required name=search_term_string"}],"inLanguage":"de"},{"@type":"Person","@id":"https:\/\/www.naturparkmagazin.de\/stechlin\/#\/schema\/person\/3f0d93203df21c806dd63c76d9bb28bc","name":"marioschrumpf","url":"https:\/\/www.naturparkmagazin.de\/stechlin\/author\/marioschrumpf\/"}]}},"_links":{"self":[{"href":"https:\/\/www.naturparkmagazin.de\/stechlin\/wp-json\/wp\/v2\/posts\/3378"}],"collection":[{"href":"https:\/\/www.naturparkmagazin.de\/stechlin\/wp-json\/wp\/v2\/posts"}],"about":[{"href":"https:\/\/www.naturparkmagazin.de\/stechlin\/wp-json\/wp\/v2\/types\/post"}],"author":[{"embeddable":true,"href":"https:\/\/www.naturparkmagazin.de\/stechlin\/wp-json\/wp\/v2\/users\/39"}],"replies":[{"embeddable":true,"href":"https:\/\/www.naturparkmagazin.de\/stechlin\/wp-json\/wp\/v2\/comments?post=3378"}],"version-history":[{"count":3,"href":"https:\/\/www.naturparkmagazin.de\/stechlin\/wp-json\/wp\/v2\/posts\/3378\/revisions"}],"predecessor-version":[{"id":3463,"href":"https:\/\/www.naturparkmagazin.de\/stechlin\/wp-json\/wp\/v2\/posts\/3378\/revisions\/3463"}],"wp:featuredmedia":[{"embeddable":true,"href":"https:\/\/www.naturparkmagazin.de\/stechlin\/wp-json\/wp\/v2\/media\/3379"}],"wp:attachment":[{"href":"https:\/\/www.naturparkmagazin.de\/stechlin\/wp-json\/wp\/v2\/media?parent=3378"}],"wp:term":[{"taxonomy":"category","embeddable":true,"href":"https:\/\/www.naturparkmagazin.de\/stechlin\/wp-json\/wp\/v2\/categories?post=3378"},{"taxonomy":"post_tag","embeddable":true,"href":"https:\/\/www.naturparkmagazin.de\/stechlin\/wp-json\/wp\/v2\/tags?post=3378"}],"curies":[{"name":"wp","href":"https:\/\/api.w.org\/{rel}","templated":true}]}}