{"id":3471,"date":"2019-07-14T09:49:37","date_gmt":"2019-07-14T07:49:37","guid":{"rendered":"http:\/\/www.naturparkmagazin.de\/stechlin\/?p=3471"},"modified":"2019-07-11T08:34:05","modified_gmt":"2019-07-11T06:34:05","slug":"geheimnisse-einer-landschaft-wanderung","status":"publish","type":"post","link":"https:\/\/www.naturparkmagazin.de\/stechlin\/geheimnisse-einer-landschaft-wanderung\/","title":{"rendered":"Geheimnisse einer Landschaft &#8211; Wanderung ins Naturschutzgebiet Stechlin"},"content":{"rendered":"<div id=\"attachment_3544\" style=\"width: 310px\" class=\"wp-caption aligncenter\"><a href=\"https:\/\/www.naturparkmagazin.de\/stechlin\/wp-content\/uploads\/sites\/38\/DSC_0061_beitrag.jpg\"><img aria-describedby=\"caption-attachment-3544\" decoding=\"async\" loading=\"lazy\" class=\"size-thumbnail wp-image-3544\" src=\"https:\/\/www.naturparkmagazin.de\/stechlin\/wp-content\/uploads\/sites\/38\/DSC_0061_beitrag-300x180.jpg\" alt=\"Renate Fechner, zertifizierte Natur- und Landschaftsf\u00fchrerin, liest in Schulzenhof aus Eva und Erwin Strittmatters Werken. (Foto: Dr. Mario Schrumpf)\" width=\"300\" height=\"180\" srcset=\"https:\/\/www.naturparkmagazin.de\/stechlin\/wp-content\/uploads\/sites\/38\/DSC_0061_beitrag-300x180.jpg 300w, https:\/\/www.naturparkmagazin.de\/stechlin\/wp-content\/uploads\/sites\/38\/DSC_0061_beitrag.jpg 500w, https:\/\/www.naturparkmagazin.de\/stechlin\/wp-content\/uploads\/sites\/38\/DSC_0061_beitrag-200x120.jpg 200w\" sizes=\"(max-width: 300px) 100vw, 300px\" \/><\/a><p id=\"caption-attachment-3544\" class=\"wp-caption-text\">Renate Fechner, zertifizierte Natur- und Landschaftsf\u00fchrerin. (Foto: Dr. Mario Schrumpf)<\/p><\/div>\n<p><strong>&#8222;Ich liebe die sandigen Wege<em>&#8222;<\/em><\/strong><\/p>\n<p>Die Teilnehmer wandern nach Schulzenhof, der Wirkungsst\u00e4tte von Eva und Erwin Strittmatter, und erfahren, wie die Dichter mit ihren Augen die m\u00e4rkische Landschaft kennen und lieben gelernt haben. Ein Treffen mit Jakob Strittmatter und eine F\u00fchrung auf dem Anwesen ist vorgesehen (Spende erbeten).<\/p>\n<p><em><strong>Wanderung:<\/strong>\u00a0<\/em>9 km, 4,0 km\/h Menz &#8211;\u00a0Schulzenhof &#8211; Menz\n<em><strong>Termin:<\/strong><\/em> Freitag,\u00a016.\u00a0August 2019\n<em><strong>Start:<\/strong><\/em>\u00a010:15 Uhr, Friedensplatz Menz\n<em><strong>Anmeldung:<\/strong><\/em>\u00a0 Tel.: 033082\/40866, mobil: 0173\/4496249\n<em><strong>Preis:<\/strong> <\/em>8 EURO, einschlie\u00dflich 4 Std. naturkundliche F\u00fchrung\n<em><strong>Veranstalter:<\/strong><\/em> Renate Fechner, zertifizierte Natur- und Landschaftsf\u00fchrerin und Klaus Fechner<\/p>\n<p>&nbsp;<\/p>\n","protected":false},"excerpt":{"rendered":"<p>Eine Wanderung von Menz durch das Polzowtal k\u00f6nnen Sie am Samstag, den 1. September 2018 erleben.<\/p>\n","protected":false},"author":39,"featured_media":3611,"comment_status":"open","ping_status":"open","sticky":false,"template":"","format":"standard","meta":[],"categories":[11],"tags":[],"yoast_head":"<!-- This site is optimized with the Yoast SEO plugin v19.10 - https:\/\/yoast.com\/wordpress\/plugins\/seo\/ -->\n<title>Geheimnisse einer Landschaft - Wanderung ins Naturschutzgebiet Stechlin - Naturpark Stechlin-Ruppiner Land<\/title>\n<meta name=\"robots\" content=\"index, follow, max-snippet:-1, max-image-preview:large, max-video-preview:-1\" \/>\n<link rel=\"canonical\" href=\"https:\/\/www.naturparkmagazin.de\/stechlin\/geheimnisse-einer-landschaft-wanderung\/\" \/>\n<meta property=\"og:locale\" content=\"de_DE\" \/>\n<meta property=\"og:type\" content=\"article\" \/>\n<meta property=\"og:title\" content=\"Geheimnisse einer Landschaft - Wanderung ins Naturschutzgebiet Stechlin - Naturpark Stechlin-Ruppiner Land\" \/>\n<meta property=\"og:description\" content=\"Eine Wanderung von Menz durch das Polzowtal k\u00f6nnen Sie am Samstag, den 1. September 2018 erleben.\" \/>\n<meta property=\"og:url\" content=\"https:\/\/www.naturparkmagazin.de\/stechlin\/geheimnisse-einer-landschaft-wanderung\/\" \/>\n<meta property=\"og:site_name\" content=\"Naturpark Stechlin-Ruppiner Land\" \/>\n<meta property=\"article:published_time\" content=\"2019-07-14T07:49:37+00:00\" \/>\n<meta property=\"article:modified_time\" content=\"2019-07-11T06:34:05+00:00\" \/>\n<meta property=\"og:image\" content=\"https:\/\/www.naturparkmagazin.de\/stechlin\/wp-content\/uploads\/sites\/38\/F\u00fchrung_beitragsbild.jpg\" \/>\n\t<meta property=\"og:image:width\" content=\"200\" \/>\n\t<meta property=\"og:image:height\" content=\"200\" \/>\n\t<meta property=\"og:image:type\" content=\"image\/jpeg\" \/>\n<meta name=\"author\" content=\"marioschrumpf\" \/>\n<meta name=\"twitter:label1\" content=\"Verfasst von\" \/>\n\t<meta name=\"twitter:data1\" content=\"marioschrumpf\" \/>\n\t<meta name=\"twitter:label2\" content=\"Gesch\u00e4tzte Lesezeit\" \/>\n\t<meta name=\"twitter:data2\" content=\"1\u00a0Minute\" \/>\n<script type=\"application\/ld+json\" class=\"yoast-schema-graph\">{\"@context\":\"https:\/\/schema.org\",\"@graph\":[{\"@type\":\"WebPage\",\"@id\":\"https:\/\/www.naturparkmagazin.de\/stechlin\/geheimnisse-einer-landschaft-wanderung\/\",\"url\":\"https:\/\/www.naturparkmagazin.de\/stechlin\/geheimnisse-einer-landschaft-wanderung\/\",\"name\":\"Geheimnisse einer Landschaft - Wanderung ins Naturschutzgebiet Stechlin - Naturpark Stechlin-Ruppiner Land\",\"isPartOf\":{\"@id\":\"https:\/\/www.naturparkmagazin.de\/stechlin\/#website\"},\"datePublished\":\"2019-07-14T07:49:37+00:00\",\"dateModified\":\"2019-07-11T06:34:05+00:00\",\"author\":{\"@id\":\"https:\/\/www.naturparkmagazin.de\/stechlin\/#\/schema\/person\/3f0d93203df21c806dd63c76d9bb28bc\"},\"breadcrumb\":{\"@id\":\"https:\/\/www.naturparkmagazin.de\/stechlin\/geheimnisse-einer-landschaft-wanderung\/#breadcrumb\"},\"inLanguage\":\"de\",\"potentialAction\":[{\"@type\":\"ReadAction\",\"target\":[\"https:\/\/www.naturparkmagazin.de\/stechlin\/geheimnisse-einer-landschaft-wanderung\/\"]}]},{\"@type\":\"BreadcrumbList\",\"@id\":\"https:\/\/www.naturparkmagazin.de\/stechlin\/geheimnisse-einer-landschaft-wanderung\/#breadcrumb\",\"itemListElement\":[{\"@type\":\"ListItem\",\"position\":1,\"name\":\"Home\",\"item\":\"https:\/\/www.naturparkmagazin.de\/stechlin\/\"},{\"@type\":\"ListItem\",\"position\":2,\"name\":\"Geheimnisse einer Landschaft &#8211; Wanderung ins Naturschutzgebiet Stechlin\"}]},{\"@type\":\"WebSite\",\"@id\":\"https:\/\/www.naturparkmagazin.de\/stechlin\/#website\",\"url\":\"https:\/\/www.naturparkmagazin.de\/stechlin\/\",\"name\":\"Naturpark Stechlin-Ruppiner Land\",\"description\":\"\",\"potentialAction\":[{\"@type\":\"SearchAction\",\"target\":{\"@type\":\"EntryPoint\",\"urlTemplate\":\"https:\/\/www.naturparkmagazin.de\/stechlin\/?s={search_term_string}\"},\"query-input\":\"required name=search_term_string\"}],\"inLanguage\":\"de\"},{\"@type\":\"Person\",\"@id\":\"https:\/\/www.naturparkmagazin.de\/stechlin\/#\/schema\/person\/3f0d93203df21c806dd63c76d9bb28bc\",\"name\":\"marioschrumpf\",\"url\":\"https:\/\/www.naturparkmagazin.de\/stechlin\/author\/marioschrumpf\/\"}]}<\/script>\n<!-- \/ Yoast SEO plugin. -->","yoast_head_json":{"title":"Geheimnisse einer Landschaft - Wanderung ins Naturschutzgebiet Stechlin - Naturpark Stechlin-Ruppiner Land","robots":{"index":"index","follow":"follow","max-snippet":"max-snippet:-1","max-image-preview":"max-image-preview:large","max-video-preview":"max-video-preview:-1"},"canonical":"https:\/\/www.naturparkmagazin.de\/stechlin\/geheimnisse-einer-landschaft-wanderung\/","og_locale":"de_DE","og_type":"article","og_title":"Geheimnisse einer Landschaft - Wanderung ins Naturschutzgebiet Stechlin - Naturpark Stechlin-Ruppiner Land","og_description":"Eine Wanderung von Menz durch das Polzowtal k\u00f6nnen Sie am Samstag, den 1. September 2018 erleben.","og_url":"https:\/\/www.naturparkmagazin.de\/stechlin\/geheimnisse-einer-landschaft-wanderung\/","og_site_name":"Naturpark Stechlin-Ruppiner Land","article_published_time":"2019-07-14T07:49:37+00:00","article_modified_time":"2019-07-11T06:34:05+00:00","og_image":[{"width":200,"height":200,"url":"https:\/\/www.naturparkmagazin.de\/stechlin\/wp-content\/uploads\/sites\/38\/F\u00fchrung_beitragsbild.jpg","type":"image\/jpeg"}],"author":"marioschrumpf","twitter_misc":{"Verfasst von":"marioschrumpf","Gesch\u00e4tzte Lesezeit":"1\u00a0Minute"},"schema":{"@context":"https:\/\/schema.org","@graph":[{"@type":"WebPage","@id":"https:\/\/www.naturparkmagazin.de\/stechlin\/geheimnisse-einer-landschaft-wanderung\/","url":"https:\/\/www.naturparkmagazin.de\/stechlin\/geheimnisse-einer-landschaft-wanderung\/","name":"Geheimnisse einer Landschaft - Wanderung ins Naturschutzgebiet Stechlin - Naturpark Stechlin-Ruppiner Land","isPartOf":{"@id":"https:\/\/www.naturparkmagazin.de\/stechlin\/#website"},"datePublished":"2019-07-14T07:49:37+00:00","dateModified":"2019-07-11T06:34:05+00:00","author":{"@id":"https:\/\/www.naturparkmagazin.de\/stechlin\/#\/schema\/person\/3f0d93203df21c806dd63c76d9bb28bc"},"breadcrumb":{"@id":"https:\/\/www.naturparkmagazin.de\/stechlin\/geheimnisse-einer-landschaft-wanderung\/#breadcrumb"},"inLanguage":"de","potentialAction":[{"@type":"ReadAction","target":["https:\/\/www.naturparkmagazin.de\/stechlin\/geheimnisse-einer-landschaft-wanderung\/"]}]},{"@type":"BreadcrumbList","@id":"https:\/\/www.naturparkmagazin.de\/stechlin\/geheimnisse-einer-landschaft-wanderung\/#breadcrumb","itemListElement":[{"@type":"ListItem","position":1,"name":"Home","item":"https:\/\/www.naturparkmagazin.de\/stechlin\/"},{"@type":"ListItem","position":2,"name":"Geheimnisse einer Landschaft &#8211; Wanderung ins Naturschutzgebiet Stechlin"}]},{"@type":"WebSite","@id":"https:\/\/www.naturparkmagazin.de\/stechlin\/#website","url":"https:\/\/www.naturparkmagazin.de\/stechlin\/","name":"Naturpark Stechlin-Ruppiner Land","description":"","potentialAction":[{"@type":"SearchAction","target":{"@type":"EntryPoint","urlTemplate":"https:\/\/www.naturparkmagazin.de\/stechlin\/?s={search_term_string}"},"query-input":"required name=search_term_string"}],"inLanguage":"de"},{"@type":"Person","@id":"https:\/\/www.naturparkmagazin.de\/stechlin\/#\/schema\/person\/3f0d93203df21c806dd63c76d9bb28bc","name":"marioschrumpf","url":"https:\/\/www.naturparkmagazin.de\/stechlin\/author\/marioschrumpf\/"}]}},"_links":{"self":[{"href":"https:\/\/www.naturparkmagazin.de\/stechlin\/wp-json\/wp\/v2\/posts\/3471"}],"collection":[{"href":"https:\/\/www.naturparkmagazin.de\/stechlin\/wp-json\/wp\/v2\/posts"}],"about":[{"href":"https:\/\/www.naturparkmagazin.de\/stechlin\/wp-json\/wp\/v2\/types\/post"}],"author":[{"embeddable":true,"href":"https:\/\/www.naturparkmagazin.de\/stechlin\/wp-json\/wp\/v2\/users\/39"}],"replies":[{"embeddable":true,"href":"https:\/\/www.naturparkmagazin.de\/stechlin\/wp-json\/wp\/v2\/comments?post=3471"}],"version-history":[{"count":9,"href":"https:\/\/www.naturparkmagazin.de\/stechlin\/wp-json\/wp\/v2\/posts\/3471\/revisions"}],"predecessor-version":[{"id":8637,"href":"https:\/\/www.naturparkmagazin.de\/stechlin\/wp-json\/wp\/v2\/posts\/3471\/revisions\/8637"}],"wp:featuredmedia":[{"embeddable":true,"href":"https:\/\/www.naturparkmagazin.de\/stechlin\/wp-json\/wp\/v2\/media\/3611"}],"wp:attachment":[{"href":"https:\/\/www.naturparkmagazin.de\/stechlin\/wp-json\/wp\/v2\/media?parent=3471"}],"wp:term":[{"taxonomy":"category","embeddable":true,"href":"https:\/\/www.naturparkmagazin.de\/stechlin\/wp-json\/wp\/v2\/categories?post=3471"},{"taxonomy":"post_tag","embeddable":true,"href":"https:\/\/www.naturparkmagazin.de\/stechlin\/wp-json\/wp\/v2\/tags?post=3471"}],"curies":[{"name":"wp","href":"https:\/\/api.w.org\/{rel}","templated":true}]}}