{"id":3481,"date":"2016-03-14T10:23:03","date_gmt":"2016-03-14T09:23:03","guid":{"rendered":"http:\/\/www.naturparkmagazin.de\/stechlin\/?p=3481"},"modified":"2016-03-18T16:23:15","modified_gmt":"2016-03-18T15:23:15","slug":"wovon-ein-baum-im-fruehling-traeumt","status":"publish","type":"post","link":"https:\/\/www.naturparkmagazin.de\/stechlin\/wovon-ein-baum-im-fruehling-traeumt\/","title":{"rendered":"Wovon ein Baum im Fr\u00fchling tr\u00e4umt"},"content":{"rendered":"<div id=\"attachment_3482\" style=\"width: 210px\" class=\"wp-caption alignnone\"><a href=\"https:\/\/www.naturparkmagazin.de\/stechlin\/wp-content\/uploads\/sites\/38\/Fr\u00fchlingswanderung.jpg\"><img aria-describedby=\"caption-attachment-3482\" decoding=\"async\" loading=\"lazy\" class=\"size-full wp-image-3482\" src=\"https:\/\/www.naturparkmagazin.de\/stechlin\/wp-content\/uploads\/sites\/38\/Fr\u00fchlingswanderung.jpg\" alt=\"NP SRL\/Archiv Naturwacht Stechlin-Ruppiner Land\" width=\"200\" height=\"267\" srcset=\"https:\/\/www.naturparkmagazin.de\/stechlin\/wp-content\/uploads\/sites\/38\/Fr\u00fchlingswanderung.jpg 200w, https:\/\/www.naturparkmagazin.de\/stechlin\/wp-content\/uploads\/sites\/38\/Fr\u00fchlingswanderung-135x180.jpg 135w, https:\/\/www.naturparkmagazin.de\/stechlin\/wp-content\/uploads\/sites\/38\/Fr\u00fchlingswanderung-53x71.jpg 53w\" sizes=\"(max-width: 200px) 100vw, 200px\" \/><\/a><p id=\"caption-attachment-3482\" class=\"wp-caption-text\">NP SRL\/Archiv Naturwacht Stechlin-Ruppiner Land<\/p><\/div>\n<p>&nbsp;<\/p>\n<p><em><strong>Konzertfr\u00fchling der Naturwacht<\/strong><\/em><\/p>\n<p>K\u00f6nnen B\u00e4ume wirklich miteinander kommunizieren? Wenn ja, wor\u00fcber tauschen sie sich aus? Wie bereiten sie sich im Winter auf den Fr\u00fchling vor? Wie sch\u00fctzen sie sich vor \u00e4u\u00dferen Einfl\u00fcssen?<\/p>\n<p>Um diese Fragen zu beantworten, laden wir Sie ein zu einer kleinen Wanderung in die n\u00e4here Umgebung von Rheinsberg.<\/p>\n<p><em><strong>\nTreffpunkt:<\/strong> <\/em>Samstag, 30. April 2016, 13 Uhr, Parkplatz Friedensplatz in Menz\n<em><strong>Dauer:<\/strong> <\/em>ca. 4 Std.\n<em><strong>Leitung\/Anmeldung:<\/strong> <\/em>Naturwacht Stechlin-Ruppiner Land Tel.\/Fax\/AB: 033082\/50214, mobil: 0170\/7926947\n<em><strong>Anmeldeschluss:<\/strong> <\/em>einen Tag vorm Start\n<em><strong>Mindestteilnehmerzahl:<\/strong><\/em> 7 Personen<\/p>\n<p>&nbsp;<\/p>\n","protected":false},"excerpt":{"rendered":"<p>Um diese Fragen zu beantworten, laden wir Sie am Samstag, den 30. April 2016 zu einer kleinen Wanderung in die n\u00e4here Umgebung von Rheinsberg ein.<\/p>\n","protected":false},"author":39,"featured_media":3589,"comment_status":"open","ping_status":"open","sticky":false,"template":"","format":"standard","meta":[],"categories":[11],"tags":[],"yoast_head":"<!-- This site is optimized with the Yoast SEO plugin v19.10 - https:\/\/yoast.com\/wordpress\/plugins\/seo\/ -->\n<title>Wovon ein Baum im Fr\u00fchling tr\u00e4umt - Naturpark Stechlin-Ruppiner Land<\/title>\n<meta name=\"robots\" content=\"index, follow, max-snippet:-1, max-image-preview:large, max-video-preview:-1\" \/>\n<link rel=\"canonical\" href=\"https:\/\/www.naturparkmagazin.de\/stechlin\/wovon-ein-baum-im-fruehling-traeumt\/\" \/>\n<meta property=\"og:locale\" content=\"de_DE\" \/>\n<meta property=\"og:type\" content=\"article\" \/>\n<meta property=\"og:title\" content=\"Wovon ein Baum im Fr\u00fchling tr\u00e4umt - Naturpark Stechlin-Ruppiner Land\" \/>\n<meta property=\"og:description\" content=\"Um diese Fragen zu beantworten, laden wir Sie am Samstag, den 30. April 2016 zu einer kleinen Wanderung in die n\u00e4here Umgebung von Rheinsberg ein.\" \/>\n<meta property=\"og:url\" content=\"https:\/\/www.naturparkmagazin.de\/stechlin\/wovon-ein-baum-im-fruehling-traeumt\/\" \/>\n<meta property=\"og:site_name\" content=\"Naturpark Stechlin-Ruppiner Land\" \/>\n<meta property=\"article:published_time\" content=\"2016-03-14T09:23:03+00:00\" \/>\n<meta property=\"article:modified_time\" content=\"2016-03-18T15:23:15+00:00\" \/>\n<meta property=\"og:image\" content=\"https:\/\/www.naturparkmagazin.de\/stechlin\/wp-content\/uploads\/sites\/38\/Baum_beitragsbild.jpg\" \/>\n\t<meta property=\"og:image:width\" content=\"200\" \/>\n\t<meta property=\"og:image:height\" content=\"200\" \/>\n\t<meta property=\"og:image:type\" content=\"image\/jpeg\" \/>\n<meta name=\"author\" content=\"marioschrumpf\" \/>\n<meta name=\"twitter:label1\" content=\"Verfasst von\" \/>\n\t<meta name=\"twitter:data1\" content=\"marioschrumpf\" \/>\n\t<meta name=\"twitter:label2\" content=\"Gesch\u00e4tzte Lesezeit\" \/>\n\t<meta name=\"twitter:data2\" content=\"1\u00a0Minute\" \/>\n<script type=\"application\/ld+json\" class=\"yoast-schema-graph\">{\"@context\":\"https:\/\/schema.org\",\"@graph\":[{\"@type\":\"WebPage\",\"@id\":\"https:\/\/www.naturparkmagazin.de\/stechlin\/wovon-ein-baum-im-fruehling-traeumt\/\",\"url\":\"https:\/\/www.naturparkmagazin.de\/stechlin\/wovon-ein-baum-im-fruehling-traeumt\/\",\"name\":\"Wovon ein Baum im Fr\u00fchling tr\u00e4umt - Naturpark Stechlin-Ruppiner Land\",\"isPartOf\":{\"@id\":\"https:\/\/www.naturparkmagazin.de\/stechlin\/#website\"},\"datePublished\":\"2016-03-14T09:23:03+00:00\",\"dateModified\":\"2016-03-18T15:23:15+00:00\",\"author\":{\"@id\":\"https:\/\/www.naturparkmagazin.de\/stechlin\/#\/schema\/person\/3f0d93203df21c806dd63c76d9bb28bc\"},\"breadcrumb\":{\"@id\":\"https:\/\/www.naturparkmagazin.de\/stechlin\/wovon-ein-baum-im-fruehling-traeumt\/#breadcrumb\"},\"inLanguage\":\"de\",\"potentialAction\":[{\"@type\":\"ReadAction\",\"target\":[\"https:\/\/www.naturparkmagazin.de\/stechlin\/wovon-ein-baum-im-fruehling-traeumt\/\"]}]},{\"@type\":\"BreadcrumbList\",\"@id\":\"https:\/\/www.naturparkmagazin.de\/stechlin\/wovon-ein-baum-im-fruehling-traeumt\/#breadcrumb\",\"itemListElement\":[{\"@type\":\"ListItem\",\"position\":1,\"name\":\"Home\",\"item\":\"https:\/\/www.naturparkmagazin.de\/stechlin\/\"},{\"@type\":\"ListItem\",\"position\":2,\"name\":\"Wovon ein Baum im Fr\u00fchling tr\u00e4umt\"}]},{\"@type\":\"WebSite\",\"@id\":\"https:\/\/www.naturparkmagazin.de\/stechlin\/#website\",\"url\":\"https:\/\/www.naturparkmagazin.de\/stechlin\/\",\"name\":\"Naturpark Stechlin-Ruppiner Land\",\"description\":\"\",\"potentialAction\":[{\"@type\":\"SearchAction\",\"target\":{\"@type\":\"EntryPoint\",\"urlTemplate\":\"https:\/\/www.naturparkmagazin.de\/stechlin\/?s={search_term_string}\"},\"query-input\":\"required name=search_term_string\"}],\"inLanguage\":\"de\"},{\"@type\":\"Person\",\"@id\":\"https:\/\/www.naturparkmagazin.de\/stechlin\/#\/schema\/person\/3f0d93203df21c806dd63c76d9bb28bc\",\"name\":\"marioschrumpf\",\"url\":\"https:\/\/www.naturparkmagazin.de\/stechlin\/author\/marioschrumpf\/\"}]}<\/script>\n<!-- \/ Yoast SEO plugin. -->","yoast_head_json":{"title":"Wovon ein Baum im Fr\u00fchling tr\u00e4umt - Naturpark Stechlin-Ruppiner Land","robots":{"index":"index","follow":"follow","max-snippet":"max-snippet:-1","max-image-preview":"max-image-preview:large","max-video-preview":"max-video-preview:-1"},"canonical":"https:\/\/www.naturparkmagazin.de\/stechlin\/wovon-ein-baum-im-fruehling-traeumt\/","og_locale":"de_DE","og_type":"article","og_title":"Wovon ein Baum im Fr\u00fchling tr\u00e4umt - Naturpark Stechlin-Ruppiner Land","og_description":"Um diese Fragen zu beantworten, laden wir Sie am Samstag, den 30. April 2016 zu einer kleinen Wanderung in die n\u00e4here Umgebung von Rheinsberg ein.","og_url":"https:\/\/www.naturparkmagazin.de\/stechlin\/wovon-ein-baum-im-fruehling-traeumt\/","og_site_name":"Naturpark Stechlin-Ruppiner Land","article_published_time":"2016-03-14T09:23:03+00:00","article_modified_time":"2016-03-18T15:23:15+00:00","og_image":[{"width":200,"height":200,"url":"https:\/\/www.naturparkmagazin.de\/stechlin\/wp-content\/uploads\/sites\/38\/Baum_beitragsbild.jpg","type":"image\/jpeg"}],"author":"marioschrumpf","twitter_misc":{"Verfasst von":"marioschrumpf","Gesch\u00e4tzte Lesezeit":"1\u00a0Minute"},"schema":{"@context":"https:\/\/schema.org","@graph":[{"@type":"WebPage","@id":"https:\/\/www.naturparkmagazin.de\/stechlin\/wovon-ein-baum-im-fruehling-traeumt\/","url":"https:\/\/www.naturparkmagazin.de\/stechlin\/wovon-ein-baum-im-fruehling-traeumt\/","name":"Wovon ein Baum im Fr\u00fchling tr\u00e4umt - Naturpark Stechlin-Ruppiner Land","isPartOf":{"@id":"https:\/\/www.naturparkmagazin.de\/stechlin\/#website"},"datePublished":"2016-03-14T09:23:03+00:00","dateModified":"2016-03-18T15:23:15+00:00","author":{"@id":"https:\/\/www.naturparkmagazin.de\/stechlin\/#\/schema\/person\/3f0d93203df21c806dd63c76d9bb28bc"},"breadcrumb":{"@id":"https:\/\/www.naturparkmagazin.de\/stechlin\/wovon-ein-baum-im-fruehling-traeumt\/#breadcrumb"},"inLanguage":"de","potentialAction":[{"@type":"ReadAction","target":["https:\/\/www.naturparkmagazin.de\/stechlin\/wovon-ein-baum-im-fruehling-traeumt\/"]}]},{"@type":"BreadcrumbList","@id":"https:\/\/www.naturparkmagazin.de\/stechlin\/wovon-ein-baum-im-fruehling-traeumt\/#breadcrumb","itemListElement":[{"@type":"ListItem","position":1,"name":"Home","item":"https:\/\/www.naturparkmagazin.de\/stechlin\/"},{"@type":"ListItem","position":2,"name":"Wovon ein Baum im Fr\u00fchling tr\u00e4umt"}]},{"@type":"WebSite","@id":"https:\/\/www.naturparkmagazin.de\/stechlin\/#website","url":"https:\/\/www.naturparkmagazin.de\/stechlin\/","name":"Naturpark Stechlin-Ruppiner Land","description":"","potentialAction":[{"@type":"SearchAction","target":{"@type":"EntryPoint","urlTemplate":"https:\/\/www.naturparkmagazin.de\/stechlin\/?s={search_term_string}"},"query-input":"required name=search_term_string"}],"inLanguage":"de"},{"@type":"Person","@id":"https:\/\/www.naturparkmagazin.de\/stechlin\/#\/schema\/person\/3f0d93203df21c806dd63c76d9bb28bc","name":"marioschrumpf","url":"https:\/\/www.naturparkmagazin.de\/stechlin\/author\/marioschrumpf\/"}]}},"_links":{"self":[{"href":"https:\/\/www.naturparkmagazin.de\/stechlin\/wp-json\/wp\/v2\/posts\/3481"}],"collection":[{"href":"https:\/\/www.naturparkmagazin.de\/stechlin\/wp-json\/wp\/v2\/posts"}],"about":[{"href":"https:\/\/www.naturparkmagazin.de\/stechlin\/wp-json\/wp\/v2\/types\/post"}],"author":[{"embeddable":true,"href":"https:\/\/www.naturparkmagazin.de\/stechlin\/wp-json\/wp\/v2\/users\/39"}],"replies":[{"embeddable":true,"href":"https:\/\/www.naturparkmagazin.de\/stechlin\/wp-json\/wp\/v2\/comments?post=3481"}],"version-history":[{"count":8,"href":"https:\/\/www.naturparkmagazin.de\/stechlin\/wp-json\/wp\/v2\/posts\/3481\/revisions"}],"predecessor-version":[{"id":3636,"href":"https:\/\/www.naturparkmagazin.de\/stechlin\/wp-json\/wp\/v2\/posts\/3481\/revisions\/3636"}],"wp:featuredmedia":[{"embeddable":true,"href":"https:\/\/www.naturparkmagazin.de\/stechlin\/wp-json\/wp\/v2\/media\/3589"}],"wp:attachment":[{"href":"https:\/\/www.naturparkmagazin.de\/stechlin\/wp-json\/wp\/v2\/media?parent=3481"}],"wp:term":[{"taxonomy":"category","embeddable":true,"href":"https:\/\/www.naturparkmagazin.de\/stechlin\/wp-json\/wp\/v2\/categories?post=3481"},{"taxonomy":"post_tag","embeddable":true,"href":"https:\/\/www.naturparkmagazin.de\/stechlin\/wp-json\/wp\/v2\/tags?post=3481"}],"curies":[{"name":"wp","href":"https:\/\/api.w.org\/{rel}","templated":true}]}}