{"id":3485,"date":"2016-03-14T11:46:56","date_gmt":"2016-03-14T10:46:56","guid":{"rendered":"http:\/\/www.naturparkmagazin.de\/stechlin\/?p=3485"},"modified":"2016-03-16T12:29:21","modified_gmt":"2016-03-16T11:29:21","slug":"wanderweg-in-der-kyritz-ruppiner-heide-freigegeben","status":"publish","type":"post","link":"https:\/\/www.naturparkmagazin.de\/stechlin\/wanderweg-in-der-kyritz-ruppiner-heide-freigegeben\/","title":{"rendered":"Wanderweg in der Kyritz-Ruppiner Heide freigegeben"},"content":{"rendered":"<div id=\"attachment_3487\" style=\"width: 310px\" class=\"wp-caption alignnone\"><a href=\"https:\/\/www.naturparkmagazin.de\/stechlin\/wp-content\/uploads\/sites\/38\/Kremser.jpg\"><img aria-describedby=\"caption-attachment-3487\" decoding=\"async\" loading=\"lazy\" class=\"size-thumbnail wp-image-3487\" src=\"https:\/\/www.naturparkmagazin.de\/stechlin\/wp-content\/uploads\/sites\/38\/Kremser-300x202.jpg\" alt=\"Mit dem Kremser durch die bl\u00fchende Heide.\" width=\"300\" height=\"202\" srcset=\"https:\/\/www.naturparkmagazin.de\/stechlin\/wp-content\/uploads\/sites\/38\/Kremser-300x202.jpg 300w, https:\/\/www.naturparkmagazin.de\/stechlin\/wp-content\/uploads\/sites\/38\/Kremser.jpg 500w, https:\/\/www.naturparkmagazin.de\/stechlin\/wp-content\/uploads\/sites\/38\/Kremser-200x134.jpg 200w\" sizes=\"(max-width: 300px) 100vw, 300px\" \/><\/a><p id=\"caption-attachment-3487\" class=\"wp-caption-text\">Mit dem Kremser durch die bl\u00fchende Heide.<\/p><\/div>\n<p>&nbsp;<\/p>\n<div id=\"attachment_3488\" style=\"width: 310px\" class=\"wp-caption alignnone\"><a href=\"https:\/\/www.naturparkmagazin.de\/stechlin\/wp-content\/uploads\/sites\/38\/Sielmann-Stiftung-Hinweisschild.jpg\"><img aria-describedby=\"caption-attachment-3488\" decoding=\"async\" loading=\"lazy\" class=\"size-thumbnail wp-image-3488\" src=\"https:\/\/www.naturparkmagazin.de\/stechlin\/wp-content\/uploads\/sites\/38\/Sielmann-Stiftung-Hinweisschild-300x201.jpg\" alt=\"Deutlicher Hinweis, dass der freigegebenen Wege nicht verlassen werden darf\" width=\"300\" height=\"201\" srcset=\"https:\/\/www.naturparkmagazin.de\/stechlin\/wp-content\/uploads\/sites\/38\/Sielmann-Stiftung-Hinweisschild-300x201.jpg 300w, https:\/\/www.naturparkmagazin.de\/stechlin\/wp-content\/uploads\/sites\/38\/Sielmann-Stiftung-Hinweisschild.jpg 500w, https:\/\/www.naturparkmagazin.de\/stechlin\/wp-content\/uploads\/sites\/38\/Sielmann-Stiftung-Hinweisschild-200x134.jpg 200w\" sizes=\"(max-width: 300px) 100vw, 300px\" \/><\/a><p id=\"caption-attachment-3488\" class=\"wp-caption-text\">Deutlicher Hinweis, dass der freigegebenen Wege nicht verlassen werden darf<\/p><\/div>\n<p>&nbsp;<\/p>\n<div id=\"attachment_3489\" style=\"width: 310px\" class=\"wp-caption alignnone\"><a href=\"https:\/\/www.naturparkmagazin.de\/stechlin\/wp-content\/uploads\/sites\/38\/Sielmann-Stiftung_Rastpl\u00e4tze.jpg\"><img aria-describedby=\"caption-attachment-3489\" decoding=\"async\" loading=\"lazy\" class=\"size-thumbnail wp-image-3489\" src=\"https:\/\/www.naturparkmagazin.de\/stechlin\/wp-content\/uploads\/sites\/38\/Sielmann-Stiftung_Rastpl\u00e4tze-300x201.jpg\" alt=\"Im Auftrag der Sielmann-Stiftung gebaute Rastpl\u00e4tze erwarten die Besucher\" width=\"300\" height=\"201\" srcset=\"https:\/\/www.naturparkmagazin.de\/stechlin\/wp-content\/uploads\/sites\/38\/Sielmann-Stiftung_Rastpl\u00e4tze-300x201.jpg 300w, https:\/\/www.naturparkmagazin.de\/stechlin\/wp-content\/uploads\/sites\/38\/Sielmann-Stiftung_Rastpl\u00e4tze.jpg 500w, https:\/\/www.naturparkmagazin.de\/stechlin\/wp-content\/uploads\/sites\/38\/Sielmann-Stiftung_Rastpl\u00e4tze-200x134.jpg 200w\" sizes=\"(max-width: 300px) 100vw, 300px\" \/><\/a><p id=\"caption-attachment-3489\" class=\"wp-caption-text\">Im Auftrag der Sielmann-Stiftung gebaute Rastpl\u00e4tze erwarten die Besucher<\/p><\/div>\n<p>Der Naturpark Stechlin-Ruppiner Land ist um eine Attraktion reicher! In K\u00fcrze wird \u00a0der erste Abschnitt des neuen Heidewanderweges in der Kyritz-Ruppiner Heide (von Neuglienicke nach Pfalzheim \u00fcber ca. 8 km) er\u00f6ffnet. Voraussichtlich im Herbst geht der zweite Abschnitt von Pfalzheim nach Rossow ans Netz. Erstmalig d\u00fcrfen sich Besucher auf dieser Trasse ohne Begleitung bewegen. Ansonsten besteht aufgrund der hohen Munitionsbelastung weiterhin ein dauerhaftes Betretungsverbot auf dem ehemaligen Truppen\u00fcbungsplatz der sowjetischen Streitkr\u00e4fte.<\/p>\n<p>Die Kyritz-Ruppiner Heide ist mit ca. 12.000 ha nach der Colbitz-Letzlinger Heide das zweitgr\u00f6\u00dfte, zusammenh\u00e4ngende Heideareal Deutschlands. Durch die intensive milit\u00e4rische Nutzung in der Vergangenheit konnten mannigfaltige Lebensr\u00e4ume, wie trockene Sandheiden, D\u00fcnen mit<\/p>\n<p>Sandoffenfl\u00e4chen mit Pioniervegetation und Vorw\u00e4lder entstehen. 79 Vogelarten von denen 28 besonders gesch\u00fctzt sind, wurden bisher nachgewiesen. Die Vorkommen von Brachpieper, Ziegenmelker, Wiedehopf und Heidelerche sind von bundesweiter Bedeutung.<\/p>\n<p>Seit mehr als 2 Jahren k\u00f6nnen Besucher mit dem Kremser die bezaubernde Landschaft erleben. Die Fuhrwerke starten am Kleinen Waldcafe in Neuglienicke.<\/p>\n<p>Veranstaltungen:<\/p>\n<p>20.5., 14 Uhr Anwandern ab Pfalzheim mit dem Ostprignitz-Ruppiner Landrat Ralf Reinhardt<\/p>\n<p>17.7. Konzert in der Heide mit der Kammeroper Rheinsberg<\/p>\n<p>27.8. Heidefest in R\u00e4gelin<\/p>\n<p>Weitere Infos unter: <a href=\"http:\/\/www.kyritz-ruppiner-heide.de\" target=\"_blank\">www.kyritz-ruppiner-heide.de<\/a><\/p>\n<p><span style=\"font-family: 'Arial Narrow'\">\n<\/span><\/p>\n<p>&nbsp;<\/p>\n","protected":false},"excerpt":{"rendered":"<p>Der Naturpark Stechlin-Ruppiner Land ist um eine Attraktion reicher! Im Fr\u00fchjahr wurde der erste Abschnitt des neuen Heidewanderweges in der Kyritz-Ruppiner Heide von Neuglienicke nach Pfalzheim \u00fcber ca. 8 km er\u00f6ffnet. <\/p>\n","protected":false},"author":39,"featured_media":3587,"comment_status":"open","ping_status":"open","sticky":false,"template":"","format":"standard","meta":[],"categories":[7],"tags":[],"yoast_head":"<!-- This site is optimized with the Yoast SEO plugin v19.10 - https:\/\/yoast.com\/wordpress\/plugins\/seo\/ -->\n<title>Wanderweg in der Kyritz-Ruppiner Heide freigegeben - Naturpark Stechlin-Ruppiner Land<\/title>\n<meta name=\"robots\" content=\"index, follow, max-snippet:-1, max-image-preview:large, max-video-preview:-1\" \/>\n<link rel=\"canonical\" href=\"https:\/\/www.naturparkmagazin.de\/stechlin\/wanderweg-in-der-kyritz-ruppiner-heide-freigegeben\/\" \/>\n<meta property=\"og:locale\" content=\"de_DE\" \/>\n<meta property=\"og:type\" content=\"article\" \/>\n<meta property=\"og:title\" content=\"Wanderweg in der Kyritz-Ruppiner Heide freigegeben - Naturpark Stechlin-Ruppiner Land\" \/>\n<meta property=\"og:description\" content=\"Der Naturpark Stechlin-Ruppiner Land ist um eine Attraktion reicher! Im Fr\u00fchjahr wurde der erste Abschnitt des neuen Heidewanderweges in der Kyritz-Ruppiner Heide von Neuglienicke nach Pfalzheim \u00fcber ca. 8 km er\u00f6ffnet.\" \/>\n<meta property=\"og:url\" content=\"https:\/\/www.naturparkmagazin.de\/stechlin\/wanderweg-in-der-kyritz-ruppiner-heide-freigegeben\/\" \/>\n<meta property=\"og:site_name\" content=\"Naturpark Stechlin-Ruppiner Land\" \/>\n<meta property=\"article:published_time\" content=\"2016-03-14T10:46:56+00:00\" \/>\n<meta property=\"article:modified_time\" content=\"2016-03-16T11:29:21+00:00\" \/>\n<meta property=\"og:image\" content=\"https:\/\/www.naturparkmagazin.de\/stechlin\/wp-content\/uploads\/sites\/38\/Wiedehopf_Beitragsbild.jpg\" \/>\n\t<meta property=\"og:image:width\" content=\"200\" \/>\n\t<meta property=\"og:image:height\" content=\"200\" \/>\n\t<meta property=\"og:image:type\" content=\"image\/jpeg\" \/>\n<meta name=\"author\" content=\"marioschrumpf\" \/>\n<meta name=\"twitter:label1\" content=\"Verfasst von\" \/>\n\t<meta name=\"twitter:data1\" content=\"marioschrumpf\" \/>\n\t<meta name=\"twitter:label2\" content=\"Gesch\u00e4tzte Lesezeit\" \/>\n\t<meta name=\"twitter:data2\" content=\"1\u00a0Minute\" \/>\n<script type=\"application\/ld+json\" class=\"yoast-schema-graph\">{\"@context\":\"https:\/\/schema.org\",\"@graph\":[{\"@type\":\"WebPage\",\"@id\":\"https:\/\/www.naturparkmagazin.de\/stechlin\/wanderweg-in-der-kyritz-ruppiner-heide-freigegeben\/\",\"url\":\"https:\/\/www.naturparkmagazin.de\/stechlin\/wanderweg-in-der-kyritz-ruppiner-heide-freigegeben\/\",\"name\":\"Wanderweg in der Kyritz-Ruppiner Heide freigegeben - Naturpark Stechlin-Ruppiner Land\",\"isPartOf\":{\"@id\":\"https:\/\/www.naturparkmagazin.de\/stechlin\/#website\"},\"datePublished\":\"2016-03-14T10:46:56+00:00\",\"dateModified\":\"2016-03-16T11:29:21+00:00\",\"author\":{\"@id\":\"https:\/\/www.naturparkmagazin.de\/stechlin\/#\/schema\/person\/3f0d93203df21c806dd63c76d9bb28bc\"},\"breadcrumb\":{\"@id\":\"https:\/\/www.naturparkmagazin.de\/stechlin\/wanderweg-in-der-kyritz-ruppiner-heide-freigegeben\/#breadcrumb\"},\"inLanguage\":\"de\",\"potentialAction\":[{\"@type\":\"ReadAction\",\"target\":[\"https:\/\/www.naturparkmagazin.de\/stechlin\/wanderweg-in-der-kyritz-ruppiner-heide-freigegeben\/\"]}]},{\"@type\":\"BreadcrumbList\",\"@id\":\"https:\/\/www.naturparkmagazin.de\/stechlin\/wanderweg-in-der-kyritz-ruppiner-heide-freigegeben\/#breadcrumb\",\"itemListElement\":[{\"@type\":\"ListItem\",\"position\":1,\"name\":\"Home\",\"item\":\"https:\/\/www.naturparkmagazin.de\/stechlin\/\"},{\"@type\":\"ListItem\",\"position\":2,\"name\":\"Wanderweg in der Kyritz-Ruppiner Heide freigegeben\"}]},{\"@type\":\"WebSite\",\"@id\":\"https:\/\/www.naturparkmagazin.de\/stechlin\/#website\",\"url\":\"https:\/\/www.naturparkmagazin.de\/stechlin\/\",\"name\":\"Naturpark Stechlin-Ruppiner Land\",\"description\":\"\",\"potentialAction\":[{\"@type\":\"SearchAction\",\"target\":{\"@type\":\"EntryPoint\",\"urlTemplate\":\"https:\/\/www.naturparkmagazin.de\/stechlin\/?s={search_term_string}\"},\"query-input\":\"required name=search_term_string\"}],\"inLanguage\":\"de\"},{\"@type\":\"Person\",\"@id\":\"https:\/\/www.naturparkmagazin.de\/stechlin\/#\/schema\/person\/3f0d93203df21c806dd63c76d9bb28bc\",\"name\":\"marioschrumpf\",\"url\":\"https:\/\/www.naturparkmagazin.de\/stechlin\/author\/marioschrumpf\/\"}]}<\/script>\n<!-- \/ Yoast SEO plugin. -->","yoast_head_json":{"title":"Wanderweg in der Kyritz-Ruppiner Heide freigegeben - Naturpark Stechlin-Ruppiner Land","robots":{"index":"index","follow":"follow","max-snippet":"max-snippet:-1","max-image-preview":"max-image-preview:large","max-video-preview":"max-video-preview:-1"},"canonical":"https:\/\/www.naturparkmagazin.de\/stechlin\/wanderweg-in-der-kyritz-ruppiner-heide-freigegeben\/","og_locale":"de_DE","og_type":"article","og_title":"Wanderweg in der Kyritz-Ruppiner Heide freigegeben - Naturpark Stechlin-Ruppiner Land","og_description":"Der Naturpark Stechlin-Ruppiner Land ist um eine Attraktion reicher! Im Fr\u00fchjahr wurde der erste Abschnitt des neuen Heidewanderweges in der Kyritz-Ruppiner Heide von Neuglienicke nach Pfalzheim \u00fcber ca. 8 km er\u00f6ffnet.","og_url":"https:\/\/www.naturparkmagazin.de\/stechlin\/wanderweg-in-der-kyritz-ruppiner-heide-freigegeben\/","og_site_name":"Naturpark Stechlin-Ruppiner Land","article_published_time":"2016-03-14T10:46:56+00:00","article_modified_time":"2016-03-16T11:29:21+00:00","og_image":[{"width":200,"height":200,"url":"https:\/\/www.naturparkmagazin.de\/stechlin\/wp-content\/uploads\/sites\/38\/Wiedehopf_Beitragsbild.jpg","type":"image\/jpeg"}],"author":"marioschrumpf","twitter_misc":{"Verfasst von":"marioschrumpf","Gesch\u00e4tzte Lesezeit":"1\u00a0Minute"},"schema":{"@context":"https:\/\/schema.org","@graph":[{"@type":"WebPage","@id":"https:\/\/www.naturparkmagazin.de\/stechlin\/wanderweg-in-der-kyritz-ruppiner-heide-freigegeben\/","url":"https:\/\/www.naturparkmagazin.de\/stechlin\/wanderweg-in-der-kyritz-ruppiner-heide-freigegeben\/","name":"Wanderweg in der Kyritz-Ruppiner Heide freigegeben - Naturpark Stechlin-Ruppiner Land","isPartOf":{"@id":"https:\/\/www.naturparkmagazin.de\/stechlin\/#website"},"datePublished":"2016-03-14T10:46:56+00:00","dateModified":"2016-03-16T11:29:21+00:00","author":{"@id":"https:\/\/www.naturparkmagazin.de\/stechlin\/#\/schema\/person\/3f0d93203df21c806dd63c76d9bb28bc"},"breadcrumb":{"@id":"https:\/\/www.naturparkmagazin.de\/stechlin\/wanderweg-in-der-kyritz-ruppiner-heide-freigegeben\/#breadcrumb"},"inLanguage":"de","potentialAction":[{"@type":"ReadAction","target":["https:\/\/www.naturparkmagazin.de\/stechlin\/wanderweg-in-der-kyritz-ruppiner-heide-freigegeben\/"]}]},{"@type":"BreadcrumbList","@id":"https:\/\/www.naturparkmagazin.de\/stechlin\/wanderweg-in-der-kyritz-ruppiner-heide-freigegeben\/#breadcrumb","itemListElement":[{"@type":"ListItem","position":1,"name":"Home","item":"https:\/\/www.naturparkmagazin.de\/stechlin\/"},{"@type":"ListItem","position":2,"name":"Wanderweg in der Kyritz-Ruppiner Heide freigegeben"}]},{"@type":"WebSite","@id":"https:\/\/www.naturparkmagazin.de\/stechlin\/#website","url":"https:\/\/www.naturparkmagazin.de\/stechlin\/","name":"Naturpark Stechlin-Ruppiner Land","description":"","potentialAction":[{"@type":"SearchAction","target":{"@type":"EntryPoint","urlTemplate":"https:\/\/www.naturparkmagazin.de\/stechlin\/?s={search_term_string}"},"query-input":"required name=search_term_string"}],"inLanguage":"de"},{"@type":"Person","@id":"https:\/\/www.naturparkmagazin.de\/stechlin\/#\/schema\/person\/3f0d93203df21c806dd63c76d9bb28bc","name":"marioschrumpf","url":"https:\/\/www.naturparkmagazin.de\/stechlin\/author\/marioschrumpf\/"}]}},"_links":{"self":[{"href":"https:\/\/www.naturparkmagazin.de\/stechlin\/wp-json\/wp\/v2\/posts\/3485"}],"collection":[{"href":"https:\/\/www.naturparkmagazin.de\/stechlin\/wp-json\/wp\/v2\/posts"}],"about":[{"href":"https:\/\/www.naturparkmagazin.de\/stechlin\/wp-json\/wp\/v2\/types\/post"}],"author":[{"embeddable":true,"href":"https:\/\/www.naturparkmagazin.de\/stechlin\/wp-json\/wp\/v2\/users\/39"}],"replies":[{"embeddable":true,"href":"https:\/\/www.naturparkmagazin.de\/stechlin\/wp-json\/wp\/v2\/comments?post=3485"}],"version-history":[{"count":5,"href":"https:\/\/www.naturparkmagazin.de\/stechlin\/wp-json\/wp\/v2\/posts\/3485\/revisions"}],"predecessor-version":[{"id":3586,"href":"https:\/\/www.naturparkmagazin.de\/stechlin\/wp-json\/wp\/v2\/posts\/3485\/revisions\/3586"}],"wp:featuredmedia":[{"embeddable":true,"href":"https:\/\/www.naturparkmagazin.de\/stechlin\/wp-json\/wp\/v2\/media\/3587"}],"wp:attachment":[{"href":"https:\/\/www.naturparkmagazin.de\/stechlin\/wp-json\/wp\/v2\/media?parent=3485"}],"wp:term":[{"taxonomy":"category","embeddable":true,"href":"https:\/\/www.naturparkmagazin.de\/stechlin\/wp-json\/wp\/v2\/categories?post=3485"},{"taxonomy":"post_tag","embeddable":true,"href":"https:\/\/www.naturparkmagazin.de\/stechlin\/wp-json\/wp\/v2\/tags?post=3485"}],"curies":[{"name":"wp","href":"https:\/\/api.w.org\/{rel}","templated":true}]}}