{"id":3515,"date":"2016-03-14T07:58:58","date_gmt":"2016-03-14T06:58:58","guid":{"rendered":"http:\/\/www.naturparkmagazin.de\/stechlin\/?p=3515"},"modified":"2016-03-18T16:26:34","modified_gmt":"2016-03-18T15:26:34","slug":"umweltstiftung-unterstuetzt-bergwaldretter-im-brandenburger-flachland","status":"publish","type":"post","link":"https:\/\/www.naturparkmagazin.de\/stechlin\/umweltstiftung-unterstuetzt-bergwaldretter-im-brandenburger-flachland\/","title":{"rendered":"Umweltstiftung unterst\u00fctzt &#8222;Bergwaldretter&#8220; im Brandenburger Flachland"},"content":{"rendered":"<p><a href=\"https:\/\/www.naturparkmagazin.de\/stechlin\/wp-content\/uploads\/sites\/38\/Buchenwaldprojekt1.jpg\"><img decoding=\"async\" loading=\"lazy\" class=\"aligncenter size-full wp-image-3518\" src=\"https:\/\/www.naturparkmagazin.de\/stechlin\/wp-content\/uploads\/sites\/38\/Buchenwaldprojekt1.jpg\" alt=\"NP SRL\/Archiv\" width=\"500\" height=\"331\" srcset=\"https:\/\/www.naturparkmagazin.de\/stechlin\/wp-content\/uploads\/sites\/38\/Buchenwaldprojekt1.jpg 500w, https:\/\/www.naturparkmagazin.de\/stechlin\/wp-content\/uploads\/sites\/38\/Buchenwaldprojekt1-300x199.jpg 300w, https:\/\/www.naturparkmagazin.de\/stechlin\/wp-content\/uploads\/sites\/38\/Buchenwaldprojekt1-200x132.jpg 200w\" sizes=\"(max-width: 500px) 100vw, 500px\" \/><\/a><\/p>\n<p>Bereits zum achten Mal ist das \u201eBergwaldprojekt\u201c in Brandenburg zu Gast. 40 Freiwillige aus ganz Deutschland werden im Naturpark in den W\u00e4ldern der Landeswaldoberf\u00f6rsterei Steinf\u00f6rde, n\u00f6rdlich von Rheinsberg, zur Pflanzarbeit in den Wald aufbrechen und ihren ganz pers\u00f6nlichen Beitrag f\u00fcr die Umwelt leisten. Die Umweltstiftung Fondation Yves Rocher unterst\u00fctzt ab 2016 Waldumbau-Projekte und finanziert die Pflanzung.<\/p>\n<p>Ein gemeinsames Anliegen des Landesbetriebs Forst Brandenburg und des Bergwaldprojekt e. V. ist, den Gedanken der Nachhaltigkeit, des Klimaschutzes und der standortgerechten Waldwirtschaft zu vermitteln. Unter der Anleitung der Bergwald-Projektleiter Simon Karrer und Andreas Friesecke sowie unter der Regie von Revierf\u00f6rster Ray H\u00fcbner, werden die Freiwilligen im Rahmen des \u00f6kologischen Waldumbaus 7.000 standortheimische Laubb\u00e4ume pflanzen und damit auch einen wichtigen Beitrag zum Moorschutz leisten. Die Moore sind aufgrund der aktuell sehr geringen Niederschl\u00e4ge abh\u00e4ngig vom Wasserzufluss aus den umgebenden Fl\u00e4chen. Die Grundwasserneubildung, die unter den bisher sehr dichten Nadelholzbest\u00e4nden fast bei Null liegt, wird sich durch die Traubeneichen sp\u00fcrbar verbessern. In diesem Jahr werden 170 Freiwillige an 33 Tagen in verschiedenen Projekten in den W\u00e4ldern um Rheinsberg t\u00e4tig sein.<\/p>\n<p>Die Umweltstiftung Fondation Yves Rocher \u2013 Institut de France &#8211; wurde von Jacques Rocher, dem Sohn des Firmengr\u00fcnders Yves Rocher, ins Leben gerufen. Die Stiftung engagiert sich in mehr als 50 L\u00e4ndern in zahlreichen Projekten auf lokaler, nationaler und internationaler Ebene f\u00fcr die Umwelt. Die Fondation Yves Rocher wurde im Jahr 1991 gegr\u00fcndet und steht seit 2001 unter dem Dach des Institut de France. Aktuelle Schwerpunkte sind der Umweltpreis \u201eTroph\u00e9e de femmes\u201c und die Aktion \u201ePlant for the planet\u201c (Wiederaufforstungskampagne \u201e50 Millionen B\u00e4ume\u201c).<\/p>\n<p>Das Bergwaldprojekt bringt mit seinen Einsatzwochen allein in Deutschland j\u00e4hrlich \u00fcber 2.000 Menschen in den Wald. In diesem Jahr finden 90 Einsatzwochen an 47 verschiedenen Orten in ganz Deutschland statt. Ziel ist, durch die praktische Arbeit in Gruppen und unter professioneller Leitung, die Situation des Waldes an den jeweiligen Standorten zu verbessern und mehr \u00fcber die Zusammenh\u00e4nge in der Natur zu erfahren.<\/p>\n<p>Ansprechpartner f\u00fcr Brandenburg im Landesbetrieb Forst: Annette Meckel, Telefon: 033929\/ 50 80 64, mobil: 0174\/ 185 06 13 sowie Ray H\u00fcbner: mobil 0172\/ 314 41 37\nAnsprechpartner Bergwaldprojekt: Peter Naumann, Telefon: 0831\/ 512 76 35, mobil: 0171\/ 207 22 65<\/p>\n<p>&nbsp;<\/p>\n","protected":false},"excerpt":{"rendered":"<p>Bereits zum achten Mal ist das \u201eBergwaldprojekt\u201c in Brandenburg zu Gast. 40 Freiwillige aus ganz Deutschland werden im Naturpark zur Pflanzarbeit in den Wald aufbrechen und ihren ganz pers\u00f6nlichen Beitrag f\u00fcr die Umwelt leisten.<\/p>\n","protected":false},"author":39,"featured_media":3615,"comment_status":"open","ping_status":"open","sticky":false,"template":"","format":"standard","meta":[],"categories":[7],"tags":[],"yoast_head":"<!-- This site is optimized with the Yoast SEO plugin v19.10 - https:\/\/yoast.com\/wordpress\/plugins\/seo\/ -->\n<title>Umweltstiftung unterst\u00fctzt &quot;Bergwaldretter&quot; im Brandenburger Flachland - Naturpark Stechlin-Ruppiner Land<\/title>\n<meta name=\"robots\" content=\"index, follow, max-snippet:-1, max-image-preview:large, max-video-preview:-1\" \/>\n<link rel=\"canonical\" href=\"https:\/\/www.naturparkmagazin.de\/stechlin\/umweltstiftung-unterstuetzt-bergwaldretter-im-brandenburger-flachland\/\" \/>\n<meta property=\"og:locale\" content=\"de_DE\" \/>\n<meta property=\"og:type\" content=\"article\" \/>\n<meta property=\"og:title\" content=\"Umweltstiftung unterst\u00fctzt &quot;Bergwaldretter&quot; im Brandenburger Flachland - Naturpark Stechlin-Ruppiner Land\" \/>\n<meta property=\"og:description\" content=\"Bereits zum achten Mal ist das \u201eBergwaldprojekt\u201c in Brandenburg zu Gast. 40 Freiwillige aus ganz Deutschland werden im Naturpark zur Pflanzarbeit in den Wald aufbrechen und ihren ganz pers\u00f6nlichen Beitrag f\u00fcr die Umwelt leisten.\" \/>\n<meta property=\"og:url\" content=\"https:\/\/www.naturparkmagazin.de\/stechlin\/umweltstiftung-unterstuetzt-bergwaldretter-im-brandenburger-flachland\/\" \/>\n<meta property=\"og:site_name\" content=\"Naturpark Stechlin-Ruppiner Land\" \/>\n<meta property=\"article:published_time\" content=\"2016-03-14T06:58:58+00:00\" \/>\n<meta property=\"article:modified_time\" content=\"2016-03-18T15:26:34+00:00\" \/>\n<meta property=\"og:image\" content=\"https:\/\/www.naturparkmagazin.de\/stechlin\/wp-content\/uploads\/sites\/38\/Bergwald_beitragsbild.jpg\" \/>\n\t<meta property=\"og:image:width\" content=\"200\" \/>\n\t<meta property=\"og:image:height\" content=\"200\" \/>\n\t<meta property=\"og:image:type\" content=\"image\/jpeg\" \/>\n<meta name=\"author\" content=\"marioschrumpf\" \/>\n<meta name=\"twitter:label1\" content=\"Verfasst von\" \/>\n\t<meta name=\"twitter:data1\" content=\"marioschrumpf\" \/>\n\t<meta name=\"twitter:label2\" content=\"Gesch\u00e4tzte Lesezeit\" \/>\n\t<meta name=\"twitter:data2\" content=\"2\u00a0Minuten\" \/>\n<script type=\"application\/ld+json\" class=\"yoast-schema-graph\">{\"@context\":\"https:\/\/schema.org\",\"@graph\":[{\"@type\":\"WebPage\",\"@id\":\"https:\/\/www.naturparkmagazin.de\/stechlin\/umweltstiftung-unterstuetzt-bergwaldretter-im-brandenburger-flachland\/\",\"url\":\"https:\/\/www.naturparkmagazin.de\/stechlin\/umweltstiftung-unterstuetzt-bergwaldretter-im-brandenburger-flachland\/\",\"name\":\"Umweltstiftung unterst\u00fctzt \\\"Bergwaldretter\\\" im Brandenburger Flachland - Naturpark Stechlin-Ruppiner Land\",\"isPartOf\":{\"@id\":\"https:\/\/www.naturparkmagazin.de\/stechlin\/#website\"},\"datePublished\":\"2016-03-14T06:58:58+00:00\",\"dateModified\":\"2016-03-18T15:26:34+00:00\",\"author\":{\"@id\":\"https:\/\/www.naturparkmagazin.de\/stechlin\/#\/schema\/person\/3f0d93203df21c806dd63c76d9bb28bc\"},\"breadcrumb\":{\"@id\":\"https:\/\/www.naturparkmagazin.de\/stechlin\/umweltstiftung-unterstuetzt-bergwaldretter-im-brandenburger-flachland\/#breadcrumb\"},\"inLanguage\":\"de\",\"potentialAction\":[{\"@type\":\"ReadAction\",\"target\":[\"https:\/\/www.naturparkmagazin.de\/stechlin\/umweltstiftung-unterstuetzt-bergwaldretter-im-brandenburger-flachland\/\"]}]},{\"@type\":\"BreadcrumbList\",\"@id\":\"https:\/\/www.naturparkmagazin.de\/stechlin\/umweltstiftung-unterstuetzt-bergwaldretter-im-brandenburger-flachland\/#breadcrumb\",\"itemListElement\":[{\"@type\":\"ListItem\",\"position\":1,\"name\":\"Home\",\"item\":\"https:\/\/www.naturparkmagazin.de\/stechlin\/\"},{\"@type\":\"ListItem\",\"position\":2,\"name\":\"Umweltstiftung unterst\u00fctzt &#8222;Bergwaldretter&#8220; im Brandenburger Flachland\"}]},{\"@type\":\"WebSite\",\"@id\":\"https:\/\/www.naturparkmagazin.de\/stechlin\/#website\",\"url\":\"https:\/\/www.naturparkmagazin.de\/stechlin\/\",\"name\":\"Naturpark Stechlin-Ruppiner Land\",\"description\":\"\",\"potentialAction\":[{\"@type\":\"SearchAction\",\"target\":{\"@type\":\"EntryPoint\",\"urlTemplate\":\"https:\/\/www.naturparkmagazin.de\/stechlin\/?s={search_term_string}\"},\"query-input\":\"required name=search_term_string\"}],\"inLanguage\":\"de\"},{\"@type\":\"Person\",\"@id\":\"https:\/\/www.naturparkmagazin.de\/stechlin\/#\/schema\/person\/3f0d93203df21c806dd63c76d9bb28bc\",\"name\":\"marioschrumpf\",\"url\":\"https:\/\/www.naturparkmagazin.de\/stechlin\/author\/marioschrumpf\/\"}]}<\/script>\n<!-- \/ Yoast SEO plugin. -->","yoast_head_json":{"title":"Umweltstiftung unterst\u00fctzt \"Bergwaldretter\" im Brandenburger Flachland - Naturpark Stechlin-Ruppiner Land","robots":{"index":"index","follow":"follow","max-snippet":"max-snippet:-1","max-image-preview":"max-image-preview:large","max-video-preview":"max-video-preview:-1"},"canonical":"https:\/\/www.naturparkmagazin.de\/stechlin\/umweltstiftung-unterstuetzt-bergwaldretter-im-brandenburger-flachland\/","og_locale":"de_DE","og_type":"article","og_title":"Umweltstiftung unterst\u00fctzt \"Bergwaldretter\" im Brandenburger Flachland - Naturpark Stechlin-Ruppiner Land","og_description":"Bereits zum achten Mal ist das \u201eBergwaldprojekt\u201c in Brandenburg zu Gast. 40 Freiwillige aus ganz Deutschland werden im Naturpark zur Pflanzarbeit in den Wald aufbrechen und ihren ganz pers\u00f6nlichen Beitrag f\u00fcr die Umwelt leisten.","og_url":"https:\/\/www.naturparkmagazin.de\/stechlin\/umweltstiftung-unterstuetzt-bergwaldretter-im-brandenburger-flachland\/","og_site_name":"Naturpark Stechlin-Ruppiner Land","article_published_time":"2016-03-14T06:58:58+00:00","article_modified_time":"2016-03-18T15:26:34+00:00","og_image":[{"width":200,"height":200,"url":"https:\/\/www.naturparkmagazin.de\/stechlin\/wp-content\/uploads\/sites\/38\/Bergwald_beitragsbild.jpg","type":"image\/jpeg"}],"author":"marioschrumpf","twitter_misc":{"Verfasst von":"marioschrumpf","Gesch\u00e4tzte Lesezeit":"2\u00a0Minuten"},"schema":{"@context":"https:\/\/schema.org","@graph":[{"@type":"WebPage","@id":"https:\/\/www.naturparkmagazin.de\/stechlin\/umweltstiftung-unterstuetzt-bergwaldretter-im-brandenburger-flachland\/","url":"https:\/\/www.naturparkmagazin.de\/stechlin\/umweltstiftung-unterstuetzt-bergwaldretter-im-brandenburger-flachland\/","name":"Umweltstiftung unterst\u00fctzt \"Bergwaldretter\" im Brandenburger Flachland - Naturpark Stechlin-Ruppiner Land","isPartOf":{"@id":"https:\/\/www.naturparkmagazin.de\/stechlin\/#website"},"datePublished":"2016-03-14T06:58:58+00:00","dateModified":"2016-03-18T15:26:34+00:00","author":{"@id":"https:\/\/www.naturparkmagazin.de\/stechlin\/#\/schema\/person\/3f0d93203df21c806dd63c76d9bb28bc"},"breadcrumb":{"@id":"https:\/\/www.naturparkmagazin.de\/stechlin\/umweltstiftung-unterstuetzt-bergwaldretter-im-brandenburger-flachland\/#breadcrumb"},"inLanguage":"de","potentialAction":[{"@type":"ReadAction","target":["https:\/\/www.naturparkmagazin.de\/stechlin\/umweltstiftung-unterstuetzt-bergwaldretter-im-brandenburger-flachland\/"]}]},{"@type":"BreadcrumbList","@id":"https:\/\/www.naturparkmagazin.de\/stechlin\/umweltstiftung-unterstuetzt-bergwaldretter-im-brandenburger-flachland\/#breadcrumb","itemListElement":[{"@type":"ListItem","position":1,"name":"Home","item":"https:\/\/www.naturparkmagazin.de\/stechlin\/"},{"@type":"ListItem","position":2,"name":"Umweltstiftung unterst\u00fctzt &#8222;Bergwaldretter&#8220; im Brandenburger Flachland"}]},{"@type":"WebSite","@id":"https:\/\/www.naturparkmagazin.de\/stechlin\/#website","url":"https:\/\/www.naturparkmagazin.de\/stechlin\/","name":"Naturpark Stechlin-Ruppiner Land","description":"","potentialAction":[{"@type":"SearchAction","target":{"@type":"EntryPoint","urlTemplate":"https:\/\/www.naturparkmagazin.de\/stechlin\/?s={search_term_string}"},"query-input":"required name=search_term_string"}],"inLanguage":"de"},{"@type":"Person","@id":"https:\/\/www.naturparkmagazin.de\/stechlin\/#\/schema\/person\/3f0d93203df21c806dd63c76d9bb28bc","name":"marioschrumpf","url":"https:\/\/www.naturparkmagazin.de\/stechlin\/author\/marioschrumpf\/"}]}},"_links":{"self":[{"href":"https:\/\/www.naturparkmagazin.de\/stechlin\/wp-json\/wp\/v2\/posts\/3515"}],"collection":[{"href":"https:\/\/www.naturparkmagazin.de\/stechlin\/wp-json\/wp\/v2\/posts"}],"about":[{"href":"https:\/\/www.naturparkmagazin.de\/stechlin\/wp-json\/wp\/v2\/types\/post"}],"author":[{"embeddable":true,"href":"https:\/\/www.naturparkmagazin.de\/stechlin\/wp-json\/wp\/v2\/users\/39"}],"replies":[{"embeddable":true,"href":"https:\/\/www.naturparkmagazin.de\/stechlin\/wp-json\/wp\/v2\/comments?post=3515"}],"version-history":[{"count":6,"href":"https:\/\/www.naturparkmagazin.de\/stechlin\/wp-json\/wp\/v2\/posts\/3515\/revisions"}],"predecessor-version":[{"id":3638,"href":"https:\/\/www.naturparkmagazin.de\/stechlin\/wp-json\/wp\/v2\/posts\/3515\/revisions\/3638"}],"wp:featuredmedia":[{"embeddable":true,"href":"https:\/\/www.naturparkmagazin.de\/stechlin\/wp-json\/wp\/v2\/media\/3615"}],"wp:attachment":[{"href":"https:\/\/www.naturparkmagazin.de\/stechlin\/wp-json\/wp\/v2\/media?parent=3515"}],"wp:term":[{"taxonomy":"category","embeddable":true,"href":"https:\/\/www.naturparkmagazin.de\/stechlin\/wp-json\/wp\/v2\/categories?post=3515"},{"taxonomy":"post_tag","embeddable":true,"href":"https:\/\/www.naturparkmagazin.de\/stechlin\/wp-json\/wp\/v2\/tags?post=3515"}],"curies":[{"name":"wp","href":"https:\/\/api.w.org\/{rel}","templated":true}]}}