{"id":355,"date":"2013-10-28T12:31:01","date_gmt":"2013-10-28T10:31:01","guid":{"rendered":"http:\/\/www.naturparkmagazin.de\/stechlin\/?p=355"},"modified":"2025-01-24T10:27:51","modified_gmt":"2025-01-24T09:27:51","slug":"der-10-menzer-apfeltag-war-ein-grosser-erfolg","status":"publish","type":"post","link":"https:\/\/www.naturparkmagazin.de\/stechlin\/der-10-menzer-apfeltag-war-ein-grosser-erfolg\/","title":{"rendered":"Der 10. Menzer Apfeltag war ein gro\u00dfer Erfolg (2013)"},"content":{"rendered":"<div id=\"attachment_357\" style=\"width: 630px\" class=\"wp-caption alignnone\"><a href=\"https:\/\/www.naturparkmagazin.de\/stechlin\/wp-content\/uploads\/sites\/38\/k-Apfel1.jpg\"><img aria-describedby=\"caption-attachment-357\" decoding=\"async\" loading=\"lazy\" class=\"size-medium wp-image-357 \" title=\"Roland Lebe vom Bundessortenamt stellte neu zugelassene Apfelsorten vor\" src=\"https:\/\/www.naturparkmagazin.de\/stechlin\/wp-content\/uploads\/sites\/38\/k-Apfel1-620x415.jpg\" alt=\"Roland Lebe vom Bundessortenamt stellte neu zugelassene Apfelsorten vor\" width=\"620\" height=\"415\" srcset=\"https:\/\/www.naturparkmagazin.de\/stechlin\/wp-content\/uploads\/sites\/38\/k-Apfel1-620x415.jpg 620w, https:\/\/www.naturparkmagazin.de\/stechlin\/wp-content\/uploads\/sites\/38\/k-Apfel1-300x201.jpg 300w, https:\/\/www.naturparkmagazin.de\/stechlin\/wp-content\/uploads\/sites\/38\/k-Apfel1-940x629.jpg 940w, https:\/\/www.naturparkmagazin.de\/stechlin\/wp-content\/uploads\/sites\/38\/k-Apfel1-670x449.jpg 670w, https:\/\/www.naturparkmagazin.de\/stechlin\/wp-content\/uploads\/sites\/38\/k-Apfel1-200x134.jpg 200w, https:\/\/www.naturparkmagazin.de\/stechlin\/wp-content\/uploads\/sites\/38\/k-Apfel1.jpg 1936w\" sizes=\"(max-width: 620px) 100vw, 620px\" \/><\/a><p id=\"caption-attachment-357\" class=\"wp-caption-text\">Roland Lebe vom Bundessortenamt stellte neu zugelassene Apfelsorten vor<\/p><\/div>\n<p>&nbsp;<\/p>\n<p>Ca. 1.000 Besucherinnen und Besucher sorgten zum <strong>Jubil\u00e4ums-Apfeltag<\/strong> f\u00fcr eine Rekordbeteiligung. Von fr\u00fch an bis weit in den Nachmittag rie\u00df der Besucherstrom nicht ab. Auch der Wettergott hatte ein einsehen: nach einer verregneten Woche lie\u00df die Sonne das Laub der Linden auf dem Friedensplatz goldgelb erstrahlen.<\/p>\n<div id=\"attachment_358\" style=\"width: 630px\" class=\"wp-caption alignnone\"><a href=\"https:\/\/www.naturparkmagazin.de\/stechlin\/wp-content\/uploads\/sites\/38\/k-Apfel3.jpg\"><img aria-describedby=\"caption-attachment-358\" decoding=\"async\" loading=\"lazy\" class=\"size-medium wp-image-358 \" title=\"Preisverleihung beim Kuchenwettbewerb\" src=\"https:\/\/www.naturparkmagazin.de\/stechlin\/wp-content\/uploads\/sites\/38\/k-Apfel3-620x415.jpg\" alt=\"Preisverleihung beim Kuchenwettbewerb\" width=\"620\" height=\"415\" srcset=\"https:\/\/www.naturparkmagazin.de\/stechlin\/wp-content\/uploads\/sites\/38\/k-Apfel3-620x415.jpg 620w, https:\/\/www.naturparkmagazin.de\/stechlin\/wp-content\/uploads\/sites\/38\/k-Apfel3-300x201.jpg 300w, https:\/\/www.naturparkmagazin.de\/stechlin\/wp-content\/uploads\/sites\/38\/k-Apfel3-940x629.jpg 940w, https:\/\/www.naturparkmagazin.de\/stechlin\/wp-content\/uploads\/sites\/38\/k-Apfel3-670x449.jpg 670w, https:\/\/www.naturparkmagazin.de\/stechlin\/wp-content\/uploads\/sites\/38\/k-Apfel3-200x134.jpg 200w, https:\/\/www.naturparkmagazin.de\/stechlin\/wp-content\/uploads\/sites\/38\/k-Apfel3.jpg 1936w\" sizes=\"(max-width: 620px) 100vw, 620px\" \/><\/a><p id=\"caption-attachment-358\" class=\"wp-caption-text\">Preisverleihung beim Kuchenwettbewerb<\/p><\/div>\n<p>Die Rekordbeteiligung von 30 Teilnehmern zum <strong>Apfelkuchenwettbewerb<\/strong> stellte die Jury vor eine harte Herausforderung.<\/p>\n<p>Tapfer a\u00dfen sich die Preisrichter durch den Kuchenberg und ermittelten die Preistr\u00e4ger.<\/p>\n<div id=\"attachment_356\" style=\"width: 630px\" class=\"wp-caption alignnone\"><a href=\"https:\/\/www.naturparkmagazin.de\/stechlin\/wp-content\/uploads\/sites\/38\/k-Apfel2.jpg\"><img aria-describedby=\"caption-attachment-356\" decoding=\"async\" loading=\"lazy\" class=\"size-medium wp-image-356 \" title=\"70 Bleche Kuchen wurden beim Kuchenwettbewerb verkauft\" src=\"https:\/\/www.naturparkmagazin.de\/stechlin\/wp-content\/uploads\/sites\/38\/k-Apfel2-620x415.jpg\" alt=\"70 Bleche Kuchen wurden beim Kuchenbasar verkauft\" width=\"620\" height=\"415\" srcset=\"https:\/\/www.naturparkmagazin.de\/stechlin\/wp-content\/uploads\/sites\/38\/k-Apfel2-620x415.jpg 620w, https:\/\/www.naturparkmagazin.de\/stechlin\/wp-content\/uploads\/sites\/38\/k-Apfel2-300x201.jpg 300w, https:\/\/www.naturparkmagazin.de\/stechlin\/wp-content\/uploads\/sites\/38\/k-Apfel2-940x629.jpg 940w, https:\/\/www.naturparkmagazin.de\/stechlin\/wp-content\/uploads\/sites\/38\/k-Apfel2-670x449.jpg 670w, https:\/\/www.naturparkmagazin.de\/stechlin\/wp-content\/uploads\/sites\/38\/k-Apfel2-200x134.jpg 200w, https:\/\/www.naturparkmagazin.de\/stechlin\/wp-content\/uploads\/sites\/38\/k-Apfel2.jpg 1936w\" sizes=\"(max-width: 620px) 100vw, 620px\" \/><\/a><p id=\"caption-attachment-356\" class=\"wp-caption-text\">70 Bleche Kuchen wurden beim Kuchenbasar verkauft<\/p><\/div>\n<p>130 Apfelhochst\u00e4mme naturparktypischer alter Landsorten fanden neue Besitzer im Rahmen des <strong>Genressourcenprojektes Streuobst<\/strong>. Die uckerm\u00e4rkische Apfelgr\u00e4fin, Daisy von Arnim presste mit ihrer mobilen Saftpresse volle 12 Stunden Direktsaft aus den \u00c4pfeln ihrer Kunden. Wer ohne Voranmeldung kam, hatte diesmal schlechte Karten.<\/p>\n<div id=\"attachment_360\" style=\"width: 630px\" class=\"wp-caption alignnone\"><a href=\"https:\/\/www.naturparkmagazin.de\/stechlin\/wp-content\/uploads\/sites\/38\/k-Apfel5.jpg\"><img aria-describedby=\"caption-attachment-360\" decoding=\"async\" loading=\"lazy\" class=\"size-medium wp-image-360 \" title=\"Friedrun Sinnecker bei der Sortenbestimmung\" src=\"https:\/\/www.naturparkmagazin.de\/stechlin\/wp-content\/uploads\/sites\/38\/k-Apfel5-620x415.jpg\" alt=\"Friedrun Sinnecker bei der Sortenbestimmung\" width=\"620\" height=\"415\" srcset=\"https:\/\/www.naturparkmagazin.de\/stechlin\/wp-content\/uploads\/sites\/38\/k-Apfel5-620x415.jpg 620w, https:\/\/www.naturparkmagazin.de\/stechlin\/wp-content\/uploads\/sites\/38\/k-Apfel5-300x201.jpg 300w, https:\/\/www.naturparkmagazin.de\/stechlin\/wp-content\/uploads\/sites\/38\/k-Apfel5-940x629.jpg 940w, https:\/\/www.naturparkmagazin.de\/stechlin\/wp-content\/uploads\/sites\/38\/k-Apfel5-670x449.jpg 670w, https:\/\/www.naturparkmagazin.de\/stechlin\/wp-content\/uploads\/sites\/38\/k-Apfel5-200x134.jpg 200w, https:\/\/www.naturparkmagazin.de\/stechlin\/wp-content\/uploads\/sites\/38\/k-Apfel5.jpg 1936w\" sizes=\"(max-width: 620px) 100vw, 620px\" \/><\/a><p id=\"caption-attachment-360\" class=\"wp-caption-text\">Friedrun Sinnecker bei der Sortenbestimmung<\/p><\/div>\n","protected":false},"excerpt":{"rendered":"<p>Ca. 1.000 Besucherinnen und Besucher sorgten zum Jubil\u00e4ums-Apfeltag f\u00fcr eine Rekordbeteiligung. Von fr\u00fch an bis weit in den Nachmittag rie\u00df der Besucherstrom nicht ab.<\/p>\n","protected":false},"author":39,"featured_media":359,"comment_status":"open","ping_status":"open","sticky":false,"template":"","format":"standard","meta":[],"categories":[7],"tags":[],"yoast_head":"<!-- This site is optimized with the Yoast SEO plugin v19.10 - https:\/\/yoast.com\/wordpress\/plugins\/seo\/ -->\n<title>Der 10. Menzer Apfeltag war ein gro\u00dfer Erfolg (2013) - Naturpark Stechlin-Ruppiner Land<\/title>\n<meta name=\"robots\" content=\"index, follow, max-snippet:-1, max-image-preview:large, max-video-preview:-1\" \/>\n<link rel=\"canonical\" href=\"https:\/\/www.naturparkmagazin.de\/stechlin\/der-10-menzer-apfeltag-war-ein-grosser-erfolg\/\" \/>\n<meta property=\"og:locale\" content=\"de_DE\" \/>\n<meta property=\"og:type\" content=\"article\" \/>\n<meta property=\"og:title\" content=\"Der 10. Menzer Apfeltag war ein gro\u00dfer Erfolg (2013) - Naturpark Stechlin-Ruppiner Land\" \/>\n<meta property=\"og:description\" content=\"Ca. 1.000 Besucherinnen und Besucher sorgten zum Jubil\u00e4ums-Apfeltag f\u00fcr eine Rekordbeteiligung. Von fr\u00fch an bis weit in den Nachmittag rie\u00df der Besucherstrom nicht ab.\" \/>\n<meta property=\"og:url\" content=\"https:\/\/www.naturparkmagazin.de\/stechlin\/der-10-menzer-apfeltag-war-ein-grosser-erfolg\/\" \/>\n<meta property=\"og:site_name\" content=\"Naturpark Stechlin-Ruppiner Land\" \/>\n<meta property=\"article:published_time\" content=\"2013-10-28T10:31:01+00:00\" \/>\n<meta property=\"article:modified_time\" content=\"2025-01-24T09:27:51+00:00\" \/>\n<meta property=\"og:image\" content=\"https:\/\/www.naturparkmagazin.de\/stechlin\/wp-content\/uploads\/sites\/38\/k-Apfel4.jpg\" \/>\n\t<meta property=\"og:image:width\" content=\"1936\" \/>\n\t<meta property=\"og:image:height\" content=\"1296\" \/>\n\t<meta property=\"og:image:type\" content=\"image\/jpeg\" \/>\n<meta name=\"author\" content=\"marioschrumpf\" \/>\n<meta name=\"twitter:label1\" content=\"Verfasst von\" \/>\n\t<meta name=\"twitter:data1\" content=\"marioschrumpf\" \/>\n\t<meta name=\"twitter:label2\" content=\"Gesch\u00e4tzte Lesezeit\" \/>\n\t<meta name=\"twitter:data2\" content=\"2\u00a0Minuten\" \/>\n<script type=\"application\/ld+json\" class=\"yoast-schema-graph\">{\"@context\":\"https:\/\/schema.org\",\"@graph\":[{\"@type\":\"WebPage\",\"@id\":\"https:\/\/www.naturparkmagazin.de\/stechlin\/der-10-menzer-apfeltag-war-ein-grosser-erfolg\/\",\"url\":\"https:\/\/www.naturparkmagazin.de\/stechlin\/der-10-menzer-apfeltag-war-ein-grosser-erfolg\/\",\"name\":\"Der 10. Menzer Apfeltag war ein gro\u00dfer Erfolg (2013) - Naturpark Stechlin-Ruppiner Land\",\"isPartOf\":{\"@id\":\"https:\/\/www.naturparkmagazin.de\/stechlin\/#website\"},\"datePublished\":\"2013-10-28T10:31:01+00:00\",\"dateModified\":\"2025-01-24T09:27:51+00:00\",\"author\":{\"@id\":\"https:\/\/www.naturparkmagazin.de\/stechlin\/#\/schema\/person\/3f0d93203df21c806dd63c76d9bb28bc\"},\"breadcrumb\":{\"@id\":\"https:\/\/www.naturparkmagazin.de\/stechlin\/der-10-menzer-apfeltag-war-ein-grosser-erfolg\/#breadcrumb\"},\"inLanguage\":\"de\",\"potentialAction\":[{\"@type\":\"ReadAction\",\"target\":[\"https:\/\/www.naturparkmagazin.de\/stechlin\/der-10-menzer-apfeltag-war-ein-grosser-erfolg\/\"]}]},{\"@type\":\"BreadcrumbList\",\"@id\":\"https:\/\/www.naturparkmagazin.de\/stechlin\/der-10-menzer-apfeltag-war-ein-grosser-erfolg\/#breadcrumb\",\"itemListElement\":[{\"@type\":\"ListItem\",\"position\":1,\"name\":\"Home\",\"item\":\"https:\/\/www.naturparkmagazin.de\/stechlin\/\"},{\"@type\":\"ListItem\",\"position\":2,\"name\":\"Der 10. Menzer Apfeltag war ein gro\u00dfer Erfolg (2013)\"}]},{\"@type\":\"WebSite\",\"@id\":\"https:\/\/www.naturparkmagazin.de\/stechlin\/#website\",\"url\":\"https:\/\/www.naturparkmagazin.de\/stechlin\/\",\"name\":\"Naturpark Stechlin-Ruppiner Land\",\"description\":\"\",\"potentialAction\":[{\"@type\":\"SearchAction\",\"target\":{\"@type\":\"EntryPoint\",\"urlTemplate\":\"https:\/\/www.naturparkmagazin.de\/stechlin\/?s={search_term_string}\"},\"query-input\":\"required name=search_term_string\"}],\"inLanguage\":\"de\"},{\"@type\":\"Person\",\"@id\":\"https:\/\/www.naturparkmagazin.de\/stechlin\/#\/schema\/person\/3f0d93203df21c806dd63c76d9bb28bc\",\"name\":\"marioschrumpf\",\"url\":\"https:\/\/www.naturparkmagazin.de\/stechlin\/author\/marioschrumpf\/\"}]}<\/script>\n<!-- \/ Yoast SEO plugin. -->","yoast_head_json":{"title":"Der 10. Menzer Apfeltag war ein gro\u00dfer Erfolg (2013) - Naturpark Stechlin-Ruppiner Land","robots":{"index":"index","follow":"follow","max-snippet":"max-snippet:-1","max-image-preview":"max-image-preview:large","max-video-preview":"max-video-preview:-1"},"canonical":"https:\/\/www.naturparkmagazin.de\/stechlin\/der-10-menzer-apfeltag-war-ein-grosser-erfolg\/","og_locale":"de_DE","og_type":"article","og_title":"Der 10. Menzer Apfeltag war ein gro\u00dfer Erfolg (2013) - Naturpark Stechlin-Ruppiner Land","og_description":"Ca. 1.000 Besucherinnen und Besucher sorgten zum Jubil\u00e4ums-Apfeltag f\u00fcr eine Rekordbeteiligung. Von fr\u00fch an bis weit in den Nachmittag rie\u00df der Besucherstrom nicht ab.","og_url":"https:\/\/www.naturparkmagazin.de\/stechlin\/der-10-menzer-apfeltag-war-ein-grosser-erfolg\/","og_site_name":"Naturpark Stechlin-Ruppiner Land","article_published_time":"2013-10-28T10:31:01+00:00","article_modified_time":"2025-01-24T09:27:51+00:00","og_image":[{"width":1936,"height":1296,"url":"https:\/\/www.naturparkmagazin.de\/stechlin\/wp-content\/uploads\/sites\/38\/k-Apfel4.jpg","type":"image\/jpeg"}],"author":"marioschrumpf","twitter_misc":{"Verfasst von":"marioschrumpf","Gesch\u00e4tzte Lesezeit":"2\u00a0Minuten"},"schema":{"@context":"https:\/\/schema.org","@graph":[{"@type":"WebPage","@id":"https:\/\/www.naturparkmagazin.de\/stechlin\/der-10-menzer-apfeltag-war-ein-grosser-erfolg\/","url":"https:\/\/www.naturparkmagazin.de\/stechlin\/der-10-menzer-apfeltag-war-ein-grosser-erfolg\/","name":"Der 10. Menzer Apfeltag war ein gro\u00dfer Erfolg (2013) - Naturpark Stechlin-Ruppiner Land","isPartOf":{"@id":"https:\/\/www.naturparkmagazin.de\/stechlin\/#website"},"datePublished":"2013-10-28T10:31:01+00:00","dateModified":"2025-01-24T09:27:51+00:00","author":{"@id":"https:\/\/www.naturparkmagazin.de\/stechlin\/#\/schema\/person\/3f0d93203df21c806dd63c76d9bb28bc"},"breadcrumb":{"@id":"https:\/\/www.naturparkmagazin.de\/stechlin\/der-10-menzer-apfeltag-war-ein-grosser-erfolg\/#breadcrumb"},"inLanguage":"de","potentialAction":[{"@type":"ReadAction","target":["https:\/\/www.naturparkmagazin.de\/stechlin\/der-10-menzer-apfeltag-war-ein-grosser-erfolg\/"]}]},{"@type":"BreadcrumbList","@id":"https:\/\/www.naturparkmagazin.de\/stechlin\/der-10-menzer-apfeltag-war-ein-grosser-erfolg\/#breadcrumb","itemListElement":[{"@type":"ListItem","position":1,"name":"Home","item":"https:\/\/www.naturparkmagazin.de\/stechlin\/"},{"@type":"ListItem","position":2,"name":"Der 10. Menzer Apfeltag war ein gro\u00dfer Erfolg (2013)"}]},{"@type":"WebSite","@id":"https:\/\/www.naturparkmagazin.de\/stechlin\/#website","url":"https:\/\/www.naturparkmagazin.de\/stechlin\/","name":"Naturpark Stechlin-Ruppiner Land","description":"","potentialAction":[{"@type":"SearchAction","target":{"@type":"EntryPoint","urlTemplate":"https:\/\/www.naturparkmagazin.de\/stechlin\/?s={search_term_string}"},"query-input":"required name=search_term_string"}],"inLanguage":"de"},{"@type":"Person","@id":"https:\/\/www.naturparkmagazin.de\/stechlin\/#\/schema\/person\/3f0d93203df21c806dd63c76d9bb28bc","name":"marioschrumpf","url":"https:\/\/www.naturparkmagazin.de\/stechlin\/author\/marioschrumpf\/"}]}},"_links":{"self":[{"href":"https:\/\/www.naturparkmagazin.de\/stechlin\/wp-json\/wp\/v2\/posts\/355"}],"collection":[{"href":"https:\/\/www.naturparkmagazin.de\/stechlin\/wp-json\/wp\/v2\/posts"}],"about":[{"href":"https:\/\/www.naturparkmagazin.de\/stechlin\/wp-json\/wp\/v2\/types\/post"}],"author":[{"embeddable":true,"href":"https:\/\/www.naturparkmagazin.de\/stechlin\/wp-json\/wp\/v2\/users\/39"}],"replies":[{"embeddable":true,"href":"https:\/\/www.naturparkmagazin.de\/stechlin\/wp-json\/wp\/v2\/comments?post=355"}],"version-history":[{"count":8,"href":"https:\/\/www.naturparkmagazin.de\/stechlin\/wp-json\/wp\/v2\/posts\/355\/revisions"}],"predecessor-version":[{"id":16615,"href":"https:\/\/www.naturparkmagazin.de\/stechlin\/wp-json\/wp\/v2\/posts\/355\/revisions\/16615"}],"wp:featuredmedia":[{"embeddable":true,"href":"https:\/\/www.naturparkmagazin.de\/stechlin\/wp-json\/wp\/v2\/media\/359"}],"wp:attachment":[{"href":"https:\/\/www.naturparkmagazin.de\/stechlin\/wp-json\/wp\/v2\/media?parent=355"}],"wp:term":[{"taxonomy":"category","embeddable":true,"href":"https:\/\/www.naturparkmagazin.de\/stechlin\/wp-json\/wp\/v2\/categories?post=355"},{"taxonomy":"post_tag","embeddable":true,"href":"https:\/\/www.naturparkmagazin.de\/stechlin\/wp-json\/wp\/v2\/tags?post=355"}],"curies":[{"name":"wp","href":"https:\/\/api.w.org\/{rel}","templated":true}]}}