{"id":3556,"date":"2016-03-14T18:17:07","date_gmt":"2016-03-14T17:17:07","guid":{"rendered":"http:\/\/www.naturparkmagazin.de\/stechlin\/?p=3556"},"modified":"2016-03-18T10:01:22","modified_gmt":"2016-03-18T09:01:22","slug":"folk-im-gutshaus-mit-der-gruppe-huldrelokkk","status":"publish","type":"post","link":"https:\/\/www.naturparkmagazin.de\/stechlin\/folk-im-gutshaus-mit-der-gruppe-huldrelokkk\/","title":{"rendered":"Folk im Gutshaus mit der Gruppe \u201eHuldrelokkk\u201c"},"content":{"rendered":"<div id=\"attachment_3559\" style=\"width: 510px\" class=\"wp-caption aligncenter\"><a href=\"https:\/\/www.naturparkmagazin.de\/stechlin\/wp-content\/uploads\/sites\/38\/Fr\u00fchlingskonzert_Beitrag.jpg\"><img aria-describedby=\"caption-attachment-3559\" decoding=\"async\" loading=\"lazy\" class=\"size-full wp-image-3559\" src=\"https:\/\/www.naturparkmagazin.de\/stechlin\/wp-content\/uploads\/sites\/38\/Fr\u00fchlingskonzert_Beitrag.jpg\" alt=\"Copyright: Naturpark Stechlin-Ruppiner Land\" width=\"500\" height=\"300\" srcset=\"https:\/\/www.naturparkmagazin.de\/stechlin\/wp-content\/uploads\/sites\/38\/Fr\u00fchlingskonzert_Beitrag.jpg 500w, https:\/\/www.naturparkmagazin.de\/stechlin\/wp-content\/uploads\/sites\/38\/Fr\u00fchlingskonzert_Beitrag-300x180.jpg 300w, https:\/\/www.naturparkmagazin.de\/stechlin\/wp-content\/uploads\/sites\/38\/Fr\u00fchlingskonzert_Beitrag-200x120.jpg 200w\" sizes=\"(max-width: 500px) 100vw, 500px\" \/><\/a><p id=\"caption-attachment-3559\" class=\"wp-caption-text\">Copyright: Naturpark Stechlin-Ruppiner Land<\/p><\/div>\n<p>Kerstin Blodig (Nor\/D), Liv V. Larsen (D\u00e4n) und Mia Grunberg Adin (Schweden) pr\u00e4sentieren die ganze Bandbreite skandinavischer Folkmusik. Mit bet\u00f6rend dreistimmigen Gesang, rasant und gekonnt gespielten Fideln und der Gitarre begeistern sie seit 2009 ihr Publikum.<\/p>\n<p><em><strong>Termin:<\/strong> <\/em>Sonntag, 17. April, 19 Uhr\n<em><strong>Ort:<\/strong><\/em> Gutshaus K\u00f6pernitz\n<em><strong>Preis:<\/strong><\/em> 13 Euro\n<em><strong>Anmeldung:<\/strong><\/em> 033931\/37855<\/p>\n","protected":false},"excerpt":{"rendered":"<p>Am Sonntag, den 17. April 2016 pr\u00e4sentieren Kerstin Blodig, Liv V. Larsen und Mia Grunberg Adin die ganze Bandbreite skandinavischer Folkmusik. <\/p>\n","protected":false},"author":51,"featured_media":3558,"comment_status":"open","ping_status":"open","sticky":false,"template":"","format":"standard","meta":[],"categories":[11],"tags":[],"yoast_head":"<!-- This site is optimized with the Yoast SEO plugin v19.10 - https:\/\/yoast.com\/wordpress\/plugins\/seo\/ -->\n<title>Folk im Gutshaus mit der Gruppe \u201eHuldrelokkk\u201c - Naturpark Stechlin-Ruppiner Land<\/title>\n<meta name=\"robots\" content=\"index, follow, max-snippet:-1, max-image-preview:large, max-video-preview:-1\" \/>\n<link rel=\"canonical\" href=\"https:\/\/www.naturparkmagazin.de\/stechlin\/folk-im-gutshaus-mit-der-gruppe-huldrelokkk\/\" \/>\n<meta property=\"og:locale\" content=\"de_DE\" \/>\n<meta property=\"og:type\" content=\"article\" \/>\n<meta property=\"og:title\" content=\"Folk im Gutshaus mit der Gruppe \u201eHuldrelokkk\u201c - Naturpark Stechlin-Ruppiner Land\" \/>\n<meta property=\"og:description\" content=\"Am Sonntag, den 17. April 2016 pr\u00e4sentieren Kerstin Blodig, Liv V. Larsen und Mia Grunberg Adin die ganze Bandbreite skandinavischer Folkmusik.\" \/>\n<meta property=\"og:url\" content=\"https:\/\/www.naturparkmagazin.de\/stechlin\/folk-im-gutshaus-mit-der-gruppe-huldrelokkk\/\" \/>\n<meta property=\"og:site_name\" content=\"Naturpark Stechlin-Ruppiner Land\" \/>\n<meta property=\"article:published_time\" content=\"2016-03-14T17:17:07+00:00\" \/>\n<meta property=\"article:modified_time\" content=\"2016-03-18T09:01:22+00:00\" \/>\n<meta property=\"og:image\" content=\"https:\/\/www.naturparkmagazin.de\/stechlin\/wp-content\/uploads\/sites\/38\/Fr\u00fchlingskonzert_Beitragsbild.jpg\" \/>\n\t<meta property=\"og:image:width\" content=\"200\" \/>\n\t<meta property=\"og:image:height\" content=\"200\" \/>\n\t<meta property=\"og:image:type\" content=\"image\/jpeg\" \/>\n<meta name=\"author\" content=\"beatrixlosem\" \/>\n<meta name=\"twitter:label1\" content=\"Verfasst von\" \/>\n\t<meta name=\"twitter:data1\" content=\"beatrixlosem\" \/>\n<script type=\"application\/ld+json\" class=\"yoast-schema-graph\">{\"@context\":\"https:\/\/schema.org\",\"@graph\":[{\"@type\":\"WebPage\",\"@id\":\"https:\/\/www.naturparkmagazin.de\/stechlin\/folk-im-gutshaus-mit-der-gruppe-huldrelokkk\/\",\"url\":\"https:\/\/www.naturparkmagazin.de\/stechlin\/folk-im-gutshaus-mit-der-gruppe-huldrelokkk\/\",\"name\":\"Folk im Gutshaus mit der Gruppe \u201eHuldrelokkk\u201c - Naturpark Stechlin-Ruppiner Land\",\"isPartOf\":{\"@id\":\"https:\/\/www.naturparkmagazin.de\/stechlin\/#website\"},\"datePublished\":\"2016-03-14T17:17:07+00:00\",\"dateModified\":\"2016-03-18T09:01:22+00:00\",\"author\":{\"@id\":\"https:\/\/www.naturparkmagazin.de\/stechlin\/#\/schema\/person\/d71357578c318b6db03be60b1f60396b\"},\"breadcrumb\":{\"@id\":\"https:\/\/www.naturparkmagazin.de\/stechlin\/folk-im-gutshaus-mit-der-gruppe-huldrelokkk\/#breadcrumb\"},\"inLanguage\":\"de\",\"potentialAction\":[{\"@type\":\"ReadAction\",\"target\":[\"https:\/\/www.naturparkmagazin.de\/stechlin\/folk-im-gutshaus-mit-der-gruppe-huldrelokkk\/\"]}]},{\"@type\":\"BreadcrumbList\",\"@id\":\"https:\/\/www.naturparkmagazin.de\/stechlin\/folk-im-gutshaus-mit-der-gruppe-huldrelokkk\/#breadcrumb\",\"itemListElement\":[{\"@type\":\"ListItem\",\"position\":1,\"name\":\"Home\",\"item\":\"https:\/\/www.naturparkmagazin.de\/stechlin\/\"},{\"@type\":\"ListItem\",\"position\":2,\"name\":\"Folk im Gutshaus mit der Gruppe \u201eHuldrelokkk\u201c\"}]},{\"@type\":\"WebSite\",\"@id\":\"https:\/\/www.naturparkmagazin.de\/stechlin\/#website\",\"url\":\"https:\/\/www.naturparkmagazin.de\/stechlin\/\",\"name\":\"Naturpark Stechlin-Ruppiner Land\",\"description\":\"\",\"potentialAction\":[{\"@type\":\"SearchAction\",\"target\":{\"@type\":\"EntryPoint\",\"urlTemplate\":\"https:\/\/www.naturparkmagazin.de\/stechlin\/?s={search_term_string}\"},\"query-input\":\"required name=search_term_string\"}],\"inLanguage\":\"de\"},{\"@type\":\"Person\",\"@id\":\"https:\/\/www.naturparkmagazin.de\/stechlin\/#\/schema\/person\/d71357578c318b6db03be60b1f60396b\",\"name\":\"beatrixlosem\",\"url\":\"https:\/\/www.naturparkmagazin.de\/stechlin\/author\/beatrixlosem\/\"}]}<\/script>\n<!-- \/ Yoast SEO plugin. -->","yoast_head_json":{"title":"Folk im Gutshaus mit der Gruppe \u201eHuldrelokkk\u201c - Naturpark Stechlin-Ruppiner Land","robots":{"index":"index","follow":"follow","max-snippet":"max-snippet:-1","max-image-preview":"max-image-preview:large","max-video-preview":"max-video-preview:-1"},"canonical":"https:\/\/www.naturparkmagazin.de\/stechlin\/folk-im-gutshaus-mit-der-gruppe-huldrelokkk\/","og_locale":"de_DE","og_type":"article","og_title":"Folk im Gutshaus mit der Gruppe \u201eHuldrelokkk\u201c - Naturpark Stechlin-Ruppiner Land","og_description":"Am Sonntag, den 17. April 2016 pr\u00e4sentieren Kerstin Blodig, Liv V. Larsen und Mia Grunberg Adin die ganze Bandbreite skandinavischer Folkmusik.","og_url":"https:\/\/www.naturparkmagazin.de\/stechlin\/folk-im-gutshaus-mit-der-gruppe-huldrelokkk\/","og_site_name":"Naturpark Stechlin-Ruppiner Land","article_published_time":"2016-03-14T17:17:07+00:00","article_modified_time":"2016-03-18T09:01:22+00:00","og_image":[{"width":200,"height":200,"url":"https:\/\/www.naturparkmagazin.de\/stechlin\/wp-content\/uploads\/sites\/38\/Fr\u00fchlingskonzert_Beitragsbild.jpg","type":"image\/jpeg"}],"author":"beatrixlosem","twitter_misc":{"Verfasst von":"beatrixlosem"},"schema":{"@context":"https:\/\/schema.org","@graph":[{"@type":"WebPage","@id":"https:\/\/www.naturparkmagazin.de\/stechlin\/folk-im-gutshaus-mit-der-gruppe-huldrelokkk\/","url":"https:\/\/www.naturparkmagazin.de\/stechlin\/folk-im-gutshaus-mit-der-gruppe-huldrelokkk\/","name":"Folk im Gutshaus mit der Gruppe \u201eHuldrelokkk\u201c - Naturpark Stechlin-Ruppiner Land","isPartOf":{"@id":"https:\/\/www.naturparkmagazin.de\/stechlin\/#website"},"datePublished":"2016-03-14T17:17:07+00:00","dateModified":"2016-03-18T09:01:22+00:00","author":{"@id":"https:\/\/www.naturparkmagazin.de\/stechlin\/#\/schema\/person\/d71357578c318b6db03be60b1f60396b"},"breadcrumb":{"@id":"https:\/\/www.naturparkmagazin.de\/stechlin\/folk-im-gutshaus-mit-der-gruppe-huldrelokkk\/#breadcrumb"},"inLanguage":"de","potentialAction":[{"@type":"ReadAction","target":["https:\/\/www.naturparkmagazin.de\/stechlin\/folk-im-gutshaus-mit-der-gruppe-huldrelokkk\/"]}]},{"@type":"BreadcrumbList","@id":"https:\/\/www.naturparkmagazin.de\/stechlin\/folk-im-gutshaus-mit-der-gruppe-huldrelokkk\/#breadcrumb","itemListElement":[{"@type":"ListItem","position":1,"name":"Home","item":"https:\/\/www.naturparkmagazin.de\/stechlin\/"},{"@type":"ListItem","position":2,"name":"Folk im Gutshaus mit der Gruppe \u201eHuldrelokkk\u201c"}]},{"@type":"WebSite","@id":"https:\/\/www.naturparkmagazin.de\/stechlin\/#website","url":"https:\/\/www.naturparkmagazin.de\/stechlin\/","name":"Naturpark Stechlin-Ruppiner Land","description":"","potentialAction":[{"@type":"SearchAction","target":{"@type":"EntryPoint","urlTemplate":"https:\/\/www.naturparkmagazin.de\/stechlin\/?s={search_term_string}"},"query-input":"required name=search_term_string"}],"inLanguage":"de"},{"@type":"Person","@id":"https:\/\/www.naturparkmagazin.de\/stechlin\/#\/schema\/person\/d71357578c318b6db03be60b1f60396b","name":"beatrixlosem","url":"https:\/\/www.naturparkmagazin.de\/stechlin\/author\/beatrixlosem\/"}]}},"_links":{"self":[{"href":"https:\/\/www.naturparkmagazin.de\/stechlin\/wp-json\/wp\/v2\/posts\/3556"}],"collection":[{"href":"https:\/\/www.naturparkmagazin.de\/stechlin\/wp-json\/wp\/v2\/posts"}],"about":[{"href":"https:\/\/www.naturparkmagazin.de\/stechlin\/wp-json\/wp\/v2\/types\/post"}],"author":[{"embeddable":true,"href":"https:\/\/www.naturparkmagazin.de\/stechlin\/wp-json\/wp\/v2\/users\/51"}],"replies":[{"embeddable":true,"href":"https:\/\/www.naturparkmagazin.de\/stechlin\/wp-json\/wp\/v2\/comments?post=3556"}],"version-history":[{"count":3,"href":"https:\/\/www.naturparkmagazin.de\/stechlin\/wp-json\/wp\/v2\/posts\/3556\/revisions"}],"predecessor-version":[{"id":3633,"href":"https:\/\/www.naturparkmagazin.de\/stechlin\/wp-json\/wp\/v2\/posts\/3556\/revisions\/3633"}],"wp:featuredmedia":[{"embeddable":true,"href":"https:\/\/www.naturparkmagazin.de\/stechlin\/wp-json\/wp\/v2\/media\/3558"}],"wp:attachment":[{"href":"https:\/\/www.naturparkmagazin.de\/stechlin\/wp-json\/wp\/v2\/media?parent=3556"}],"wp:term":[{"taxonomy":"category","embeddable":true,"href":"https:\/\/www.naturparkmagazin.de\/stechlin\/wp-json\/wp\/v2\/categories?post=3556"},{"taxonomy":"post_tag","embeddable":true,"href":"https:\/\/www.naturparkmagazin.de\/stechlin\/wp-json\/wp\/v2\/tags?post=3556"}],"curies":[{"name":"wp","href":"https:\/\/api.w.org\/{rel}","templated":true}]}}