{"id":3562,"date":"2016-03-14T12:08:16","date_gmt":"2016-03-14T11:08:16","guid":{"rendered":"http:\/\/www.naturparkmagazin.de\/stechlin\/?p=3562"},"modified":"2016-03-16T15:50:29","modified_gmt":"2016-03-16T14:50:29","slug":"16-fruehlingskonzert-im-gutshaus","status":"publish","type":"post","link":"https:\/\/www.naturparkmagazin.de\/stechlin\/16-fruehlingskonzert-im-gutshaus\/","title":{"rendered":"16. Fr\u00fchlingskonzert im Gutshaus"},"content":{"rendered":"<div id=\"attachment_3565\" style=\"width: 510px\" class=\"wp-caption aligncenter\"><a href=\"https:\/\/www.naturparkmagazin.de\/stechlin\/wp-content\/uploads\/sites\/38\/Gutshaus_beitrag.jpg\"><img aria-describedby=\"caption-attachment-3565\" decoding=\"async\" loading=\"lazy\" class=\"size-full wp-image-3565\" src=\"https:\/\/www.naturparkmagazin.de\/stechlin\/wp-content\/uploads\/sites\/38\/Gutshaus_beitrag.jpg\" alt=\"KulturGutshaus K\u00f6pernitz\" width=\"500\" height=\"300\" srcset=\"https:\/\/www.naturparkmagazin.de\/stechlin\/wp-content\/uploads\/sites\/38\/Gutshaus_beitrag.jpg 500w, https:\/\/www.naturparkmagazin.de\/stechlin\/wp-content\/uploads\/sites\/38\/Gutshaus_beitrag-300x180.jpg 300w, https:\/\/www.naturparkmagazin.de\/stechlin\/wp-content\/uploads\/sites\/38\/Gutshaus_beitrag-200x120.jpg 200w\" sizes=\"(max-width: 500px) 100vw, 500px\" \/><\/a><p id=\"caption-attachment-3565\" class=\"wp-caption-text\">KulturGutshaus K\u00f6pernitz<\/p><\/div>\n<p>Sowohl die kleinen als auch die schon fortgeschrittenen Musiksch\u00fcler nutzen gern das Ambiente dieses Hauses, um vor ihren Musiklehrern, den Eltern und G\u00e4sten vorzuspielen. Gewisserma\u00dfen eine kleine Leistungsschau \u00fcber die bisher gemachten Fortschritte. Die Frauen des F\u00f6rdervereins laden mit Kaffee und Kuchen zum Verweilen ein.<\/p>\n<p><em><strong>Termin:<\/strong><\/em> Sonntag, 24. April\n<em><strong>Ort:<\/strong><\/em> Gutshaus K\u00f6pernitz\n<em><strong>Eintritt:<\/strong><\/em> Frei<\/p>\n","protected":false},"excerpt":{"rendered":"<p>Am Sonntag, den 24. April 2016 l\u00e4dt die Zweigstelle Rheinsberg der Musikschule OPR zu einem Fr\u00fchlingskonzert ins Gutshaus K\u00f6pernitz ein.<\/p>\n","protected":false},"author":51,"featured_media":3566,"comment_status":"open","ping_status":"open","sticky":false,"template":"","format":"standard","meta":[],"categories":[11],"tags":[],"yoast_head":"<!-- This site is optimized with the Yoast SEO plugin v19.10 - https:\/\/yoast.com\/wordpress\/plugins\/seo\/ -->\n<title>16. Fr\u00fchlingskonzert im Gutshaus - Naturpark Stechlin-Ruppiner Land<\/title>\n<meta name=\"robots\" content=\"index, follow, max-snippet:-1, max-image-preview:large, max-video-preview:-1\" \/>\n<link rel=\"canonical\" href=\"https:\/\/www.naturparkmagazin.de\/stechlin\/16-fruehlingskonzert-im-gutshaus\/\" \/>\n<meta property=\"og:locale\" content=\"de_DE\" \/>\n<meta property=\"og:type\" content=\"article\" \/>\n<meta property=\"og:title\" content=\"16. Fr\u00fchlingskonzert im Gutshaus - Naturpark Stechlin-Ruppiner Land\" \/>\n<meta property=\"og:description\" content=\"Am Sonntag, den 24. April 2016 l\u00e4dt die Zweigstelle Rheinsberg der Musikschule OPR zu einem Fr\u00fchlingskonzert ins Gutshaus K\u00f6pernitz ein.\" \/>\n<meta property=\"og:url\" content=\"https:\/\/www.naturparkmagazin.de\/stechlin\/16-fruehlingskonzert-im-gutshaus\/\" \/>\n<meta property=\"og:site_name\" content=\"Naturpark Stechlin-Ruppiner Land\" \/>\n<meta property=\"article:published_time\" content=\"2016-03-14T11:08:16+00:00\" \/>\n<meta property=\"article:modified_time\" content=\"2016-03-16T14:50:29+00:00\" \/>\n<meta property=\"og:image\" content=\"https:\/\/www.naturparkmagazin.de\/stechlin\/wp-content\/uploads\/sites\/38\/Gutshaus_beitragsbild.jpg\" \/>\n\t<meta property=\"og:image:width\" content=\"200\" \/>\n\t<meta property=\"og:image:height\" content=\"200\" \/>\n\t<meta property=\"og:image:type\" content=\"image\/jpeg\" \/>\n<meta name=\"author\" content=\"beatrixlosem\" \/>\n<meta name=\"twitter:label1\" content=\"Verfasst von\" \/>\n\t<meta name=\"twitter:data1\" content=\"beatrixlosem\" \/>\n<script type=\"application\/ld+json\" class=\"yoast-schema-graph\">{\"@context\":\"https:\/\/schema.org\",\"@graph\":[{\"@type\":\"WebPage\",\"@id\":\"https:\/\/www.naturparkmagazin.de\/stechlin\/16-fruehlingskonzert-im-gutshaus\/\",\"url\":\"https:\/\/www.naturparkmagazin.de\/stechlin\/16-fruehlingskonzert-im-gutshaus\/\",\"name\":\"16. Fr\u00fchlingskonzert im Gutshaus - Naturpark Stechlin-Ruppiner Land\",\"isPartOf\":{\"@id\":\"https:\/\/www.naturparkmagazin.de\/stechlin\/#website\"},\"datePublished\":\"2016-03-14T11:08:16+00:00\",\"dateModified\":\"2016-03-16T14:50:29+00:00\",\"author\":{\"@id\":\"https:\/\/www.naturparkmagazin.de\/stechlin\/#\/schema\/person\/d71357578c318b6db03be60b1f60396b\"},\"breadcrumb\":{\"@id\":\"https:\/\/www.naturparkmagazin.de\/stechlin\/16-fruehlingskonzert-im-gutshaus\/#breadcrumb\"},\"inLanguage\":\"de\",\"potentialAction\":[{\"@type\":\"ReadAction\",\"target\":[\"https:\/\/www.naturparkmagazin.de\/stechlin\/16-fruehlingskonzert-im-gutshaus\/\"]}]},{\"@type\":\"BreadcrumbList\",\"@id\":\"https:\/\/www.naturparkmagazin.de\/stechlin\/16-fruehlingskonzert-im-gutshaus\/#breadcrumb\",\"itemListElement\":[{\"@type\":\"ListItem\",\"position\":1,\"name\":\"Home\",\"item\":\"https:\/\/www.naturparkmagazin.de\/stechlin\/\"},{\"@type\":\"ListItem\",\"position\":2,\"name\":\"16. Fr\u00fchlingskonzert im Gutshaus\"}]},{\"@type\":\"WebSite\",\"@id\":\"https:\/\/www.naturparkmagazin.de\/stechlin\/#website\",\"url\":\"https:\/\/www.naturparkmagazin.de\/stechlin\/\",\"name\":\"Naturpark Stechlin-Ruppiner Land\",\"description\":\"\",\"potentialAction\":[{\"@type\":\"SearchAction\",\"target\":{\"@type\":\"EntryPoint\",\"urlTemplate\":\"https:\/\/www.naturparkmagazin.de\/stechlin\/?s={search_term_string}\"},\"query-input\":\"required name=search_term_string\"}],\"inLanguage\":\"de\"},{\"@type\":\"Person\",\"@id\":\"https:\/\/www.naturparkmagazin.de\/stechlin\/#\/schema\/person\/d71357578c318b6db03be60b1f60396b\",\"name\":\"beatrixlosem\",\"url\":\"https:\/\/www.naturparkmagazin.de\/stechlin\/author\/beatrixlosem\/\"}]}<\/script>\n<!-- \/ Yoast SEO plugin. -->","yoast_head_json":{"title":"16. Fr\u00fchlingskonzert im Gutshaus - Naturpark Stechlin-Ruppiner Land","robots":{"index":"index","follow":"follow","max-snippet":"max-snippet:-1","max-image-preview":"max-image-preview:large","max-video-preview":"max-video-preview:-1"},"canonical":"https:\/\/www.naturparkmagazin.de\/stechlin\/16-fruehlingskonzert-im-gutshaus\/","og_locale":"de_DE","og_type":"article","og_title":"16. Fr\u00fchlingskonzert im Gutshaus - Naturpark Stechlin-Ruppiner Land","og_description":"Am Sonntag, den 24. April 2016 l\u00e4dt die Zweigstelle Rheinsberg der Musikschule OPR zu einem Fr\u00fchlingskonzert ins Gutshaus K\u00f6pernitz ein.","og_url":"https:\/\/www.naturparkmagazin.de\/stechlin\/16-fruehlingskonzert-im-gutshaus\/","og_site_name":"Naturpark Stechlin-Ruppiner Land","article_published_time":"2016-03-14T11:08:16+00:00","article_modified_time":"2016-03-16T14:50:29+00:00","og_image":[{"width":200,"height":200,"url":"https:\/\/www.naturparkmagazin.de\/stechlin\/wp-content\/uploads\/sites\/38\/Gutshaus_beitragsbild.jpg","type":"image\/jpeg"}],"author":"beatrixlosem","twitter_misc":{"Verfasst von":"beatrixlosem"},"schema":{"@context":"https:\/\/schema.org","@graph":[{"@type":"WebPage","@id":"https:\/\/www.naturparkmagazin.de\/stechlin\/16-fruehlingskonzert-im-gutshaus\/","url":"https:\/\/www.naturparkmagazin.de\/stechlin\/16-fruehlingskonzert-im-gutshaus\/","name":"16. Fr\u00fchlingskonzert im Gutshaus - Naturpark Stechlin-Ruppiner Land","isPartOf":{"@id":"https:\/\/www.naturparkmagazin.de\/stechlin\/#website"},"datePublished":"2016-03-14T11:08:16+00:00","dateModified":"2016-03-16T14:50:29+00:00","author":{"@id":"https:\/\/www.naturparkmagazin.de\/stechlin\/#\/schema\/person\/d71357578c318b6db03be60b1f60396b"},"breadcrumb":{"@id":"https:\/\/www.naturparkmagazin.de\/stechlin\/16-fruehlingskonzert-im-gutshaus\/#breadcrumb"},"inLanguage":"de","potentialAction":[{"@type":"ReadAction","target":["https:\/\/www.naturparkmagazin.de\/stechlin\/16-fruehlingskonzert-im-gutshaus\/"]}]},{"@type":"BreadcrumbList","@id":"https:\/\/www.naturparkmagazin.de\/stechlin\/16-fruehlingskonzert-im-gutshaus\/#breadcrumb","itemListElement":[{"@type":"ListItem","position":1,"name":"Home","item":"https:\/\/www.naturparkmagazin.de\/stechlin\/"},{"@type":"ListItem","position":2,"name":"16. Fr\u00fchlingskonzert im Gutshaus"}]},{"@type":"WebSite","@id":"https:\/\/www.naturparkmagazin.de\/stechlin\/#website","url":"https:\/\/www.naturparkmagazin.de\/stechlin\/","name":"Naturpark Stechlin-Ruppiner Land","description":"","potentialAction":[{"@type":"SearchAction","target":{"@type":"EntryPoint","urlTemplate":"https:\/\/www.naturparkmagazin.de\/stechlin\/?s={search_term_string}"},"query-input":"required name=search_term_string"}],"inLanguage":"de"},{"@type":"Person","@id":"https:\/\/www.naturparkmagazin.de\/stechlin\/#\/schema\/person\/d71357578c318b6db03be60b1f60396b","name":"beatrixlosem","url":"https:\/\/www.naturparkmagazin.de\/stechlin\/author\/beatrixlosem\/"}]}},"_links":{"self":[{"href":"https:\/\/www.naturparkmagazin.de\/stechlin\/wp-json\/wp\/v2\/posts\/3562"}],"collection":[{"href":"https:\/\/www.naturparkmagazin.de\/stechlin\/wp-json\/wp\/v2\/posts"}],"about":[{"href":"https:\/\/www.naturparkmagazin.de\/stechlin\/wp-json\/wp\/v2\/types\/post"}],"author":[{"embeddable":true,"href":"https:\/\/www.naturparkmagazin.de\/stechlin\/wp-json\/wp\/v2\/users\/51"}],"replies":[{"embeddable":true,"href":"https:\/\/www.naturparkmagazin.de\/stechlin\/wp-json\/wp\/v2\/comments?post=3562"}],"version-history":[{"count":3,"href":"https:\/\/www.naturparkmagazin.de\/stechlin\/wp-json\/wp\/v2\/posts\/3562\/revisions"}],"predecessor-version":[{"id":3567,"href":"https:\/\/www.naturparkmagazin.de\/stechlin\/wp-json\/wp\/v2\/posts\/3562\/revisions\/3567"}],"wp:featuredmedia":[{"embeddable":true,"href":"https:\/\/www.naturparkmagazin.de\/stechlin\/wp-json\/wp\/v2\/media\/3566"}],"wp:attachment":[{"href":"https:\/\/www.naturparkmagazin.de\/stechlin\/wp-json\/wp\/v2\/media?parent=3562"}],"wp:term":[{"taxonomy":"category","embeddable":true,"href":"https:\/\/www.naturparkmagazin.de\/stechlin\/wp-json\/wp\/v2\/categories?post=3562"},{"taxonomy":"post_tag","embeddable":true,"href":"https:\/\/www.naturparkmagazin.de\/stechlin\/wp-json\/wp\/v2\/tags?post=3562"}],"curies":[{"name":"wp","href":"https:\/\/api.w.org\/{rel}","templated":true}]}}