{"id":3568,"date":"2016-03-14T14:00:48","date_gmt":"2016-03-14T13:00:48","guid":{"rendered":"http:\/\/www.naturparkmagazin.de\/stechlin\/?p=3568"},"modified":"2016-04-04T09:38:08","modified_gmt":"2016-04-04T07:38:08","slug":"naturpark-unterzeichnet-kooperationsvereinbarung-mit-rheinsberger-preussenquelle","status":"publish","type":"post","link":"https:\/\/www.naturparkmagazin.de\/stechlin\/naturpark-unterzeichnet-kooperationsvereinbarung-mit-rheinsberger-preussenquelle\/","title":{"rendered":"Naturpark unterzeichnet Kooperationsvereinbarung mit Rheinsberger Preussenquelle"},"content":{"rendered":"<div id=\"attachment_3571\" style=\"width: 510px\" class=\"wp-caption aligncenter\"><a href=\"https:\/\/www.naturparkmagazin.de\/stechlin\/wp-content\/uploads\/sites\/38\/Theodor-beitrag.jpg\"><img aria-describedby=\"caption-attachment-3571\" decoding=\"async\" loading=\"lazy\" class=\"size-full wp-image-3571\" src=\"https:\/\/www.naturparkmagazin.de\/stechlin\/wp-content\/uploads\/sites\/38\/Theodor-beitrag.jpg\" alt=\"NP SRL\/Archiv Preussenquelle Rheinsberg\" width=\"500\" height=\"300\" srcset=\"https:\/\/www.naturparkmagazin.de\/stechlin\/wp-content\/uploads\/sites\/38\/Theodor-beitrag.jpg 500w, https:\/\/www.naturparkmagazin.de\/stechlin\/wp-content\/uploads\/sites\/38\/Theodor-beitrag-300x180.jpg 300w, https:\/\/www.naturparkmagazin.de\/stechlin\/wp-content\/uploads\/sites\/38\/Theodor-beitrag-200x120.jpg 200w\" sizes=\"(max-width: 500px) 100vw, 500px\" \/><\/a><p id=\"caption-attachment-3571\" class=\"wp-caption-text\">NP SRL\/Archiv Preussenquelle Rheinsberg<\/p><\/div>\n<p>Ostdeutschlands erster bio-zertifizierter Mineralbrunnen und der Naturpark Stechlin-Ruppiner Land arbeiten seit einiger Zeit erfolgreich zusammen. So unterst\u00fctzte die Preussenquelle ein Projekt zur Wasserr\u00fcckhaltung am Schulzensee im Rheinsberger Ortsteil Z\u00fchlen.<\/p>\n<div id=\"attachment_3641\" style=\"width: 510px\" class=\"wp-caption aligncenter\"><a href=\"https:\/\/www.naturparkmagazin.de\/stechlin\/wp-content\/uploads\/sites\/38\/Preussenquelle-Stieldorf_Hahn.jpg\"><img aria-describedby=\"caption-attachment-3641\" decoding=\"async\" loading=\"lazy\" class=\"size-full wp-image-3641\" src=\"https:\/\/www.naturparkmagazin.de\/stechlin\/wp-content\/uploads\/sites\/38\/Preussenquelle-Stieldorf_Hahn.jpg\" alt=\"Naturw\u00e4chter Thomas Hahn erkl\u00e4rt den tempor\u00e4ren Amphibienzaun am Schulzensee. \" width=\"500\" height=\"300\" srcset=\"https:\/\/www.naturparkmagazin.de\/stechlin\/wp-content\/uploads\/sites\/38\/Preussenquelle-Stieldorf_Hahn.jpg 500w, https:\/\/www.naturparkmagazin.de\/stechlin\/wp-content\/uploads\/sites\/38\/Preussenquelle-Stieldorf_Hahn-300x180.jpg 300w, https:\/\/www.naturparkmagazin.de\/stechlin\/wp-content\/uploads\/sites\/38\/Preussenquelle-Stieldorf_Hahn-200x120.jpg 200w\" sizes=\"(max-width: 500px) 100vw, 500px\" \/><\/a><p id=\"caption-attachment-3641\" class=\"wp-caption-text\">Naturw\u00e4chter Thomas Hahn erkl\u00e4rt den tempor\u00e4ren Amphibienzaun am Schulzensee.<\/p><\/div>\n<p>Seit Herbst bieten dar\u00fcber hinaus die Preussenquelle und das Besucherzentrum NaturParkHaus Stechlin in Menz ein gemeinsames Umweltbildungsprogramm zum Thema Wasser an.<\/p>\n<div id=\"attachment_3642\" style=\"width: 510px\" class=\"wp-caption aligncenter\"><a href=\"https:\/\/www.naturparkmagazin.de\/stechlin\/wp-content\/uploads\/sites\/38\/Preusenquelle-Unterzeichnung.jpg\"><img aria-describedby=\"caption-attachment-3642\" decoding=\"async\" loading=\"lazy\" class=\"size-full wp-image-3642\" src=\"https:\/\/www.naturparkmagazin.de\/stechlin\/wp-content\/uploads\/sites\/38\/Preusenquelle-Unterzeichnung.jpg\" alt=\"Dirk Ilgenstein ist beeindruckt von der Abf\u00fcllung in Deutschland erstem Bio-Mineralwasser-Brunnen.\" width=\"500\" height=\"281\" srcset=\"https:\/\/www.naturparkmagazin.de\/stechlin\/wp-content\/uploads\/sites\/38\/Preusenquelle-Unterzeichnung.jpg 500w, https:\/\/www.naturparkmagazin.de\/stechlin\/wp-content\/uploads\/sites\/38\/Preusenquelle-Unterzeichnung-300x169.jpg 300w, https:\/\/www.naturparkmagazin.de\/stechlin\/wp-content\/uploads\/sites\/38\/Preusenquelle-Unterzeichnung-200x112.jpg 200w\" sizes=\"(max-width: 500px) 100vw, 500px\" \/><\/a><p id=\"caption-attachment-3642\" class=\"wp-caption-text\">Dirk Ilgenstein ist beeindruckt von der Abf\u00fcllung in Deutschland erstem Bio-Mineralwasser-Brunnen.<\/p><\/div>\n<p>Im M\u00e4rz wurde die Zusammenarbeit mit der Unterzeichnung einer Kooperationsvereinbarung nunmehr auch schriftlich fixiert. Der Pr\u00e4sident des Landesamtes f\u00fcr Umwelt, Dirk Ilgenstein, besichtigte auf Einladung der Preussenquelle den Rheinsberger Mineralbrunnen, unterzeichnete mit dem Gesch\u00e4ftsf\u00fchrer Frank Stieldorf die Kooperationsvereinbarung und informierte sich vor Ort am Z\u00fchlener Schulzensee \u00fcber das erste, gemeinsam realisierte Naturschutzprojekt.<\/p>\n<p>&nbsp;<\/p>\n","protected":false},"excerpt":{"rendered":"<p>Im M\u00e4rz wurde die Zusammenarbeit zwischen Naturpark und Rheinsberger Preussenquelle mit der Unterzeichnung einer Kooperationsvereinbarung nunmehr auch schriftlich fixiert.<\/p>\n","protected":false},"author":51,"featured_media":3640,"comment_status":"open","ping_status":"open","sticky":false,"template":"","format":"standard","meta":[],"categories":[7],"tags":[],"yoast_head":"<!-- This site is optimized with the Yoast SEO plugin v19.10 - https:\/\/yoast.com\/wordpress\/plugins\/seo\/ -->\n<title>Naturpark unterzeichnet Kooperationsvereinbarung mit Rheinsberger Preussenquelle - Naturpark Stechlin-Ruppiner Land<\/title>\n<meta name=\"robots\" content=\"index, follow, max-snippet:-1, max-image-preview:large, max-video-preview:-1\" \/>\n<link rel=\"canonical\" href=\"https:\/\/www.naturparkmagazin.de\/stechlin\/naturpark-unterzeichnet-kooperationsvereinbarung-mit-rheinsberger-preussenquelle\/\" \/>\n<meta property=\"og:locale\" content=\"de_DE\" \/>\n<meta property=\"og:type\" content=\"article\" \/>\n<meta property=\"og:title\" content=\"Naturpark unterzeichnet Kooperationsvereinbarung mit Rheinsberger Preussenquelle - Naturpark Stechlin-Ruppiner Land\" \/>\n<meta property=\"og:description\" content=\"Im M\u00e4rz wurde die Zusammenarbeit zwischen Naturpark und Rheinsberger Preussenquelle mit der Unterzeichnung einer Kooperationsvereinbarung nunmehr auch schriftlich fixiert.\" \/>\n<meta property=\"og:url\" content=\"https:\/\/www.naturparkmagazin.de\/stechlin\/naturpark-unterzeichnet-kooperationsvereinbarung-mit-rheinsberger-preussenquelle\/\" \/>\n<meta property=\"og:site_name\" content=\"Naturpark Stechlin-Ruppiner Land\" \/>\n<meta property=\"article:published_time\" content=\"2016-03-14T13:00:48+00:00\" \/>\n<meta property=\"article:modified_time\" content=\"2016-04-04T07:38:08+00:00\" \/>\n<meta property=\"og:image\" content=\"https:\/\/www.naturparkmagazin.de\/stechlin\/wp-content\/uploads\/sites\/38\/Preusenquelle-Unterzeichnung-Koop.jpg\" \/>\n\t<meta property=\"og:image:width\" content=\"200\" \/>\n\t<meta property=\"og:image:height\" content=\"200\" \/>\n\t<meta property=\"og:image:type\" content=\"image\/jpeg\" \/>\n<meta name=\"author\" content=\"beatrixlosem\" \/>\n<meta name=\"twitter:label1\" content=\"Verfasst von\" \/>\n\t<meta name=\"twitter:data1\" content=\"beatrixlosem\" \/>\n\t<meta name=\"twitter:label2\" content=\"Gesch\u00e4tzte Lesezeit\" \/>\n\t<meta name=\"twitter:data2\" content=\"1\u00a0Minute\" \/>\n<script type=\"application\/ld+json\" class=\"yoast-schema-graph\">{\"@context\":\"https:\/\/schema.org\",\"@graph\":[{\"@type\":\"WebPage\",\"@id\":\"https:\/\/www.naturparkmagazin.de\/stechlin\/naturpark-unterzeichnet-kooperationsvereinbarung-mit-rheinsberger-preussenquelle\/\",\"url\":\"https:\/\/www.naturparkmagazin.de\/stechlin\/naturpark-unterzeichnet-kooperationsvereinbarung-mit-rheinsberger-preussenquelle\/\",\"name\":\"Naturpark unterzeichnet Kooperationsvereinbarung mit Rheinsberger Preussenquelle - Naturpark Stechlin-Ruppiner Land\",\"isPartOf\":{\"@id\":\"https:\/\/www.naturparkmagazin.de\/stechlin\/#website\"},\"datePublished\":\"2016-03-14T13:00:48+00:00\",\"dateModified\":\"2016-04-04T07:38:08+00:00\",\"author\":{\"@id\":\"https:\/\/www.naturparkmagazin.de\/stechlin\/#\/schema\/person\/d71357578c318b6db03be60b1f60396b\"},\"breadcrumb\":{\"@id\":\"https:\/\/www.naturparkmagazin.de\/stechlin\/naturpark-unterzeichnet-kooperationsvereinbarung-mit-rheinsberger-preussenquelle\/#breadcrumb\"},\"inLanguage\":\"de\",\"potentialAction\":[{\"@type\":\"ReadAction\",\"target\":[\"https:\/\/www.naturparkmagazin.de\/stechlin\/naturpark-unterzeichnet-kooperationsvereinbarung-mit-rheinsberger-preussenquelle\/\"]}]},{\"@type\":\"BreadcrumbList\",\"@id\":\"https:\/\/www.naturparkmagazin.de\/stechlin\/naturpark-unterzeichnet-kooperationsvereinbarung-mit-rheinsberger-preussenquelle\/#breadcrumb\",\"itemListElement\":[{\"@type\":\"ListItem\",\"position\":1,\"name\":\"Home\",\"item\":\"https:\/\/www.naturparkmagazin.de\/stechlin\/\"},{\"@type\":\"ListItem\",\"position\":2,\"name\":\"Naturpark unterzeichnet Kooperationsvereinbarung mit Rheinsberger Preussenquelle\"}]},{\"@type\":\"WebSite\",\"@id\":\"https:\/\/www.naturparkmagazin.de\/stechlin\/#website\",\"url\":\"https:\/\/www.naturparkmagazin.de\/stechlin\/\",\"name\":\"Naturpark Stechlin-Ruppiner Land\",\"description\":\"\",\"potentialAction\":[{\"@type\":\"SearchAction\",\"target\":{\"@type\":\"EntryPoint\",\"urlTemplate\":\"https:\/\/www.naturparkmagazin.de\/stechlin\/?s={search_term_string}\"},\"query-input\":\"required name=search_term_string\"}],\"inLanguage\":\"de\"},{\"@type\":\"Person\",\"@id\":\"https:\/\/www.naturparkmagazin.de\/stechlin\/#\/schema\/person\/d71357578c318b6db03be60b1f60396b\",\"name\":\"beatrixlosem\",\"url\":\"https:\/\/www.naturparkmagazin.de\/stechlin\/author\/beatrixlosem\/\"}]}<\/script>\n<!-- \/ Yoast SEO plugin. -->","yoast_head_json":{"title":"Naturpark unterzeichnet Kooperationsvereinbarung mit Rheinsberger Preussenquelle - Naturpark Stechlin-Ruppiner Land","robots":{"index":"index","follow":"follow","max-snippet":"max-snippet:-1","max-image-preview":"max-image-preview:large","max-video-preview":"max-video-preview:-1"},"canonical":"https:\/\/www.naturparkmagazin.de\/stechlin\/naturpark-unterzeichnet-kooperationsvereinbarung-mit-rheinsberger-preussenquelle\/","og_locale":"de_DE","og_type":"article","og_title":"Naturpark unterzeichnet Kooperationsvereinbarung mit Rheinsberger Preussenquelle - Naturpark Stechlin-Ruppiner Land","og_description":"Im M\u00e4rz wurde die Zusammenarbeit zwischen Naturpark und Rheinsberger Preussenquelle mit der Unterzeichnung einer Kooperationsvereinbarung nunmehr auch schriftlich fixiert.","og_url":"https:\/\/www.naturparkmagazin.de\/stechlin\/naturpark-unterzeichnet-kooperationsvereinbarung-mit-rheinsberger-preussenquelle\/","og_site_name":"Naturpark Stechlin-Ruppiner Land","article_published_time":"2016-03-14T13:00:48+00:00","article_modified_time":"2016-04-04T07:38:08+00:00","og_image":[{"width":200,"height":200,"url":"https:\/\/www.naturparkmagazin.de\/stechlin\/wp-content\/uploads\/sites\/38\/Preusenquelle-Unterzeichnung-Koop.jpg","type":"image\/jpeg"}],"author":"beatrixlosem","twitter_misc":{"Verfasst von":"beatrixlosem","Gesch\u00e4tzte Lesezeit":"1\u00a0Minute"},"schema":{"@context":"https:\/\/schema.org","@graph":[{"@type":"WebPage","@id":"https:\/\/www.naturparkmagazin.de\/stechlin\/naturpark-unterzeichnet-kooperationsvereinbarung-mit-rheinsberger-preussenquelle\/","url":"https:\/\/www.naturparkmagazin.de\/stechlin\/naturpark-unterzeichnet-kooperationsvereinbarung-mit-rheinsberger-preussenquelle\/","name":"Naturpark unterzeichnet Kooperationsvereinbarung mit Rheinsberger Preussenquelle - Naturpark Stechlin-Ruppiner Land","isPartOf":{"@id":"https:\/\/www.naturparkmagazin.de\/stechlin\/#website"},"datePublished":"2016-03-14T13:00:48+00:00","dateModified":"2016-04-04T07:38:08+00:00","author":{"@id":"https:\/\/www.naturparkmagazin.de\/stechlin\/#\/schema\/person\/d71357578c318b6db03be60b1f60396b"},"breadcrumb":{"@id":"https:\/\/www.naturparkmagazin.de\/stechlin\/naturpark-unterzeichnet-kooperationsvereinbarung-mit-rheinsberger-preussenquelle\/#breadcrumb"},"inLanguage":"de","potentialAction":[{"@type":"ReadAction","target":["https:\/\/www.naturparkmagazin.de\/stechlin\/naturpark-unterzeichnet-kooperationsvereinbarung-mit-rheinsberger-preussenquelle\/"]}]},{"@type":"BreadcrumbList","@id":"https:\/\/www.naturparkmagazin.de\/stechlin\/naturpark-unterzeichnet-kooperationsvereinbarung-mit-rheinsberger-preussenquelle\/#breadcrumb","itemListElement":[{"@type":"ListItem","position":1,"name":"Home","item":"https:\/\/www.naturparkmagazin.de\/stechlin\/"},{"@type":"ListItem","position":2,"name":"Naturpark unterzeichnet Kooperationsvereinbarung mit Rheinsberger Preussenquelle"}]},{"@type":"WebSite","@id":"https:\/\/www.naturparkmagazin.de\/stechlin\/#website","url":"https:\/\/www.naturparkmagazin.de\/stechlin\/","name":"Naturpark Stechlin-Ruppiner Land","description":"","potentialAction":[{"@type":"SearchAction","target":{"@type":"EntryPoint","urlTemplate":"https:\/\/www.naturparkmagazin.de\/stechlin\/?s={search_term_string}"},"query-input":"required name=search_term_string"}],"inLanguage":"de"},{"@type":"Person","@id":"https:\/\/www.naturparkmagazin.de\/stechlin\/#\/schema\/person\/d71357578c318b6db03be60b1f60396b","name":"beatrixlosem","url":"https:\/\/www.naturparkmagazin.de\/stechlin\/author\/beatrixlosem\/"}]}},"_links":{"self":[{"href":"https:\/\/www.naturparkmagazin.de\/stechlin\/wp-json\/wp\/v2\/posts\/3568"}],"collection":[{"href":"https:\/\/www.naturparkmagazin.de\/stechlin\/wp-json\/wp\/v2\/posts"}],"about":[{"href":"https:\/\/www.naturparkmagazin.de\/stechlin\/wp-json\/wp\/v2\/types\/post"}],"author":[{"embeddable":true,"href":"https:\/\/www.naturparkmagazin.de\/stechlin\/wp-json\/wp\/v2\/users\/51"}],"replies":[{"embeddable":true,"href":"https:\/\/www.naturparkmagazin.de\/stechlin\/wp-json\/wp\/v2\/comments?post=3568"}],"version-history":[{"count":6,"href":"https:\/\/www.naturparkmagazin.de\/stechlin\/wp-json\/wp\/v2\/posts\/3568\/revisions"}],"predecessor-version":[{"id":3657,"href":"https:\/\/www.naturparkmagazin.de\/stechlin\/wp-json\/wp\/v2\/posts\/3568\/revisions\/3657"}],"wp:featuredmedia":[{"embeddable":true,"href":"https:\/\/www.naturparkmagazin.de\/stechlin\/wp-json\/wp\/v2\/media\/3640"}],"wp:attachment":[{"href":"https:\/\/www.naturparkmagazin.de\/stechlin\/wp-json\/wp\/v2\/media?parent=3568"}],"wp:term":[{"taxonomy":"category","embeddable":true,"href":"https:\/\/www.naturparkmagazin.de\/stechlin\/wp-json\/wp\/v2\/categories?post=3568"},{"taxonomy":"post_tag","embeddable":true,"href":"https:\/\/www.naturparkmagazin.de\/stechlin\/wp-json\/wp\/v2\/tags?post=3568"}],"curies":[{"name":"wp","href":"https:\/\/api.w.org\/{rel}","templated":true}]}}