{"id":367,"date":"2013-10-28T12:47:15","date_gmt":"2013-10-28T10:47:15","guid":{"rendered":"http:\/\/www.naturparkmagazin.de\/stechlin\/?p=367"},"modified":"2013-10-30T13:46:48","modified_gmt":"2013-10-30T11:46:48","slug":"ausstellung-mit-fotografin-carola-martin","status":"publish","type":"post","link":"https:\/\/www.naturparkmagazin.de\/stechlin\/ausstellung-mit-fotografin-carola-martin\/","title":{"rendered":"Ausstellung mit Fotografin Carola Martin"},"content":{"rendered":"<p>Am <strong>8. November, 18 Uhr<\/strong> wird in der Regionalwerkstatt Stechlin in Menz die <strong>Fotoausstellung &#8222;Die Unvollendete&#8220;<\/strong> der Rheinsbergerin Carola Martin er\u00f6ffnet. Die Fotok\u00fcnstlerin zeigt ungew\u00f6hnliche Sichten auf Landschaften, Tiere und Alltagsgegenst\u00e4nde im Naturpark. Carola Martin war viele Jahre als freischaffende Fotografin im Auftrag der M\u00e4rkischen Allgemeinen Zeitung (MAZ) unterwegs. W\u00e4hrend dieser Zeit sind unz\u00e4hlige Farb- und Schwarz-Wei\u00df-Fotos entstanden. Eine k\u00fcnstlerisch in Szene gesetzte Auswahl wird vom 8. November 2013 bis zum 5. Januar 2014 in Menz pr\u00e4sentiert. Die Ausstellung ist t\u00e4glich von 10-16 Uhr ge\u00f6ffnet. Bitte im NaturParkHaus melden. Eintritt frei!<\/p>\n<p>&nbsp;<\/p>\n","protected":false},"excerpt":{"rendered":"<p>Am 8. November wird um 18 Uhr in der Regionalwerkstatt Stechlin in Menz die Fotoausstellung &#8222;Die Unvollendete&#8220; der Rheinsbergerin Carola Martin er\u00f6ffnet.<\/p>\n","protected":false},"author":39,"featured_media":369,"comment_status":"open","ping_status":"open","sticky":false,"template":"","format":"standard","meta":[],"categories":[11],"tags":[],"yoast_head":"<!-- This site is optimized with the Yoast SEO plugin v19.10 - https:\/\/yoast.com\/wordpress\/plugins\/seo\/ -->\n<title>Ausstellung mit Fotografin Carola Martin - Naturpark Stechlin-Ruppiner Land<\/title>\n<meta name=\"robots\" content=\"index, follow, max-snippet:-1, max-image-preview:large, max-video-preview:-1\" \/>\n<link rel=\"canonical\" href=\"https:\/\/www.naturparkmagazin.de\/stechlin\/ausstellung-mit-fotografin-carola-martin\/\" \/>\n<meta property=\"og:locale\" content=\"de_DE\" \/>\n<meta property=\"og:type\" content=\"article\" \/>\n<meta property=\"og:title\" content=\"Ausstellung mit Fotografin Carola Martin - Naturpark Stechlin-Ruppiner Land\" \/>\n<meta property=\"og:description\" content=\"Am 8. November wird um 18 Uhr in der Regionalwerkstatt Stechlin in Menz die Fotoausstellung &quot;Die Unvollendete&quot; der Rheinsbergerin Carola Martin er\u00f6ffnet.\" \/>\n<meta property=\"og:url\" content=\"https:\/\/www.naturparkmagazin.de\/stechlin\/ausstellung-mit-fotografin-carola-martin\/\" \/>\n<meta property=\"og:site_name\" content=\"Naturpark Stechlin-Ruppiner Land\" \/>\n<meta property=\"article:published_time\" content=\"2013-10-28T10:47:15+00:00\" \/>\n<meta property=\"article:modified_time\" content=\"2013-10-30T11:46:48+00:00\" \/>\n<meta property=\"og:image\" content=\"https:\/\/www.naturparkmagazin.de\/stechlin\/wp-content\/uploads\/sites\/38\/k-doc20131022112719_001.jpg\" \/>\n\t<meta property=\"og:image:width\" content=\"1753\" \/>\n\t<meta property=\"og:image:height\" content=\"1240\" \/>\n\t<meta property=\"og:image:type\" content=\"image\/jpeg\" \/>\n<meta name=\"author\" content=\"marioschrumpf\" \/>\n<meta name=\"twitter:label1\" content=\"Verfasst von\" \/>\n\t<meta name=\"twitter:data1\" content=\"marioschrumpf\" \/>\n<script type=\"application\/ld+json\" class=\"yoast-schema-graph\">{\"@context\":\"https:\/\/schema.org\",\"@graph\":[{\"@type\":\"WebPage\",\"@id\":\"https:\/\/www.naturparkmagazin.de\/stechlin\/ausstellung-mit-fotografin-carola-martin\/\",\"url\":\"https:\/\/www.naturparkmagazin.de\/stechlin\/ausstellung-mit-fotografin-carola-martin\/\",\"name\":\"Ausstellung mit Fotografin Carola Martin - Naturpark Stechlin-Ruppiner Land\",\"isPartOf\":{\"@id\":\"https:\/\/www.naturparkmagazin.de\/stechlin\/#website\"},\"datePublished\":\"2013-10-28T10:47:15+00:00\",\"dateModified\":\"2013-10-30T11:46:48+00:00\",\"author\":{\"@id\":\"https:\/\/www.naturparkmagazin.de\/stechlin\/#\/schema\/person\/3f0d93203df21c806dd63c76d9bb28bc\"},\"breadcrumb\":{\"@id\":\"https:\/\/www.naturparkmagazin.de\/stechlin\/ausstellung-mit-fotografin-carola-martin\/#breadcrumb\"},\"inLanguage\":\"de\",\"potentialAction\":[{\"@type\":\"ReadAction\",\"target\":[\"https:\/\/www.naturparkmagazin.de\/stechlin\/ausstellung-mit-fotografin-carola-martin\/\"]}]},{\"@type\":\"BreadcrumbList\",\"@id\":\"https:\/\/www.naturparkmagazin.de\/stechlin\/ausstellung-mit-fotografin-carola-martin\/#breadcrumb\",\"itemListElement\":[{\"@type\":\"ListItem\",\"position\":1,\"name\":\"Home\",\"item\":\"https:\/\/www.naturparkmagazin.de\/stechlin\/\"},{\"@type\":\"ListItem\",\"position\":2,\"name\":\"Ausstellung mit Fotografin Carola Martin\"}]},{\"@type\":\"WebSite\",\"@id\":\"https:\/\/www.naturparkmagazin.de\/stechlin\/#website\",\"url\":\"https:\/\/www.naturparkmagazin.de\/stechlin\/\",\"name\":\"Naturpark Stechlin-Ruppiner Land\",\"description\":\"\",\"potentialAction\":[{\"@type\":\"SearchAction\",\"target\":{\"@type\":\"EntryPoint\",\"urlTemplate\":\"https:\/\/www.naturparkmagazin.de\/stechlin\/?s={search_term_string}\"},\"query-input\":\"required name=search_term_string\"}],\"inLanguage\":\"de\"},{\"@type\":\"Person\",\"@id\":\"https:\/\/www.naturparkmagazin.de\/stechlin\/#\/schema\/person\/3f0d93203df21c806dd63c76d9bb28bc\",\"name\":\"marioschrumpf\",\"url\":\"https:\/\/www.naturparkmagazin.de\/stechlin\/author\/marioschrumpf\/\"}]}<\/script>\n<!-- \/ Yoast SEO plugin. -->","yoast_head_json":{"title":"Ausstellung mit Fotografin Carola Martin - Naturpark Stechlin-Ruppiner Land","robots":{"index":"index","follow":"follow","max-snippet":"max-snippet:-1","max-image-preview":"max-image-preview:large","max-video-preview":"max-video-preview:-1"},"canonical":"https:\/\/www.naturparkmagazin.de\/stechlin\/ausstellung-mit-fotografin-carola-martin\/","og_locale":"de_DE","og_type":"article","og_title":"Ausstellung mit Fotografin Carola Martin - Naturpark Stechlin-Ruppiner Land","og_description":"Am 8. November wird um 18 Uhr in der Regionalwerkstatt Stechlin in Menz die Fotoausstellung \"Die Unvollendete\" der Rheinsbergerin Carola Martin er\u00f6ffnet.","og_url":"https:\/\/www.naturparkmagazin.de\/stechlin\/ausstellung-mit-fotografin-carola-martin\/","og_site_name":"Naturpark Stechlin-Ruppiner Land","article_published_time":"2013-10-28T10:47:15+00:00","article_modified_time":"2013-10-30T11:46:48+00:00","og_image":[{"width":1753,"height":1240,"url":"https:\/\/www.naturparkmagazin.de\/stechlin\/wp-content\/uploads\/sites\/38\/k-doc20131022112719_001.jpg","type":"image\/jpeg"}],"author":"marioschrumpf","twitter_misc":{"Verfasst von":"marioschrumpf"},"schema":{"@context":"https:\/\/schema.org","@graph":[{"@type":"WebPage","@id":"https:\/\/www.naturparkmagazin.de\/stechlin\/ausstellung-mit-fotografin-carola-martin\/","url":"https:\/\/www.naturparkmagazin.de\/stechlin\/ausstellung-mit-fotografin-carola-martin\/","name":"Ausstellung mit Fotografin Carola Martin - Naturpark Stechlin-Ruppiner Land","isPartOf":{"@id":"https:\/\/www.naturparkmagazin.de\/stechlin\/#website"},"datePublished":"2013-10-28T10:47:15+00:00","dateModified":"2013-10-30T11:46:48+00:00","author":{"@id":"https:\/\/www.naturparkmagazin.de\/stechlin\/#\/schema\/person\/3f0d93203df21c806dd63c76d9bb28bc"},"breadcrumb":{"@id":"https:\/\/www.naturparkmagazin.de\/stechlin\/ausstellung-mit-fotografin-carola-martin\/#breadcrumb"},"inLanguage":"de","potentialAction":[{"@type":"ReadAction","target":["https:\/\/www.naturparkmagazin.de\/stechlin\/ausstellung-mit-fotografin-carola-martin\/"]}]},{"@type":"BreadcrumbList","@id":"https:\/\/www.naturparkmagazin.de\/stechlin\/ausstellung-mit-fotografin-carola-martin\/#breadcrumb","itemListElement":[{"@type":"ListItem","position":1,"name":"Home","item":"https:\/\/www.naturparkmagazin.de\/stechlin\/"},{"@type":"ListItem","position":2,"name":"Ausstellung mit Fotografin Carola Martin"}]},{"@type":"WebSite","@id":"https:\/\/www.naturparkmagazin.de\/stechlin\/#website","url":"https:\/\/www.naturparkmagazin.de\/stechlin\/","name":"Naturpark Stechlin-Ruppiner Land","description":"","potentialAction":[{"@type":"SearchAction","target":{"@type":"EntryPoint","urlTemplate":"https:\/\/www.naturparkmagazin.de\/stechlin\/?s={search_term_string}"},"query-input":"required name=search_term_string"}],"inLanguage":"de"},{"@type":"Person","@id":"https:\/\/www.naturparkmagazin.de\/stechlin\/#\/schema\/person\/3f0d93203df21c806dd63c76d9bb28bc","name":"marioschrumpf","url":"https:\/\/www.naturparkmagazin.de\/stechlin\/author\/marioschrumpf\/"}]}},"_links":{"self":[{"href":"https:\/\/www.naturparkmagazin.de\/stechlin\/wp-json\/wp\/v2\/posts\/367"}],"collection":[{"href":"https:\/\/www.naturparkmagazin.de\/stechlin\/wp-json\/wp\/v2\/posts"}],"about":[{"href":"https:\/\/www.naturparkmagazin.de\/stechlin\/wp-json\/wp\/v2\/types\/post"}],"author":[{"embeddable":true,"href":"https:\/\/www.naturparkmagazin.de\/stechlin\/wp-json\/wp\/v2\/users\/39"}],"replies":[{"embeddable":true,"href":"https:\/\/www.naturparkmagazin.de\/stechlin\/wp-json\/wp\/v2\/comments?post=367"}],"version-history":[{"count":4,"href":"https:\/\/www.naturparkmagazin.de\/stechlin\/wp-json\/wp\/v2\/posts\/367\/revisions"}],"predecessor-version":[{"id":442,"href":"https:\/\/www.naturparkmagazin.de\/stechlin\/wp-json\/wp\/v2\/posts\/367\/revisions\/442"}],"wp:featuredmedia":[{"embeddable":true,"href":"https:\/\/www.naturparkmagazin.de\/stechlin\/wp-json\/wp\/v2\/media\/369"}],"wp:attachment":[{"href":"https:\/\/www.naturparkmagazin.de\/stechlin\/wp-json\/wp\/v2\/media?parent=367"}],"wp:term":[{"taxonomy":"category","embeddable":true,"href":"https:\/\/www.naturparkmagazin.de\/stechlin\/wp-json\/wp\/v2\/categories?post=367"},{"taxonomy":"post_tag","embeddable":true,"href":"https:\/\/www.naturparkmagazin.de\/stechlin\/wp-json\/wp\/v2\/tags?post=367"}],"curies":[{"name":"wp","href":"https:\/\/api.w.org\/{rel}","templated":true}]}}