{"id":3690,"date":"2016-04-18T14:30:24","date_gmt":"2016-04-18T12:30:24","guid":{"rendered":"http:\/\/www.naturparkmagazin.de\/stechlin\/?p=3690"},"modified":"2016-04-27T10:50:01","modified_gmt":"2016-04-27T08:50:01","slug":"solanum-das-kulinarische-festival-im-norden-brandenburgs-26-29-mai-2016-in-rheinsberg","status":"publish","type":"post","link":"https:\/\/www.naturparkmagazin.de\/stechlin\/solanum-das-kulinarische-festival-im-norden-brandenburgs-26-29-mai-2016-in-rheinsberg\/","title":{"rendered":"SOLANUM &#8211; das kulinarische Festival im Norden Brandenburgs (26.- 29. Mai 2016 ) in Rheinsberg"},"content":{"rendered":"<p><span style=\"color: #000000;font-family: Times New Roman\"><a href=\"https:\/\/www.naturparkmagazin.de\/stechlin\/wp-content\/uploads\/sites\/38\/Banner_500x300.jpg\"><img decoding=\"async\" loading=\"lazy\" class=\"alignleft size-thumbnail wp-image-3691\" src=\"https:\/\/www.naturparkmagazin.de\/stechlin\/wp-content\/uploads\/sites\/38\/Banner_500x300-300x180.jpg\" alt=\"NP SRL\/Katrin Wagner\" width=\"300\" height=\"180\" srcset=\"https:\/\/www.naturparkmagazin.de\/stechlin\/wp-content\/uploads\/sites\/38\/Banner_500x300-300x180.jpg 300w, https:\/\/www.naturparkmagazin.de\/stechlin\/wp-content\/uploads\/sites\/38\/Banner_500x300.jpg 500w, https:\/\/www.naturparkmagazin.de\/stechlin\/wp-content\/uploads\/sites\/38\/Banner_500x300-200x120.jpg 200w\" sizes=\"(max-width: 300px) 100vw, 300px\" \/><\/a><\/span><\/p>\n<p>&nbsp;<\/p>\n<p>&nbsp;<\/p>\n<p>&nbsp;<\/p>\n<p>&nbsp;<\/p>\n<p>&nbsp;<\/p>\n<p>&nbsp;<\/p>\n<p>&nbsp;<\/p>\n<p><span style=\"color: #000000;font-family: Times New Roman\">DIE IDEE<\/span><\/p>\n<p><span style=\"color: #000000;font-family: Times New Roman\">Brandenburg ist zum Ausflugs- &amp; R\u00fcckzugsterrain f\u00fcr St\u00e4dter, Idealisten und Aussteiger geworden. Hier findet man Natur, Ruhe und Freiheit. <\/span><span style=\"color: #000000;font-family: Times New Roman\">Doch wie lebt es sich in dieser Weite, als Brandenburger, als Teil einer Region, die mit und von den Jahreszeiten lebt und dabei auf die St\u00e4dter und ihre Sehns\u00fcchte hofft? <\/span><span style=\"color: #000000;font-family: Times New Roman\">Brandenburg ist erdig, waldig &amp; sandig und von jeher der Acker der Hauptstadt. Ein gro\u00dfes Gl\u00fcck f\u00fcr beide, so finden die Veranstalter und feiern diese kulturell-kulinarische Verbindung mit einem Festival mitten in Rheinsberg.\u202a<\/span><\/p>\n<p><span style=\"color: #000000;font-family: Times New Roman\">\u00a0<\/span><span style=\"color: #000000;font-family: Times New Roman\">DAS ZIEL<\/span><\/p>\n<p><span style=\"color: #000000;font-family: Times New Roman\">Essen verbindet, bringt uns unseren Wurzeln n\u00e4her und transportiert Werte. Regionale Lebensmittel sind Teil unserer Kulturlandschaft. Das Festival m\u00f6chte Klein- und Gro\u00dfst\u00e4dtern Appetit machen auf eine erlebbare Symbiosen zwischen Stadt und Land. Eingeladen wird zu Vortr\u00e4gen, Dialogen, Lesungen, Film, Kunst in offenen H\u00f6fen, WissenG\u00e4rten, PflanzenkreativHof f\u00fcr Kinder und zum Markt der K\u00f6stlichkeiten. Zusammen feiern, mit regionalen Produzenten aus Berlin &amp; Brandenburg. Kosten, Schmecken und Genie\u00dfen! Kommt miteinander ins Gespr\u00e4ch!<\/span><\/p>\n<p><span style=\"color: #000000;font-family: Times New Roman\">\u00a0<\/span><span style=\"color: #000000;font-family: Times New Roman\">WAS IST SOLANUM?<\/span><\/p>\n<p><span style=\"color: #000000;font-family: Times New Roman\">Der Festivaltitel &#8222;Solanum&#8220; steht f\u00fcr Acker, Fruchtbarkeit, Brandenburg &amp; Friedrich II. <\/span><span style=\"color: #000000;font-family: Times New Roman\">So war er es, der per Kartoffelbefehl den Anbau des Erdapfels in der preu\u00dfischen Provinz Brandenburg anordnete &amp; so sein Volk in Stadt und Land vor Hungersn\u00f6ten bewahrte. Auf den Feldern der Mark wurde die Bedeutung dieser Frucht als Kulturpflanze begr\u00fcndet und so steht f\u00fcr uns die Kartoffel (lat.: Solanum tuberosum) neben anderen Nachtschattengew\u00e4chsen, repr\u00e4sentativ f\u00fcr die Geschichte einer Region, ihrer Landwirtschaft und Kulinarik.<\/span><\/p>\n<p><span style=\"color: #000000;font-family: Times New Roman\">SOLANUM ist ein kulinarisches &amp; politisches Festival, das den Boden ausbreitet f\u00fcr alle die, die sich dem Land, der Natur &amp; guter Lebensmittel verschrieben haben. Feiern Sie mit uns Ihre Bauern, Fischer, Imker, B\u00e4cker &amp; regionalen Produzenten aus Brandenburg. Wir laden Sie ein zu einem Markt der K\u00f6stlichkeiten, der offenen G\u00e4rten &amp; Hinterh\u00f6fe, der Dialoge, Vortr\u00e4ge und Werkst\u00e4tten.<\/span><\/p>\n<p><span style=\"color: #000000;font-family: Times New Roman\">\u00a0<\/span><span style=\"color: #000000;font-family: Times New Roman\">DER SOLANUM MARKT <\/span><\/p>\n<p><span style=\"color: #000000;font-family: Times New Roman\">ist unser Herzst\u00fcck am 3. FestivalTag. Die Menschen sind eingeladen zum Kosten, Einkaufen, Verweilen &amp; Plaudern; frisches Obst &amp; Gem\u00fcse, K\u00e4se, Senf, Schokolade &amp; Naschwerk, hausgebrautes Bier, Obsts\u00e4fte &amp; Weine, erster frischer Spargel, Erdbeeren, handgemachte Fruchtaufstriche, Honig, ger\u00e4ucherten Knoblauch, Kr\u00e4uter, Saatgut, Kaffee &amp; Kuchen. <\/span><span style=\"color: #000000;font-family: Times New Roman\">Hier pr\u00e4sentiert sich die Vielfalt und Bandbreite regionaler H\u00e4ndler aus ganz Brandenburg, aber auch Organisationen &amp; Akteure aus den Bereichen Umwelt- und Naturschutz, Saatgutschutz, Slow Food sowie Bildungseinrichtungen und Stiftungen zum Thema Lebensmittel &amp; Wissensvermittlung. <\/span><span style=\"color: #000000;font-family: Times New Roman\">Dazu wird es moderierte Dialogrunden, Gottesdienste, Filmvorf\u00fchrungen, Lesungen und Werkst\u00e4tten geben, die sich inhaltlich rund um die Themen des Festivals gesunde Lebensmittel, Wertsch\u00e4tzung, Regionalit\u00e4t und Nachhaltigkeit drehen. Dazu gibt es ein gro\u00dfes Angebot f\u00fcr Kinder und Familien.<\/span><\/p>\n<p><span style=\"color: #000000;font-family: Times New Roman\">\u00a0<\/span><span style=\"color: #000000;font-family: Times New Roman\">DAS FESTIVAL KONZERT<\/span><\/p>\n<p><span style=\"color: #000000;font-family: Times New Roman\">die Organisatorinnen freuen sich ganz besonders auf zwei Musiker, die es vor einigen Jahren aufs Land gezogen hat. Jan Koch &amp; Peter Ehrlichmann, gemeinsam musizieren sie, geben Konzerte u.a. in Berlin &amp; Hamburg; feine &amp; pure Musik; Gesang, Gitarre &amp; Cello f\u00fcr einen leichten ersten Sommerabend auf dem Land. Jan Koch &amp; das alte Cello<\/span><\/p>\n<p><span style=\"color: #000000;font-family: Times New Roman\">Samstag, 28. Mai 2016, 20 Uhr; Remise am Schloss in Rheinsberg.<\/span><\/p>\n<p><span style=\"color: #000000;font-family: Times New Roman\">DER FESTIVAL DOKUMENTARFILM<\/span><\/p>\n<p><span style=\"color: #000000;font-family: Times New Roman\">Wer das Land besitzt, dem geh\u00f6rt die Zukunft. Doch der Aufkauf von landwirtschaftlichen Fl\u00e4chen weltweit hat eine neue Dimension erreicht, immer weniger Fl\u00e4chen geh\u00f6ren Kleinbauern. Gemeinsam mit der Heinrich-B\u00f6ll-Stiftung Brandenburg wird am zweiten Festivaltag Kurt Langbeins Landraub &#8211; der Film gezeigt. Eine aufr\u00fcttelnde Dokumentation \u00fcber den Zusammenhang zwischen westlichem Lebensstil und dem Preis, den Menschen in anderen Teilen der Erde daf\u00fcr zahlen m\u00fcssen.<\/span><\/p>\n<p><span style=\"color: #000000;font-family: Times New Roman\">Freitag, 27. Mai 2016, 19 Uhr; Remise am Schloss<\/span><\/p>\n<p><span style=\"color: #000000;font-family: Times New Roman\">DAS SOLANUM FESTIVAL MEN\u00dc <\/span><\/p>\n<p><span style=\"color: #000000;font-family: Times New Roman\">Was w\u00e4re ein kulinarisches Festival ohne Kochkunst? Mit der Idee ein Festival Men\u00fc rund um das Thema Nachtschattengew\u00e4chse anzubieten, konnte sofort Familie Pfeiffer vom Der Seehof Rheinsberg &amp; Familie Weidauer vom RESTAURANT Zum Alten Fritz &#8211; Rheinsberg begeistert werden.<\/span><\/p>\n<p><span style=\"color: #000000;font-family: Times New Roman\">DAS KITAPROJEKT<\/span><\/p>\n<p><span style=\"color: #000000;font-family: Times New Roman\">Zu Tisch! &#8211; probieren, drucken, malen. Esskulturen kennenlernen &amp; verstehen. Gemeinsam mit den Kindern der KITA KR\u00dcMELKISTE &amp; SCHULKINDER aus FLECKEN ZECHLIN erforschen werden die Herkunftsl\u00e4nder verschiedener Obst- &amp; Gem\u00fcsesorten erforscht, gemalt und die sch\u00f6nsten Motive mit der K\u00fcnstlerin ELLI GREATZ f\u00fcr den Siebdruck vorbereitet. Alle Bilder &amp; Motivbeutel werden gemeinsam mit den Kindern auf dem Festival ausgestellt.<\/span><\/p>\n<p><span style=\"color: #000000;font-family: Times New Roman\">DAS SCHULPROJEKT<\/span><\/p>\n<p><span style=\"color: #000000;font-family: Times New Roman\">als erste Schule im Norden Brandenburgs werden die Kinder der Klasse 2b der S.-Allende-Grundschule f\u00fcr 1 Jahr unter Anleitung der Gem\u00fcseAckerdemie Potsdam, 25 Gem\u00fcsesorten unter \u202aDemeter-Richtlinien anbauen, pflegen, ernten &amp; vermarkten. Dazu gibt es Weiterbildungen f\u00fcr den betreuenden Lehrer &amp; Mentor, theoretisches GartenWissen aus erster Hand und viele Tipps.<\/span><\/p>\n<p>&nbsp;<\/p>\n<p><a href=\"http:\/\/www.gem\u00fcseackerdemie.de\/\">http:\/\/www.gem\u00fcseackerdemie.de\/<\/a><\/p>\n<p><a href=\"http:\/\/www.stechlin-ruppiner-land-naturpark.de\/fileadmin\/user_upload\/PDF\/Stechlin-Ruppin\/Aktuelles\/Solanum_Flyer_G.pdf\">link zum Festivalflyer<\/a><\/p>\n<p><a href=\"http:\/\/www.solanum-festival.de\/\">link zur Festivalwebseite<\/a><\/p>\n<p>&nbsp;<\/p>\n","protected":false},"excerpt":{"rendered":"<p>Brandenburg ist zum Ausflugs- &amp; R\u00fcckzugsterrain f\u00fcr St\u00e4dter, Idealisten und Aussteiger geworden. Hier findet man Natur, Ruhe und Freiheit. Doch wie lebt es sich in dieser Weite? <\/p>\n","protected":false},"author":39,"featured_media":3692,"comment_status":"open","ping_status":"open","sticky":false,"template":"","format":"standard","meta":[],"categories":[11],"tags":[],"yoast_head":"<!-- This site is optimized with the Yoast SEO plugin v19.10 - https:\/\/yoast.com\/wordpress\/plugins\/seo\/ -->\n<title>SOLANUM - das kulinarische Festival im Norden Brandenburgs (26.- 29. Mai 2016 ) in Rheinsberg - Naturpark Stechlin-Ruppiner Land<\/title>\n<meta name=\"robots\" content=\"index, follow, max-snippet:-1, max-image-preview:large, max-video-preview:-1\" \/>\n<link rel=\"canonical\" href=\"https:\/\/www.naturparkmagazin.de\/stechlin\/solanum-das-kulinarische-festival-im-norden-brandenburgs-26-29-mai-2016-in-rheinsberg\/\" \/>\n<meta property=\"og:locale\" content=\"de_DE\" \/>\n<meta property=\"og:type\" content=\"article\" \/>\n<meta property=\"og:title\" content=\"SOLANUM - das kulinarische Festival im Norden Brandenburgs (26.- 29. Mai 2016 ) in Rheinsberg - Naturpark Stechlin-Ruppiner Land\" \/>\n<meta property=\"og:description\" content=\"Brandenburg ist zum Ausflugs- &amp; R\u00fcckzugsterrain f\u00fcr St\u00e4dter, Idealisten und Aussteiger geworden. Hier findet man Natur, Ruhe und Freiheit. Doch wie lebt es sich in dieser Weite?\" \/>\n<meta property=\"og:url\" content=\"https:\/\/www.naturparkmagazin.de\/stechlin\/solanum-das-kulinarische-festival-im-norden-brandenburgs-26-29-mai-2016-in-rheinsberg\/\" \/>\n<meta property=\"og:site_name\" content=\"Naturpark Stechlin-Ruppiner Land\" \/>\n<meta property=\"article:published_time\" content=\"2016-04-18T12:30:24+00:00\" \/>\n<meta property=\"article:modified_time\" content=\"2016-04-27T08:50:01+00:00\" \/>\n<meta property=\"og:image\" content=\"https:\/\/www.naturparkmagazin.de\/stechlin\/wp-content\/uploads\/sites\/38\/solanum-festival-plakat.jpg\" \/>\n\t<meta property=\"og:image:width\" content=\"200\" \/>\n\t<meta property=\"og:image:height\" content=\"200\" \/>\n\t<meta property=\"og:image:type\" content=\"image\/jpeg\" \/>\n<meta name=\"author\" content=\"marioschrumpf\" \/>\n<meta name=\"twitter:label1\" content=\"Verfasst von\" \/>\n\t<meta name=\"twitter:data1\" content=\"marioschrumpf\" \/>\n\t<meta name=\"twitter:label2\" content=\"Gesch\u00e4tzte Lesezeit\" \/>\n\t<meta name=\"twitter:data2\" content=\"4\u00a0Minuten\" \/>\n<script type=\"application\/ld+json\" class=\"yoast-schema-graph\">{\"@context\":\"https:\/\/schema.org\",\"@graph\":[{\"@type\":\"WebPage\",\"@id\":\"https:\/\/www.naturparkmagazin.de\/stechlin\/solanum-das-kulinarische-festival-im-norden-brandenburgs-26-29-mai-2016-in-rheinsberg\/\",\"url\":\"https:\/\/www.naturparkmagazin.de\/stechlin\/solanum-das-kulinarische-festival-im-norden-brandenburgs-26-29-mai-2016-in-rheinsberg\/\",\"name\":\"SOLANUM - das kulinarische Festival im Norden Brandenburgs (26.- 29. Mai 2016 ) in Rheinsberg - Naturpark Stechlin-Ruppiner Land\",\"isPartOf\":{\"@id\":\"https:\/\/www.naturparkmagazin.de\/stechlin\/#website\"},\"datePublished\":\"2016-04-18T12:30:24+00:00\",\"dateModified\":\"2016-04-27T08:50:01+00:00\",\"author\":{\"@id\":\"https:\/\/www.naturparkmagazin.de\/stechlin\/#\/schema\/person\/3f0d93203df21c806dd63c76d9bb28bc\"},\"breadcrumb\":{\"@id\":\"https:\/\/www.naturparkmagazin.de\/stechlin\/solanum-das-kulinarische-festival-im-norden-brandenburgs-26-29-mai-2016-in-rheinsberg\/#breadcrumb\"},\"inLanguage\":\"de\",\"potentialAction\":[{\"@type\":\"ReadAction\",\"target\":[\"https:\/\/www.naturparkmagazin.de\/stechlin\/solanum-das-kulinarische-festival-im-norden-brandenburgs-26-29-mai-2016-in-rheinsberg\/\"]}]},{\"@type\":\"BreadcrumbList\",\"@id\":\"https:\/\/www.naturparkmagazin.de\/stechlin\/solanum-das-kulinarische-festival-im-norden-brandenburgs-26-29-mai-2016-in-rheinsberg\/#breadcrumb\",\"itemListElement\":[{\"@type\":\"ListItem\",\"position\":1,\"name\":\"Home\",\"item\":\"https:\/\/www.naturparkmagazin.de\/stechlin\/\"},{\"@type\":\"ListItem\",\"position\":2,\"name\":\"SOLANUM &#8211; das kulinarische Festival im Norden Brandenburgs (26.- 29. Mai 2016 ) in Rheinsberg\"}]},{\"@type\":\"WebSite\",\"@id\":\"https:\/\/www.naturparkmagazin.de\/stechlin\/#website\",\"url\":\"https:\/\/www.naturparkmagazin.de\/stechlin\/\",\"name\":\"Naturpark Stechlin-Ruppiner Land\",\"description\":\"\",\"potentialAction\":[{\"@type\":\"SearchAction\",\"target\":{\"@type\":\"EntryPoint\",\"urlTemplate\":\"https:\/\/www.naturparkmagazin.de\/stechlin\/?s={search_term_string}\"},\"query-input\":\"required name=search_term_string\"}],\"inLanguage\":\"de\"},{\"@type\":\"Person\",\"@id\":\"https:\/\/www.naturparkmagazin.de\/stechlin\/#\/schema\/person\/3f0d93203df21c806dd63c76d9bb28bc\",\"name\":\"marioschrumpf\",\"url\":\"https:\/\/www.naturparkmagazin.de\/stechlin\/author\/marioschrumpf\/\"}]}<\/script>\n<!-- \/ Yoast SEO plugin. -->","yoast_head_json":{"title":"SOLANUM - das kulinarische Festival im Norden Brandenburgs (26.- 29. Mai 2016 ) in Rheinsberg - Naturpark Stechlin-Ruppiner Land","robots":{"index":"index","follow":"follow","max-snippet":"max-snippet:-1","max-image-preview":"max-image-preview:large","max-video-preview":"max-video-preview:-1"},"canonical":"https:\/\/www.naturparkmagazin.de\/stechlin\/solanum-das-kulinarische-festival-im-norden-brandenburgs-26-29-mai-2016-in-rheinsberg\/","og_locale":"de_DE","og_type":"article","og_title":"SOLANUM - das kulinarische Festival im Norden Brandenburgs (26.- 29. Mai 2016 ) in Rheinsberg - Naturpark Stechlin-Ruppiner Land","og_description":"Brandenburg ist zum Ausflugs- &amp; R\u00fcckzugsterrain f\u00fcr St\u00e4dter, Idealisten und Aussteiger geworden. Hier findet man Natur, Ruhe und Freiheit. Doch wie lebt es sich in dieser Weite?","og_url":"https:\/\/www.naturparkmagazin.de\/stechlin\/solanum-das-kulinarische-festival-im-norden-brandenburgs-26-29-mai-2016-in-rheinsberg\/","og_site_name":"Naturpark Stechlin-Ruppiner Land","article_published_time":"2016-04-18T12:30:24+00:00","article_modified_time":"2016-04-27T08:50:01+00:00","og_image":[{"width":200,"height":200,"url":"https:\/\/www.naturparkmagazin.de\/stechlin\/wp-content\/uploads\/sites\/38\/solanum-festival-plakat.jpg","type":"image\/jpeg"}],"author":"marioschrumpf","twitter_misc":{"Verfasst von":"marioschrumpf","Gesch\u00e4tzte Lesezeit":"4\u00a0Minuten"},"schema":{"@context":"https:\/\/schema.org","@graph":[{"@type":"WebPage","@id":"https:\/\/www.naturparkmagazin.de\/stechlin\/solanum-das-kulinarische-festival-im-norden-brandenburgs-26-29-mai-2016-in-rheinsberg\/","url":"https:\/\/www.naturparkmagazin.de\/stechlin\/solanum-das-kulinarische-festival-im-norden-brandenburgs-26-29-mai-2016-in-rheinsberg\/","name":"SOLANUM - das kulinarische Festival im Norden Brandenburgs (26.- 29. Mai 2016 ) in Rheinsberg - Naturpark Stechlin-Ruppiner Land","isPartOf":{"@id":"https:\/\/www.naturparkmagazin.de\/stechlin\/#website"},"datePublished":"2016-04-18T12:30:24+00:00","dateModified":"2016-04-27T08:50:01+00:00","author":{"@id":"https:\/\/www.naturparkmagazin.de\/stechlin\/#\/schema\/person\/3f0d93203df21c806dd63c76d9bb28bc"},"breadcrumb":{"@id":"https:\/\/www.naturparkmagazin.de\/stechlin\/solanum-das-kulinarische-festival-im-norden-brandenburgs-26-29-mai-2016-in-rheinsberg\/#breadcrumb"},"inLanguage":"de","potentialAction":[{"@type":"ReadAction","target":["https:\/\/www.naturparkmagazin.de\/stechlin\/solanum-das-kulinarische-festival-im-norden-brandenburgs-26-29-mai-2016-in-rheinsberg\/"]}]},{"@type":"BreadcrumbList","@id":"https:\/\/www.naturparkmagazin.de\/stechlin\/solanum-das-kulinarische-festival-im-norden-brandenburgs-26-29-mai-2016-in-rheinsberg\/#breadcrumb","itemListElement":[{"@type":"ListItem","position":1,"name":"Home","item":"https:\/\/www.naturparkmagazin.de\/stechlin\/"},{"@type":"ListItem","position":2,"name":"SOLANUM &#8211; das kulinarische Festival im Norden Brandenburgs (26.- 29. Mai 2016 ) in Rheinsberg"}]},{"@type":"WebSite","@id":"https:\/\/www.naturparkmagazin.de\/stechlin\/#website","url":"https:\/\/www.naturparkmagazin.de\/stechlin\/","name":"Naturpark Stechlin-Ruppiner Land","description":"","potentialAction":[{"@type":"SearchAction","target":{"@type":"EntryPoint","urlTemplate":"https:\/\/www.naturparkmagazin.de\/stechlin\/?s={search_term_string}"},"query-input":"required name=search_term_string"}],"inLanguage":"de"},{"@type":"Person","@id":"https:\/\/www.naturparkmagazin.de\/stechlin\/#\/schema\/person\/3f0d93203df21c806dd63c76d9bb28bc","name":"marioschrumpf","url":"https:\/\/www.naturparkmagazin.de\/stechlin\/author\/marioschrumpf\/"}]}},"_links":{"self":[{"href":"https:\/\/www.naturparkmagazin.de\/stechlin\/wp-json\/wp\/v2\/posts\/3690"}],"collection":[{"href":"https:\/\/www.naturparkmagazin.de\/stechlin\/wp-json\/wp\/v2\/posts"}],"about":[{"href":"https:\/\/www.naturparkmagazin.de\/stechlin\/wp-json\/wp\/v2\/types\/post"}],"author":[{"embeddable":true,"href":"https:\/\/www.naturparkmagazin.de\/stechlin\/wp-json\/wp\/v2\/users\/39"}],"replies":[{"embeddable":true,"href":"https:\/\/www.naturparkmagazin.de\/stechlin\/wp-json\/wp\/v2\/comments?post=3690"}],"version-history":[{"count":8,"href":"https:\/\/www.naturparkmagazin.de\/stechlin\/wp-json\/wp\/v2\/posts\/3690\/revisions"}],"predecessor-version":[{"id":3868,"href":"https:\/\/www.naturparkmagazin.de\/stechlin\/wp-json\/wp\/v2\/posts\/3690\/revisions\/3868"}],"wp:featuredmedia":[{"embeddable":true,"href":"https:\/\/www.naturparkmagazin.de\/stechlin\/wp-json\/wp\/v2\/media\/3692"}],"wp:attachment":[{"href":"https:\/\/www.naturparkmagazin.de\/stechlin\/wp-json\/wp\/v2\/media?parent=3690"}],"wp:term":[{"taxonomy":"category","embeddable":true,"href":"https:\/\/www.naturparkmagazin.de\/stechlin\/wp-json\/wp\/v2\/categories?post=3690"},{"taxonomy":"post_tag","embeddable":true,"href":"https:\/\/www.naturparkmagazin.de\/stechlin\/wp-json\/wp\/v2\/tags?post=3690"}],"curies":[{"name":"wp","href":"https:\/\/api.w.org\/{rel}","templated":true}]}}