{"id":3721,"date":"2016-04-18T12:30:20","date_gmt":"2016-04-18T10:30:20","guid":{"rendered":"http:\/\/www.naturparkmagazin.de\/stechlin\/?p=3721"},"modified":"2016-05-02T09:16:40","modified_gmt":"2016-05-02T07:16:40","slug":"museumsfest-im-glasmacherhaus-in-neuglobsow","status":"publish","type":"post","link":"https:\/\/www.naturparkmagazin.de\/stechlin\/museumsfest-im-glasmacherhaus-in-neuglobsow\/","title":{"rendered":"Museumsfest im Glasmacherhaus in Neuglobsow"},"content":{"rendered":"<p><a href=\"https:\/\/www.naturparkmagazin.de\/stechlin\/wp-content\/uploads\/sites\/38\/Glasmuseum2.jpg\"><img decoding=\"async\" loading=\"lazy\" class=\"alignleft size-thumbnail wp-image-3723\" src=\"https:\/\/www.naturparkmagazin.de\/stechlin\/wp-content\/uploads\/sites\/38\/Glasmuseum2-300x180.jpg\" alt=\"NP SRL\/Karin Schl\u00f6sser\" width=\"300\" height=\"180\" srcset=\"https:\/\/www.naturparkmagazin.de\/stechlin\/wp-content\/uploads\/sites\/38\/Glasmuseum2-300x180.jpg 300w, https:\/\/www.naturparkmagazin.de\/stechlin\/wp-content\/uploads\/sites\/38\/Glasmuseum2.jpg 500w, https:\/\/www.naturparkmagazin.de\/stechlin\/wp-content\/uploads\/sites\/38\/Glasmuseum2-200x120.jpg 200w\" sizes=\"(max-width: 300px) 100vw, 300px\" \/><\/a><\/p>\n<p>&nbsp;<\/p>\n<p>&nbsp;<\/p>\n<p>&nbsp;<\/p>\n<p>&nbsp;<\/p>\n<p>&nbsp;<\/p>\n<p>&nbsp;<\/p>\n<p>&nbsp;<\/p>\n<p>Der Stechlin ist weithin bekannt und viele Besucher kommen nur um den sagenumwobenen See zu sehen. Aber kaum einer weiss, das hier \u00fcber hundert Jahre eine Glash\u00fctte stand, die \u201egr\u00fcnes Glas\u201c herstellte.<\/p>\n<p>In der historischen Ausstellung im Glasmuseum beginnt eine Zeitreise in die Vergangenheit, die mit der Gr\u00fcndung der Glash\u00fctte im 18. Jahrhundert begann und die noch produzierte, als Theodor Fontane das erste Mal den Stechlin und Neuglobsow besuchte.<\/p>\n<p><em>\u201eIch war immer schon der Ansicht, dass es wichtigeres gibt als Gold. Glas zum Beispiel halte ich f\u00fcr n\u00fctzlicher&#8220;. <\/em><em>Th. Fontane<\/em><\/p>\n<p><a href=\"https:\/\/www.naturparkmagazin.de\/stechlin\/wp-content\/uploads\/sites\/38\/Glasmuseum3.jpg\"><img decoding=\"async\" loading=\"lazy\" class=\"alignleft size-thumbnail wp-image-3724\" src=\"https:\/\/www.naturparkmagazin.de\/stechlin\/wp-content\/uploads\/sites\/38\/Glasmuseum3-300x180.jpg\" alt=\"NP SRL\/Karin Schl\u00f6sser\" width=\"300\" height=\"180\" srcset=\"https:\/\/www.naturparkmagazin.de\/stechlin\/wp-content\/uploads\/sites\/38\/Glasmuseum3-300x180.jpg 300w, https:\/\/www.naturparkmagazin.de\/stechlin\/wp-content\/uploads\/sites\/38\/Glasmuseum3.jpg 500w, https:\/\/www.naturparkmagazin.de\/stechlin\/wp-content\/uploads\/sites\/38\/Glasmuseum3-200x120.jpg 200w\" sizes=\"(max-width: 300px) 100vw, 300px\" \/>\n<\/a><\/p>\n<p>&nbsp;<\/p>\n<p>&nbsp;<\/p>\n<p>&nbsp;<\/p>\n<p>&nbsp;<\/p>\n<p>&nbsp;<\/p>\n<p>&nbsp;<\/p>\n<p>In der liebevoll gestalteten Ausstellung k\u00f6nnen sich die Besucher \u00fcber den faszinierenden Werkstoff Glas informieren \u2013 durchsichtig, formbar und so zerbrechlich. Woraus wird Glas hergestellt, warum Glash\u00fctten gerade im Norden Brandenburgs entstanden sind und wie ein Glasballon hergestellt wurde,\u00a0 Glassiegel, Gniedelstein und Torfziegel \u2013 am Ende des Rundgangs sind die Fragen beantwortet.<\/p>\n<p>Im Mai zum internationalen <strong>Museumstag ( 21.05.\/22.05.16)<\/strong> und zum <strong>Museumsfest am 22.05.16<\/strong> in <strong>Neuglobsow<\/strong> gibt es dazu F\u00fchrungen.<\/p>\n<p>Auf Anfrage k\u00f6nnen Sie F\u00fchrungen auch au\u00dferhalb der \u00d6ffnungszeiten buchen.<\/p>\n<p><span style=\"text-decoration: underline\"><strong>\u00d6ffnungszeiten:<\/strong><\/span><\/p>\n<p>Mai bis Oktober Do \u2013 So 10.00-16.00 Uhr<\/p>\n<p>Nov. bis Dez.\u00a0\u00a0 \u00a0Fr\u00a0 \u2013 So 10.00-16.00 Uhr<\/p>\n<p>\u00c4nderungen vorbehalten!<\/p>\n<p>&nbsp;<\/p>\n<p>Weitere Informationen \u00fcber <a href=\"http:\/\/www.naturparkhaus.de\/glasmacherhaus\/ausstellung\">http:\/\/www.naturparkhaus.de\/glasmacherhaus\/ausstellung<\/a><\/p>\n","protected":false},"excerpt":{"rendered":"<p>Der Stechlin ist weithin bekannt und viele Besucher kommen nur um den sagenumwobenen See zu sehen. Aber kaum einer wei\u00df, dass hier \u00fcber hundert Jahre eine Glash\u00fctte stand, die \u201egr\u00fcnes Glas\u201c herstellte.<\/p>\n","protected":false},"author":39,"featured_media":3722,"comment_status":"open","ping_status":"open","sticky":false,"template":"","format":"standard","meta":[],"categories":[11],"tags":[],"yoast_head":"<!-- This site is optimized with the Yoast SEO plugin v19.10 - https:\/\/yoast.com\/wordpress\/plugins\/seo\/ -->\n<title>Museumsfest im Glasmacherhaus in Neuglobsow - Naturpark Stechlin-Ruppiner Land<\/title>\n<meta name=\"robots\" content=\"index, follow, max-snippet:-1, max-image-preview:large, max-video-preview:-1\" \/>\n<link rel=\"canonical\" href=\"https:\/\/www.naturparkmagazin.de\/stechlin\/museumsfest-im-glasmacherhaus-in-neuglobsow\/\" \/>\n<meta property=\"og:locale\" content=\"de_DE\" \/>\n<meta property=\"og:type\" content=\"article\" \/>\n<meta property=\"og:title\" content=\"Museumsfest im Glasmacherhaus in Neuglobsow - Naturpark Stechlin-Ruppiner Land\" \/>\n<meta property=\"og:description\" content=\"Der Stechlin ist weithin bekannt und viele Besucher kommen nur um den sagenumwobenen See zu sehen. Aber kaum einer wei\u00df, dass hier \u00fcber hundert Jahre eine Glash\u00fctte stand, die \u201egr\u00fcnes Glas\u201c herstellte.\" \/>\n<meta property=\"og:url\" content=\"https:\/\/www.naturparkmagazin.de\/stechlin\/museumsfest-im-glasmacherhaus-in-neuglobsow\/\" \/>\n<meta property=\"og:site_name\" content=\"Naturpark Stechlin-Ruppiner Land\" \/>\n<meta property=\"article:published_time\" content=\"2016-04-18T10:30:20+00:00\" \/>\n<meta property=\"article:modified_time\" content=\"2016-05-02T07:16:40+00:00\" \/>\n<meta property=\"og:image\" content=\"https:\/\/www.naturparkmagazin.de\/stechlin\/wp-content\/uploads\/sites\/38\/Glasmuseum1.jpg\" \/>\n\t<meta property=\"og:image:width\" content=\"200\" \/>\n\t<meta property=\"og:image:height\" content=\"200\" \/>\n\t<meta property=\"og:image:type\" content=\"image\/jpeg\" \/>\n<meta name=\"author\" content=\"marioschrumpf\" \/>\n<meta name=\"twitter:label1\" content=\"Verfasst von\" \/>\n\t<meta name=\"twitter:data1\" content=\"marioschrumpf\" \/>\n\t<meta name=\"twitter:label2\" content=\"Gesch\u00e4tzte Lesezeit\" \/>\n\t<meta name=\"twitter:data2\" content=\"1\u00a0Minute\" \/>\n<script type=\"application\/ld+json\" class=\"yoast-schema-graph\">{\"@context\":\"https:\/\/schema.org\",\"@graph\":[{\"@type\":\"WebPage\",\"@id\":\"https:\/\/www.naturparkmagazin.de\/stechlin\/museumsfest-im-glasmacherhaus-in-neuglobsow\/\",\"url\":\"https:\/\/www.naturparkmagazin.de\/stechlin\/museumsfest-im-glasmacherhaus-in-neuglobsow\/\",\"name\":\"Museumsfest im Glasmacherhaus in Neuglobsow - Naturpark Stechlin-Ruppiner Land\",\"isPartOf\":{\"@id\":\"https:\/\/www.naturparkmagazin.de\/stechlin\/#website\"},\"datePublished\":\"2016-04-18T10:30:20+00:00\",\"dateModified\":\"2016-05-02T07:16:40+00:00\",\"author\":{\"@id\":\"https:\/\/www.naturparkmagazin.de\/stechlin\/#\/schema\/person\/3f0d93203df21c806dd63c76d9bb28bc\"},\"breadcrumb\":{\"@id\":\"https:\/\/www.naturparkmagazin.de\/stechlin\/museumsfest-im-glasmacherhaus-in-neuglobsow\/#breadcrumb\"},\"inLanguage\":\"de\",\"potentialAction\":[{\"@type\":\"ReadAction\",\"target\":[\"https:\/\/www.naturparkmagazin.de\/stechlin\/museumsfest-im-glasmacherhaus-in-neuglobsow\/\"]}]},{\"@type\":\"BreadcrumbList\",\"@id\":\"https:\/\/www.naturparkmagazin.de\/stechlin\/museumsfest-im-glasmacherhaus-in-neuglobsow\/#breadcrumb\",\"itemListElement\":[{\"@type\":\"ListItem\",\"position\":1,\"name\":\"Home\",\"item\":\"https:\/\/www.naturparkmagazin.de\/stechlin\/\"},{\"@type\":\"ListItem\",\"position\":2,\"name\":\"Museumsfest im Glasmacherhaus in Neuglobsow\"}]},{\"@type\":\"WebSite\",\"@id\":\"https:\/\/www.naturparkmagazin.de\/stechlin\/#website\",\"url\":\"https:\/\/www.naturparkmagazin.de\/stechlin\/\",\"name\":\"Naturpark Stechlin-Ruppiner Land\",\"description\":\"\",\"potentialAction\":[{\"@type\":\"SearchAction\",\"target\":{\"@type\":\"EntryPoint\",\"urlTemplate\":\"https:\/\/www.naturparkmagazin.de\/stechlin\/?s={search_term_string}\"},\"query-input\":\"required name=search_term_string\"}],\"inLanguage\":\"de\"},{\"@type\":\"Person\",\"@id\":\"https:\/\/www.naturparkmagazin.de\/stechlin\/#\/schema\/person\/3f0d93203df21c806dd63c76d9bb28bc\",\"name\":\"marioschrumpf\",\"url\":\"https:\/\/www.naturparkmagazin.de\/stechlin\/author\/marioschrumpf\/\"}]}<\/script>\n<!-- \/ Yoast SEO plugin. -->","yoast_head_json":{"title":"Museumsfest im Glasmacherhaus in Neuglobsow - Naturpark Stechlin-Ruppiner Land","robots":{"index":"index","follow":"follow","max-snippet":"max-snippet:-1","max-image-preview":"max-image-preview:large","max-video-preview":"max-video-preview:-1"},"canonical":"https:\/\/www.naturparkmagazin.de\/stechlin\/museumsfest-im-glasmacherhaus-in-neuglobsow\/","og_locale":"de_DE","og_type":"article","og_title":"Museumsfest im Glasmacherhaus in Neuglobsow - Naturpark Stechlin-Ruppiner Land","og_description":"Der Stechlin ist weithin bekannt und viele Besucher kommen nur um den sagenumwobenen See zu sehen. Aber kaum einer wei\u00df, dass hier \u00fcber hundert Jahre eine Glash\u00fctte stand, die \u201egr\u00fcnes Glas\u201c herstellte.","og_url":"https:\/\/www.naturparkmagazin.de\/stechlin\/museumsfest-im-glasmacherhaus-in-neuglobsow\/","og_site_name":"Naturpark Stechlin-Ruppiner Land","article_published_time":"2016-04-18T10:30:20+00:00","article_modified_time":"2016-05-02T07:16:40+00:00","og_image":[{"width":200,"height":200,"url":"https:\/\/www.naturparkmagazin.de\/stechlin\/wp-content\/uploads\/sites\/38\/Glasmuseum1.jpg","type":"image\/jpeg"}],"author":"marioschrumpf","twitter_misc":{"Verfasst von":"marioschrumpf","Gesch\u00e4tzte Lesezeit":"1\u00a0Minute"},"schema":{"@context":"https:\/\/schema.org","@graph":[{"@type":"WebPage","@id":"https:\/\/www.naturparkmagazin.de\/stechlin\/museumsfest-im-glasmacherhaus-in-neuglobsow\/","url":"https:\/\/www.naturparkmagazin.de\/stechlin\/museumsfest-im-glasmacherhaus-in-neuglobsow\/","name":"Museumsfest im Glasmacherhaus in Neuglobsow - Naturpark Stechlin-Ruppiner Land","isPartOf":{"@id":"https:\/\/www.naturparkmagazin.de\/stechlin\/#website"},"datePublished":"2016-04-18T10:30:20+00:00","dateModified":"2016-05-02T07:16:40+00:00","author":{"@id":"https:\/\/www.naturparkmagazin.de\/stechlin\/#\/schema\/person\/3f0d93203df21c806dd63c76d9bb28bc"},"breadcrumb":{"@id":"https:\/\/www.naturparkmagazin.de\/stechlin\/museumsfest-im-glasmacherhaus-in-neuglobsow\/#breadcrumb"},"inLanguage":"de","potentialAction":[{"@type":"ReadAction","target":["https:\/\/www.naturparkmagazin.de\/stechlin\/museumsfest-im-glasmacherhaus-in-neuglobsow\/"]}]},{"@type":"BreadcrumbList","@id":"https:\/\/www.naturparkmagazin.de\/stechlin\/museumsfest-im-glasmacherhaus-in-neuglobsow\/#breadcrumb","itemListElement":[{"@type":"ListItem","position":1,"name":"Home","item":"https:\/\/www.naturparkmagazin.de\/stechlin\/"},{"@type":"ListItem","position":2,"name":"Museumsfest im Glasmacherhaus in Neuglobsow"}]},{"@type":"WebSite","@id":"https:\/\/www.naturparkmagazin.de\/stechlin\/#website","url":"https:\/\/www.naturparkmagazin.de\/stechlin\/","name":"Naturpark Stechlin-Ruppiner Land","description":"","potentialAction":[{"@type":"SearchAction","target":{"@type":"EntryPoint","urlTemplate":"https:\/\/www.naturparkmagazin.de\/stechlin\/?s={search_term_string}"},"query-input":"required name=search_term_string"}],"inLanguage":"de"},{"@type":"Person","@id":"https:\/\/www.naturparkmagazin.de\/stechlin\/#\/schema\/person\/3f0d93203df21c806dd63c76d9bb28bc","name":"marioschrumpf","url":"https:\/\/www.naturparkmagazin.de\/stechlin\/author\/marioschrumpf\/"}]}},"_links":{"self":[{"href":"https:\/\/www.naturparkmagazin.de\/stechlin\/wp-json\/wp\/v2\/posts\/3721"}],"collection":[{"href":"https:\/\/www.naturparkmagazin.de\/stechlin\/wp-json\/wp\/v2\/posts"}],"about":[{"href":"https:\/\/www.naturparkmagazin.de\/stechlin\/wp-json\/wp\/v2\/types\/post"}],"author":[{"embeddable":true,"href":"https:\/\/www.naturparkmagazin.de\/stechlin\/wp-json\/wp\/v2\/users\/39"}],"replies":[{"embeddable":true,"href":"https:\/\/www.naturparkmagazin.de\/stechlin\/wp-json\/wp\/v2\/comments?post=3721"}],"version-history":[{"count":7,"href":"https:\/\/www.naturparkmagazin.de\/stechlin\/wp-json\/wp\/v2\/posts\/3721\/revisions"}],"predecessor-version":[{"id":3873,"href":"https:\/\/www.naturparkmagazin.de\/stechlin\/wp-json\/wp\/v2\/posts\/3721\/revisions\/3873"}],"wp:featuredmedia":[{"embeddable":true,"href":"https:\/\/www.naturparkmagazin.de\/stechlin\/wp-json\/wp\/v2\/media\/3722"}],"wp:attachment":[{"href":"https:\/\/www.naturparkmagazin.de\/stechlin\/wp-json\/wp\/v2\/media?parent=3721"}],"wp:term":[{"taxonomy":"category","embeddable":true,"href":"https:\/\/www.naturparkmagazin.de\/stechlin\/wp-json\/wp\/v2\/categories?post=3721"},{"taxonomy":"post_tag","embeddable":true,"href":"https:\/\/www.naturparkmagazin.de\/stechlin\/wp-json\/wp\/v2\/tags?post=3721"}],"curies":[{"name":"wp","href":"https:\/\/api.w.org\/{rel}","templated":true}]}}