{"id":3726,"date":"2016-04-18T10:26:45","date_gmt":"2016-04-18T08:26:45","guid":{"rendered":"http:\/\/www.naturparkmagazin.de\/stechlin\/?p=3726"},"modified":"2016-04-26T12:48:04","modified_gmt":"2016-04-26T10:48:04","slug":"liebe-leserinnen-und-leser-17","status":"publish","type":"post","link":"https:\/\/www.naturparkmagazin.de\/stechlin\/liebe-leserinnen-und-leser-17\/","title":{"rendered":"Liebe Leserinnen und Leser,"},"content":{"rendered":"<p>auf den Tag genau vor 20 Jahren am\u00a016. Mai\u00a0haben die ersten Ranger im Naturpark Stechlin-Ruppiner Land ihren Dienst angetreten. Die f\u00fcnf KollegInnen der Naturwacht sind als Mittler zwischen Mensch und Natur direkte Ansprechpartner f\u00fcr unsere G\u00e4ste und Einwohner. Mit gro\u00dfem Engagement erf\u00fcllen sie Tag f\u00fcr Tag ihre Aufgaben bei der Schutzgebietsbetreuung, auf F\u00fchrungen und bei der Umweltbildung. Daf\u00fcr an dieser Stelle ein herzliches Dankesch\u00f6n!<\/p>\n<p>Kommen Sie gut durch den Wonnemonat Mai!<\/p>\n<p>Viel Spa\u00df beim Lesen!<\/p>\n<p>&nbsp;<\/p>\n<p>Dr. Mario Schrumpf<\/p>\n<p>Leiter des Naturparks<\/p>\n<p>&nbsp;<\/p>\n<p>&nbsp;<\/p>\n","protected":false},"excerpt":{"rendered":"<p>auf den Tag genau vor 20 Jahren am\u00a016. Mai\u00a0haben die ersten Ranger im Naturpark Stechlin-Ruppiner Land ihren Dienst angetreten. Die f\u00fcnf KollegInnen der Naturwacht sind als Mittler zwischen Mensch und Natur direkte Ansprechpartner f\u00fcr unsere G\u00e4ste und Einwohner. Mit gro\u00dfem Engagement erf\u00fcllen sie Tag f\u00fcr Tag ihre Aufgaben bei der Schutzgebietsbetreuung, auf F\u00fchrungen und bei<\/p>\n","protected":false},"author":39,"featured_media":0,"comment_status":"open","ping_status":"open","sticky":false,"template":"","format":"standard","meta":[],"categories":[52],"tags":[],"yoast_head":"<!-- This site is optimized with the Yoast SEO plugin v19.10 - https:\/\/yoast.com\/wordpress\/plugins\/seo\/ -->\n<title>Liebe Leserinnen und Leser, - Naturpark Stechlin-Ruppiner Land<\/title>\n<meta name=\"robots\" content=\"index, follow, max-snippet:-1, max-image-preview:large, max-video-preview:-1\" \/>\n<link rel=\"canonical\" href=\"https:\/\/www.naturparkmagazin.de\/stechlin\/liebe-leserinnen-und-leser-17\/\" \/>\n<meta property=\"og:locale\" content=\"de_DE\" \/>\n<meta property=\"og:type\" content=\"article\" \/>\n<meta property=\"og:title\" content=\"Liebe Leserinnen und Leser, - Naturpark Stechlin-Ruppiner Land\" \/>\n<meta property=\"og:description\" content=\"auf den Tag genau vor 20 Jahren am\u00a016. Mai\u00a0haben die ersten Ranger im Naturpark Stechlin-Ruppiner Land ihren Dienst angetreten. Die f\u00fcnf KollegInnen der Naturwacht sind als Mittler zwischen Mensch und Natur direkte Ansprechpartner f\u00fcr unsere G\u00e4ste und Einwohner. Mit gro\u00dfem Engagement erf\u00fcllen sie Tag f\u00fcr Tag ihre Aufgaben bei der Schutzgebietsbetreuung, auf F\u00fchrungen und bei\" \/>\n<meta property=\"og:url\" content=\"https:\/\/www.naturparkmagazin.de\/stechlin\/liebe-leserinnen-und-leser-17\/\" \/>\n<meta property=\"og:site_name\" content=\"Naturpark Stechlin-Ruppiner Land\" \/>\n<meta property=\"article:published_time\" content=\"2016-04-18T08:26:45+00:00\" \/>\n<meta property=\"article:modified_time\" content=\"2016-04-26T10:48:04+00:00\" \/>\n<meta name=\"author\" content=\"marioschrumpf\" \/>\n<meta name=\"twitter:label1\" content=\"Verfasst von\" \/>\n\t<meta name=\"twitter:data1\" content=\"marioschrumpf\" \/>\n<script type=\"application\/ld+json\" class=\"yoast-schema-graph\">{\"@context\":\"https:\/\/schema.org\",\"@graph\":[{\"@type\":\"WebPage\",\"@id\":\"https:\/\/www.naturparkmagazin.de\/stechlin\/liebe-leserinnen-und-leser-17\/\",\"url\":\"https:\/\/www.naturparkmagazin.de\/stechlin\/liebe-leserinnen-und-leser-17\/\",\"name\":\"Liebe Leserinnen und Leser, - Naturpark Stechlin-Ruppiner Land\",\"isPartOf\":{\"@id\":\"https:\/\/www.naturparkmagazin.de\/stechlin\/#website\"},\"datePublished\":\"2016-04-18T08:26:45+00:00\",\"dateModified\":\"2016-04-26T10:48:04+00:00\",\"author\":{\"@id\":\"https:\/\/www.naturparkmagazin.de\/stechlin\/#\/schema\/person\/3f0d93203df21c806dd63c76d9bb28bc\"},\"breadcrumb\":{\"@id\":\"https:\/\/www.naturparkmagazin.de\/stechlin\/liebe-leserinnen-und-leser-17\/#breadcrumb\"},\"inLanguage\":\"de\",\"potentialAction\":[{\"@type\":\"ReadAction\",\"target\":[\"https:\/\/www.naturparkmagazin.de\/stechlin\/liebe-leserinnen-und-leser-17\/\"]}]},{\"@type\":\"BreadcrumbList\",\"@id\":\"https:\/\/www.naturparkmagazin.de\/stechlin\/liebe-leserinnen-und-leser-17\/#breadcrumb\",\"itemListElement\":[{\"@type\":\"ListItem\",\"position\":1,\"name\":\"Home\",\"item\":\"https:\/\/www.naturparkmagazin.de\/stechlin\/\"},{\"@type\":\"ListItem\",\"position\":2,\"name\":\"Liebe Leserinnen und Leser,\"}]},{\"@type\":\"WebSite\",\"@id\":\"https:\/\/www.naturparkmagazin.de\/stechlin\/#website\",\"url\":\"https:\/\/www.naturparkmagazin.de\/stechlin\/\",\"name\":\"Naturpark Stechlin-Ruppiner Land\",\"description\":\"\",\"potentialAction\":[{\"@type\":\"SearchAction\",\"target\":{\"@type\":\"EntryPoint\",\"urlTemplate\":\"https:\/\/www.naturparkmagazin.de\/stechlin\/?s={search_term_string}\"},\"query-input\":\"required name=search_term_string\"}],\"inLanguage\":\"de\"},{\"@type\":\"Person\",\"@id\":\"https:\/\/www.naturparkmagazin.de\/stechlin\/#\/schema\/person\/3f0d93203df21c806dd63c76d9bb28bc\",\"name\":\"marioschrumpf\",\"url\":\"https:\/\/www.naturparkmagazin.de\/stechlin\/author\/marioschrumpf\/\"}]}<\/script>\n<!-- \/ Yoast SEO plugin. -->","yoast_head_json":{"title":"Liebe Leserinnen und Leser, - Naturpark Stechlin-Ruppiner Land","robots":{"index":"index","follow":"follow","max-snippet":"max-snippet:-1","max-image-preview":"max-image-preview:large","max-video-preview":"max-video-preview:-1"},"canonical":"https:\/\/www.naturparkmagazin.de\/stechlin\/liebe-leserinnen-und-leser-17\/","og_locale":"de_DE","og_type":"article","og_title":"Liebe Leserinnen und Leser, - Naturpark Stechlin-Ruppiner Land","og_description":"auf den Tag genau vor 20 Jahren am\u00a016. Mai\u00a0haben die ersten Ranger im Naturpark Stechlin-Ruppiner Land ihren Dienst angetreten. Die f\u00fcnf KollegInnen der Naturwacht sind als Mittler zwischen Mensch und Natur direkte Ansprechpartner f\u00fcr unsere G\u00e4ste und Einwohner. Mit gro\u00dfem Engagement erf\u00fcllen sie Tag f\u00fcr Tag ihre Aufgaben bei der Schutzgebietsbetreuung, auf F\u00fchrungen und bei","og_url":"https:\/\/www.naturparkmagazin.de\/stechlin\/liebe-leserinnen-und-leser-17\/","og_site_name":"Naturpark Stechlin-Ruppiner Land","article_published_time":"2016-04-18T08:26:45+00:00","article_modified_time":"2016-04-26T10:48:04+00:00","author":"marioschrumpf","twitter_misc":{"Verfasst von":"marioschrumpf"},"schema":{"@context":"https:\/\/schema.org","@graph":[{"@type":"WebPage","@id":"https:\/\/www.naturparkmagazin.de\/stechlin\/liebe-leserinnen-und-leser-17\/","url":"https:\/\/www.naturparkmagazin.de\/stechlin\/liebe-leserinnen-und-leser-17\/","name":"Liebe Leserinnen und Leser, - Naturpark Stechlin-Ruppiner Land","isPartOf":{"@id":"https:\/\/www.naturparkmagazin.de\/stechlin\/#website"},"datePublished":"2016-04-18T08:26:45+00:00","dateModified":"2016-04-26T10:48:04+00:00","author":{"@id":"https:\/\/www.naturparkmagazin.de\/stechlin\/#\/schema\/person\/3f0d93203df21c806dd63c76d9bb28bc"},"breadcrumb":{"@id":"https:\/\/www.naturparkmagazin.de\/stechlin\/liebe-leserinnen-und-leser-17\/#breadcrumb"},"inLanguage":"de","potentialAction":[{"@type":"ReadAction","target":["https:\/\/www.naturparkmagazin.de\/stechlin\/liebe-leserinnen-und-leser-17\/"]}]},{"@type":"BreadcrumbList","@id":"https:\/\/www.naturparkmagazin.de\/stechlin\/liebe-leserinnen-und-leser-17\/#breadcrumb","itemListElement":[{"@type":"ListItem","position":1,"name":"Home","item":"https:\/\/www.naturparkmagazin.de\/stechlin\/"},{"@type":"ListItem","position":2,"name":"Liebe Leserinnen und Leser,"}]},{"@type":"WebSite","@id":"https:\/\/www.naturparkmagazin.de\/stechlin\/#website","url":"https:\/\/www.naturparkmagazin.de\/stechlin\/","name":"Naturpark Stechlin-Ruppiner Land","description":"","potentialAction":[{"@type":"SearchAction","target":{"@type":"EntryPoint","urlTemplate":"https:\/\/www.naturparkmagazin.de\/stechlin\/?s={search_term_string}"},"query-input":"required name=search_term_string"}],"inLanguage":"de"},{"@type":"Person","@id":"https:\/\/www.naturparkmagazin.de\/stechlin\/#\/schema\/person\/3f0d93203df21c806dd63c76d9bb28bc","name":"marioschrumpf","url":"https:\/\/www.naturparkmagazin.de\/stechlin\/author\/marioschrumpf\/"}]}},"_links":{"self":[{"href":"https:\/\/www.naturparkmagazin.de\/stechlin\/wp-json\/wp\/v2\/posts\/3726"}],"collection":[{"href":"https:\/\/www.naturparkmagazin.de\/stechlin\/wp-json\/wp\/v2\/posts"}],"about":[{"href":"https:\/\/www.naturparkmagazin.de\/stechlin\/wp-json\/wp\/v2\/types\/post"}],"author":[{"embeddable":true,"href":"https:\/\/www.naturparkmagazin.de\/stechlin\/wp-json\/wp\/v2\/users\/39"}],"replies":[{"embeddable":true,"href":"https:\/\/www.naturparkmagazin.de\/stechlin\/wp-json\/wp\/v2\/comments?post=3726"}],"version-history":[{"count":5,"href":"https:\/\/www.naturparkmagazin.de\/stechlin\/wp-json\/wp\/v2\/posts\/3726\/revisions"}],"predecessor-version":[{"id":3789,"href":"https:\/\/www.naturparkmagazin.de\/stechlin\/wp-json\/wp\/v2\/posts\/3726\/revisions\/3789"}],"wp:attachment":[{"href":"https:\/\/www.naturparkmagazin.de\/stechlin\/wp-json\/wp\/v2\/media?parent=3726"}],"wp:term":[{"taxonomy":"category","embeddable":true,"href":"https:\/\/www.naturparkmagazin.de\/stechlin\/wp-json\/wp\/v2\/categories?post=3726"},{"taxonomy":"post_tag","embeddable":true,"href":"https:\/\/www.naturparkmagazin.de\/stechlin\/wp-json\/wp\/v2\/tags?post=3726"}],"curies":[{"name":"wp","href":"https:\/\/api.w.org\/{rel}","templated":true}]}}