{"id":3733,"date":"2016-04-18T13:46:31","date_gmt":"2016-04-18T11:46:31","guid":{"rendered":"http:\/\/www.naturparkmagazin.de\/stechlin\/?p=3733"},"modified":"2016-04-26T12:55:52","modified_gmt":"2016-04-26T10:55:52","slug":"14-neb-wanderexpress-auf-naturparktour","status":"publish","type":"post","link":"https:\/\/www.naturparkmagazin.de\/stechlin\/14-neb-wanderexpress-auf-naturparktour\/","title":{"rendered":"14. NEB-Wanderexpress auf Naturparktour"},"content":{"rendered":"<div id=\"attachment_3735\" style=\"width: 310px\" class=\"wp-caption alignleft\"><a href=\"https:\/\/www.naturparkmagazin.de\/stechlin\/wp-content\/uploads\/sites\/38\/NEB-2.jpg\"><img aria-describedby=\"caption-attachment-3735\" decoding=\"async\" loading=\"lazy\" class=\"size-thumbnail wp-image-3735\" src=\"https:\/\/www.naturparkmagazin.de\/stechlin\/wp-content\/uploads\/sites\/38\/NEB-2-300x180.jpg\" alt=\"Kronprinz Friedrich begr\u00fc\u00dft die weitgereisten G\u00e4ste am Eingang des Schlo\u00dfparks\" width=\"300\" height=\"180\" srcset=\"https:\/\/www.naturparkmagazin.de\/stechlin\/wp-content\/uploads\/sites\/38\/NEB-2-300x180.jpg 300w, https:\/\/www.naturparkmagazin.de\/stechlin\/wp-content\/uploads\/sites\/38\/NEB-2.jpg 500w, https:\/\/www.naturparkmagazin.de\/stechlin\/wp-content\/uploads\/sites\/38\/NEB-2-200x120.jpg 200w\" sizes=\"(max-width: 300px) 100vw, 300px\" \/><\/a><p id=\"caption-attachment-3735\" class=\"wp-caption-text\">Kronprinz Friedrich begr\u00fc\u00dft die weitgereisten G\u00e4ste am Eingang des Schlo\u00dfparks<\/p><\/div>\n<p>&nbsp;<\/p>\n<p>&nbsp;<\/p>\n<p>&nbsp;<\/p>\n<p>&nbsp;<\/p>\n<p>&nbsp;<\/p>\n<p>&nbsp;<\/p>\n<div id=\"attachment_3736\" style=\"width: 310px\" class=\"wp-caption alignleft\"><a href=\"https:\/\/www.naturparkmagazin.de\/stechlin\/wp-content\/uploads\/sites\/38\/NEB-3.jpg\"><img aria-describedby=\"caption-attachment-3736\" decoding=\"async\" loading=\"lazy\" class=\"size-thumbnail wp-image-3736\" src=\"https:\/\/www.naturparkmagazin.de\/stechlin\/wp-content\/uploads\/sites\/38\/NEB-3-300x180.jpg\" alt=\"Natur- und Landschaftsf\u00fchrerin Christine Mewes f\u00fchrt durch den Schlo\u00dfpark\" width=\"300\" height=\"180\" \/><\/a><p id=\"caption-attachment-3736\" class=\"wp-caption-text\">Natur- und Landschaftsf\u00fchrerin Christine Mewes f\u00fchrt durch den Schlo\u00dfpark<\/p><\/div>\n<p>&nbsp;<\/p>\n<p>&nbsp;<\/p>\n<p>&nbsp;<\/p>\n<p>&nbsp;<\/p>\n<p>&nbsp;<\/p>\n<p>&nbsp;<\/p>\n<p>&nbsp;<\/p>\n<p>&nbsp;<\/p>\n<p>&nbsp;<\/p>\n<p>&nbsp;<\/p>\n<p>&nbsp;<\/p>\n<p>Mehr als 60 WanderInnen aus Berlin folgten am 17. April der Einladung der Niederbarnimer Eisenbahn (NEB) nach Lindow und Rheinsberg.<\/p>\n<p>Bereits in 14. Auflage stellte die NEB ihren Kunden die Attraktionen entlang der Regionalbahnlinie RB 54 vor. Bereits auf dem Bahnsteig in Berlin-Lichtenberg wurden die Wanderer von einer dreik\u00f6pfigen Live-Band mit Musik empfangen, die auch im Zug weiter musizierte. In Lindow\/Mark erwartete der zertifizierte Natur- und Landschaftsf\u00fchrer Rolf Dossmann 32 WanderInnen f\u00fcr seine 3-st\u00fcndige Rundtour um den Wutzsee (10 km). Christine Mewes begr\u00fc\u00dfte am Rheinsberger Bahnhof 28 WanderInnen, um mit ihnen auf k\u00f6niglichen Pfaden durch die Prinz-Heinrich-Stadt und den Schlo\u00dfplatz zu wandeln. Die G\u00e4ste hatten vor ihrer R\u00fcckfahrt noch die Gelegenheit den traditionellen Kunsthandwerkermarkt zu besuchen.<\/p>\n<p>Ein herzliches Dankesch\u00f6n an Antje Voigt, \u00d6ffentlichkeitsarbeiterin der NEB f\u00fcr die tolle Organisation.<\/p>\n<div id=\"attachment_3737\" style=\"width: 310px\" class=\"wp-caption alignleft\"><a href=\"https:\/\/www.naturparkmagazin.de\/stechlin\/wp-content\/uploads\/sites\/38\/NEB4.jpg\"><img aria-describedby=\"caption-attachment-3737\" decoding=\"async\" loading=\"lazy\" class=\"size-thumbnail wp-image-3737\" src=\"https:\/\/www.naturparkmagazin.de\/stechlin\/wp-content\/uploads\/sites\/38\/NEB4-300x180.jpg\" alt=\"Unterwegs im Forst Boberow\" width=\"300\" height=\"180\" srcset=\"https:\/\/www.naturparkmagazin.de\/stechlin\/wp-content\/uploads\/sites\/38\/NEB4-300x180.jpg 300w, https:\/\/www.naturparkmagazin.de\/stechlin\/wp-content\/uploads\/sites\/38\/NEB4.jpg 500w, https:\/\/www.naturparkmagazin.de\/stechlin\/wp-content\/uploads\/sites\/38\/NEB4-200x120.jpg 200w\" sizes=\"(max-width: 300px) 100vw, 300px\" \/><\/a><p id=\"caption-attachment-3737\" class=\"wp-caption-text\">Unterwegs im Forst Boberow<\/p><\/div>\n<p>&nbsp;<\/p>\n","protected":false},"excerpt":{"rendered":"<p>Mehr als 60 WanderInnen aus Berlin folgten am 17. April der Einladung der Niederbarnimer Eisenbahn (NEB) nach Lindow und Rheinsberg.<\/p>\n","protected":false},"author":39,"featured_media":3734,"comment_status":"open","ping_status":"open","sticky":false,"template":"","format":"standard","meta":[],"categories":[7],"tags":[],"yoast_head":"<!-- This site is optimized with the Yoast SEO plugin v19.10 - https:\/\/yoast.com\/wordpress\/plugins\/seo\/ -->\n<title>14. NEB-Wanderexpress auf Naturparktour - Naturpark Stechlin-Ruppiner Land<\/title>\n<meta name=\"robots\" content=\"index, follow, max-snippet:-1, max-image-preview:large, max-video-preview:-1\" \/>\n<link rel=\"canonical\" href=\"https:\/\/www.naturparkmagazin.de\/stechlin\/14-neb-wanderexpress-auf-naturparktour\/\" \/>\n<meta property=\"og:locale\" content=\"de_DE\" \/>\n<meta property=\"og:type\" content=\"article\" \/>\n<meta property=\"og:title\" content=\"14. NEB-Wanderexpress auf Naturparktour - Naturpark Stechlin-Ruppiner Land\" \/>\n<meta property=\"og:description\" content=\"Mehr als 60 WanderInnen aus Berlin folgten am 17. April der Einladung der Niederbarnimer Eisenbahn (NEB) nach Lindow und Rheinsberg.\" \/>\n<meta property=\"og:url\" content=\"https:\/\/www.naturparkmagazin.de\/stechlin\/14-neb-wanderexpress-auf-naturparktour\/\" \/>\n<meta property=\"og:site_name\" content=\"Naturpark Stechlin-Ruppiner Land\" \/>\n<meta property=\"article:published_time\" content=\"2016-04-18T11:46:31+00:00\" \/>\n<meta property=\"article:modified_time\" content=\"2016-04-26T10:55:52+00:00\" \/>\n<meta property=\"og:image\" content=\"https:\/\/www.naturparkmagazin.de\/stechlin\/wp-content\/uploads\/sites\/38\/NEB-Wanderexpress.jpg\" \/>\n\t<meta property=\"og:image:width\" content=\"200\" \/>\n\t<meta property=\"og:image:height\" content=\"200\" \/>\n\t<meta property=\"og:image:type\" content=\"image\/jpeg\" \/>\n<meta name=\"author\" content=\"marioschrumpf\" \/>\n<meta name=\"twitter:label1\" content=\"Verfasst von\" \/>\n\t<meta name=\"twitter:data1\" content=\"marioschrumpf\" \/>\n\t<meta name=\"twitter:label2\" content=\"Gesch\u00e4tzte Lesezeit\" \/>\n\t<meta name=\"twitter:data2\" content=\"1\u00a0Minute\" \/>\n<script type=\"application\/ld+json\" class=\"yoast-schema-graph\">{\"@context\":\"https:\/\/schema.org\",\"@graph\":[{\"@type\":\"WebPage\",\"@id\":\"https:\/\/www.naturparkmagazin.de\/stechlin\/14-neb-wanderexpress-auf-naturparktour\/\",\"url\":\"https:\/\/www.naturparkmagazin.de\/stechlin\/14-neb-wanderexpress-auf-naturparktour\/\",\"name\":\"14. NEB-Wanderexpress auf Naturparktour - Naturpark Stechlin-Ruppiner Land\",\"isPartOf\":{\"@id\":\"https:\/\/www.naturparkmagazin.de\/stechlin\/#website\"},\"datePublished\":\"2016-04-18T11:46:31+00:00\",\"dateModified\":\"2016-04-26T10:55:52+00:00\",\"author\":{\"@id\":\"https:\/\/www.naturparkmagazin.de\/stechlin\/#\/schema\/person\/3f0d93203df21c806dd63c76d9bb28bc\"},\"breadcrumb\":{\"@id\":\"https:\/\/www.naturparkmagazin.de\/stechlin\/14-neb-wanderexpress-auf-naturparktour\/#breadcrumb\"},\"inLanguage\":\"de\",\"potentialAction\":[{\"@type\":\"ReadAction\",\"target\":[\"https:\/\/www.naturparkmagazin.de\/stechlin\/14-neb-wanderexpress-auf-naturparktour\/\"]}]},{\"@type\":\"BreadcrumbList\",\"@id\":\"https:\/\/www.naturparkmagazin.de\/stechlin\/14-neb-wanderexpress-auf-naturparktour\/#breadcrumb\",\"itemListElement\":[{\"@type\":\"ListItem\",\"position\":1,\"name\":\"Home\",\"item\":\"https:\/\/www.naturparkmagazin.de\/stechlin\/\"},{\"@type\":\"ListItem\",\"position\":2,\"name\":\"14. NEB-Wanderexpress auf Naturparktour\"}]},{\"@type\":\"WebSite\",\"@id\":\"https:\/\/www.naturparkmagazin.de\/stechlin\/#website\",\"url\":\"https:\/\/www.naturparkmagazin.de\/stechlin\/\",\"name\":\"Naturpark Stechlin-Ruppiner Land\",\"description\":\"\",\"potentialAction\":[{\"@type\":\"SearchAction\",\"target\":{\"@type\":\"EntryPoint\",\"urlTemplate\":\"https:\/\/www.naturparkmagazin.de\/stechlin\/?s={search_term_string}\"},\"query-input\":\"required name=search_term_string\"}],\"inLanguage\":\"de\"},{\"@type\":\"Person\",\"@id\":\"https:\/\/www.naturparkmagazin.de\/stechlin\/#\/schema\/person\/3f0d93203df21c806dd63c76d9bb28bc\",\"name\":\"marioschrumpf\",\"url\":\"https:\/\/www.naturparkmagazin.de\/stechlin\/author\/marioschrumpf\/\"}]}<\/script>\n<!-- \/ Yoast SEO plugin. -->","yoast_head_json":{"title":"14. NEB-Wanderexpress auf Naturparktour - Naturpark Stechlin-Ruppiner Land","robots":{"index":"index","follow":"follow","max-snippet":"max-snippet:-1","max-image-preview":"max-image-preview:large","max-video-preview":"max-video-preview:-1"},"canonical":"https:\/\/www.naturparkmagazin.de\/stechlin\/14-neb-wanderexpress-auf-naturparktour\/","og_locale":"de_DE","og_type":"article","og_title":"14. NEB-Wanderexpress auf Naturparktour - Naturpark Stechlin-Ruppiner Land","og_description":"Mehr als 60 WanderInnen aus Berlin folgten am 17. April der Einladung der Niederbarnimer Eisenbahn (NEB) nach Lindow und Rheinsberg.","og_url":"https:\/\/www.naturparkmagazin.de\/stechlin\/14-neb-wanderexpress-auf-naturparktour\/","og_site_name":"Naturpark Stechlin-Ruppiner Land","article_published_time":"2016-04-18T11:46:31+00:00","article_modified_time":"2016-04-26T10:55:52+00:00","og_image":[{"width":200,"height":200,"url":"https:\/\/www.naturparkmagazin.de\/stechlin\/wp-content\/uploads\/sites\/38\/NEB-Wanderexpress.jpg","type":"image\/jpeg"}],"author":"marioschrumpf","twitter_misc":{"Verfasst von":"marioschrumpf","Gesch\u00e4tzte Lesezeit":"1\u00a0Minute"},"schema":{"@context":"https:\/\/schema.org","@graph":[{"@type":"WebPage","@id":"https:\/\/www.naturparkmagazin.de\/stechlin\/14-neb-wanderexpress-auf-naturparktour\/","url":"https:\/\/www.naturparkmagazin.de\/stechlin\/14-neb-wanderexpress-auf-naturparktour\/","name":"14. NEB-Wanderexpress auf Naturparktour - Naturpark Stechlin-Ruppiner Land","isPartOf":{"@id":"https:\/\/www.naturparkmagazin.de\/stechlin\/#website"},"datePublished":"2016-04-18T11:46:31+00:00","dateModified":"2016-04-26T10:55:52+00:00","author":{"@id":"https:\/\/www.naturparkmagazin.de\/stechlin\/#\/schema\/person\/3f0d93203df21c806dd63c76d9bb28bc"},"breadcrumb":{"@id":"https:\/\/www.naturparkmagazin.de\/stechlin\/14-neb-wanderexpress-auf-naturparktour\/#breadcrumb"},"inLanguage":"de","potentialAction":[{"@type":"ReadAction","target":["https:\/\/www.naturparkmagazin.de\/stechlin\/14-neb-wanderexpress-auf-naturparktour\/"]}]},{"@type":"BreadcrumbList","@id":"https:\/\/www.naturparkmagazin.de\/stechlin\/14-neb-wanderexpress-auf-naturparktour\/#breadcrumb","itemListElement":[{"@type":"ListItem","position":1,"name":"Home","item":"https:\/\/www.naturparkmagazin.de\/stechlin\/"},{"@type":"ListItem","position":2,"name":"14. NEB-Wanderexpress auf Naturparktour"}]},{"@type":"WebSite","@id":"https:\/\/www.naturparkmagazin.de\/stechlin\/#website","url":"https:\/\/www.naturparkmagazin.de\/stechlin\/","name":"Naturpark Stechlin-Ruppiner Land","description":"","potentialAction":[{"@type":"SearchAction","target":{"@type":"EntryPoint","urlTemplate":"https:\/\/www.naturparkmagazin.de\/stechlin\/?s={search_term_string}"},"query-input":"required name=search_term_string"}],"inLanguage":"de"},{"@type":"Person","@id":"https:\/\/www.naturparkmagazin.de\/stechlin\/#\/schema\/person\/3f0d93203df21c806dd63c76d9bb28bc","name":"marioschrumpf","url":"https:\/\/www.naturparkmagazin.de\/stechlin\/author\/marioschrumpf\/"}]}},"_links":{"self":[{"href":"https:\/\/www.naturparkmagazin.de\/stechlin\/wp-json\/wp\/v2\/posts\/3733"}],"collection":[{"href":"https:\/\/www.naturparkmagazin.de\/stechlin\/wp-json\/wp\/v2\/posts"}],"about":[{"href":"https:\/\/www.naturparkmagazin.de\/stechlin\/wp-json\/wp\/v2\/types\/post"}],"author":[{"embeddable":true,"href":"https:\/\/www.naturparkmagazin.de\/stechlin\/wp-json\/wp\/v2\/users\/39"}],"replies":[{"embeddable":true,"href":"https:\/\/www.naturparkmagazin.de\/stechlin\/wp-json\/wp\/v2\/comments?post=3733"}],"version-history":[{"count":4,"href":"https:\/\/www.naturparkmagazin.de\/stechlin\/wp-json\/wp\/v2\/posts\/3733\/revisions"}],"predecessor-version":[{"id":3793,"href":"https:\/\/www.naturparkmagazin.de\/stechlin\/wp-json\/wp\/v2\/posts\/3733\/revisions\/3793"}],"wp:featuredmedia":[{"embeddable":true,"href":"https:\/\/www.naturparkmagazin.de\/stechlin\/wp-json\/wp\/v2\/media\/3734"}],"wp:attachment":[{"href":"https:\/\/www.naturparkmagazin.de\/stechlin\/wp-json\/wp\/v2\/media?parent=3733"}],"wp:term":[{"taxonomy":"category","embeddable":true,"href":"https:\/\/www.naturparkmagazin.de\/stechlin\/wp-json\/wp\/v2\/categories?post=3733"},{"taxonomy":"post_tag","embeddable":true,"href":"https:\/\/www.naturparkmagazin.de\/stechlin\/wp-json\/wp\/v2\/tags?post=3733"}],"curies":[{"name":"wp","href":"https:\/\/api.w.org\/{rel}","templated":true}]}}