{"id":3739,"date":"2016-04-18T07:54:04","date_gmt":"2016-04-18T05:54:04","guid":{"rendered":"http:\/\/www.naturparkmagazin.de\/stechlin\/?p=3739"},"modified":"2016-04-26T13:02:35","modified_gmt":"2016-04-26T11:02:35","slug":"projekt-tauchen-fuer-den-naturschutz-erneut-fuer-european-natura-2000-award-nominiert","status":"publish","type":"post","link":"https:\/\/www.naturparkmagazin.de\/stechlin\/projekt-tauchen-fuer-den-naturschutz-erneut-fuer-european-natura-2000-award-nominiert\/","title":{"rendered":"Projekt &#8222;Tauchen f\u00fcr den Naturschutz&#8220; erneut f\u00fcr EUROPEAN NATURA 2000 Award nominiert"},"content":{"rendered":"<div id=\"attachment_3741\" style=\"width: 310px\" class=\"wp-caption alignleft\"><a href=\"https:\/\/www.naturparkmagazin.de\/stechlin\/wp-content\/uploads\/sites\/38\/Maivk15_500x300.jpg\"><img aria-describedby=\"caption-attachment-3741\" decoding=\"async\" loading=\"lazy\" class=\"size-thumbnail wp-image-3741\" src=\"https:\/\/www.naturparkmagazin.de\/stechlin\/wp-content\/uploads\/sites\/38\/Maivk15_500x300-300x180.jpg\" alt=\"Vor Ort wird die Unterwasservegetation erfasst.\" width=\"300\" height=\"180\" srcset=\"https:\/\/www.naturparkmagazin.de\/stechlin\/wp-content\/uploads\/sites\/38\/Maivk15_500x300-300x180.jpg 300w, https:\/\/www.naturparkmagazin.de\/stechlin\/wp-content\/uploads\/sites\/38\/Maivk15_500x300.jpg 500w, https:\/\/www.naturparkmagazin.de\/stechlin\/wp-content\/uploads\/sites\/38\/Maivk15_500x300-200x120.jpg 200w\" sizes=\"(max-width: 300px) 100vw, 300px\" \/><\/a><p id=\"caption-attachment-3741\" class=\"wp-caption-text\">Vor Ort wird die Unterwasservegetation erfasst.<\/p><\/div>\n<p>&nbsp;<\/p>\n<p>&nbsp;<\/p>\n<p>&nbsp;<\/p>\n<p>&nbsp;<\/p>\n<p>&nbsp;<\/p>\n<p>&nbsp;<\/p>\n<p>&nbsp;<\/p>\n<div id=\"attachment_3742\" style=\"width: 310px\" class=\"wp-caption alignleft\"><a href=\"https:\/\/www.naturparkmagazin.de\/stechlin\/wp-content\/uploads\/sites\/38\/MaiIMG_5030_500x300.jpg\"><img aria-describedby=\"caption-attachment-3742\" decoding=\"async\" loading=\"lazy\" class=\"size-thumbnail wp-image-3742\" src=\"https:\/\/www.naturparkmagazin.de\/stechlin\/wp-content\/uploads\/sites\/38\/MaiIMG_5030_500x300-300x180.jpg\" alt=\"Die Krebsschere erinnert mit Aussehen an den Schopf einer Ananas.\" width=\"300\" height=\"180\" srcset=\"https:\/\/www.naturparkmagazin.de\/stechlin\/wp-content\/uploads\/sites\/38\/MaiIMG_5030_500x300-300x180.jpg 300w, https:\/\/www.naturparkmagazin.de\/stechlin\/wp-content\/uploads\/sites\/38\/MaiIMG_5030_500x300.jpg 500w, https:\/\/www.naturparkmagazin.de\/stechlin\/wp-content\/uploads\/sites\/38\/MaiIMG_5030_500x300-200x120.jpg 200w\" sizes=\"(max-width: 300px) 100vw, 300px\" \/><\/a><p id=\"caption-attachment-3742\" class=\"wp-caption-text\">Die Krebsschere erinnert im Aussehen an den Schopf einer Ananas.<\/p><\/div>\n<p>&nbsp;<\/p>\n<p>&nbsp;<\/p>\n<p>&nbsp;<\/p>\n<p>&nbsp;<\/p>\n<p>&nbsp;<\/p>\n<p>&nbsp;<\/p>\n<p>&nbsp;<\/p>\n<p>&nbsp;<\/p>\n<p>&nbsp;<\/p>\n<p>&#8222;Miteinander statt gegeneinander&#8220;- dieses Motto setzt der NABU-Regionalverband Gransee e.V. in Kooperation mit dem Naturpark Stechlin-Ruppiner Land sowie dem Landestauchsportverband Brandenburg mit dem Projekt &#8222;Tauchen f\u00fcr den Naturschutz&#8220; seit Jahren erfolgreich um. Das Projekt wurde von der Europ\u00e4ischen Kommission erneut f\u00fcr den EUROPEAN NATURA 2000 Award\u00a0nominiert. Zudem hat das Projekt eine Chance auf den Publikumspreis, f\u00fcr den bis zum 8. Mai im Internet hier abgestimmt werden kann.<\/p>\n<p><a href=\"http:\/\/natura2000award-application.eu\/contest\/vote\/1320?title=Diving%20for%20Conservation\">http:\/\/natura2000award-application.eu\/contest\/vote\/1320?title=Diving%20for%20Conservation <\/a><\/p>\n<p>Weitere Infos zum Projekt: <a href=\"http:\/\/www.nabu-naturschutztauchen.de\/\">http:\/\/www.nabu-naturschutztauchen.de\/<\/a><\/p>\n","protected":false},"excerpt":{"rendered":"<p>&#8222;Miteinander statt gegeneinander&#8220;- dieses Motto setzt der NABU-Regionalverband Gransee e. V. mit dem Projekt &#8222;Tauchen f\u00fcr den Naturschutz&#8220; seit Jahren erfolgreich um. <\/p>\n","protected":false},"author":39,"featured_media":3740,"comment_status":"open","ping_status":"open","sticky":false,"template":"","format":"standard","meta":[],"categories":[7],"tags":[],"yoast_head":"<!-- This site is optimized with the Yoast SEO plugin v19.10 - https:\/\/yoast.com\/wordpress\/plugins\/seo\/ -->\n<title>Projekt &quot;Tauchen f\u00fcr den Naturschutz&quot; erneut f\u00fcr EUROPEAN NATURA 2000 Award nominiert - Naturpark Stechlin-Ruppiner Land<\/title>\n<meta name=\"robots\" content=\"index, follow, max-snippet:-1, max-image-preview:large, max-video-preview:-1\" \/>\n<link rel=\"canonical\" href=\"https:\/\/www.naturparkmagazin.de\/stechlin\/projekt-tauchen-fuer-den-naturschutz-erneut-fuer-european-natura-2000-award-nominiert\/\" \/>\n<meta property=\"og:locale\" content=\"de_DE\" \/>\n<meta property=\"og:type\" content=\"article\" \/>\n<meta property=\"og:title\" content=\"Projekt &quot;Tauchen f\u00fcr den Naturschutz&quot; erneut f\u00fcr EUROPEAN NATURA 2000 Award nominiert - Naturpark Stechlin-Ruppiner Land\" \/>\n<meta property=\"og:description\" content=\"&quot;Miteinander statt gegeneinander&quot;- dieses Motto setzt der NABU-Regionalverband Gransee e. V. mit dem Projekt &quot;Tauchen f\u00fcr den Naturschutz&quot; seit Jahren erfolgreich um.\" \/>\n<meta property=\"og:url\" content=\"https:\/\/www.naturparkmagazin.de\/stechlin\/projekt-tauchen-fuer-den-naturschutz-erneut-fuer-european-natura-2000-award-nominiert\/\" \/>\n<meta property=\"og:site_name\" content=\"Naturpark Stechlin-Ruppiner Land\" \/>\n<meta property=\"article:published_time\" content=\"2016-04-18T05:54:04+00:00\" \/>\n<meta property=\"article:modified_time\" content=\"2016-04-26T11:02:35+00:00\" \/>\n<meta property=\"og:image\" content=\"https:\/\/www.naturparkmagazin.de\/stechlin\/wp-content\/uploads\/sites\/38\/MaiWolfgang200x200.jpg\" \/>\n\t<meta property=\"og:image:width\" content=\"200\" \/>\n\t<meta property=\"og:image:height\" content=\"200\" \/>\n\t<meta property=\"og:image:type\" content=\"image\/jpeg\" \/>\n<meta name=\"author\" content=\"marioschrumpf\" \/>\n<meta name=\"twitter:label1\" content=\"Verfasst von\" \/>\n\t<meta name=\"twitter:data1\" content=\"marioschrumpf\" \/>\n\t<meta name=\"twitter:label2\" content=\"Gesch\u00e4tzte Lesezeit\" \/>\n\t<meta name=\"twitter:data2\" content=\"1\u00a0Minute\" \/>\n<script type=\"application\/ld+json\" class=\"yoast-schema-graph\">{\"@context\":\"https:\/\/schema.org\",\"@graph\":[{\"@type\":\"WebPage\",\"@id\":\"https:\/\/www.naturparkmagazin.de\/stechlin\/projekt-tauchen-fuer-den-naturschutz-erneut-fuer-european-natura-2000-award-nominiert\/\",\"url\":\"https:\/\/www.naturparkmagazin.de\/stechlin\/projekt-tauchen-fuer-den-naturschutz-erneut-fuer-european-natura-2000-award-nominiert\/\",\"name\":\"Projekt \\\"Tauchen f\u00fcr den Naturschutz\\\" erneut f\u00fcr EUROPEAN NATURA 2000 Award nominiert - Naturpark Stechlin-Ruppiner Land\",\"isPartOf\":{\"@id\":\"https:\/\/www.naturparkmagazin.de\/stechlin\/#website\"},\"datePublished\":\"2016-04-18T05:54:04+00:00\",\"dateModified\":\"2016-04-26T11:02:35+00:00\",\"author\":{\"@id\":\"https:\/\/www.naturparkmagazin.de\/stechlin\/#\/schema\/person\/3f0d93203df21c806dd63c76d9bb28bc\"},\"breadcrumb\":{\"@id\":\"https:\/\/www.naturparkmagazin.de\/stechlin\/projekt-tauchen-fuer-den-naturschutz-erneut-fuer-european-natura-2000-award-nominiert\/#breadcrumb\"},\"inLanguage\":\"de\",\"potentialAction\":[{\"@type\":\"ReadAction\",\"target\":[\"https:\/\/www.naturparkmagazin.de\/stechlin\/projekt-tauchen-fuer-den-naturschutz-erneut-fuer-european-natura-2000-award-nominiert\/\"]}]},{\"@type\":\"BreadcrumbList\",\"@id\":\"https:\/\/www.naturparkmagazin.de\/stechlin\/projekt-tauchen-fuer-den-naturschutz-erneut-fuer-european-natura-2000-award-nominiert\/#breadcrumb\",\"itemListElement\":[{\"@type\":\"ListItem\",\"position\":1,\"name\":\"Home\",\"item\":\"https:\/\/www.naturparkmagazin.de\/stechlin\/\"},{\"@type\":\"ListItem\",\"position\":2,\"name\":\"Projekt &#8222;Tauchen f\u00fcr den Naturschutz&#8220; erneut f\u00fcr EUROPEAN NATURA 2000 Award nominiert\"}]},{\"@type\":\"WebSite\",\"@id\":\"https:\/\/www.naturparkmagazin.de\/stechlin\/#website\",\"url\":\"https:\/\/www.naturparkmagazin.de\/stechlin\/\",\"name\":\"Naturpark Stechlin-Ruppiner Land\",\"description\":\"\",\"potentialAction\":[{\"@type\":\"SearchAction\",\"target\":{\"@type\":\"EntryPoint\",\"urlTemplate\":\"https:\/\/www.naturparkmagazin.de\/stechlin\/?s={search_term_string}\"},\"query-input\":\"required name=search_term_string\"}],\"inLanguage\":\"de\"},{\"@type\":\"Person\",\"@id\":\"https:\/\/www.naturparkmagazin.de\/stechlin\/#\/schema\/person\/3f0d93203df21c806dd63c76d9bb28bc\",\"name\":\"marioschrumpf\",\"url\":\"https:\/\/www.naturparkmagazin.de\/stechlin\/author\/marioschrumpf\/\"}]}<\/script>\n<!-- \/ Yoast SEO plugin. -->","yoast_head_json":{"title":"Projekt \"Tauchen f\u00fcr den Naturschutz\" erneut f\u00fcr EUROPEAN NATURA 2000 Award nominiert - Naturpark Stechlin-Ruppiner Land","robots":{"index":"index","follow":"follow","max-snippet":"max-snippet:-1","max-image-preview":"max-image-preview:large","max-video-preview":"max-video-preview:-1"},"canonical":"https:\/\/www.naturparkmagazin.de\/stechlin\/projekt-tauchen-fuer-den-naturschutz-erneut-fuer-european-natura-2000-award-nominiert\/","og_locale":"de_DE","og_type":"article","og_title":"Projekt \"Tauchen f\u00fcr den Naturschutz\" erneut f\u00fcr EUROPEAN NATURA 2000 Award nominiert - Naturpark Stechlin-Ruppiner Land","og_description":"\"Miteinander statt gegeneinander\"- dieses Motto setzt der NABU-Regionalverband Gransee e. V. mit dem Projekt \"Tauchen f\u00fcr den Naturschutz\" seit Jahren erfolgreich um.","og_url":"https:\/\/www.naturparkmagazin.de\/stechlin\/projekt-tauchen-fuer-den-naturschutz-erneut-fuer-european-natura-2000-award-nominiert\/","og_site_name":"Naturpark Stechlin-Ruppiner Land","article_published_time":"2016-04-18T05:54:04+00:00","article_modified_time":"2016-04-26T11:02:35+00:00","og_image":[{"width":200,"height":200,"url":"https:\/\/www.naturparkmagazin.de\/stechlin\/wp-content\/uploads\/sites\/38\/MaiWolfgang200x200.jpg","type":"image\/jpeg"}],"author":"marioschrumpf","twitter_misc":{"Verfasst von":"marioschrumpf","Gesch\u00e4tzte Lesezeit":"1\u00a0Minute"},"schema":{"@context":"https:\/\/schema.org","@graph":[{"@type":"WebPage","@id":"https:\/\/www.naturparkmagazin.de\/stechlin\/projekt-tauchen-fuer-den-naturschutz-erneut-fuer-european-natura-2000-award-nominiert\/","url":"https:\/\/www.naturparkmagazin.de\/stechlin\/projekt-tauchen-fuer-den-naturschutz-erneut-fuer-european-natura-2000-award-nominiert\/","name":"Projekt \"Tauchen f\u00fcr den Naturschutz\" erneut f\u00fcr EUROPEAN NATURA 2000 Award nominiert - Naturpark Stechlin-Ruppiner Land","isPartOf":{"@id":"https:\/\/www.naturparkmagazin.de\/stechlin\/#website"},"datePublished":"2016-04-18T05:54:04+00:00","dateModified":"2016-04-26T11:02:35+00:00","author":{"@id":"https:\/\/www.naturparkmagazin.de\/stechlin\/#\/schema\/person\/3f0d93203df21c806dd63c76d9bb28bc"},"breadcrumb":{"@id":"https:\/\/www.naturparkmagazin.de\/stechlin\/projekt-tauchen-fuer-den-naturschutz-erneut-fuer-european-natura-2000-award-nominiert\/#breadcrumb"},"inLanguage":"de","potentialAction":[{"@type":"ReadAction","target":["https:\/\/www.naturparkmagazin.de\/stechlin\/projekt-tauchen-fuer-den-naturschutz-erneut-fuer-european-natura-2000-award-nominiert\/"]}]},{"@type":"BreadcrumbList","@id":"https:\/\/www.naturparkmagazin.de\/stechlin\/projekt-tauchen-fuer-den-naturschutz-erneut-fuer-european-natura-2000-award-nominiert\/#breadcrumb","itemListElement":[{"@type":"ListItem","position":1,"name":"Home","item":"https:\/\/www.naturparkmagazin.de\/stechlin\/"},{"@type":"ListItem","position":2,"name":"Projekt &#8222;Tauchen f\u00fcr den Naturschutz&#8220; erneut f\u00fcr EUROPEAN NATURA 2000 Award nominiert"}]},{"@type":"WebSite","@id":"https:\/\/www.naturparkmagazin.de\/stechlin\/#website","url":"https:\/\/www.naturparkmagazin.de\/stechlin\/","name":"Naturpark Stechlin-Ruppiner Land","description":"","potentialAction":[{"@type":"SearchAction","target":{"@type":"EntryPoint","urlTemplate":"https:\/\/www.naturparkmagazin.de\/stechlin\/?s={search_term_string}"},"query-input":"required name=search_term_string"}],"inLanguage":"de"},{"@type":"Person","@id":"https:\/\/www.naturparkmagazin.de\/stechlin\/#\/schema\/person\/3f0d93203df21c806dd63c76d9bb28bc","name":"marioschrumpf","url":"https:\/\/www.naturparkmagazin.de\/stechlin\/author\/marioschrumpf\/"}]}},"_links":{"self":[{"href":"https:\/\/www.naturparkmagazin.de\/stechlin\/wp-json\/wp\/v2\/posts\/3739"}],"collection":[{"href":"https:\/\/www.naturparkmagazin.de\/stechlin\/wp-json\/wp\/v2\/posts"}],"about":[{"href":"https:\/\/www.naturparkmagazin.de\/stechlin\/wp-json\/wp\/v2\/types\/post"}],"author":[{"embeddable":true,"href":"https:\/\/www.naturparkmagazin.de\/stechlin\/wp-json\/wp\/v2\/users\/39"}],"replies":[{"embeddable":true,"href":"https:\/\/www.naturparkmagazin.de\/stechlin\/wp-json\/wp\/v2\/comments?post=3739"}],"version-history":[{"count":6,"href":"https:\/\/www.naturparkmagazin.de\/stechlin\/wp-json\/wp\/v2\/posts\/3739\/revisions"}],"predecessor-version":[{"id":3796,"href":"https:\/\/www.naturparkmagazin.de\/stechlin\/wp-json\/wp\/v2\/posts\/3739\/revisions\/3796"}],"wp:featuredmedia":[{"embeddable":true,"href":"https:\/\/www.naturparkmagazin.de\/stechlin\/wp-json\/wp\/v2\/media\/3740"}],"wp:attachment":[{"href":"https:\/\/www.naturparkmagazin.de\/stechlin\/wp-json\/wp\/v2\/media?parent=3739"}],"wp:term":[{"taxonomy":"category","embeddable":true,"href":"https:\/\/www.naturparkmagazin.de\/stechlin\/wp-json\/wp\/v2\/categories?post=3739"},{"taxonomy":"post_tag","embeddable":true,"href":"https:\/\/www.naturparkmagazin.de\/stechlin\/wp-json\/wp\/v2\/tags?post=3739"}],"curies":[{"name":"wp","href":"https:\/\/api.w.org\/{rel}","templated":true}]}}