{"id":3751,"date":"2016-04-18T08:47:38","date_gmt":"2016-04-18T06:47:38","guid":{"rendered":"http:\/\/www.naturparkmagazin.de\/stechlin\/?p=3751"},"modified":"2016-04-26T13:59:31","modified_gmt":"2016-04-26T11:59:31","slug":"natur-und-landschaftsfuehrer-haben-pruefung-erfolgreich-bestanden","status":"publish","type":"post","link":"https:\/\/www.naturparkmagazin.de\/stechlin\/natur-und-landschaftsfuehrer-haben-pruefung-erfolgreich-bestanden\/","title":{"rendered":"Natur- und Landschaftsf\u00fchrer haben Pr\u00fcfung erfolgreich bestanden"},"content":{"rendered":"<p>Nach 10t\u00e4giger Ausbildung im M\u00e4rz haben die 14 Natur- und Landschaftsf\u00fchrer des 3. Ausbildungskurses jetzt ihre m\u00fcndlichen Pr\u00fcfungen bestanden.<\/p>\n<div id=\"attachment_3753\" style=\"width: 310px\" class=\"wp-caption alignleft\"><a href=\"https:\/\/www.naturparkmagazin.de\/stechlin\/wp-content\/uploads\/sites\/38\/NLF-J\u00fcrgen-Paul.jpg\"><img aria-describedby=\"caption-attachment-3753\" decoding=\"async\" loading=\"lazy\" class=\"size-thumbnail wp-image-3753\" src=\"https:\/\/www.naturparkmagazin.de\/stechlin\/wp-content\/uploads\/sites\/38\/NLF-J\u00fcrgen-Paul-300x180.jpg\" alt=\"J\u00fcrgen Paul auf Schmugglertour am Langener See.\" width=\"300\" height=\"180\" srcset=\"https:\/\/www.naturparkmagazin.de\/stechlin\/wp-content\/uploads\/sites\/38\/NLF-J\u00fcrgen-Paul-300x180.jpg 300w, https:\/\/www.naturparkmagazin.de\/stechlin\/wp-content\/uploads\/sites\/38\/NLF-J\u00fcrgen-Paul.jpg 500w, https:\/\/www.naturparkmagazin.de\/stechlin\/wp-content\/uploads\/sites\/38\/NLF-J\u00fcrgen-Paul-200x120.jpg 200w\" sizes=\"(max-width: 300px) 100vw, 300px\" \/><\/a><p id=\"caption-attachment-3753\" class=\"wp-caption-text\">J\u00fcrgen Paul auf Schmugglertour am Langhagener See bei Sewekow.<\/p><\/div>\n<p>&nbsp;<\/p>\n<p>&nbsp;<\/p>\n<p>&nbsp;<\/p>\n<p>&nbsp;<\/p>\n<p>&nbsp;<\/p>\n<p>&nbsp;<\/p>\n<p>&nbsp;<\/p>\n<p>&nbsp;<\/p>\n<p>&nbsp;<\/p>\n<p>Bereits am Ende des Kurses absolvierten alle Teilnehmer erfolgreich die schriftliche Pr\u00fcfung. Im Rahmen seiner Hausarbeit bereitete jeder eine thematische F\u00fchrung vor, die in der m\u00fcndlichen Pr\u00fcfung vorgestellt werden musste. Das Spektrum reichte von der Nordic-Walking-Tour um den Lindower Wutzsee, \u00fcber eine Kremsertour durch Rheinsberg und den Forst Boberow, eine Naturpark-Safari mit einer Rheinsberger Schulklasse, eine M\u00fchlentour mit dem Rad bis zur grenz\u00fcbergreifenden Schmugglertour an der Preu\u00dfisch-Mecklenburgischen Landesgrenze. Alle Teilnehmer haben ihre Pr\u00fcfungen mit Bravour gemeistert. Herzlichen Gl\u00fcckwunsch!<\/p>\n<div id=\"attachment_3754\" style=\"width: 310px\" class=\"wp-caption alignleft\"><a href=\"https:\/\/www.naturparkmagazin.de\/stechlin\/wp-content\/uploads\/sites\/38\/NLF-Marlies-Fourmont.jpg\"><img aria-describedby=\"caption-attachment-3754\" decoding=\"async\" loading=\"lazy\" class=\"size-thumbnail wp-image-3754\" src=\"https:\/\/www.naturparkmagazin.de\/stechlin\/wp-content\/uploads\/sites\/38\/NLF-Marlies-Fourmont-300x180.jpg\" alt=\"Unterwegs mit Marlies Fourmont und Ursula Wackrow durch das historische Rheinsberg.\" width=\"300\" height=\"180\" srcset=\"https:\/\/www.naturparkmagazin.de\/stechlin\/wp-content\/uploads\/sites\/38\/NLF-Marlies-Fourmont-300x180.jpg 300w, https:\/\/www.naturparkmagazin.de\/stechlin\/wp-content\/uploads\/sites\/38\/NLF-Marlies-Fourmont.jpg 500w, https:\/\/www.naturparkmagazin.de\/stechlin\/wp-content\/uploads\/sites\/38\/NLF-Marlies-Fourmont-200x120.jpg 200w\" sizes=\"(max-width: 300px) 100vw, 300px\" \/><\/a><p id=\"caption-attachment-3754\" class=\"wp-caption-text\">Unterwegs mit Marlies Fourmont und Ursula Wackrow durch das historische Rheinsberg.<\/p><\/div>\n<p>&nbsp;<\/p>\n<p>&nbsp;<\/p>\n<p>&nbsp;<\/p>\n<p>&nbsp;<\/p>\n<p>&nbsp;<\/p>\n<p>&nbsp;<\/p>\n<p>&nbsp;<\/p>\n<p>&nbsp;<\/p>\n<p>&nbsp;<\/p>\n<p>Am 20. Mai werden der Pr\u00e4sident des Landesamtes f\u00fcr Umwelt, Dirk Illgenstein und der Landrat des Landkreises Ostprignitz-Ruppin, Ralf Reinhardt im Rahmen der Er\u00f6ffnung des Heideweges auf der Kyritz-Ruppiner Heide die Zertifikate an die frisch gebackenen Natur- und Landschaftsf\u00fchrer feierlich \u00fcbergeben.<\/p>\n<div id=\"attachment_3755\" style=\"width: 310px\" class=\"wp-caption alignleft\"><a href=\"https:\/\/www.naturparkmagazin.de\/stechlin\/wp-content\/uploads\/sites\/38\/NLF_Neu.jpg\"><img aria-describedby=\"caption-attachment-3755\" decoding=\"async\" loading=\"lazy\" class=\"size-thumbnail wp-image-3755\" src=\"https:\/\/www.naturparkmagazin.de\/stechlin\/wp-content\/uploads\/sites\/38\/NLF_Neu-300x180.jpg\" alt=\"Andreas Boese auf Naturpark-Safari mit den Sch\u00fclern der Rheinsberger Grundschule.\" width=\"300\" height=\"180\" srcset=\"https:\/\/www.naturparkmagazin.de\/stechlin\/wp-content\/uploads\/sites\/38\/NLF_Neu-300x180.jpg 300w, https:\/\/www.naturparkmagazin.de\/stechlin\/wp-content\/uploads\/sites\/38\/NLF_Neu.jpg 500w, https:\/\/www.naturparkmagazin.de\/stechlin\/wp-content\/uploads\/sites\/38\/NLF_Neu-200x120.jpg 200w\" sizes=\"(max-width: 300px) 100vw, 300px\" \/><\/a><p id=\"caption-attachment-3755\" class=\"wp-caption-text\">Andreas Boese auf Naturpark-Safari mit den Sch\u00fclern der Rheinsberger Grundschule.<\/p><\/div>\n","protected":false},"excerpt":{"rendered":"<p>Nach 10t\u00e4giger Ausbildung im M\u00e4rz haben die 14 Natur- und Landschaftsf\u00fchrer des 3. Ausbildungskurses jetzt ihre m\u00fcndlichen Pr\u00fcfungen bestanden.<\/p>\n","protected":false},"author":39,"featured_media":3752,"comment_status":"open","ping_status":"open","sticky":false,"template":"","format":"standard","meta":[],"categories":[7],"tags":[],"yoast_head":"<!-- This site is optimized with the Yoast SEO plugin v19.10 - https:\/\/yoast.com\/wordpress\/plugins\/seo\/ -->\n<title>Natur- und Landschaftsf\u00fchrer haben Pr\u00fcfung erfolgreich bestanden - Naturpark Stechlin-Ruppiner Land<\/title>\n<meta name=\"robots\" content=\"index, follow, max-snippet:-1, max-image-preview:large, max-video-preview:-1\" \/>\n<link rel=\"canonical\" href=\"https:\/\/www.naturparkmagazin.de\/stechlin\/natur-und-landschaftsfuehrer-haben-pruefung-erfolgreich-bestanden\/\" \/>\n<meta property=\"og:locale\" content=\"de_DE\" \/>\n<meta property=\"og:type\" content=\"article\" \/>\n<meta property=\"og:title\" content=\"Natur- und Landschaftsf\u00fchrer haben Pr\u00fcfung erfolgreich bestanden - Naturpark Stechlin-Ruppiner Land\" \/>\n<meta property=\"og:description\" content=\"Nach 10t\u00e4giger Ausbildung im M\u00e4rz haben die 14 Natur- und Landschaftsf\u00fchrer des 3. Ausbildungskurses jetzt ihre m\u00fcndlichen Pr\u00fcfungen bestanden.\" \/>\n<meta property=\"og:url\" content=\"https:\/\/www.naturparkmagazin.de\/stechlin\/natur-und-landschaftsfuehrer-haben-pruefung-erfolgreich-bestanden\/\" \/>\n<meta property=\"og:site_name\" content=\"Naturpark Stechlin-Ruppiner Land\" \/>\n<meta property=\"article:published_time\" content=\"2016-04-18T06:47:38+00:00\" \/>\n<meta property=\"article:modified_time\" content=\"2016-04-26T11:59:31+00:00\" \/>\n<meta property=\"og:image\" content=\"https:\/\/www.naturparkmagazin.de\/stechlin\/wp-content\/uploads\/sites\/38\/NLF.jpg\" \/>\n\t<meta property=\"og:image:width\" content=\"200\" \/>\n\t<meta property=\"og:image:height\" content=\"200\" \/>\n\t<meta property=\"og:image:type\" content=\"image\/jpeg\" \/>\n<meta name=\"author\" content=\"marioschrumpf\" \/>\n<meta name=\"twitter:label1\" content=\"Verfasst von\" \/>\n\t<meta name=\"twitter:data1\" content=\"marioschrumpf\" \/>\n\t<meta name=\"twitter:label2\" content=\"Gesch\u00e4tzte Lesezeit\" \/>\n\t<meta name=\"twitter:data2\" content=\"1\u00a0Minute\" \/>\n<script type=\"application\/ld+json\" class=\"yoast-schema-graph\">{\"@context\":\"https:\/\/schema.org\",\"@graph\":[{\"@type\":\"WebPage\",\"@id\":\"https:\/\/www.naturparkmagazin.de\/stechlin\/natur-und-landschaftsfuehrer-haben-pruefung-erfolgreich-bestanden\/\",\"url\":\"https:\/\/www.naturparkmagazin.de\/stechlin\/natur-und-landschaftsfuehrer-haben-pruefung-erfolgreich-bestanden\/\",\"name\":\"Natur- und Landschaftsf\u00fchrer haben Pr\u00fcfung erfolgreich bestanden - Naturpark Stechlin-Ruppiner Land\",\"isPartOf\":{\"@id\":\"https:\/\/www.naturparkmagazin.de\/stechlin\/#website\"},\"datePublished\":\"2016-04-18T06:47:38+00:00\",\"dateModified\":\"2016-04-26T11:59:31+00:00\",\"author\":{\"@id\":\"https:\/\/www.naturparkmagazin.de\/stechlin\/#\/schema\/person\/3f0d93203df21c806dd63c76d9bb28bc\"},\"breadcrumb\":{\"@id\":\"https:\/\/www.naturparkmagazin.de\/stechlin\/natur-und-landschaftsfuehrer-haben-pruefung-erfolgreich-bestanden\/#breadcrumb\"},\"inLanguage\":\"de\",\"potentialAction\":[{\"@type\":\"ReadAction\",\"target\":[\"https:\/\/www.naturparkmagazin.de\/stechlin\/natur-und-landschaftsfuehrer-haben-pruefung-erfolgreich-bestanden\/\"]}]},{\"@type\":\"BreadcrumbList\",\"@id\":\"https:\/\/www.naturparkmagazin.de\/stechlin\/natur-und-landschaftsfuehrer-haben-pruefung-erfolgreich-bestanden\/#breadcrumb\",\"itemListElement\":[{\"@type\":\"ListItem\",\"position\":1,\"name\":\"Home\",\"item\":\"https:\/\/www.naturparkmagazin.de\/stechlin\/\"},{\"@type\":\"ListItem\",\"position\":2,\"name\":\"Natur- und Landschaftsf\u00fchrer haben Pr\u00fcfung erfolgreich bestanden\"}]},{\"@type\":\"WebSite\",\"@id\":\"https:\/\/www.naturparkmagazin.de\/stechlin\/#website\",\"url\":\"https:\/\/www.naturparkmagazin.de\/stechlin\/\",\"name\":\"Naturpark Stechlin-Ruppiner Land\",\"description\":\"\",\"potentialAction\":[{\"@type\":\"SearchAction\",\"target\":{\"@type\":\"EntryPoint\",\"urlTemplate\":\"https:\/\/www.naturparkmagazin.de\/stechlin\/?s={search_term_string}\"},\"query-input\":\"required name=search_term_string\"}],\"inLanguage\":\"de\"},{\"@type\":\"Person\",\"@id\":\"https:\/\/www.naturparkmagazin.de\/stechlin\/#\/schema\/person\/3f0d93203df21c806dd63c76d9bb28bc\",\"name\":\"marioschrumpf\",\"url\":\"https:\/\/www.naturparkmagazin.de\/stechlin\/author\/marioschrumpf\/\"}]}<\/script>\n<!-- \/ Yoast SEO plugin. -->","yoast_head_json":{"title":"Natur- und Landschaftsf\u00fchrer haben Pr\u00fcfung erfolgreich bestanden - Naturpark Stechlin-Ruppiner Land","robots":{"index":"index","follow":"follow","max-snippet":"max-snippet:-1","max-image-preview":"max-image-preview:large","max-video-preview":"max-video-preview:-1"},"canonical":"https:\/\/www.naturparkmagazin.de\/stechlin\/natur-und-landschaftsfuehrer-haben-pruefung-erfolgreich-bestanden\/","og_locale":"de_DE","og_type":"article","og_title":"Natur- und Landschaftsf\u00fchrer haben Pr\u00fcfung erfolgreich bestanden - Naturpark Stechlin-Ruppiner Land","og_description":"Nach 10t\u00e4giger Ausbildung im M\u00e4rz haben die 14 Natur- und Landschaftsf\u00fchrer des 3. Ausbildungskurses jetzt ihre m\u00fcndlichen Pr\u00fcfungen bestanden.","og_url":"https:\/\/www.naturparkmagazin.de\/stechlin\/natur-und-landschaftsfuehrer-haben-pruefung-erfolgreich-bestanden\/","og_site_name":"Naturpark Stechlin-Ruppiner Land","article_published_time":"2016-04-18T06:47:38+00:00","article_modified_time":"2016-04-26T11:59:31+00:00","og_image":[{"width":200,"height":200,"url":"https:\/\/www.naturparkmagazin.de\/stechlin\/wp-content\/uploads\/sites\/38\/NLF.jpg","type":"image\/jpeg"}],"author":"marioschrumpf","twitter_misc":{"Verfasst von":"marioschrumpf","Gesch\u00e4tzte Lesezeit":"1\u00a0Minute"},"schema":{"@context":"https:\/\/schema.org","@graph":[{"@type":"WebPage","@id":"https:\/\/www.naturparkmagazin.de\/stechlin\/natur-und-landschaftsfuehrer-haben-pruefung-erfolgreich-bestanden\/","url":"https:\/\/www.naturparkmagazin.de\/stechlin\/natur-und-landschaftsfuehrer-haben-pruefung-erfolgreich-bestanden\/","name":"Natur- und Landschaftsf\u00fchrer haben Pr\u00fcfung erfolgreich bestanden - Naturpark Stechlin-Ruppiner Land","isPartOf":{"@id":"https:\/\/www.naturparkmagazin.de\/stechlin\/#website"},"datePublished":"2016-04-18T06:47:38+00:00","dateModified":"2016-04-26T11:59:31+00:00","author":{"@id":"https:\/\/www.naturparkmagazin.de\/stechlin\/#\/schema\/person\/3f0d93203df21c806dd63c76d9bb28bc"},"breadcrumb":{"@id":"https:\/\/www.naturparkmagazin.de\/stechlin\/natur-und-landschaftsfuehrer-haben-pruefung-erfolgreich-bestanden\/#breadcrumb"},"inLanguage":"de","potentialAction":[{"@type":"ReadAction","target":["https:\/\/www.naturparkmagazin.de\/stechlin\/natur-und-landschaftsfuehrer-haben-pruefung-erfolgreich-bestanden\/"]}]},{"@type":"BreadcrumbList","@id":"https:\/\/www.naturparkmagazin.de\/stechlin\/natur-und-landschaftsfuehrer-haben-pruefung-erfolgreich-bestanden\/#breadcrumb","itemListElement":[{"@type":"ListItem","position":1,"name":"Home","item":"https:\/\/www.naturparkmagazin.de\/stechlin\/"},{"@type":"ListItem","position":2,"name":"Natur- und Landschaftsf\u00fchrer haben Pr\u00fcfung erfolgreich bestanden"}]},{"@type":"WebSite","@id":"https:\/\/www.naturparkmagazin.de\/stechlin\/#website","url":"https:\/\/www.naturparkmagazin.de\/stechlin\/","name":"Naturpark Stechlin-Ruppiner Land","description":"","potentialAction":[{"@type":"SearchAction","target":{"@type":"EntryPoint","urlTemplate":"https:\/\/www.naturparkmagazin.de\/stechlin\/?s={search_term_string}"},"query-input":"required name=search_term_string"}],"inLanguage":"de"},{"@type":"Person","@id":"https:\/\/www.naturparkmagazin.de\/stechlin\/#\/schema\/person\/3f0d93203df21c806dd63c76d9bb28bc","name":"marioschrumpf","url":"https:\/\/www.naturparkmagazin.de\/stechlin\/author\/marioschrumpf\/"}]}},"_links":{"self":[{"href":"https:\/\/www.naturparkmagazin.de\/stechlin\/wp-json\/wp\/v2\/posts\/3751"}],"collection":[{"href":"https:\/\/www.naturparkmagazin.de\/stechlin\/wp-json\/wp\/v2\/posts"}],"about":[{"href":"https:\/\/www.naturparkmagazin.de\/stechlin\/wp-json\/wp\/v2\/types\/post"}],"author":[{"embeddable":true,"href":"https:\/\/www.naturparkmagazin.de\/stechlin\/wp-json\/wp\/v2\/users\/39"}],"replies":[{"embeddable":true,"href":"https:\/\/www.naturparkmagazin.de\/stechlin\/wp-json\/wp\/v2\/comments?post=3751"}],"version-history":[{"count":3,"href":"https:\/\/www.naturparkmagazin.de\/stechlin\/wp-json\/wp\/v2\/posts\/3751\/revisions"}],"predecessor-version":[{"id":3848,"href":"https:\/\/www.naturparkmagazin.de\/stechlin\/wp-json\/wp\/v2\/posts\/3751\/revisions\/3848"}],"wp:featuredmedia":[{"embeddable":true,"href":"https:\/\/www.naturparkmagazin.de\/stechlin\/wp-json\/wp\/v2\/media\/3752"}],"wp:attachment":[{"href":"https:\/\/www.naturparkmagazin.de\/stechlin\/wp-json\/wp\/v2\/media?parent=3751"}],"wp:term":[{"taxonomy":"category","embeddable":true,"href":"https:\/\/www.naturparkmagazin.de\/stechlin\/wp-json\/wp\/v2\/categories?post=3751"},{"taxonomy":"post_tag","embeddable":true,"href":"https:\/\/www.naturparkmagazin.de\/stechlin\/wp-json\/wp\/v2\/tags?post=3751"}],"curies":[{"name":"wp","href":"https:\/\/api.w.org\/{rel}","templated":true}]}}