{"id":3763,"date":"2016-04-18T13:00:14","date_gmt":"2016-04-18T11:00:14","guid":{"rendered":"http:\/\/www.naturparkmagazin.de\/stechlin\/?p=3763"},"modified":"2016-04-27T10:51:54","modified_gmt":"2016-04-27T08:51:54","slug":"zum-bundesweiten-naturparkwandertag-an-den-stechlin","status":"publish","type":"post","link":"https:\/\/www.naturparkmagazin.de\/stechlin\/zum-bundesweiten-naturparkwandertag-an-den-stechlin\/","title":{"rendered":"Zum bundesweiten Naturparkwandertag an den Stechlin"},"content":{"rendered":"<p>Der Pr\u00e4sident des Berliner Wandersportverbandes Dr. Wolfgang Pagel h\u00f6chstpers\u00f6nlich, begleitet am <strong>28. Mai<\/strong> die gef\u00fchrte Wanderung zum Stechlinsee.<\/p>\n<div id=\"attachment_3764\" style=\"width: 310px\" class=\"wp-caption alignleft\"><a href=\"https:\/\/www.naturparkmagazin.de\/stechlin\/wp-content\/uploads\/sites\/38\/Pagel-mit-wandergruppe.jpg\"><img aria-describedby=\"caption-attachment-3764\" decoding=\"async\" loading=\"lazy\" class=\"size-thumbnail wp-image-3764\" src=\"https:\/\/www.naturparkmagazin.de\/stechlin\/wp-content\/uploads\/sites\/38\/Pagel-mit-wandergruppe-300x180.jpg\" alt=\"Dr. Wolfgang Pagel mit Wandergruppe.\" width=\"300\" height=\"180\" srcset=\"https:\/\/www.naturparkmagazin.de\/stechlin\/wp-content\/uploads\/sites\/38\/Pagel-mit-wandergruppe-300x180.jpg 300w, https:\/\/www.naturparkmagazin.de\/stechlin\/wp-content\/uploads\/sites\/38\/Pagel-mit-wandergruppe.jpg 500w, https:\/\/www.naturparkmagazin.de\/stechlin\/wp-content\/uploads\/sites\/38\/Pagel-mit-wandergruppe-200x120.jpg 200w\" sizes=\"(max-width: 300px) 100vw, 300px\" \/><\/a><p id=\"caption-attachment-3764\" class=\"wp-caption-text\">Dr. Wolfgang Pagel mit Wandergruppe.<\/p><\/div>\n<p>&nbsp;<\/p>\n<p>&nbsp;<\/p>\n<p>&nbsp;<\/p>\n<p>&nbsp;<\/p>\n<p>&nbsp;<\/p>\n<p>&nbsp;<\/p>\n<div id=\"attachment_3766\" style=\"width: 310px\" class=\"wp-caption alignleft\"><a href=\"https:\/\/www.naturparkmagazin.de\/stechlin\/wp-content\/uploads\/sites\/38\/Stechlinsee3.jpg\"><img aria-describedby=\"caption-attachment-3766\" decoding=\"async\" loading=\"lazy\" class=\"size-thumbnail wp-image-3766\" src=\"https:\/\/www.naturparkmagazin.de\/stechlin\/wp-content\/uploads\/sites\/38\/Stechlinsee3-300x180.jpg\" alt=\"Norddeutschlands bedeutendster Klarwassersee ist das Ziel der Wanderung.\" width=\"300\" height=\"180\" srcset=\"https:\/\/www.naturparkmagazin.de\/stechlin\/wp-content\/uploads\/sites\/38\/Stechlinsee3-300x180.jpg 300w, https:\/\/www.naturparkmagazin.de\/stechlin\/wp-content\/uploads\/sites\/38\/Stechlinsee3.jpg 500w, https:\/\/www.naturparkmagazin.de\/stechlin\/wp-content\/uploads\/sites\/38\/Stechlinsee3-200x120.jpg 200w\" sizes=\"(max-width: 300px) 100vw, 300px\" \/><\/a><p id=\"caption-attachment-3766\" class=\"wp-caption-text\">Norddeutschlands bedeutendster Klarwassersee ist das Ziel der Wanderung.<\/p><\/div>\n<p>&nbsp;<\/p>\n<p>&nbsp;<\/p>\n<p>&nbsp;<\/p>\n<p>&nbsp;<\/p>\n<p>&nbsp;<\/p>\n<p>&nbsp;<\/p>\n<p>&nbsp;<\/p>\n<p>&nbsp;<\/p>\n<p>&nbsp;<\/p>\n<p>&nbsp;<\/p>\n<p>Start ist am Bahnhof F\u00fcrstenberg\/Havel 8:45 Uhr. Ziel der 20 km langen Tour ist Neuglobsow, ca. 6 Stunden sind geplant. Die R\u00fcckfahrt erfolgt mit dem Linienbus nach F\u00fcrstenberg(Havel). Wer in Neuglobsow noch nicht genug hat, kann mit dem Wanderf\u00fchrer auch per pedes in die Wasserstadt zur\u00fcckkehren (31 km).<\/p>\n<p><strong>Anmeldung<\/strong> bitte bis 25.5. an Dr. Pagel (Tel.: 0172\/9673116).<\/p>\n<p><strong>Startgeld<\/strong> 1 EURO, die Verpflegung erfolgt aus dem Rucksack.<\/p>\n<div id=\"attachment_3765\" style=\"width: 310px\" class=\"wp-caption alignleft\"><a href=\"https:\/\/www.naturparkmagazin.de\/stechlin\/wp-content\/uploads\/sites\/38\/Pagel-Pause.jpg\"><img aria-describedby=\"caption-attachment-3765\" decoding=\"async\" loading=\"lazy\" class=\"size-thumbnail wp-image-3765\" src=\"https:\/\/www.naturparkmagazin.de\/stechlin\/wp-content\/uploads\/sites\/38\/Pagel-Pause-300x180.jpg\" alt=\"Pause am Verpflegungspunkt\" width=\"300\" height=\"180\" srcset=\"https:\/\/www.naturparkmagazin.de\/stechlin\/wp-content\/uploads\/sites\/38\/Pagel-Pause-300x180.jpg 300w, https:\/\/www.naturparkmagazin.de\/stechlin\/wp-content\/uploads\/sites\/38\/Pagel-Pause.jpg 500w, https:\/\/www.naturparkmagazin.de\/stechlin\/wp-content\/uploads\/sites\/38\/Pagel-Pause-200x120.jpg 200w\" sizes=\"(max-width: 300px) 100vw, 300px\" \/><\/a><p id=\"caption-attachment-3765\" class=\"wp-caption-text\">Pause am Verpflegungspunkt<\/p><\/div>\n","protected":false},"excerpt":{"rendered":"<p>Der Pr\u00e4sident des Berliner Wandersportverbandes Dr. Wolfgang Pagel h\u00f6chstpers\u00f6nlich, begleitet am 28. Mai die gef\u00fchrte Wanderung zum Stechlinsee.<\/p>\n","protected":false},"author":39,"featured_media":3767,"comment_status":"open","ping_status":"open","sticky":false,"template":"","format":"standard","meta":[],"categories":[11],"tags":[],"yoast_head":"<!-- This site is optimized with the Yoast SEO plugin v19.10 - https:\/\/yoast.com\/wordpress\/plugins\/seo\/ -->\n<title>Zum bundesweiten Naturparkwandertag an den Stechlin - Naturpark Stechlin-Ruppiner Land<\/title>\n<meta name=\"robots\" content=\"index, follow, max-snippet:-1, max-image-preview:large, max-video-preview:-1\" \/>\n<link rel=\"canonical\" href=\"https:\/\/www.naturparkmagazin.de\/stechlin\/zum-bundesweiten-naturparkwandertag-an-den-stechlin\/\" \/>\n<meta property=\"og:locale\" content=\"de_DE\" \/>\n<meta property=\"og:type\" content=\"article\" \/>\n<meta property=\"og:title\" content=\"Zum bundesweiten Naturparkwandertag an den Stechlin - Naturpark Stechlin-Ruppiner Land\" \/>\n<meta property=\"og:description\" content=\"Der Pr\u00e4sident des Berliner Wandersportverbandes Dr. Wolfgang Pagel h\u00f6chstpers\u00f6nlich, begleitet am 28. Mai die gef\u00fchrte Wanderung zum Stechlinsee.\" \/>\n<meta property=\"og:url\" content=\"https:\/\/www.naturparkmagazin.de\/stechlin\/zum-bundesweiten-naturparkwandertag-an-den-stechlin\/\" \/>\n<meta property=\"og:site_name\" content=\"Naturpark Stechlin-Ruppiner Land\" \/>\n<meta property=\"article:published_time\" content=\"2016-04-18T11:00:14+00:00\" \/>\n<meta property=\"article:modified_time\" content=\"2016-04-27T08:51:54+00:00\" \/>\n<meta property=\"og:image\" content=\"https:\/\/www.naturparkmagazin.de\/stechlin\/wp-content\/uploads\/sites\/38\/Wandertag_2016.gif\" \/>\n\t<meta property=\"og:image:width\" content=\"591\" \/>\n\t<meta property=\"og:image:height\" content=\"591\" \/>\n\t<meta property=\"og:image:type\" content=\"image\/gif\" \/>\n<meta name=\"author\" content=\"marioschrumpf\" \/>\n<meta name=\"twitter:label1\" content=\"Verfasst von\" \/>\n\t<meta name=\"twitter:data1\" content=\"marioschrumpf\" \/>\n\t<meta name=\"twitter:label2\" content=\"Gesch\u00e4tzte Lesezeit\" \/>\n\t<meta name=\"twitter:data2\" content=\"1\u00a0Minute\" \/>\n<script type=\"application\/ld+json\" class=\"yoast-schema-graph\">{\"@context\":\"https:\/\/schema.org\",\"@graph\":[{\"@type\":\"WebPage\",\"@id\":\"https:\/\/www.naturparkmagazin.de\/stechlin\/zum-bundesweiten-naturparkwandertag-an-den-stechlin\/\",\"url\":\"https:\/\/www.naturparkmagazin.de\/stechlin\/zum-bundesweiten-naturparkwandertag-an-den-stechlin\/\",\"name\":\"Zum bundesweiten Naturparkwandertag an den Stechlin - Naturpark Stechlin-Ruppiner Land\",\"isPartOf\":{\"@id\":\"https:\/\/www.naturparkmagazin.de\/stechlin\/#website\"},\"datePublished\":\"2016-04-18T11:00:14+00:00\",\"dateModified\":\"2016-04-27T08:51:54+00:00\",\"author\":{\"@id\":\"https:\/\/www.naturparkmagazin.de\/stechlin\/#\/schema\/person\/3f0d93203df21c806dd63c76d9bb28bc\"},\"breadcrumb\":{\"@id\":\"https:\/\/www.naturparkmagazin.de\/stechlin\/zum-bundesweiten-naturparkwandertag-an-den-stechlin\/#breadcrumb\"},\"inLanguage\":\"de\",\"potentialAction\":[{\"@type\":\"ReadAction\",\"target\":[\"https:\/\/www.naturparkmagazin.de\/stechlin\/zum-bundesweiten-naturparkwandertag-an-den-stechlin\/\"]}]},{\"@type\":\"BreadcrumbList\",\"@id\":\"https:\/\/www.naturparkmagazin.de\/stechlin\/zum-bundesweiten-naturparkwandertag-an-den-stechlin\/#breadcrumb\",\"itemListElement\":[{\"@type\":\"ListItem\",\"position\":1,\"name\":\"Home\",\"item\":\"https:\/\/www.naturparkmagazin.de\/stechlin\/\"},{\"@type\":\"ListItem\",\"position\":2,\"name\":\"Zum bundesweiten Naturparkwandertag an den Stechlin\"}]},{\"@type\":\"WebSite\",\"@id\":\"https:\/\/www.naturparkmagazin.de\/stechlin\/#website\",\"url\":\"https:\/\/www.naturparkmagazin.de\/stechlin\/\",\"name\":\"Naturpark Stechlin-Ruppiner Land\",\"description\":\"\",\"potentialAction\":[{\"@type\":\"SearchAction\",\"target\":{\"@type\":\"EntryPoint\",\"urlTemplate\":\"https:\/\/www.naturparkmagazin.de\/stechlin\/?s={search_term_string}\"},\"query-input\":\"required name=search_term_string\"}],\"inLanguage\":\"de\"},{\"@type\":\"Person\",\"@id\":\"https:\/\/www.naturparkmagazin.de\/stechlin\/#\/schema\/person\/3f0d93203df21c806dd63c76d9bb28bc\",\"name\":\"marioschrumpf\",\"url\":\"https:\/\/www.naturparkmagazin.de\/stechlin\/author\/marioschrumpf\/\"}]}<\/script>\n<!-- \/ Yoast SEO plugin. -->","yoast_head_json":{"title":"Zum bundesweiten Naturparkwandertag an den Stechlin - Naturpark Stechlin-Ruppiner Land","robots":{"index":"index","follow":"follow","max-snippet":"max-snippet:-1","max-image-preview":"max-image-preview:large","max-video-preview":"max-video-preview:-1"},"canonical":"https:\/\/www.naturparkmagazin.de\/stechlin\/zum-bundesweiten-naturparkwandertag-an-den-stechlin\/","og_locale":"de_DE","og_type":"article","og_title":"Zum bundesweiten Naturparkwandertag an den Stechlin - Naturpark Stechlin-Ruppiner Land","og_description":"Der Pr\u00e4sident des Berliner Wandersportverbandes Dr. Wolfgang Pagel h\u00f6chstpers\u00f6nlich, begleitet am 28. Mai die gef\u00fchrte Wanderung zum Stechlinsee.","og_url":"https:\/\/www.naturparkmagazin.de\/stechlin\/zum-bundesweiten-naturparkwandertag-an-den-stechlin\/","og_site_name":"Naturpark Stechlin-Ruppiner Land","article_published_time":"2016-04-18T11:00:14+00:00","article_modified_time":"2016-04-27T08:51:54+00:00","og_image":[{"width":591,"height":591,"url":"https:\/\/www.naturparkmagazin.de\/stechlin\/wp-content\/uploads\/sites\/38\/Wandertag_2016.gif","type":"image\/gif"}],"author":"marioschrumpf","twitter_misc":{"Verfasst von":"marioschrumpf","Gesch\u00e4tzte Lesezeit":"1\u00a0Minute"},"schema":{"@context":"https:\/\/schema.org","@graph":[{"@type":"WebPage","@id":"https:\/\/www.naturparkmagazin.de\/stechlin\/zum-bundesweiten-naturparkwandertag-an-den-stechlin\/","url":"https:\/\/www.naturparkmagazin.de\/stechlin\/zum-bundesweiten-naturparkwandertag-an-den-stechlin\/","name":"Zum bundesweiten Naturparkwandertag an den Stechlin - Naturpark Stechlin-Ruppiner Land","isPartOf":{"@id":"https:\/\/www.naturparkmagazin.de\/stechlin\/#website"},"datePublished":"2016-04-18T11:00:14+00:00","dateModified":"2016-04-27T08:51:54+00:00","author":{"@id":"https:\/\/www.naturparkmagazin.de\/stechlin\/#\/schema\/person\/3f0d93203df21c806dd63c76d9bb28bc"},"breadcrumb":{"@id":"https:\/\/www.naturparkmagazin.de\/stechlin\/zum-bundesweiten-naturparkwandertag-an-den-stechlin\/#breadcrumb"},"inLanguage":"de","potentialAction":[{"@type":"ReadAction","target":["https:\/\/www.naturparkmagazin.de\/stechlin\/zum-bundesweiten-naturparkwandertag-an-den-stechlin\/"]}]},{"@type":"BreadcrumbList","@id":"https:\/\/www.naturparkmagazin.de\/stechlin\/zum-bundesweiten-naturparkwandertag-an-den-stechlin\/#breadcrumb","itemListElement":[{"@type":"ListItem","position":1,"name":"Home","item":"https:\/\/www.naturparkmagazin.de\/stechlin\/"},{"@type":"ListItem","position":2,"name":"Zum bundesweiten Naturparkwandertag an den Stechlin"}]},{"@type":"WebSite","@id":"https:\/\/www.naturparkmagazin.de\/stechlin\/#website","url":"https:\/\/www.naturparkmagazin.de\/stechlin\/","name":"Naturpark Stechlin-Ruppiner Land","description":"","potentialAction":[{"@type":"SearchAction","target":{"@type":"EntryPoint","urlTemplate":"https:\/\/www.naturparkmagazin.de\/stechlin\/?s={search_term_string}"},"query-input":"required name=search_term_string"}],"inLanguage":"de"},{"@type":"Person","@id":"https:\/\/www.naturparkmagazin.de\/stechlin\/#\/schema\/person\/3f0d93203df21c806dd63c76d9bb28bc","name":"marioschrumpf","url":"https:\/\/www.naturparkmagazin.de\/stechlin\/author\/marioschrumpf\/"}]}},"_links":{"self":[{"href":"https:\/\/www.naturparkmagazin.de\/stechlin\/wp-json\/wp\/v2\/posts\/3763"}],"collection":[{"href":"https:\/\/www.naturparkmagazin.de\/stechlin\/wp-json\/wp\/v2\/posts"}],"about":[{"href":"https:\/\/www.naturparkmagazin.de\/stechlin\/wp-json\/wp\/v2\/types\/post"}],"author":[{"embeddable":true,"href":"https:\/\/www.naturparkmagazin.de\/stechlin\/wp-json\/wp\/v2\/users\/39"}],"replies":[{"embeddable":true,"href":"https:\/\/www.naturparkmagazin.de\/stechlin\/wp-json\/wp\/v2\/comments?post=3763"}],"version-history":[{"count":3,"href":"https:\/\/www.naturparkmagazin.de\/stechlin\/wp-json\/wp\/v2\/posts\/3763\/revisions"}],"predecessor-version":[{"id":3851,"href":"https:\/\/www.naturparkmagazin.de\/stechlin\/wp-json\/wp\/v2\/posts\/3763\/revisions\/3851"}],"wp:featuredmedia":[{"embeddable":true,"href":"https:\/\/www.naturparkmagazin.de\/stechlin\/wp-json\/wp\/v2\/media\/3767"}],"wp:attachment":[{"href":"https:\/\/www.naturparkmagazin.de\/stechlin\/wp-json\/wp\/v2\/media?parent=3763"}],"wp:term":[{"taxonomy":"category","embeddable":true,"href":"https:\/\/www.naturparkmagazin.de\/stechlin\/wp-json\/wp\/v2\/categories?post=3763"},{"taxonomy":"post_tag","embeddable":true,"href":"https:\/\/www.naturparkmagazin.de\/stechlin\/wp-json\/wp\/v2\/tags?post=3763"}],"curies":[{"name":"wp","href":"https:\/\/api.w.org\/{rel}","templated":true}]}}