{"id":3776,"date":"2016-04-18T14:00:20","date_gmt":"2016-04-18T12:00:20","guid":{"rendered":"http:\/\/www.naturparkmagazin.de\/stechlin\/?p=3776"},"modified":"2016-04-27T10:50:44","modified_gmt":"2016-04-27T08:50:44","slug":"gedruckt-geschickt-gepflanzt-pflanzen-auf-briefmarken-und-im-garten","status":"publish","type":"post","link":"https:\/\/www.naturparkmagazin.de\/stechlin\/gedruckt-geschickt-gepflanzt-pflanzen-auf-briefmarken-und-im-garten\/","title":{"rendered":"Gedruckt, geschickt, gepflanzt &#8211; Pflanzen auf Briefmarken und im Garten"},"content":{"rendered":"<p><a href=\"https:\/\/www.naturparkmagazin.de\/stechlin\/wp-content\/uploads\/sites\/38\/San-Marino.jpg\"><img decoding=\"async\" loading=\"lazy\" class=\"alignleft size-thumbnail wp-image-3778\" src=\"https:\/\/www.naturparkmagazin.de\/stechlin\/wp-content\/uploads\/sites\/38\/San-Marino-300x409.jpg\" alt=\"NP SRL\/Botanischer Garten UNI Potsdam\" width=\"300\" height=\"409\" srcset=\"https:\/\/www.naturparkmagazin.de\/stechlin\/wp-content\/uploads\/sites\/38\/San-Marino-300x409.jpg 300w, https:\/\/www.naturparkmagazin.de\/stechlin\/wp-content\/uploads\/sites\/38\/San-Marino-53x71.jpg 53w, https:\/\/www.naturparkmagazin.de\/stechlin\/wp-content\/uploads\/sites\/38\/San-Marino-200x272.jpg 200w, https:\/\/www.naturparkmagazin.de\/stechlin\/wp-content\/uploads\/sites\/38\/San-Marino.jpg 376w\" sizes=\"(max-width: 300px) 100vw, 300px\" \/><\/a><\/p>\n<p>&nbsp;<\/p>\n<p>&nbsp;<\/p>\n<p>&nbsp;<\/p>\n<p>&nbsp;<\/p>\n<p>&nbsp;<\/p>\n<p>&nbsp;<\/p>\n<p>&nbsp;<\/p>\n<p>&nbsp;<\/p>\n<p>&nbsp;<\/p>\n<p>&nbsp;<\/p>\n<p>&nbsp;<\/p>\n<p>&nbsp;<\/p>\n<p>&nbsp;<\/p>\n<p>&nbsp;<\/p>\n<p>&nbsp;<\/p>\n<p>Am <strong>27. Mai, um 18 Uhr<\/strong> wird in der Regionalwerkstatt Stechlin in Menz eine ganz besondere Ausstellung er\u00f6ffnet.<\/p>\n<p>W\u00e4hrend \u00fcblicherweise Ausstellungen im Saal gezeigt werden, k\u00f6nnen diesmal Pflanzenfreunde die zweigeteilte Ausstellung sowohl im Saal als auch im Sinnesgarten des NaturParkHauses bewundern.<\/p>\n<p>Blumen sind sch\u00f6n, und viele lieben sie, daher ist es kein Wunder, dass sie auch oft als Motiv f\u00fcr Briefmarken verwendet wurden und werden, und ebenso klar ist, dass dies meist besonders sch\u00f6ne Marken sind. Von der Orchidee bis zur Papaya und vom Klatschmohn bis zum Kaktus reicht das Sortiment. Die Ausstellung zeigt in einem zentralen Teil 100 Marken aus 100 L\u00e4ndern nebst einer Weltkarte zur Lokalisierung auch abgelegener Staaten. Zus\u00e4tzlich werden Nutzpflanzen, Heil- und Gew\u00fcrzpflanzen, Ackerwildkr\u00e4uter und das Thema Naturschutz mit Briefmarken illustriert und mit Texten erl\u00e4utert.<\/p>\n<p>Bei einem Rundgang durch den Sinnesgarten, k\u00f6nnen die auf den Briefmarken dargestellten Pflanzen, in Natura ansehen werden. Entsprechende Schilder weisen speziell darauf hin.<\/p>\n<p>Die Ausstellung ist vom 27. Mai bis 2. September zu den \u00fcblichen \u00d6ffnungszeiten des NaturParkHauses zu sehen. Bitte im NaturParkHaus melden!<\/p>\n<p>Der Eintritt ist frei. Herzlich willkommen!<\/p>\n","protected":false},"excerpt":{"rendered":"<p>Am 27. Mai, um 18 Uhr wird in der Regionalwerkstatt Stechlin in Menz eine ganz besondere Ausstellung er\u00f6ffnet.<\/p>\n","protected":false},"author":39,"featured_media":3777,"comment_status":"open","ping_status":"open","sticky":false,"template":"","format":"standard","meta":[],"categories":[11],"tags":[],"yoast_head":"<!-- This site is optimized with the Yoast SEO plugin v19.10 - https:\/\/yoast.com\/wordpress\/plugins\/seo\/ -->\n<title>Gedruckt, geschickt, gepflanzt - Pflanzen auf Briefmarken und im Garten - Naturpark Stechlin-Ruppiner Land<\/title>\n<meta name=\"robots\" content=\"index, follow, max-snippet:-1, max-image-preview:large, max-video-preview:-1\" \/>\n<link rel=\"canonical\" href=\"https:\/\/www.naturparkmagazin.de\/stechlin\/gedruckt-geschickt-gepflanzt-pflanzen-auf-briefmarken-und-im-garten\/\" \/>\n<meta property=\"og:locale\" content=\"de_DE\" \/>\n<meta property=\"og:type\" content=\"article\" \/>\n<meta property=\"og:title\" content=\"Gedruckt, geschickt, gepflanzt - Pflanzen auf Briefmarken und im Garten - Naturpark Stechlin-Ruppiner Land\" \/>\n<meta property=\"og:description\" content=\"Am 27. Mai, um 18 Uhr wird in der Regionalwerkstatt Stechlin in Menz eine ganz besondere Ausstellung er\u00f6ffnet.\" \/>\n<meta property=\"og:url\" content=\"https:\/\/www.naturparkmagazin.de\/stechlin\/gedruckt-geschickt-gepflanzt-pflanzen-auf-briefmarken-und-im-garten\/\" \/>\n<meta property=\"og:site_name\" content=\"Naturpark Stechlin-Ruppiner Land\" \/>\n<meta property=\"article:published_time\" content=\"2016-04-18T12:00:20+00:00\" \/>\n<meta property=\"article:modified_time\" content=\"2016-04-27T08:50:44+00:00\" \/>\n<meta property=\"og:image\" content=\"https:\/\/www.naturparkmagazin.de\/stechlin\/wp-content\/uploads\/sites\/38\/Briefmarke-K\u00fcchenschelle_180x300.jpg\" \/>\n\t<meta property=\"og:image:width\" content=\"180\" \/>\n\t<meta property=\"og:image:height\" content=\"300\" \/>\n\t<meta property=\"og:image:type\" content=\"image\/jpeg\" \/>\n<meta name=\"author\" content=\"marioschrumpf\" \/>\n<meta name=\"twitter:label1\" content=\"Verfasst von\" \/>\n\t<meta name=\"twitter:data1\" content=\"marioschrumpf\" \/>\n\t<meta name=\"twitter:label2\" content=\"Gesch\u00e4tzte Lesezeit\" \/>\n\t<meta name=\"twitter:data2\" content=\"1\u00a0Minute\" \/>\n<script type=\"application\/ld+json\" class=\"yoast-schema-graph\">{\"@context\":\"https:\/\/schema.org\",\"@graph\":[{\"@type\":\"WebPage\",\"@id\":\"https:\/\/www.naturparkmagazin.de\/stechlin\/gedruckt-geschickt-gepflanzt-pflanzen-auf-briefmarken-und-im-garten\/\",\"url\":\"https:\/\/www.naturparkmagazin.de\/stechlin\/gedruckt-geschickt-gepflanzt-pflanzen-auf-briefmarken-und-im-garten\/\",\"name\":\"Gedruckt, geschickt, gepflanzt - Pflanzen auf Briefmarken und im Garten - Naturpark Stechlin-Ruppiner Land\",\"isPartOf\":{\"@id\":\"https:\/\/www.naturparkmagazin.de\/stechlin\/#website\"},\"datePublished\":\"2016-04-18T12:00:20+00:00\",\"dateModified\":\"2016-04-27T08:50:44+00:00\",\"author\":{\"@id\":\"https:\/\/www.naturparkmagazin.de\/stechlin\/#\/schema\/person\/3f0d93203df21c806dd63c76d9bb28bc\"},\"breadcrumb\":{\"@id\":\"https:\/\/www.naturparkmagazin.de\/stechlin\/gedruckt-geschickt-gepflanzt-pflanzen-auf-briefmarken-und-im-garten\/#breadcrumb\"},\"inLanguage\":\"de\",\"potentialAction\":[{\"@type\":\"ReadAction\",\"target\":[\"https:\/\/www.naturparkmagazin.de\/stechlin\/gedruckt-geschickt-gepflanzt-pflanzen-auf-briefmarken-und-im-garten\/\"]}]},{\"@type\":\"BreadcrumbList\",\"@id\":\"https:\/\/www.naturparkmagazin.de\/stechlin\/gedruckt-geschickt-gepflanzt-pflanzen-auf-briefmarken-und-im-garten\/#breadcrumb\",\"itemListElement\":[{\"@type\":\"ListItem\",\"position\":1,\"name\":\"Home\",\"item\":\"https:\/\/www.naturparkmagazin.de\/stechlin\/\"},{\"@type\":\"ListItem\",\"position\":2,\"name\":\"Gedruckt, geschickt, gepflanzt &#8211; Pflanzen auf Briefmarken und im Garten\"}]},{\"@type\":\"WebSite\",\"@id\":\"https:\/\/www.naturparkmagazin.de\/stechlin\/#website\",\"url\":\"https:\/\/www.naturparkmagazin.de\/stechlin\/\",\"name\":\"Naturpark Stechlin-Ruppiner Land\",\"description\":\"\",\"potentialAction\":[{\"@type\":\"SearchAction\",\"target\":{\"@type\":\"EntryPoint\",\"urlTemplate\":\"https:\/\/www.naturparkmagazin.de\/stechlin\/?s={search_term_string}\"},\"query-input\":\"required name=search_term_string\"}],\"inLanguage\":\"de\"},{\"@type\":\"Person\",\"@id\":\"https:\/\/www.naturparkmagazin.de\/stechlin\/#\/schema\/person\/3f0d93203df21c806dd63c76d9bb28bc\",\"name\":\"marioschrumpf\",\"url\":\"https:\/\/www.naturparkmagazin.de\/stechlin\/author\/marioschrumpf\/\"}]}<\/script>\n<!-- \/ Yoast SEO plugin. -->","yoast_head_json":{"title":"Gedruckt, geschickt, gepflanzt - Pflanzen auf Briefmarken und im Garten - Naturpark Stechlin-Ruppiner Land","robots":{"index":"index","follow":"follow","max-snippet":"max-snippet:-1","max-image-preview":"max-image-preview:large","max-video-preview":"max-video-preview:-1"},"canonical":"https:\/\/www.naturparkmagazin.de\/stechlin\/gedruckt-geschickt-gepflanzt-pflanzen-auf-briefmarken-und-im-garten\/","og_locale":"de_DE","og_type":"article","og_title":"Gedruckt, geschickt, gepflanzt - Pflanzen auf Briefmarken und im Garten - Naturpark Stechlin-Ruppiner Land","og_description":"Am 27. Mai, um 18 Uhr wird in der Regionalwerkstatt Stechlin in Menz eine ganz besondere Ausstellung er\u00f6ffnet.","og_url":"https:\/\/www.naturparkmagazin.de\/stechlin\/gedruckt-geschickt-gepflanzt-pflanzen-auf-briefmarken-und-im-garten\/","og_site_name":"Naturpark Stechlin-Ruppiner Land","article_published_time":"2016-04-18T12:00:20+00:00","article_modified_time":"2016-04-27T08:50:44+00:00","og_image":[{"width":180,"height":300,"url":"https:\/\/www.naturparkmagazin.de\/stechlin\/wp-content\/uploads\/sites\/38\/Briefmarke-K\u00fcchenschelle_180x300.jpg","type":"image\/jpeg"}],"author":"marioschrumpf","twitter_misc":{"Verfasst von":"marioschrumpf","Gesch\u00e4tzte Lesezeit":"1\u00a0Minute"},"schema":{"@context":"https:\/\/schema.org","@graph":[{"@type":"WebPage","@id":"https:\/\/www.naturparkmagazin.de\/stechlin\/gedruckt-geschickt-gepflanzt-pflanzen-auf-briefmarken-und-im-garten\/","url":"https:\/\/www.naturparkmagazin.de\/stechlin\/gedruckt-geschickt-gepflanzt-pflanzen-auf-briefmarken-und-im-garten\/","name":"Gedruckt, geschickt, gepflanzt - Pflanzen auf Briefmarken und im Garten - Naturpark Stechlin-Ruppiner Land","isPartOf":{"@id":"https:\/\/www.naturparkmagazin.de\/stechlin\/#website"},"datePublished":"2016-04-18T12:00:20+00:00","dateModified":"2016-04-27T08:50:44+00:00","author":{"@id":"https:\/\/www.naturparkmagazin.de\/stechlin\/#\/schema\/person\/3f0d93203df21c806dd63c76d9bb28bc"},"breadcrumb":{"@id":"https:\/\/www.naturparkmagazin.de\/stechlin\/gedruckt-geschickt-gepflanzt-pflanzen-auf-briefmarken-und-im-garten\/#breadcrumb"},"inLanguage":"de","potentialAction":[{"@type":"ReadAction","target":["https:\/\/www.naturparkmagazin.de\/stechlin\/gedruckt-geschickt-gepflanzt-pflanzen-auf-briefmarken-und-im-garten\/"]}]},{"@type":"BreadcrumbList","@id":"https:\/\/www.naturparkmagazin.de\/stechlin\/gedruckt-geschickt-gepflanzt-pflanzen-auf-briefmarken-und-im-garten\/#breadcrumb","itemListElement":[{"@type":"ListItem","position":1,"name":"Home","item":"https:\/\/www.naturparkmagazin.de\/stechlin\/"},{"@type":"ListItem","position":2,"name":"Gedruckt, geschickt, gepflanzt &#8211; Pflanzen auf Briefmarken und im Garten"}]},{"@type":"WebSite","@id":"https:\/\/www.naturparkmagazin.de\/stechlin\/#website","url":"https:\/\/www.naturparkmagazin.de\/stechlin\/","name":"Naturpark Stechlin-Ruppiner Land","description":"","potentialAction":[{"@type":"SearchAction","target":{"@type":"EntryPoint","urlTemplate":"https:\/\/www.naturparkmagazin.de\/stechlin\/?s={search_term_string}"},"query-input":"required name=search_term_string"}],"inLanguage":"de"},{"@type":"Person","@id":"https:\/\/www.naturparkmagazin.de\/stechlin\/#\/schema\/person\/3f0d93203df21c806dd63c76d9bb28bc","name":"marioschrumpf","url":"https:\/\/www.naturparkmagazin.de\/stechlin\/author\/marioschrumpf\/"}]}},"_links":{"self":[{"href":"https:\/\/www.naturparkmagazin.de\/stechlin\/wp-json\/wp\/v2\/posts\/3776"}],"collection":[{"href":"https:\/\/www.naturparkmagazin.de\/stechlin\/wp-json\/wp\/v2\/posts"}],"about":[{"href":"https:\/\/www.naturparkmagazin.de\/stechlin\/wp-json\/wp\/v2\/types\/post"}],"author":[{"embeddable":true,"href":"https:\/\/www.naturparkmagazin.de\/stechlin\/wp-json\/wp\/v2\/users\/39"}],"replies":[{"embeddable":true,"href":"https:\/\/www.naturparkmagazin.de\/stechlin\/wp-json\/wp\/v2\/comments?post=3776"}],"version-history":[{"count":3,"href":"https:\/\/www.naturparkmagazin.de\/stechlin\/wp-json\/wp\/v2\/posts\/3776\/revisions"}],"predecessor-version":[{"id":3830,"href":"https:\/\/www.naturparkmagazin.de\/stechlin\/wp-json\/wp\/v2\/posts\/3776\/revisions\/3830"}],"wp:featuredmedia":[{"embeddable":true,"href":"https:\/\/www.naturparkmagazin.de\/stechlin\/wp-json\/wp\/v2\/media\/3777"}],"wp:attachment":[{"href":"https:\/\/www.naturparkmagazin.de\/stechlin\/wp-json\/wp\/v2\/media?parent=3776"}],"wp:term":[{"taxonomy":"category","embeddable":true,"href":"https:\/\/www.naturparkmagazin.de\/stechlin\/wp-json\/wp\/v2\/categories?post=3776"},{"taxonomy":"post_tag","embeddable":true,"href":"https:\/\/www.naturparkmagazin.de\/stechlin\/wp-json\/wp\/v2\/tags?post=3776"}],"curies":[{"name":"wp","href":"https:\/\/api.w.org\/{rel}","templated":true}]}}