{"id":383,"date":"2013-10-28T15:47:50","date_gmt":"2013-10-28T13:47:50","guid":{"rendered":"http:\/\/www.naturparkmagazin.de\/stechlin\/?p=383"},"modified":"2013-10-30T13:44:42","modified_gmt":"2013-10-30T11:44:42","slug":"schwedische-und-finnische-gaeste-des-projektes-kunstsommer-zu-gast","status":"publish","type":"post","link":"https:\/\/www.naturparkmagazin.de\/stechlin\/schwedische-und-finnische-gaeste-des-projektes-kunstsommer-zu-gast\/","title":{"rendered":"Schwedische und Finnische G\u00e4ste des Projektes &#8222;Kunstsommer&#8220; zu Gast"},"content":{"rendered":"<dl class=\"wp-caption alignnone\" id=\"attachment_385\" style=\"width: 630px\">\n<dt class=\"wp-caption-dt\"><\/dt>\n<dd class=\"wp-caption-dd\">Gudrun und Kuno Lomas im Gespr\u00e4ch mit Projektleiterin Frau Strohm<\/dd>\n<\/dl>\n<p>In der Woche vom 22.-29. September waren 25 Besucher aus der schwedischen Provinz Dalsland und der finnischen Region \u00d6sterbotten G\u00e4ste der LEADER-Aktionsgruppe Ostprignitz-Ruppin. Der Besuch war die erste konkrete Aktion im Rahmen des <strong>LEADER-Projektes &#8222;Kunstsommer&#8220;<\/strong> unter dem Dach der Kooperation &#8222;Kulturturista&#8220;. Die G\u00e4ste besuchten am 23. September das NaturParkHaus Stechlin in Menz. Karin Schl\u00f6sser, zertifizierte Kultur- und Landschaftsf\u00fchrerin des Naturparks,\u00a0f\u00fchrte durch die Ausstellung und den Sinnesgarten. Gudrun und Kuno Lomas vom Kunstverein Zehdenick e.V. informierten die Skandinavier \u00fcber die <strong>Internationalen Kunstsymposien<\/strong> im Naturpark. Erste Kontakte f\u00fcr eine zuk\u00fcnftige Zusammenarbeit wurde gekn\u00fcpft.<\/p>\n<div id=\"attachment_385\" style=\"width: 630px\" class=\"wp-caption alignnone\"><a href=\"https:\/\/www.naturparkmagazin.de\/stechlin\/wp-content\/uploads\/sites\/38\/k-Kultur2.jpg\"><img aria-describedby=\"caption-attachment-385\" decoding=\"async\" loading=\"lazy\" class=\"size-medium wp-image-385 \" title=\"Gudrun und Kuno Lomas im Gespr\u00e4ch mit Projektleiterin Dr. Renate Strohm\" alt=\"Gudrun und Kuno Lomas im Gespr\u00e4ch mit Projektleiterin Dr. Renate Strohm\" src=\"https:\/\/www.naturparkmagazin.de\/stechlin\/wp-content\/uploads\/sites\/38\/k-Kultur2-620x415.jpg\" width=\"620\" height=\"415\" srcset=\"https:\/\/www.naturparkmagazin.de\/stechlin\/wp-content\/uploads\/sites\/38\/k-Kultur2-620x415.jpg 620w, https:\/\/www.naturparkmagazin.de\/stechlin\/wp-content\/uploads\/sites\/38\/k-Kultur2-300x201.jpg 300w, https:\/\/www.naturparkmagazin.de\/stechlin\/wp-content\/uploads\/sites\/38\/k-Kultur2-940x629.jpg 940w, https:\/\/www.naturparkmagazin.de\/stechlin\/wp-content\/uploads\/sites\/38\/k-Kultur2-670x449.jpg 670w, https:\/\/www.naturparkmagazin.de\/stechlin\/wp-content\/uploads\/sites\/38\/k-Kultur2-200x134.jpg 200w, https:\/\/www.naturparkmagazin.de\/stechlin\/wp-content\/uploads\/sites\/38\/k-Kultur2.jpg 1936w\" sizes=\"(max-width: 620px) 100vw, 620px\" \/><\/a><p id=\"caption-attachment-385\" class=\"wp-caption-text\">Gudrun und Kuno Lomas im Gespr\u00e4ch mit Projektleiterin Dr. Renate Strohm<\/p><\/div>\n<div id=\"attachment_386\" style=\"width: 630px\" class=\"wp-caption alignnone\"><a href=\"https:\/\/www.naturparkmagazin.de\/stechlin\/wp-content\/uploads\/sites\/38\/k-Kultur3.jpg\"><img aria-describedby=\"caption-attachment-386\" decoding=\"async\" loading=\"lazy\" class=\"size-medium wp-image-386 \" title=\"F\u00fchrung durch das NaturParkHaus\" alt=\"F\u00fchrung durch das NaturParkHaus\" src=\"https:\/\/www.naturparkmagazin.de\/stechlin\/wp-content\/uploads\/sites\/38\/k-Kultur3-620x415.jpg\" width=\"620\" height=\"415\" srcset=\"https:\/\/www.naturparkmagazin.de\/stechlin\/wp-content\/uploads\/sites\/38\/k-Kultur3-620x415.jpg 620w, https:\/\/www.naturparkmagazin.de\/stechlin\/wp-content\/uploads\/sites\/38\/k-Kultur3-300x201.jpg 300w, https:\/\/www.naturparkmagazin.de\/stechlin\/wp-content\/uploads\/sites\/38\/k-Kultur3-940x629.jpg 940w, https:\/\/www.naturparkmagazin.de\/stechlin\/wp-content\/uploads\/sites\/38\/k-Kultur3-670x449.jpg 670w, https:\/\/www.naturparkmagazin.de\/stechlin\/wp-content\/uploads\/sites\/38\/k-Kultur3-200x134.jpg 200w, https:\/\/www.naturparkmagazin.de\/stechlin\/wp-content\/uploads\/sites\/38\/k-Kultur3.jpg 1936w\" sizes=\"(max-width: 620px) 100vw, 620px\" \/><\/a><p id=\"caption-attachment-386\" class=\"wp-caption-text\">F\u00fchrung durch das NaturParkHaus<\/p><\/div>\n","protected":false},"excerpt":{"rendered":"<p>In der Woche vom 22.-29. September waren 25 Besucher aus der schwedischen Provinz Dachsland und der finnischen Region \u00d6sterbotten G\u00e4ste der LEADER-Aktionsgruppe Ostprignitz-Ruppin.<\/p>\n","protected":false},"author":39,"featured_media":384,"comment_status":"open","ping_status":"open","sticky":false,"template":"","format":"standard","meta":[],"categories":[7],"tags":[],"yoast_head":"<!-- This site is optimized with the Yoast SEO plugin v19.10 - https:\/\/yoast.com\/wordpress\/plugins\/seo\/ -->\n<title>Schwedische und Finnische G\u00e4ste des Projektes &quot;Kunstsommer&quot; zu Gast - Naturpark Stechlin-Ruppiner Land<\/title>\n<meta name=\"robots\" content=\"index, follow, max-snippet:-1, max-image-preview:large, max-video-preview:-1\" \/>\n<link rel=\"canonical\" href=\"https:\/\/www.naturparkmagazin.de\/stechlin\/schwedische-und-finnische-gaeste-des-projektes-kunstsommer-zu-gast\/\" \/>\n<meta property=\"og:locale\" content=\"de_DE\" \/>\n<meta property=\"og:type\" content=\"article\" \/>\n<meta property=\"og:title\" content=\"Schwedische und Finnische G\u00e4ste des Projektes &quot;Kunstsommer&quot; zu Gast - Naturpark Stechlin-Ruppiner Land\" \/>\n<meta property=\"og:description\" content=\"In der Woche vom 22.-29. September waren 25 Besucher aus der schwedischen Provinz Dachsland und der finnischen Region \u00d6sterbotten G\u00e4ste der LEADER-Aktionsgruppe Ostprignitz-Ruppin.\" \/>\n<meta property=\"og:url\" content=\"https:\/\/www.naturparkmagazin.de\/stechlin\/schwedische-und-finnische-gaeste-des-projektes-kunstsommer-zu-gast\/\" \/>\n<meta property=\"og:site_name\" content=\"Naturpark Stechlin-Ruppiner Land\" \/>\n<meta property=\"article:published_time\" content=\"2013-10-28T13:47:50+00:00\" \/>\n<meta property=\"article:modified_time\" content=\"2013-10-30T11:44:42+00:00\" \/>\n<meta property=\"og:image\" content=\"https:\/\/www.naturparkmagazin.de\/stechlin\/wp-content\/uploads\/sites\/38\/k-Kultur1-e1390899855956.jpg\" \/>\n\t<meta property=\"og:image:width\" content=\"500\" \/>\n\t<meta property=\"og:image:height\" content=\"335\" \/>\n\t<meta property=\"og:image:type\" content=\"image\/jpeg\" \/>\n<meta name=\"author\" content=\"marioschrumpf\" \/>\n<meta name=\"twitter:label1\" content=\"Verfasst von\" \/>\n\t<meta name=\"twitter:data1\" content=\"marioschrumpf\" \/>\n\t<meta name=\"twitter:label2\" content=\"Gesch\u00e4tzte Lesezeit\" \/>\n\t<meta name=\"twitter:data2\" content=\"1\u00a0Minute\" \/>\n<script type=\"application\/ld+json\" class=\"yoast-schema-graph\">{\"@context\":\"https:\/\/schema.org\",\"@graph\":[{\"@type\":\"WebPage\",\"@id\":\"https:\/\/www.naturparkmagazin.de\/stechlin\/schwedische-und-finnische-gaeste-des-projektes-kunstsommer-zu-gast\/\",\"url\":\"https:\/\/www.naturparkmagazin.de\/stechlin\/schwedische-und-finnische-gaeste-des-projektes-kunstsommer-zu-gast\/\",\"name\":\"Schwedische und Finnische G\u00e4ste des Projektes \\\"Kunstsommer\\\" zu Gast - Naturpark Stechlin-Ruppiner Land\",\"isPartOf\":{\"@id\":\"https:\/\/www.naturparkmagazin.de\/stechlin\/#website\"},\"datePublished\":\"2013-10-28T13:47:50+00:00\",\"dateModified\":\"2013-10-30T11:44:42+00:00\",\"author\":{\"@id\":\"https:\/\/www.naturparkmagazin.de\/stechlin\/#\/schema\/person\/3f0d93203df21c806dd63c76d9bb28bc\"},\"breadcrumb\":{\"@id\":\"https:\/\/www.naturparkmagazin.de\/stechlin\/schwedische-und-finnische-gaeste-des-projektes-kunstsommer-zu-gast\/#breadcrumb\"},\"inLanguage\":\"de\",\"potentialAction\":[{\"@type\":\"ReadAction\",\"target\":[\"https:\/\/www.naturparkmagazin.de\/stechlin\/schwedische-und-finnische-gaeste-des-projektes-kunstsommer-zu-gast\/\"]}]},{\"@type\":\"BreadcrumbList\",\"@id\":\"https:\/\/www.naturparkmagazin.de\/stechlin\/schwedische-und-finnische-gaeste-des-projektes-kunstsommer-zu-gast\/#breadcrumb\",\"itemListElement\":[{\"@type\":\"ListItem\",\"position\":1,\"name\":\"Home\",\"item\":\"https:\/\/www.naturparkmagazin.de\/stechlin\/\"},{\"@type\":\"ListItem\",\"position\":2,\"name\":\"Schwedische und Finnische G\u00e4ste des Projektes &#8222;Kunstsommer&#8220; zu Gast\"}]},{\"@type\":\"WebSite\",\"@id\":\"https:\/\/www.naturparkmagazin.de\/stechlin\/#website\",\"url\":\"https:\/\/www.naturparkmagazin.de\/stechlin\/\",\"name\":\"Naturpark Stechlin-Ruppiner Land\",\"description\":\"\",\"potentialAction\":[{\"@type\":\"SearchAction\",\"target\":{\"@type\":\"EntryPoint\",\"urlTemplate\":\"https:\/\/www.naturparkmagazin.de\/stechlin\/?s={search_term_string}\"},\"query-input\":\"required name=search_term_string\"}],\"inLanguage\":\"de\"},{\"@type\":\"Person\",\"@id\":\"https:\/\/www.naturparkmagazin.de\/stechlin\/#\/schema\/person\/3f0d93203df21c806dd63c76d9bb28bc\",\"name\":\"marioschrumpf\",\"url\":\"https:\/\/www.naturparkmagazin.de\/stechlin\/author\/marioschrumpf\/\"}]}<\/script>\n<!-- \/ Yoast SEO plugin. -->","yoast_head_json":{"title":"Schwedische und Finnische G\u00e4ste des Projektes \"Kunstsommer\" zu Gast - Naturpark Stechlin-Ruppiner Land","robots":{"index":"index","follow":"follow","max-snippet":"max-snippet:-1","max-image-preview":"max-image-preview:large","max-video-preview":"max-video-preview:-1"},"canonical":"https:\/\/www.naturparkmagazin.de\/stechlin\/schwedische-und-finnische-gaeste-des-projektes-kunstsommer-zu-gast\/","og_locale":"de_DE","og_type":"article","og_title":"Schwedische und Finnische G\u00e4ste des Projektes \"Kunstsommer\" zu Gast - Naturpark Stechlin-Ruppiner Land","og_description":"In der Woche vom 22.-29. September waren 25 Besucher aus der schwedischen Provinz Dachsland und der finnischen Region \u00d6sterbotten G\u00e4ste der LEADER-Aktionsgruppe Ostprignitz-Ruppin.","og_url":"https:\/\/www.naturparkmagazin.de\/stechlin\/schwedische-und-finnische-gaeste-des-projektes-kunstsommer-zu-gast\/","og_site_name":"Naturpark Stechlin-Ruppiner Land","article_published_time":"2013-10-28T13:47:50+00:00","article_modified_time":"2013-10-30T11:44:42+00:00","og_image":[{"width":500,"height":335,"url":"https:\/\/www.naturparkmagazin.de\/stechlin\/wp-content\/uploads\/sites\/38\/k-Kultur1-e1390899855956.jpg","type":"image\/jpeg"}],"author":"marioschrumpf","twitter_misc":{"Verfasst von":"marioschrumpf","Gesch\u00e4tzte Lesezeit":"1\u00a0Minute"},"schema":{"@context":"https:\/\/schema.org","@graph":[{"@type":"WebPage","@id":"https:\/\/www.naturparkmagazin.de\/stechlin\/schwedische-und-finnische-gaeste-des-projektes-kunstsommer-zu-gast\/","url":"https:\/\/www.naturparkmagazin.de\/stechlin\/schwedische-und-finnische-gaeste-des-projektes-kunstsommer-zu-gast\/","name":"Schwedische und Finnische G\u00e4ste des Projektes \"Kunstsommer\" zu Gast - Naturpark Stechlin-Ruppiner Land","isPartOf":{"@id":"https:\/\/www.naturparkmagazin.de\/stechlin\/#website"},"datePublished":"2013-10-28T13:47:50+00:00","dateModified":"2013-10-30T11:44:42+00:00","author":{"@id":"https:\/\/www.naturparkmagazin.de\/stechlin\/#\/schema\/person\/3f0d93203df21c806dd63c76d9bb28bc"},"breadcrumb":{"@id":"https:\/\/www.naturparkmagazin.de\/stechlin\/schwedische-und-finnische-gaeste-des-projektes-kunstsommer-zu-gast\/#breadcrumb"},"inLanguage":"de","potentialAction":[{"@type":"ReadAction","target":["https:\/\/www.naturparkmagazin.de\/stechlin\/schwedische-und-finnische-gaeste-des-projektes-kunstsommer-zu-gast\/"]}]},{"@type":"BreadcrumbList","@id":"https:\/\/www.naturparkmagazin.de\/stechlin\/schwedische-und-finnische-gaeste-des-projektes-kunstsommer-zu-gast\/#breadcrumb","itemListElement":[{"@type":"ListItem","position":1,"name":"Home","item":"https:\/\/www.naturparkmagazin.de\/stechlin\/"},{"@type":"ListItem","position":2,"name":"Schwedische und Finnische G\u00e4ste des Projektes &#8222;Kunstsommer&#8220; zu Gast"}]},{"@type":"WebSite","@id":"https:\/\/www.naturparkmagazin.de\/stechlin\/#website","url":"https:\/\/www.naturparkmagazin.de\/stechlin\/","name":"Naturpark Stechlin-Ruppiner Land","description":"","potentialAction":[{"@type":"SearchAction","target":{"@type":"EntryPoint","urlTemplate":"https:\/\/www.naturparkmagazin.de\/stechlin\/?s={search_term_string}"},"query-input":"required name=search_term_string"}],"inLanguage":"de"},{"@type":"Person","@id":"https:\/\/www.naturparkmagazin.de\/stechlin\/#\/schema\/person\/3f0d93203df21c806dd63c76d9bb28bc","name":"marioschrumpf","url":"https:\/\/www.naturparkmagazin.de\/stechlin\/author\/marioschrumpf\/"}]}},"_links":{"self":[{"href":"https:\/\/www.naturparkmagazin.de\/stechlin\/wp-json\/wp\/v2\/posts\/383"}],"collection":[{"href":"https:\/\/www.naturparkmagazin.de\/stechlin\/wp-json\/wp\/v2\/posts"}],"about":[{"href":"https:\/\/www.naturparkmagazin.de\/stechlin\/wp-json\/wp\/v2\/types\/post"}],"author":[{"embeddable":true,"href":"https:\/\/www.naturparkmagazin.de\/stechlin\/wp-json\/wp\/v2\/users\/39"}],"replies":[{"embeddable":true,"href":"https:\/\/www.naturparkmagazin.de\/stechlin\/wp-json\/wp\/v2\/comments?post=383"}],"version-history":[{"count":4,"href":"https:\/\/www.naturparkmagazin.de\/stechlin\/wp-json\/wp\/v2\/posts\/383\/revisions"}],"predecessor-version":[{"id":440,"href":"https:\/\/www.naturparkmagazin.de\/stechlin\/wp-json\/wp\/v2\/posts\/383\/revisions\/440"}],"wp:featuredmedia":[{"embeddable":true,"href":"https:\/\/www.naturparkmagazin.de\/stechlin\/wp-json\/wp\/v2\/media\/384"}],"wp:attachment":[{"href":"https:\/\/www.naturparkmagazin.de\/stechlin\/wp-json\/wp\/v2\/media?parent=383"}],"wp:term":[{"taxonomy":"category","embeddable":true,"href":"https:\/\/www.naturparkmagazin.de\/stechlin\/wp-json\/wp\/v2\/categories?post=383"},{"taxonomy":"post_tag","embeddable":true,"href":"https:\/\/www.naturparkmagazin.de\/stechlin\/wp-json\/wp\/v2\/tags?post=383"}],"curies":[{"name":"wp","href":"https:\/\/api.w.org\/{rel}","templated":true}]}}