{"id":3889,"date":"2016-05-16T10:20:30","date_gmt":"2016-05-16T08:20:30","guid":{"rendered":"http:\/\/www.naturparkmagazin.de\/stechlin\/?p=3889"},"modified":"2016-06-10T12:13:04","modified_gmt":"2016-06-10T10:13:04","slug":"naturpark-zu-gast-beim-bundespraesidenten","status":"publish","type":"post","link":"https:\/\/www.naturparkmagazin.de\/stechlin\/naturpark-zu-gast-beim-bundespraesidenten\/","title":{"rendered":"Naturpark zu Gast beim Bundespr\u00e4sidenten"},"content":{"rendered":"<p><a href=\"https:\/\/www.naturparkmagazin.de\/stechlin\/wp-content\/uploads\/sites\/38\/test1.jpg\"><img decoding=\"async\" loading=\"lazy\" class=\"alignleft size-thumbnail wp-image-3891\" src=\"https:\/\/www.naturparkmagazin.de\/stechlin\/wp-content\/uploads\/sites\/38\/test1-300x80.jpg\" alt=\"NP SRL\/Archiv\" width=\"300\" height=\"80\" srcset=\"https:\/\/www.naturparkmagazin.de\/stechlin\/wp-content\/uploads\/sites\/38\/test1-300x80.jpg 300w, https:\/\/www.naturparkmagazin.de\/stechlin\/wp-content\/uploads\/sites\/38\/test1-620x165.jpg 620w, https:\/\/www.naturparkmagazin.de\/stechlin\/wp-content\/uploads\/sites\/38\/test1-940x250.jpg 940w, https:\/\/www.naturparkmagazin.de\/stechlin\/wp-content\/uploads\/sites\/38\/test1-670x178.jpg 670w, https:\/\/www.naturparkmagazin.de\/stechlin\/wp-content\/uploads\/sites\/38\/test1-200x53.jpg 200w, https:\/\/www.naturparkmagazin.de\/stechlin\/wp-content\/uploads\/sites\/38\/test1.jpg 1200w\" sizes=\"(max-width: 300px) 100vw, 300px\" \/><\/a><\/p>\n<p>&nbsp;<\/p>\n<p>&nbsp;<\/p>\n<p>&nbsp;<\/p>\n<div id=\"attachment_3452\" style=\"width: 310px\" class=\"wp-caption alignleft\"><a href=\"https:\/\/www.naturparkmagazin.de\/stechlin\/wp-content\/uploads\/sites\/38\/36_Juniorranger.jpg\"><img aria-describedby=\"caption-attachment-3452\" decoding=\"async\" loading=\"lazy\" class=\"size-thumbnail wp-image-3452\" src=\"https:\/\/www.naturparkmagazin.de\/stechlin\/wp-content\/uploads\/sites\/38\/36_Juniorranger-300x180.jpg\" alt=\"Stolze Juniorranger mit ihren Betreuern\" width=\"300\" height=\"180\" srcset=\"https:\/\/www.naturparkmagazin.de\/stechlin\/wp-content\/uploads\/sites\/38\/36_Juniorranger-300x180.jpg 300w, https:\/\/www.naturparkmagazin.de\/stechlin\/wp-content\/uploads\/sites\/38\/36_Juniorranger.jpg 500w, https:\/\/www.naturparkmagazin.de\/stechlin\/wp-content\/uploads\/sites\/38\/36_Juniorranger-200x120.jpg 200w\" sizes=\"(max-width: 300px) 100vw, 300px\" \/><\/a><p id=\"caption-attachment-3452\" class=\"wp-caption-text\">Stolze Juniorranger mit ihren Betreuern<\/p><\/div>\n<p>&nbsp;<\/p>\n<p>&nbsp;<\/p>\n<p>&nbsp;<\/p>\n<p>&nbsp;<\/p>\n<p>&nbsp;<\/p>\n<p>&nbsp;<\/p>\n<p>&nbsp;<\/p>\n<p>&nbsp;<\/p>\n<p>&nbsp;<\/p>\n<p>Gleich mit drei Projekten ist der Naturpark vertreten zur <strong>5. DBU-Umweltwoche am 7.\/8. Juni auf Schloss Bellevue<\/strong>. 200 Projekte wurden bundesweit ausgew\u00e4hlt. Am 7. Juni ist der Naturpark gemeinsam mit der <strong>Theodor-Fontane-Naturpark-Schule Menz<\/strong> zu Gast am Stand des Verbandes Deutscher Naturparke (VDN). 5 Juniorranger der AG Menzer Naturforscher, ihr AG-Leiter Ranger Thomas Hahn und Schuldirektorin Angela Stegemann fahren zusammen mit Naturparkleiter Dr. Mario Schrumpf nach Berlin. Sie werden \u00fcber die Arbeit ihrer AG berichten.<\/p>\n<p><a href=\"https:\/\/www.naturparkmagazin.de\/stechlin\/wp-content\/uploads\/sites\/38\/k-DSC_0030.jpg\"><img decoding=\"async\" loading=\"lazy\" class=\"alignleft size-thumbnail wp-image-2567\" src=\"https:\/\/www.naturparkmagazin.de\/stechlin\/wp-content\/uploads\/sites\/38\/k-DSC_0030-300x180.jpg\" alt=\"NP SRL\/Dr. Mario Schrumpf\" width=\"300\" height=\"180\" srcset=\"https:\/\/www.naturparkmagazin.de\/stechlin\/wp-content\/uploads\/sites\/38\/k-DSC_0030-300x180.jpg 300w, https:\/\/www.naturparkmagazin.de\/stechlin\/wp-content\/uploads\/sites\/38\/k-DSC_0030.jpg 500w, https:\/\/www.naturparkmagazin.de\/stechlin\/wp-content\/uploads\/sites\/38\/k-DSC_0030-200x120.jpg 200w\" sizes=\"(max-width: 300px) 100vw, 300px\" \/>\n<\/a><\/p>\n<p>&nbsp;<\/p>\n<p>&nbsp;<\/p>\n<p>&nbsp;<\/p>\n<p>&nbsp;<\/p>\n<p>&nbsp;<\/p>\n<p>&nbsp;<\/p>\n<p>&nbsp;<\/p>\n<p>Am 8. Juni ist Naturparkleiter Dr. Mario Schrumpf zu Gast am Stand der <strong>Firma Piepenbrock<\/strong>. Gemeinsam wird das Projekt der Azubi-Projekttage vorgestellt. Seit 5 Jahren wurden allj\u00e4hrlich Azubis im Naturpark an das Thema Natur- und Umweltschutz herangef\u00fchrt. Im firmeneigenen Forst Rheinshagen wird eine 9 ha gro\u00dfe Heidefl\u00e4che im NSG Rheinsberger Rhin und Hellberge regelm\u00e4\u00dfig entbuscht.<\/p>\n<p>Das <strong>Projekt Tauchen f\u00fcr den Naturschutz<\/strong> ist am 8.6. zu Gast auf dem Fachforum &#8222;<em>Gemeinsam Wissen schaffen<\/em>&#8222;. Nele Zichert vom\u00a0Tauchclub Zehdenick e.V.\u00a0 wird mit Experten diskutieren, wie B\u00fcrgerwissenschaftler bei der\u00a0Erf\u00fcllung der Monitoring-Pflichten aus der EU-FFH-Richtlinie eingebunden werden k\u00f6nnen.<\/p>\n<p>weiter Infos unter: <a href=\"http:\/\/www.woche-der-umwelt.de\">www.woche-der-umwelt.de<\/a><\/p>\n<p>&nbsp;<\/p>\n","protected":false},"excerpt":{"rendered":"<p>Gleich mit drei Projekten ist der Naturpark vertreten zur 5. DBU-Umweltwoche am 7.\/8. Juni auf Schloss Bellevue in Berlin. <\/p>\n","protected":false},"author":39,"featured_media":3890,"comment_status":"open","ping_status":"open","sticky":false,"template":"","format":"standard","meta":[],"categories":[7],"tags":[],"yoast_head":"<!-- This site is optimized with the Yoast SEO plugin v19.10 - https:\/\/yoast.com\/wordpress\/plugins\/seo\/ -->\n<title>Naturpark zu Gast beim Bundespr\u00e4sidenten - Naturpark Stechlin-Ruppiner Land<\/title>\n<meta name=\"robots\" content=\"index, follow, max-snippet:-1, max-image-preview:large, max-video-preview:-1\" \/>\n<link rel=\"canonical\" href=\"https:\/\/www.naturparkmagazin.de\/stechlin\/naturpark-zu-gast-beim-bundespraesidenten\/\" \/>\n<meta property=\"og:locale\" content=\"de_DE\" \/>\n<meta property=\"og:type\" content=\"article\" \/>\n<meta property=\"og:title\" content=\"Naturpark zu Gast beim Bundespr\u00e4sidenten - Naturpark Stechlin-Ruppiner Land\" \/>\n<meta property=\"og:description\" content=\"Gleich mit drei Projekten ist der Naturpark vertreten zur 5. DBU-Umweltwoche am 7.\/8. Juni auf Schloss Bellevue in Berlin.\" \/>\n<meta property=\"og:url\" content=\"https:\/\/www.naturparkmagazin.de\/stechlin\/naturpark-zu-gast-beim-bundespraesidenten\/\" \/>\n<meta property=\"og:site_name\" content=\"Naturpark Stechlin-Ruppiner Land\" \/>\n<meta property=\"article:published_time\" content=\"2016-05-16T08:20:30+00:00\" \/>\n<meta property=\"article:modified_time\" content=\"2016-06-10T10:13:04+00:00\" \/>\n<meta property=\"og:image\" content=\"https:\/\/www.naturparkmagazin.de\/stechlin\/wp-content\/uploads\/sites\/38\/woche-der-umwelt.jpg\" \/>\n\t<meta property=\"og:image:width\" content=\"200\" \/>\n\t<meta property=\"og:image:height\" content=\"200\" \/>\n\t<meta property=\"og:image:type\" content=\"image\/jpeg\" \/>\n<meta name=\"author\" content=\"marioschrumpf\" \/>\n<meta name=\"twitter:label1\" content=\"Verfasst von\" \/>\n\t<meta name=\"twitter:data1\" content=\"marioschrumpf\" \/>\n\t<meta name=\"twitter:label2\" content=\"Gesch\u00e4tzte Lesezeit\" \/>\n\t<meta name=\"twitter:data2\" content=\"1\u00a0Minute\" \/>\n<script type=\"application\/ld+json\" class=\"yoast-schema-graph\">{\"@context\":\"https:\/\/schema.org\",\"@graph\":[{\"@type\":\"WebPage\",\"@id\":\"https:\/\/www.naturparkmagazin.de\/stechlin\/naturpark-zu-gast-beim-bundespraesidenten\/\",\"url\":\"https:\/\/www.naturparkmagazin.de\/stechlin\/naturpark-zu-gast-beim-bundespraesidenten\/\",\"name\":\"Naturpark zu Gast beim Bundespr\u00e4sidenten - Naturpark Stechlin-Ruppiner Land\",\"isPartOf\":{\"@id\":\"https:\/\/www.naturparkmagazin.de\/stechlin\/#website\"},\"datePublished\":\"2016-05-16T08:20:30+00:00\",\"dateModified\":\"2016-06-10T10:13:04+00:00\",\"author\":{\"@id\":\"https:\/\/www.naturparkmagazin.de\/stechlin\/#\/schema\/person\/3f0d93203df21c806dd63c76d9bb28bc\"},\"breadcrumb\":{\"@id\":\"https:\/\/www.naturparkmagazin.de\/stechlin\/naturpark-zu-gast-beim-bundespraesidenten\/#breadcrumb\"},\"inLanguage\":\"de\",\"potentialAction\":[{\"@type\":\"ReadAction\",\"target\":[\"https:\/\/www.naturparkmagazin.de\/stechlin\/naturpark-zu-gast-beim-bundespraesidenten\/\"]}]},{\"@type\":\"BreadcrumbList\",\"@id\":\"https:\/\/www.naturparkmagazin.de\/stechlin\/naturpark-zu-gast-beim-bundespraesidenten\/#breadcrumb\",\"itemListElement\":[{\"@type\":\"ListItem\",\"position\":1,\"name\":\"Home\",\"item\":\"https:\/\/www.naturparkmagazin.de\/stechlin\/\"},{\"@type\":\"ListItem\",\"position\":2,\"name\":\"Naturpark zu Gast beim Bundespr\u00e4sidenten\"}]},{\"@type\":\"WebSite\",\"@id\":\"https:\/\/www.naturparkmagazin.de\/stechlin\/#website\",\"url\":\"https:\/\/www.naturparkmagazin.de\/stechlin\/\",\"name\":\"Naturpark Stechlin-Ruppiner Land\",\"description\":\"\",\"potentialAction\":[{\"@type\":\"SearchAction\",\"target\":{\"@type\":\"EntryPoint\",\"urlTemplate\":\"https:\/\/www.naturparkmagazin.de\/stechlin\/?s={search_term_string}\"},\"query-input\":\"required name=search_term_string\"}],\"inLanguage\":\"de\"},{\"@type\":\"Person\",\"@id\":\"https:\/\/www.naturparkmagazin.de\/stechlin\/#\/schema\/person\/3f0d93203df21c806dd63c76d9bb28bc\",\"name\":\"marioschrumpf\",\"url\":\"https:\/\/www.naturparkmagazin.de\/stechlin\/author\/marioschrumpf\/\"}]}<\/script>\n<!-- \/ Yoast SEO plugin. -->","yoast_head_json":{"title":"Naturpark zu Gast beim Bundespr\u00e4sidenten - Naturpark Stechlin-Ruppiner Land","robots":{"index":"index","follow":"follow","max-snippet":"max-snippet:-1","max-image-preview":"max-image-preview:large","max-video-preview":"max-video-preview:-1"},"canonical":"https:\/\/www.naturparkmagazin.de\/stechlin\/naturpark-zu-gast-beim-bundespraesidenten\/","og_locale":"de_DE","og_type":"article","og_title":"Naturpark zu Gast beim Bundespr\u00e4sidenten - Naturpark Stechlin-Ruppiner Land","og_description":"Gleich mit drei Projekten ist der Naturpark vertreten zur 5. DBU-Umweltwoche am 7.\/8. Juni auf Schloss Bellevue in Berlin.","og_url":"https:\/\/www.naturparkmagazin.de\/stechlin\/naturpark-zu-gast-beim-bundespraesidenten\/","og_site_name":"Naturpark Stechlin-Ruppiner Land","article_published_time":"2016-05-16T08:20:30+00:00","article_modified_time":"2016-06-10T10:13:04+00:00","og_image":[{"width":200,"height":200,"url":"https:\/\/www.naturparkmagazin.de\/stechlin\/wp-content\/uploads\/sites\/38\/woche-der-umwelt.jpg","type":"image\/jpeg"}],"author":"marioschrumpf","twitter_misc":{"Verfasst von":"marioschrumpf","Gesch\u00e4tzte Lesezeit":"1\u00a0Minute"},"schema":{"@context":"https:\/\/schema.org","@graph":[{"@type":"WebPage","@id":"https:\/\/www.naturparkmagazin.de\/stechlin\/naturpark-zu-gast-beim-bundespraesidenten\/","url":"https:\/\/www.naturparkmagazin.de\/stechlin\/naturpark-zu-gast-beim-bundespraesidenten\/","name":"Naturpark zu Gast beim Bundespr\u00e4sidenten - Naturpark Stechlin-Ruppiner Land","isPartOf":{"@id":"https:\/\/www.naturparkmagazin.de\/stechlin\/#website"},"datePublished":"2016-05-16T08:20:30+00:00","dateModified":"2016-06-10T10:13:04+00:00","author":{"@id":"https:\/\/www.naturparkmagazin.de\/stechlin\/#\/schema\/person\/3f0d93203df21c806dd63c76d9bb28bc"},"breadcrumb":{"@id":"https:\/\/www.naturparkmagazin.de\/stechlin\/naturpark-zu-gast-beim-bundespraesidenten\/#breadcrumb"},"inLanguage":"de","potentialAction":[{"@type":"ReadAction","target":["https:\/\/www.naturparkmagazin.de\/stechlin\/naturpark-zu-gast-beim-bundespraesidenten\/"]}]},{"@type":"BreadcrumbList","@id":"https:\/\/www.naturparkmagazin.de\/stechlin\/naturpark-zu-gast-beim-bundespraesidenten\/#breadcrumb","itemListElement":[{"@type":"ListItem","position":1,"name":"Home","item":"https:\/\/www.naturparkmagazin.de\/stechlin\/"},{"@type":"ListItem","position":2,"name":"Naturpark zu Gast beim Bundespr\u00e4sidenten"}]},{"@type":"WebSite","@id":"https:\/\/www.naturparkmagazin.de\/stechlin\/#website","url":"https:\/\/www.naturparkmagazin.de\/stechlin\/","name":"Naturpark Stechlin-Ruppiner Land","description":"","potentialAction":[{"@type":"SearchAction","target":{"@type":"EntryPoint","urlTemplate":"https:\/\/www.naturparkmagazin.de\/stechlin\/?s={search_term_string}"},"query-input":"required name=search_term_string"}],"inLanguage":"de"},{"@type":"Person","@id":"https:\/\/www.naturparkmagazin.de\/stechlin\/#\/schema\/person\/3f0d93203df21c806dd63c76d9bb28bc","name":"marioschrumpf","url":"https:\/\/www.naturparkmagazin.de\/stechlin\/author\/marioschrumpf\/"}]}},"_links":{"self":[{"href":"https:\/\/www.naturparkmagazin.de\/stechlin\/wp-json\/wp\/v2\/posts\/3889"}],"collection":[{"href":"https:\/\/www.naturparkmagazin.de\/stechlin\/wp-json\/wp\/v2\/posts"}],"about":[{"href":"https:\/\/www.naturparkmagazin.de\/stechlin\/wp-json\/wp\/v2\/types\/post"}],"author":[{"embeddable":true,"href":"https:\/\/www.naturparkmagazin.de\/stechlin\/wp-json\/wp\/v2\/users\/39"}],"replies":[{"embeddable":true,"href":"https:\/\/www.naturparkmagazin.de\/stechlin\/wp-json\/wp\/v2\/comments?post=3889"}],"version-history":[{"count":6,"href":"https:\/\/www.naturparkmagazin.de\/stechlin\/wp-json\/wp\/v2\/posts\/3889\/revisions"}],"predecessor-version":[{"id":4086,"href":"https:\/\/www.naturparkmagazin.de\/stechlin\/wp-json\/wp\/v2\/posts\/3889\/revisions\/4086"}],"wp:featuredmedia":[{"embeddable":true,"href":"https:\/\/www.naturparkmagazin.de\/stechlin\/wp-json\/wp\/v2\/media\/3890"}],"wp:attachment":[{"href":"https:\/\/www.naturparkmagazin.de\/stechlin\/wp-json\/wp\/v2\/media?parent=3889"}],"wp:term":[{"taxonomy":"category","embeddable":true,"href":"https:\/\/www.naturparkmagazin.de\/stechlin\/wp-json\/wp\/v2\/categories?post=3889"},{"taxonomy":"post_tag","embeddable":true,"href":"https:\/\/www.naturparkmagazin.de\/stechlin\/wp-json\/wp\/v2\/tags?post=3889"}],"curies":[{"name":"wp","href":"https:\/\/api.w.org\/{rel}","templated":true}]}}