{"id":3894,"date":"2016-05-16T07:25:38","date_gmt":"2016-05-16T05:25:38","guid":{"rendered":"http:\/\/www.naturparkmagazin.de\/stechlin\/?p=3894"},"modified":"2016-05-26T12:16:36","modified_gmt":"2016-05-26T10:16:36","slug":"naturparkpartner-rheinsberger-preussenquelle-erhaelt-umweltzertifikat","status":"publish","type":"post","link":"https:\/\/www.naturparkmagazin.de\/stechlin\/naturparkpartner-rheinsberger-preussenquelle-erhaelt-umweltzertifikat\/","title":{"rendered":"Naturparkpartner Rheinsberger Preussenquelle erh\u00e4lt Umweltzertifikat"},"content":{"rendered":"<div id=\"attachment_3929\" style=\"width: 310px\" class=\"wp-caption alignleft\"><a href=\"https:\/\/www.naturparkmagazin.de\/stechlin\/wp-content\/uploads\/sites\/38\/Preussenquelle08.jpg\"><img aria-describedby=\"caption-attachment-3929\" decoding=\"async\" loading=\"lazy\" class=\"size-thumbnail wp-image-3929\" src=\"https:\/\/www.naturparkmagazin.de\/stechlin\/wp-content\/uploads\/sites\/38\/Preussenquelle08-300x180.jpg\" alt=\"Offizielle \u00dcbergabe des EMAS-Zertifikats\" width=\"300\" height=\"180\" srcset=\"https:\/\/www.naturparkmagazin.de\/stechlin\/wp-content\/uploads\/sites\/38\/Preussenquelle08-300x180.jpg 300w, https:\/\/www.naturparkmagazin.de\/stechlin\/wp-content\/uploads\/sites\/38\/Preussenquelle08.jpg 500w, https:\/\/www.naturparkmagazin.de\/stechlin\/wp-content\/uploads\/sites\/38\/Preussenquelle08-200x120.jpg 200w\" sizes=\"(max-width: 300px) 100vw, 300px\" \/><\/a><p id=\"caption-attachment-3929\" class=\"wp-caption-text\">Offizielle \u00dcbergabe des EMAS-Zertifikats<\/p><\/div>\n<p>&nbsp;<\/p>\n<p>&nbsp;<\/p>\n<p>&nbsp;<\/p>\n<p>&nbsp;<\/p>\n<p>&nbsp;<\/p>\n<p>&nbsp;<\/p>\n<p>&nbsp;<\/p>\n<p>&nbsp;<\/p>\n<p>Brandenburgs Umweltminister J\u00f6rg Vogels\u00e4nger \u00fcberreichte am 19. Mai gemeinsam mit IHK-Hauptgesch\u00e4ftsf\u00fchrer Prof. Mario Tobias die EMAS-Urkunde an die Rheinsberger Preussenquelle. Das Rheinsberger\u00a0Unternehmen erf\u00fcllt die Anforderungen des Europ\u00e4ischen Umweltaudit- und Managementsystem EMAS. In Brandenburg sind gegenw\u00e4rtig 37 Unternehmen und Organisationen mit knapp 150 Standorten registriert, die die EMAS-Kriterien erf\u00fcllen und die damit verbundenen Umweltleistungen erbringen. Die Rheinsberger Preussenquelle GmbH ist der erste ostdeutsche Mineralbrunnen, der in das EMAS-Register aufgenommen wurden ist. Vorangegangen war eine Pr\u00fcfung durch einen unabh\u00e4ngigen Umweltgutachter. Dieser hat auch die \u00f6ffentlich zug\u00e4ngliche Umwelterkl\u00e4rung f\u00fcr g\u00fcltig erkl\u00e4rt, die die Umweltleistungen des Unternehmens im Einzelnen dokumentiert und seine Umweltpolitik beschreibt. Die Industrie- und Handelskammer f\u00fchren das EMAS-Register, in das alle Organisationen nach erfolgreicher Einf\u00fchrung aufgenommen werden.<\/p>\n<div id=\"attachment_3930\" style=\"width: 310px\" class=\"wp-caption alignleft\"><a href=\"https:\/\/www.naturparkmagazin.de\/stechlin\/wp-content\/uploads\/sites\/38\/Preussenquelle19.jpg\"><img aria-describedby=\"caption-attachment-3930\" decoding=\"async\" loading=\"lazy\" class=\"size-thumbnail wp-image-3930\" src=\"https:\/\/www.naturparkmagazin.de\/stechlin\/wp-content\/uploads\/sites\/38\/Preussenquelle19-300x180.jpg\" alt=\"Gesch\u00e4ftsf\u00fchrer Frank Stieldorf erkl\u00e4rt Minister J\u00f6rg Vogels\u00e4nger die Abf\u00fcllanlage\" width=\"300\" height=\"180\" srcset=\"https:\/\/www.naturparkmagazin.de\/stechlin\/wp-content\/uploads\/sites\/38\/Preussenquelle19-300x180.jpg 300w, https:\/\/www.naturparkmagazin.de\/stechlin\/wp-content\/uploads\/sites\/38\/Preussenquelle19.jpg 500w, https:\/\/www.naturparkmagazin.de\/stechlin\/wp-content\/uploads\/sites\/38\/Preussenquelle19-200x120.jpg 200w\" sizes=\"(max-width: 300px) 100vw, 300px\" \/><\/a><p id=\"caption-attachment-3930\" class=\"wp-caption-text\">Gesch\u00e4ftsf\u00fchrer Frank Stieldorf erkl\u00e4rt Minister J\u00f6rg Vogels\u00e4nger die Abf\u00fcllanlage<\/p><\/div>\n<p>&nbsp;<\/p>\n<p>&nbsp;<\/p>\n<p>&nbsp;<\/p>\n<p>&nbsp;<\/p>\n<p>&nbsp;<\/p>\n<p>&nbsp;<\/p>\n<p>&nbsp;<\/p>\n<p>&nbsp;<\/p>\n<p>&nbsp;<\/p>\n<p>Den am EMAS teilnehmenden Unternehmen k\u00f6nnen Erleichterungen beim Vollzug von Umweltrecht gew\u00e4hrt werden. Tobias und Vogels\u00e4nger haben sich im Rahmen eines kurzen Betriebsrundganges \u00fcber die Umweltleistungen und Pl\u00e4ne des Unternehmens zu deren kontinuierlicher Verbesserung informiert.<\/p>\n<div id=\"attachment_3931\" style=\"width: 310px\" class=\"wp-caption alignleft\"><a href=\"https:\/\/www.naturparkmagazin.de\/stechlin\/wp-content\/uploads\/sites\/38\/Preussenquelle28.jpg\"><img aria-describedby=\"caption-attachment-3931\" decoding=\"async\" loading=\"lazy\" class=\"size-thumbnail wp-image-3931\" src=\"https:\/\/www.naturparkmagazin.de\/stechlin\/wp-content\/uploads\/sites\/38\/Preussenquelle28-300x180.jpg\" alt=\"Etikettiermaschine\" width=\"300\" height=\"180\" srcset=\"https:\/\/www.naturparkmagazin.de\/stechlin\/wp-content\/uploads\/sites\/38\/Preussenquelle28-300x180.jpg 300w, https:\/\/www.naturparkmagazin.de\/stechlin\/wp-content\/uploads\/sites\/38\/Preussenquelle28.jpg 500w, https:\/\/www.naturparkmagazin.de\/stechlin\/wp-content\/uploads\/sites\/38\/Preussenquelle28-200x120.jpg 200w\" sizes=\"(max-width: 300px) 100vw, 300px\" \/><\/a><p id=\"caption-attachment-3931\" class=\"wp-caption-text\">Etikettiermaschine<\/p><\/div>\n<p>&nbsp;<\/p>\n<p>&nbsp;<\/p>\n<p>&nbsp;<\/p>\n<p>&nbsp;<\/p>\n<p>&nbsp;<\/p>\n<p>&nbsp;<\/p>\n<p>&nbsp;<\/p>\n<p>&nbsp;<\/p>\n<p>Das Unternehmen verbindet eine enge Kooperation mit dem Naturpark Stechlin-Ruppiner Land. Im M\u00e4rz wurde diese Kooperation gerade mit der Unterzeichnung einer entsprechenden Vereinbarung offiziell besiegelt. Das Unternehmen engagiert sich in Naturschutz und Umweltbildungsprojekten im Sinne einer nachhaltigen Regionalentwicklung. Der Naturpark unterst\u00fctzt die Bio-Zertifizierung und die Regionalvermarktung der Preussenquelle.<\/p>\n<p>Mehr Infos unter: <a href=\"http:\/\/www.emas.de\">www.emas.de<\/a> und <a href=\"http:\/\/www.preussenquelle.de\">www.preussenquelle.de<\/a><\/p>\n<p>&nbsp;<\/p>\n","protected":false},"excerpt":{"rendered":"<p>Brandenburgs Umweltminister J\u00f6rg Vogels\u00e4nger \u00fcberreichte am 19. Mai gemeinsam mit IHK-Hauptgesch\u00e4ftsf\u00fchrer Prof. Mario Tobias die EMAS-Urkunde an die Rheinsberger Preussenquelle. <\/p>\n","protected":false},"author":39,"featured_media":3928,"comment_status":"open","ping_status":"open","sticky":false,"template":"","format":"standard","meta":[],"categories":[7],"tags":[],"yoast_head":"<!-- This site is optimized with the Yoast SEO plugin v19.10 - https:\/\/yoast.com\/wordpress\/plugins\/seo\/ -->\n<title>Naturparkpartner Rheinsberger Preussenquelle erh\u00e4lt Umweltzertifikat - Naturpark Stechlin-Ruppiner Land<\/title>\n<meta name=\"robots\" content=\"index, follow, max-snippet:-1, max-image-preview:large, max-video-preview:-1\" \/>\n<link rel=\"canonical\" href=\"https:\/\/www.naturparkmagazin.de\/stechlin\/naturparkpartner-rheinsberger-preussenquelle-erhaelt-umweltzertifikat\/\" \/>\n<meta property=\"og:locale\" content=\"de_DE\" \/>\n<meta property=\"og:type\" content=\"article\" \/>\n<meta property=\"og:title\" content=\"Naturparkpartner Rheinsberger Preussenquelle erh\u00e4lt Umweltzertifikat - Naturpark Stechlin-Ruppiner Land\" \/>\n<meta property=\"og:description\" content=\"Brandenburgs Umweltminister J\u00f6rg Vogels\u00e4nger \u00fcberreichte am 19. Mai gemeinsam mit IHK-Hauptgesch\u00e4ftsf\u00fchrer Prof. Mario Tobias die EMAS-Urkunde an die Rheinsberger Preussenquelle.\" \/>\n<meta property=\"og:url\" content=\"https:\/\/www.naturparkmagazin.de\/stechlin\/naturparkpartner-rheinsberger-preussenquelle-erhaelt-umweltzertifikat\/\" \/>\n<meta property=\"og:site_name\" content=\"Naturpark Stechlin-Ruppiner Land\" \/>\n<meta property=\"article:published_time\" content=\"2016-05-16T05:25:38+00:00\" \/>\n<meta property=\"article:modified_time\" content=\"2016-05-26T10:16:36+00:00\" \/>\n<meta property=\"og:image\" content=\"https:\/\/www.naturparkmagazin.de\/stechlin\/wp-content\/uploads\/sites\/38\/EMAS-Logo15.jpg\" \/>\n\t<meta property=\"og:image:width\" content=\"200\" \/>\n\t<meta property=\"og:image:height\" content=\"200\" \/>\n\t<meta property=\"og:image:type\" content=\"image\/jpeg\" \/>\n<meta name=\"author\" content=\"marioschrumpf\" \/>\n<meta name=\"twitter:label1\" content=\"Verfasst von\" \/>\n\t<meta name=\"twitter:data1\" content=\"marioschrumpf\" \/>\n\t<meta name=\"twitter:label2\" content=\"Gesch\u00e4tzte Lesezeit\" \/>\n\t<meta name=\"twitter:data2\" content=\"1\u00a0Minute\" \/>\n<script type=\"application\/ld+json\" class=\"yoast-schema-graph\">{\"@context\":\"https:\/\/schema.org\",\"@graph\":[{\"@type\":\"WebPage\",\"@id\":\"https:\/\/www.naturparkmagazin.de\/stechlin\/naturparkpartner-rheinsberger-preussenquelle-erhaelt-umweltzertifikat\/\",\"url\":\"https:\/\/www.naturparkmagazin.de\/stechlin\/naturparkpartner-rheinsberger-preussenquelle-erhaelt-umweltzertifikat\/\",\"name\":\"Naturparkpartner Rheinsberger Preussenquelle erh\u00e4lt Umweltzertifikat - Naturpark Stechlin-Ruppiner Land\",\"isPartOf\":{\"@id\":\"https:\/\/www.naturparkmagazin.de\/stechlin\/#website\"},\"datePublished\":\"2016-05-16T05:25:38+00:00\",\"dateModified\":\"2016-05-26T10:16:36+00:00\",\"author\":{\"@id\":\"https:\/\/www.naturparkmagazin.de\/stechlin\/#\/schema\/person\/3f0d93203df21c806dd63c76d9bb28bc\"},\"breadcrumb\":{\"@id\":\"https:\/\/www.naturparkmagazin.de\/stechlin\/naturparkpartner-rheinsberger-preussenquelle-erhaelt-umweltzertifikat\/#breadcrumb\"},\"inLanguage\":\"de\",\"potentialAction\":[{\"@type\":\"ReadAction\",\"target\":[\"https:\/\/www.naturparkmagazin.de\/stechlin\/naturparkpartner-rheinsberger-preussenquelle-erhaelt-umweltzertifikat\/\"]}]},{\"@type\":\"BreadcrumbList\",\"@id\":\"https:\/\/www.naturparkmagazin.de\/stechlin\/naturparkpartner-rheinsberger-preussenquelle-erhaelt-umweltzertifikat\/#breadcrumb\",\"itemListElement\":[{\"@type\":\"ListItem\",\"position\":1,\"name\":\"Home\",\"item\":\"https:\/\/www.naturparkmagazin.de\/stechlin\/\"},{\"@type\":\"ListItem\",\"position\":2,\"name\":\"Naturparkpartner Rheinsberger Preussenquelle erh\u00e4lt Umweltzertifikat\"}]},{\"@type\":\"WebSite\",\"@id\":\"https:\/\/www.naturparkmagazin.de\/stechlin\/#website\",\"url\":\"https:\/\/www.naturparkmagazin.de\/stechlin\/\",\"name\":\"Naturpark Stechlin-Ruppiner Land\",\"description\":\"\",\"potentialAction\":[{\"@type\":\"SearchAction\",\"target\":{\"@type\":\"EntryPoint\",\"urlTemplate\":\"https:\/\/www.naturparkmagazin.de\/stechlin\/?s={search_term_string}\"},\"query-input\":\"required name=search_term_string\"}],\"inLanguage\":\"de\"},{\"@type\":\"Person\",\"@id\":\"https:\/\/www.naturparkmagazin.de\/stechlin\/#\/schema\/person\/3f0d93203df21c806dd63c76d9bb28bc\",\"name\":\"marioschrumpf\",\"url\":\"https:\/\/www.naturparkmagazin.de\/stechlin\/author\/marioschrumpf\/\"}]}<\/script>\n<!-- \/ Yoast SEO plugin. -->","yoast_head_json":{"title":"Naturparkpartner Rheinsberger Preussenquelle erh\u00e4lt Umweltzertifikat - Naturpark Stechlin-Ruppiner Land","robots":{"index":"index","follow":"follow","max-snippet":"max-snippet:-1","max-image-preview":"max-image-preview:large","max-video-preview":"max-video-preview:-1"},"canonical":"https:\/\/www.naturparkmagazin.de\/stechlin\/naturparkpartner-rheinsberger-preussenquelle-erhaelt-umweltzertifikat\/","og_locale":"de_DE","og_type":"article","og_title":"Naturparkpartner Rheinsberger Preussenquelle erh\u00e4lt Umweltzertifikat - Naturpark Stechlin-Ruppiner Land","og_description":"Brandenburgs Umweltminister J\u00f6rg Vogels\u00e4nger \u00fcberreichte am 19. Mai gemeinsam mit IHK-Hauptgesch\u00e4ftsf\u00fchrer Prof. Mario Tobias die EMAS-Urkunde an die Rheinsberger Preussenquelle.","og_url":"https:\/\/www.naturparkmagazin.de\/stechlin\/naturparkpartner-rheinsberger-preussenquelle-erhaelt-umweltzertifikat\/","og_site_name":"Naturpark Stechlin-Ruppiner Land","article_published_time":"2016-05-16T05:25:38+00:00","article_modified_time":"2016-05-26T10:16:36+00:00","og_image":[{"width":200,"height":200,"url":"https:\/\/www.naturparkmagazin.de\/stechlin\/wp-content\/uploads\/sites\/38\/EMAS-Logo15.jpg","type":"image\/jpeg"}],"author":"marioschrumpf","twitter_misc":{"Verfasst von":"marioschrumpf","Gesch\u00e4tzte Lesezeit":"1\u00a0Minute"},"schema":{"@context":"https:\/\/schema.org","@graph":[{"@type":"WebPage","@id":"https:\/\/www.naturparkmagazin.de\/stechlin\/naturparkpartner-rheinsberger-preussenquelle-erhaelt-umweltzertifikat\/","url":"https:\/\/www.naturparkmagazin.de\/stechlin\/naturparkpartner-rheinsberger-preussenquelle-erhaelt-umweltzertifikat\/","name":"Naturparkpartner Rheinsberger Preussenquelle erh\u00e4lt Umweltzertifikat - Naturpark Stechlin-Ruppiner Land","isPartOf":{"@id":"https:\/\/www.naturparkmagazin.de\/stechlin\/#website"},"datePublished":"2016-05-16T05:25:38+00:00","dateModified":"2016-05-26T10:16:36+00:00","author":{"@id":"https:\/\/www.naturparkmagazin.de\/stechlin\/#\/schema\/person\/3f0d93203df21c806dd63c76d9bb28bc"},"breadcrumb":{"@id":"https:\/\/www.naturparkmagazin.de\/stechlin\/naturparkpartner-rheinsberger-preussenquelle-erhaelt-umweltzertifikat\/#breadcrumb"},"inLanguage":"de","potentialAction":[{"@type":"ReadAction","target":["https:\/\/www.naturparkmagazin.de\/stechlin\/naturparkpartner-rheinsberger-preussenquelle-erhaelt-umweltzertifikat\/"]}]},{"@type":"BreadcrumbList","@id":"https:\/\/www.naturparkmagazin.de\/stechlin\/naturparkpartner-rheinsberger-preussenquelle-erhaelt-umweltzertifikat\/#breadcrumb","itemListElement":[{"@type":"ListItem","position":1,"name":"Home","item":"https:\/\/www.naturparkmagazin.de\/stechlin\/"},{"@type":"ListItem","position":2,"name":"Naturparkpartner Rheinsberger Preussenquelle erh\u00e4lt Umweltzertifikat"}]},{"@type":"WebSite","@id":"https:\/\/www.naturparkmagazin.de\/stechlin\/#website","url":"https:\/\/www.naturparkmagazin.de\/stechlin\/","name":"Naturpark Stechlin-Ruppiner Land","description":"","potentialAction":[{"@type":"SearchAction","target":{"@type":"EntryPoint","urlTemplate":"https:\/\/www.naturparkmagazin.de\/stechlin\/?s={search_term_string}"},"query-input":"required name=search_term_string"}],"inLanguage":"de"},{"@type":"Person","@id":"https:\/\/www.naturparkmagazin.de\/stechlin\/#\/schema\/person\/3f0d93203df21c806dd63c76d9bb28bc","name":"marioschrumpf","url":"https:\/\/www.naturparkmagazin.de\/stechlin\/author\/marioschrumpf\/"}]}},"_links":{"self":[{"href":"https:\/\/www.naturparkmagazin.de\/stechlin\/wp-json\/wp\/v2\/posts\/3894"}],"collection":[{"href":"https:\/\/www.naturparkmagazin.de\/stechlin\/wp-json\/wp\/v2\/posts"}],"about":[{"href":"https:\/\/www.naturparkmagazin.de\/stechlin\/wp-json\/wp\/v2\/types\/post"}],"author":[{"embeddable":true,"href":"https:\/\/www.naturparkmagazin.de\/stechlin\/wp-json\/wp\/v2\/users\/39"}],"replies":[{"embeddable":true,"href":"https:\/\/www.naturparkmagazin.de\/stechlin\/wp-json\/wp\/v2\/comments?post=3894"}],"version-history":[{"count":5,"href":"https:\/\/www.naturparkmagazin.de\/stechlin\/wp-json\/wp\/v2\/posts\/3894\/revisions"}],"predecessor-version":[{"id":4035,"href":"https:\/\/www.naturparkmagazin.de\/stechlin\/wp-json\/wp\/v2\/posts\/3894\/revisions\/4035"}],"wp:featuredmedia":[{"embeddable":true,"href":"https:\/\/www.naturparkmagazin.de\/stechlin\/wp-json\/wp\/v2\/media\/3928"}],"wp:attachment":[{"href":"https:\/\/www.naturparkmagazin.de\/stechlin\/wp-json\/wp\/v2\/media?parent=3894"}],"wp:term":[{"taxonomy":"category","embeddable":true,"href":"https:\/\/www.naturparkmagazin.de\/stechlin\/wp-json\/wp\/v2\/categories?post=3894"},{"taxonomy":"post_tag","embeddable":true,"href":"https:\/\/www.naturparkmagazin.de\/stechlin\/wp-json\/wp\/v2\/tags?post=3894"}],"curies":[{"name":"wp","href":"https:\/\/api.w.org\/{rel}","templated":true}]}}