{"id":393,"date":"2013-11-29T09:10:42","date_gmt":"2013-11-29T07:10:42","guid":{"rendered":"http:\/\/www.naturparkmagazin.de\/stechlin\/?p=393"},"modified":"2013-12-02T12:37:10","modified_gmt":"2013-12-02T10:37:10","slug":"200-sportler-mit-und-ohne-behinderung-waren-aktiv-im-ruppiner-seenland","status":"publish","type":"post","link":"https:\/\/www.naturparkmagazin.de\/stechlin\/200-sportler-mit-und-ohne-behinderung-waren-aktiv-im-ruppiner-seenland\/","title":{"rendered":"200 Sportler mit und ohne Behinderung waren &#8222;Aktiv im Ruppiner Seenland&#8220;"},"content":{"rendered":"<p>Ende September nahmen 200 Sportler an der<strong> integrativen Sportveranstaltung &#8222;Aktiv durch das Ruppiner Seenland&#8220;<\/strong> in Menz teil. Egal ob mit oder ohne Behinderung &#8211; im Mittelpunkt steht das gemeinsame Sporttreiben. Die Streckenl\u00e4ngen variierten zwischen 1,5 und 25 km; wandern, laufen und Rad fahren waren im Angebot. Gemeinsam organisieren das Amt Gransee und Gemeinden, der Tourismusverband Ruppiner Seenland, der Ziegeleipark Mildenberg, das Behindertenhotel Rheinsberg der F\u00fcrst-Donnersmarck-Stiftung und der Naturpark Stechlin-Ruppiner Land seit Jahren diese Veranstaltung.<\/p>\n<p>Ein herzliches Dankesch\u00f6n an die BARMER-Krankenkasse und die &#8222;Aktion Mensch&#8220; f\u00fcr die finanzielle Unterst\u00fctzung!<\/p>\n<div id=\"attachment_397\" style=\"width: 630px\" class=\"wp-caption aligncenter\"><a href=\"https:\/\/www.naturparkmagazin.de\/stechlin\/wp-content\/uploads\/sites\/38\/k-DSC_0102.jpg\"><img aria-describedby=\"caption-attachment-397\" decoding=\"async\" loading=\"lazy\" class=\"size-medium wp-image-397 \" title=\"Peter Krause - Kuratoriumsvorsitzender des Naturparks nutzte die 25 km zur Vorbereitung auf den Berlin-Marathon\" alt=\"Peter Krause - Kuratoriumsvorsitzender des Naturparks nutzte die 25 km zur Vorbereitung auf den Berlin-Marathon\" src=\"https:\/\/www.naturparkmagazin.de\/stechlin\/wp-content\/uploads\/sites\/38\/k-DSC_0102-620x415.jpg\" width=\"620\" height=\"415\" srcset=\"https:\/\/www.naturparkmagazin.de\/stechlin\/wp-content\/uploads\/sites\/38\/k-DSC_0102-620x415.jpg 620w, https:\/\/www.naturparkmagazin.de\/stechlin\/wp-content\/uploads\/sites\/38\/k-DSC_0102-300x201.jpg 300w, https:\/\/www.naturparkmagazin.de\/stechlin\/wp-content\/uploads\/sites\/38\/k-DSC_0102-940x629.jpg 940w, https:\/\/www.naturparkmagazin.de\/stechlin\/wp-content\/uploads\/sites\/38\/k-DSC_0102-670x449.jpg 670w, https:\/\/www.naturparkmagazin.de\/stechlin\/wp-content\/uploads\/sites\/38\/k-DSC_0102-200x134.jpg 200w, https:\/\/www.naturparkmagazin.de\/stechlin\/wp-content\/uploads\/sites\/38\/k-DSC_0102.jpg 1936w\" sizes=\"(max-width: 620px) 100vw, 620px\" \/><\/a><p id=\"caption-attachment-397\" class=\"wp-caption-text\">Peter Krause &#8211; Kuratoriumsvorsitzender des Naturparks nutzte die 25 km zur Vorbereitung auf den Berlin-Marathon<\/p><\/div>\n<div id=\"attachment_398\" style=\"width: 630px\" class=\"wp-caption aligncenter\"><a href=\"https:\/\/www.naturparkmagazin.de\/stechlin\/wp-content\/uploads\/sites\/38\/k-DSC_0036.jpg\"><img aria-describedby=\"caption-attachment-398\" decoding=\"async\" loading=\"lazy\" class=\"size-medium wp-image-398 \" title=\"Jeder Teilnehmer erh\u00e4lt eine Medaille\" alt=\"Jeder Teilnehmer erh\u00e4lt eine Medaille\" src=\"https:\/\/www.naturparkmagazin.de\/stechlin\/wp-content\/uploads\/sites\/38\/k-DSC_0036-620x415.jpg\" width=\"620\" height=\"415\" \/><\/a><p id=\"caption-attachment-398\" class=\"wp-caption-text\">Jeder Teilnehmer erh\u00e4lt eine Medaille<\/p><\/div>\n","protected":false},"excerpt":{"rendered":"<p>Ende September nahmen 200 Sportler an der integrativen Sportveranstaltung &#8222;Aktiv durch das Ruppiner Seenland&#8220; in Menz teil. Egal ob mit oder ohne Behinderung &#8211; im Mittelpunkt steht das gemeinsame Sporttreiben. <\/p>\n","protected":false},"author":39,"featured_media":396,"comment_status":"open","ping_status":"open","sticky":false,"template":"","format":"standard","meta":[],"categories":[7],"tags":[],"yoast_head":"<!-- This site is optimized with the Yoast SEO plugin v19.10 - https:\/\/yoast.com\/wordpress\/plugins\/seo\/ -->\n<title>200 Sportler mit und ohne Behinderung waren &quot;Aktiv im Ruppiner Seenland&quot; - Naturpark Stechlin-Ruppiner Land<\/title>\n<meta name=\"robots\" content=\"index, follow, max-snippet:-1, max-image-preview:large, max-video-preview:-1\" \/>\n<link rel=\"canonical\" href=\"https:\/\/www.naturparkmagazin.de\/stechlin\/200-sportler-mit-und-ohne-behinderung-waren-aktiv-im-ruppiner-seenland\/\" \/>\n<meta property=\"og:locale\" content=\"de_DE\" \/>\n<meta property=\"og:type\" content=\"article\" \/>\n<meta property=\"og:title\" content=\"200 Sportler mit und ohne Behinderung waren &quot;Aktiv im Ruppiner Seenland&quot; - Naturpark Stechlin-Ruppiner Land\" \/>\n<meta property=\"og:description\" content=\"Ende September nahmen 200 Sportler an der integrativen Sportveranstaltung &quot;Aktiv durch das Ruppiner Seenland&quot; in Menz teil. Egal ob mit oder ohne Behinderung - im Mittelpunkt steht das gemeinsame Sporttreiben.\" \/>\n<meta property=\"og:url\" content=\"https:\/\/www.naturparkmagazin.de\/stechlin\/200-sportler-mit-und-ohne-behinderung-waren-aktiv-im-ruppiner-seenland\/\" \/>\n<meta property=\"og:site_name\" content=\"Naturpark Stechlin-Ruppiner Land\" \/>\n<meta property=\"article:published_time\" content=\"2013-11-29T07:10:42+00:00\" \/>\n<meta property=\"article:modified_time\" content=\"2013-12-02T10:37:10+00:00\" \/>\n<meta property=\"og:image\" content=\"https:\/\/www.naturparkmagazin.de\/stechlin\/wp-content\/uploads\/sites\/38\/k-DSC_0028.jpg\" \/>\n\t<meta property=\"og:image:width\" content=\"1936\" \/>\n\t<meta property=\"og:image:height\" content=\"1296\" \/>\n\t<meta property=\"og:image:type\" content=\"image\/jpeg\" \/>\n<meta name=\"author\" content=\"marioschrumpf\" \/>\n<meta name=\"twitter:label1\" content=\"Verfasst von\" \/>\n\t<meta name=\"twitter:data1\" content=\"marioschrumpf\" \/>\n\t<meta name=\"twitter:label2\" content=\"Gesch\u00e4tzte Lesezeit\" \/>\n\t<meta name=\"twitter:data2\" content=\"1\u00a0Minute\" \/>\n<script type=\"application\/ld+json\" class=\"yoast-schema-graph\">{\"@context\":\"https:\/\/schema.org\",\"@graph\":[{\"@type\":\"WebPage\",\"@id\":\"https:\/\/www.naturparkmagazin.de\/stechlin\/200-sportler-mit-und-ohne-behinderung-waren-aktiv-im-ruppiner-seenland\/\",\"url\":\"https:\/\/www.naturparkmagazin.de\/stechlin\/200-sportler-mit-und-ohne-behinderung-waren-aktiv-im-ruppiner-seenland\/\",\"name\":\"200 Sportler mit und ohne Behinderung waren \\\"Aktiv im Ruppiner Seenland\\\" - Naturpark Stechlin-Ruppiner Land\",\"isPartOf\":{\"@id\":\"https:\/\/www.naturparkmagazin.de\/stechlin\/#website\"},\"datePublished\":\"2013-11-29T07:10:42+00:00\",\"dateModified\":\"2013-12-02T10:37:10+00:00\",\"author\":{\"@id\":\"https:\/\/www.naturparkmagazin.de\/stechlin\/#\/schema\/person\/3f0d93203df21c806dd63c76d9bb28bc\"},\"breadcrumb\":{\"@id\":\"https:\/\/www.naturparkmagazin.de\/stechlin\/200-sportler-mit-und-ohne-behinderung-waren-aktiv-im-ruppiner-seenland\/#breadcrumb\"},\"inLanguage\":\"de\",\"potentialAction\":[{\"@type\":\"ReadAction\",\"target\":[\"https:\/\/www.naturparkmagazin.de\/stechlin\/200-sportler-mit-und-ohne-behinderung-waren-aktiv-im-ruppiner-seenland\/\"]}]},{\"@type\":\"BreadcrumbList\",\"@id\":\"https:\/\/www.naturparkmagazin.de\/stechlin\/200-sportler-mit-und-ohne-behinderung-waren-aktiv-im-ruppiner-seenland\/#breadcrumb\",\"itemListElement\":[{\"@type\":\"ListItem\",\"position\":1,\"name\":\"Home\",\"item\":\"https:\/\/www.naturparkmagazin.de\/stechlin\/\"},{\"@type\":\"ListItem\",\"position\":2,\"name\":\"200 Sportler mit und ohne Behinderung waren &#8222;Aktiv im Ruppiner Seenland&#8220;\"}]},{\"@type\":\"WebSite\",\"@id\":\"https:\/\/www.naturparkmagazin.de\/stechlin\/#website\",\"url\":\"https:\/\/www.naturparkmagazin.de\/stechlin\/\",\"name\":\"Naturpark Stechlin-Ruppiner Land\",\"description\":\"\",\"potentialAction\":[{\"@type\":\"SearchAction\",\"target\":{\"@type\":\"EntryPoint\",\"urlTemplate\":\"https:\/\/www.naturparkmagazin.de\/stechlin\/?s={search_term_string}\"},\"query-input\":\"required name=search_term_string\"}],\"inLanguage\":\"de\"},{\"@type\":\"Person\",\"@id\":\"https:\/\/www.naturparkmagazin.de\/stechlin\/#\/schema\/person\/3f0d93203df21c806dd63c76d9bb28bc\",\"name\":\"marioschrumpf\",\"url\":\"https:\/\/www.naturparkmagazin.de\/stechlin\/author\/marioschrumpf\/\"}]}<\/script>\n<!-- \/ Yoast SEO plugin. -->","yoast_head_json":{"title":"200 Sportler mit und ohne Behinderung waren \"Aktiv im Ruppiner Seenland\" - Naturpark Stechlin-Ruppiner Land","robots":{"index":"index","follow":"follow","max-snippet":"max-snippet:-1","max-image-preview":"max-image-preview:large","max-video-preview":"max-video-preview:-1"},"canonical":"https:\/\/www.naturparkmagazin.de\/stechlin\/200-sportler-mit-und-ohne-behinderung-waren-aktiv-im-ruppiner-seenland\/","og_locale":"de_DE","og_type":"article","og_title":"200 Sportler mit und ohne Behinderung waren \"Aktiv im Ruppiner Seenland\" - Naturpark Stechlin-Ruppiner Land","og_description":"Ende September nahmen 200 Sportler an der integrativen Sportveranstaltung \"Aktiv durch das Ruppiner Seenland\" in Menz teil. Egal ob mit oder ohne Behinderung - im Mittelpunkt steht das gemeinsame Sporttreiben.","og_url":"https:\/\/www.naturparkmagazin.de\/stechlin\/200-sportler-mit-und-ohne-behinderung-waren-aktiv-im-ruppiner-seenland\/","og_site_name":"Naturpark Stechlin-Ruppiner Land","article_published_time":"2013-11-29T07:10:42+00:00","article_modified_time":"2013-12-02T10:37:10+00:00","og_image":[{"width":1936,"height":1296,"url":"https:\/\/www.naturparkmagazin.de\/stechlin\/wp-content\/uploads\/sites\/38\/k-DSC_0028.jpg","type":"image\/jpeg"}],"author":"marioschrumpf","twitter_misc":{"Verfasst von":"marioschrumpf","Gesch\u00e4tzte Lesezeit":"1\u00a0Minute"},"schema":{"@context":"https:\/\/schema.org","@graph":[{"@type":"WebPage","@id":"https:\/\/www.naturparkmagazin.de\/stechlin\/200-sportler-mit-und-ohne-behinderung-waren-aktiv-im-ruppiner-seenland\/","url":"https:\/\/www.naturparkmagazin.de\/stechlin\/200-sportler-mit-und-ohne-behinderung-waren-aktiv-im-ruppiner-seenland\/","name":"200 Sportler mit und ohne Behinderung waren \"Aktiv im Ruppiner Seenland\" - Naturpark Stechlin-Ruppiner Land","isPartOf":{"@id":"https:\/\/www.naturparkmagazin.de\/stechlin\/#website"},"datePublished":"2013-11-29T07:10:42+00:00","dateModified":"2013-12-02T10:37:10+00:00","author":{"@id":"https:\/\/www.naturparkmagazin.de\/stechlin\/#\/schema\/person\/3f0d93203df21c806dd63c76d9bb28bc"},"breadcrumb":{"@id":"https:\/\/www.naturparkmagazin.de\/stechlin\/200-sportler-mit-und-ohne-behinderung-waren-aktiv-im-ruppiner-seenland\/#breadcrumb"},"inLanguage":"de","potentialAction":[{"@type":"ReadAction","target":["https:\/\/www.naturparkmagazin.de\/stechlin\/200-sportler-mit-und-ohne-behinderung-waren-aktiv-im-ruppiner-seenland\/"]}]},{"@type":"BreadcrumbList","@id":"https:\/\/www.naturparkmagazin.de\/stechlin\/200-sportler-mit-und-ohne-behinderung-waren-aktiv-im-ruppiner-seenland\/#breadcrumb","itemListElement":[{"@type":"ListItem","position":1,"name":"Home","item":"https:\/\/www.naturparkmagazin.de\/stechlin\/"},{"@type":"ListItem","position":2,"name":"200 Sportler mit und ohne Behinderung waren &#8222;Aktiv im Ruppiner Seenland&#8220;"}]},{"@type":"WebSite","@id":"https:\/\/www.naturparkmagazin.de\/stechlin\/#website","url":"https:\/\/www.naturparkmagazin.de\/stechlin\/","name":"Naturpark Stechlin-Ruppiner Land","description":"","potentialAction":[{"@type":"SearchAction","target":{"@type":"EntryPoint","urlTemplate":"https:\/\/www.naturparkmagazin.de\/stechlin\/?s={search_term_string}"},"query-input":"required name=search_term_string"}],"inLanguage":"de"},{"@type":"Person","@id":"https:\/\/www.naturparkmagazin.de\/stechlin\/#\/schema\/person\/3f0d93203df21c806dd63c76d9bb28bc","name":"marioschrumpf","url":"https:\/\/www.naturparkmagazin.de\/stechlin\/author\/marioschrumpf\/"}]}},"_links":{"self":[{"href":"https:\/\/www.naturparkmagazin.de\/stechlin\/wp-json\/wp\/v2\/posts\/393"}],"collection":[{"href":"https:\/\/www.naturparkmagazin.de\/stechlin\/wp-json\/wp\/v2\/posts"}],"about":[{"href":"https:\/\/www.naturparkmagazin.de\/stechlin\/wp-json\/wp\/v2\/types\/post"}],"author":[{"embeddable":true,"href":"https:\/\/www.naturparkmagazin.de\/stechlin\/wp-json\/wp\/v2\/users\/39"}],"replies":[{"embeddable":true,"href":"https:\/\/www.naturparkmagazin.de\/stechlin\/wp-json\/wp\/v2\/comments?post=393"}],"version-history":[{"count":8,"href":"https:\/\/www.naturparkmagazin.de\/stechlin\/wp-json\/wp\/v2\/posts\/393\/revisions"}],"predecessor-version":[{"id":509,"href":"https:\/\/www.naturparkmagazin.de\/stechlin\/wp-json\/wp\/v2\/posts\/393\/revisions\/509"}],"wp:featuredmedia":[{"embeddable":true,"href":"https:\/\/www.naturparkmagazin.de\/stechlin\/wp-json\/wp\/v2\/media\/396"}],"wp:attachment":[{"href":"https:\/\/www.naturparkmagazin.de\/stechlin\/wp-json\/wp\/v2\/media?parent=393"}],"wp:term":[{"taxonomy":"category","embeddable":true,"href":"https:\/\/www.naturparkmagazin.de\/stechlin\/wp-json\/wp\/v2\/categories?post=393"},{"taxonomy":"post_tag","embeddable":true,"href":"https:\/\/www.naturparkmagazin.de\/stechlin\/wp-json\/wp\/v2\/tags?post=393"}],"curies":[{"name":"wp","href":"https:\/\/api.w.org\/{rel}","templated":true}]}}