{"id":3933,"date":"2016-05-16T07:35:23","date_gmt":"2016-05-16T05:35:23","guid":{"rendered":"http:\/\/www.naturparkmagazin.de\/stechlin\/?p=3933"},"modified":"2016-05-26T12:14:06","modified_gmt":"2016-05-26T10:14:06","slug":"fotografie-objekte-malerei-ausstellung-im-kuenstlerhof-roofensee","status":"publish","type":"post","link":"https:\/\/www.naturparkmagazin.de\/stechlin\/fotografie-objekte-malerei-ausstellung-im-kuenstlerhof-roofensee\/","title":{"rendered":"Fotografie-Objekte-Malerei &#8211; Ausstellung im K\u00fcnstlerhof Roofensee"},"content":{"rendered":"<div id=\"attachment_3935\" style=\"width: 210px\" class=\"wp-caption alignleft\"><a href=\"https:\/\/www.naturparkmagazin.de\/stechlin\/wp-content\/uploads\/sites\/38\/Veganerin.jpg\"><img aria-describedby=\"caption-attachment-3935\" decoding=\"async\" loading=\"lazy\" class=\"size-full wp-image-3935\" src=\"https:\/\/www.naturparkmagazin.de\/stechlin\/wp-content\/uploads\/sites\/38\/Veganerin.jpg\" alt=\"Veganerin\" width=\"200\" height=\"300\" \/><\/a><p id=\"caption-attachment-3935\" class=\"wp-caption-text\">Veganerin<\/p><\/div>\n<p>&nbsp;<\/p>\n<p>&nbsp;<\/p>\n<p>&nbsp;<\/p>\n<p>&nbsp;<\/p>\n<p>&nbsp;<\/p>\n<p>&nbsp;<\/p>\n<p>&nbsp;<\/p>\n<p>&nbsp;<\/p>\n<p>&nbsp;<\/p>\n<p>&nbsp;<\/p>\n<p>&nbsp;<\/p>\n<p>&nbsp;<\/p>\n<p>Unter dem Titel &#8222;K\u00fcnstler der Galerie&#8220; stellen 10 K\u00fcnstler im Menzer K\u00fcnstlerhof Roofensee vom 13.5.-26.6.16 aus.<\/p>\n<p><a href=\"https:\/\/www.naturparkmagazin.de\/stechlin\/wp-content\/uploads\/sites\/38\/Lomas_Figur.jpg\"><img decoding=\"async\" loading=\"lazy\" class=\"alignleft size-full wp-image-3936\" src=\"https:\/\/www.naturparkmagazin.de\/stechlin\/wp-content\/uploads\/sites\/38\/Lomas_Figur.jpg\" alt=\"NP SRL\/Gudrun Lomas\" width=\"200\" height=\"300\" \/><\/a><\/p>\n<p>&nbsp;<\/p>\n<p>&nbsp;<\/p>\n<p>&nbsp;<\/p>\n<p>&nbsp;<\/p>\n<p>&nbsp;<\/p>\n<p>&nbsp;<\/p>\n<p>&nbsp;<\/p>\n<p>&nbsp;<\/p>\n<p>&nbsp;<\/p>\n<p>&nbsp;<\/p>\n<p>&nbsp;<\/p>\n<p>&nbsp;<\/p>\n<p>An der Gemeinschaftsausstellung sind beteiligt: Uwe D\u00f6bbecke, Elli und J\u00fcrgen Gr\u00e4tz, Robert G\u00fcnther, Gudrun und Kuno Lomas, Michael Rott, Martin Rupprecht, Ingolf Seidel und Sabine Slatosch. Die Ausstellung kann zu den \u00fcblichen \u00d6ffnungszeiten besucht werden. Der Eintritt ist frei.<\/p>\n<p>Weitere Infos: <a href=\"http:\/\/www.k\u00fcnstlerhof-roofensee.de\">www.k\u00fcnstlerhof-roofensee.de <\/a><\/p>\n","protected":false},"excerpt":{"rendered":"<p>Unter dem Titel &#8222;K\u00fcnstler der Galerie&#8220; stellen 10 K\u00fcnstler im Menzer K\u00fcnstlerhof Roofensee vom 13.5.-26.6.16 aus.<\/p>\n","protected":false},"author":39,"featured_media":3934,"comment_status":"open","ping_status":"open","sticky":false,"template":"","format":"standard","meta":[],"categories":[11],"tags":[],"yoast_head":"<!-- This site is optimized with the Yoast SEO plugin v19.10 - https:\/\/yoast.com\/wordpress\/plugins\/seo\/ -->\n<title>Fotografie-Objekte-Malerei - Ausstellung im K\u00fcnstlerhof Roofensee - Naturpark Stechlin-Ruppiner Land<\/title>\n<meta name=\"robots\" content=\"index, follow, max-snippet:-1, max-image-preview:large, max-video-preview:-1\" \/>\n<link rel=\"canonical\" href=\"https:\/\/www.naturparkmagazin.de\/stechlin\/fotografie-objekte-malerei-ausstellung-im-kuenstlerhof-roofensee\/\" \/>\n<meta property=\"og:locale\" content=\"de_DE\" \/>\n<meta property=\"og:type\" content=\"article\" \/>\n<meta property=\"og:title\" content=\"Fotografie-Objekte-Malerei - Ausstellung im K\u00fcnstlerhof Roofensee - Naturpark Stechlin-Ruppiner Land\" \/>\n<meta property=\"og:description\" content=\"Unter dem Titel &quot;K\u00fcnstler der Galerie&quot; stellen 10 K\u00fcnstler im Menzer K\u00fcnstlerhof Roofensee vom 13.5.-26.6.16 aus.\" \/>\n<meta property=\"og:url\" content=\"https:\/\/www.naturparkmagazin.de\/stechlin\/fotografie-objekte-malerei-ausstellung-im-kuenstlerhof-roofensee\/\" \/>\n<meta property=\"og:site_name\" content=\"Naturpark Stechlin-Ruppiner Land\" \/>\n<meta property=\"article:published_time\" content=\"2016-05-16T05:35:23+00:00\" \/>\n<meta property=\"article:modified_time\" content=\"2016-05-26T10:14:06+00:00\" \/>\n<meta property=\"og:image\" content=\"https:\/\/www.naturparkmagazin.de\/stechlin\/wp-content\/uploads\/sites\/38\/Sommerfest.jpg\" \/>\n\t<meta property=\"og:image:width\" content=\"200\" \/>\n\t<meta property=\"og:image:height\" content=\"200\" \/>\n\t<meta property=\"og:image:type\" content=\"image\/jpeg\" \/>\n<meta name=\"author\" content=\"marioschrumpf\" \/>\n<meta name=\"twitter:label1\" content=\"Verfasst von\" \/>\n\t<meta name=\"twitter:data1\" content=\"marioschrumpf\" \/>\n<script type=\"application\/ld+json\" class=\"yoast-schema-graph\">{\"@context\":\"https:\/\/schema.org\",\"@graph\":[{\"@type\":\"WebPage\",\"@id\":\"https:\/\/www.naturparkmagazin.de\/stechlin\/fotografie-objekte-malerei-ausstellung-im-kuenstlerhof-roofensee\/\",\"url\":\"https:\/\/www.naturparkmagazin.de\/stechlin\/fotografie-objekte-malerei-ausstellung-im-kuenstlerhof-roofensee\/\",\"name\":\"Fotografie-Objekte-Malerei - Ausstellung im K\u00fcnstlerhof Roofensee - Naturpark Stechlin-Ruppiner Land\",\"isPartOf\":{\"@id\":\"https:\/\/www.naturparkmagazin.de\/stechlin\/#website\"},\"datePublished\":\"2016-05-16T05:35:23+00:00\",\"dateModified\":\"2016-05-26T10:14:06+00:00\",\"author\":{\"@id\":\"https:\/\/www.naturparkmagazin.de\/stechlin\/#\/schema\/person\/3f0d93203df21c806dd63c76d9bb28bc\"},\"breadcrumb\":{\"@id\":\"https:\/\/www.naturparkmagazin.de\/stechlin\/fotografie-objekte-malerei-ausstellung-im-kuenstlerhof-roofensee\/#breadcrumb\"},\"inLanguage\":\"de\",\"potentialAction\":[{\"@type\":\"ReadAction\",\"target\":[\"https:\/\/www.naturparkmagazin.de\/stechlin\/fotografie-objekte-malerei-ausstellung-im-kuenstlerhof-roofensee\/\"]}]},{\"@type\":\"BreadcrumbList\",\"@id\":\"https:\/\/www.naturparkmagazin.de\/stechlin\/fotografie-objekte-malerei-ausstellung-im-kuenstlerhof-roofensee\/#breadcrumb\",\"itemListElement\":[{\"@type\":\"ListItem\",\"position\":1,\"name\":\"Home\",\"item\":\"https:\/\/www.naturparkmagazin.de\/stechlin\/\"},{\"@type\":\"ListItem\",\"position\":2,\"name\":\"Fotografie-Objekte-Malerei &#8211; Ausstellung im K\u00fcnstlerhof Roofensee\"}]},{\"@type\":\"WebSite\",\"@id\":\"https:\/\/www.naturparkmagazin.de\/stechlin\/#website\",\"url\":\"https:\/\/www.naturparkmagazin.de\/stechlin\/\",\"name\":\"Naturpark Stechlin-Ruppiner Land\",\"description\":\"\",\"potentialAction\":[{\"@type\":\"SearchAction\",\"target\":{\"@type\":\"EntryPoint\",\"urlTemplate\":\"https:\/\/www.naturparkmagazin.de\/stechlin\/?s={search_term_string}\"},\"query-input\":\"required name=search_term_string\"}],\"inLanguage\":\"de\"},{\"@type\":\"Person\",\"@id\":\"https:\/\/www.naturparkmagazin.de\/stechlin\/#\/schema\/person\/3f0d93203df21c806dd63c76d9bb28bc\",\"name\":\"marioschrumpf\",\"url\":\"https:\/\/www.naturparkmagazin.de\/stechlin\/author\/marioschrumpf\/\"}]}<\/script>\n<!-- \/ Yoast SEO plugin. -->","yoast_head_json":{"title":"Fotografie-Objekte-Malerei - Ausstellung im K\u00fcnstlerhof Roofensee - Naturpark Stechlin-Ruppiner Land","robots":{"index":"index","follow":"follow","max-snippet":"max-snippet:-1","max-image-preview":"max-image-preview:large","max-video-preview":"max-video-preview:-1"},"canonical":"https:\/\/www.naturparkmagazin.de\/stechlin\/fotografie-objekte-malerei-ausstellung-im-kuenstlerhof-roofensee\/","og_locale":"de_DE","og_type":"article","og_title":"Fotografie-Objekte-Malerei - Ausstellung im K\u00fcnstlerhof Roofensee - Naturpark Stechlin-Ruppiner Land","og_description":"Unter dem Titel \"K\u00fcnstler der Galerie\" stellen 10 K\u00fcnstler im Menzer K\u00fcnstlerhof Roofensee vom 13.5.-26.6.16 aus.","og_url":"https:\/\/www.naturparkmagazin.de\/stechlin\/fotografie-objekte-malerei-ausstellung-im-kuenstlerhof-roofensee\/","og_site_name":"Naturpark Stechlin-Ruppiner Land","article_published_time":"2016-05-16T05:35:23+00:00","article_modified_time":"2016-05-26T10:14:06+00:00","og_image":[{"width":200,"height":200,"url":"https:\/\/www.naturparkmagazin.de\/stechlin\/wp-content\/uploads\/sites\/38\/Sommerfest.jpg","type":"image\/jpeg"}],"author":"marioschrumpf","twitter_misc":{"Verfasst von":"marioschrumpf"},"schema":{"@context":"https:\/\/schema.org","@graph":[{"@type":"WebPage","@id":"https:\/\/www.naturparkmagazin.de\/stechlin\/fotografie-objekte-malerei-ausstellung-im-kuenstlerhof-roofensee\/","url":"https:\/\/www.naturparkmagazin.de\/stechlin\/fotografie-objekte-malerei-ausstellung-im-kuenstlerhof-roofensee\/","name":"Fotografie-Objekte-Malerei - Ausstellung im K\u00fcnstlerhof Roofensee - Naturpark Stechlin-Ruppiner Land","isPartOf":{"@id":"https:\/\/www.naturparkmagazin.de\/stechlin\/#website"},"datePublished":"2016-05-16T05:35:23+00:00","dateModified":"2016-05-26T10:14:06+00:00","author":{"@id":"https:\/\/www.naturparkmagazin.de\/stechlin\/#\/schema\/person\/3f0d93203df21c806dd63c76d9bb28bc"},"breadcrumb":{"@id":"https:\/\/www.naturparkmagazin.de\/stechlin\/fotografie-objekte-malerei-ausstellung-im-kuenstlerhof-roofensee\/#breadcrumb"},"inLanguage":"de","potentialAction":[{"@type":"ReadAction","target":["https:\/\/www.naturparkmagazin.de\/stechlin\/fotografie-objekte-malerei-ausstellung-im-kuenstlerhof-roofensee\/"]}]},{"@type":"BreadcrumbList","@id":"https:\/\/www.naturparkmagazin.de\/stechlin\/fotografie-objekte-malerei-ausstellung-im-kuenstlerhof-roofensee\/#breadcrumb","itemListElement":[{"@type":"ListItem","position":1,"name":"Home","item":"https:\/\/www.naturparkmagazin.de\/stechlin\/"},{"@type":"ListItem","position":2,"name":"Fotografie-Objekte-Malerei &#8211; Ausstellung im K\u00fcnstlerhof Roofensee"}]},{"@type":"WebSite","@id":"https:\/\/www.naturparkmagazin.de\/stechlin\/#website","url":"https:\/\/www.naturparkmagazin.de\/stechlin\/","name":"Naturpark Stechlin-Ruppiner Land","description":"","potentialAction":[{"@type":"SearchAction","target":{"@type":"EntryPoint","urlTemplate":"https:\/\/www.naturparkmagazin.de\/stechlin\/?s={search_term_string}"},"query-input":"required name=search_term_string"}],"inLanguage":"de"},{"@type":"Person","@id":"https:\/\/www.naturparkmagazin.de\/stechlin\/#\/schema\/person\/3f0d93203df21c806dd63c76d9bb28bc","name":"marioschrumpf","url":"https:\/\/www.naturparkmagazin.de\/stechlin\/author\/marioschrumpf\/"}]}},"_links":{"self":[{"href":"https:\/\/www.naturparkmagazin.de\/stechlin\/wp-json\/wp\/v2\/posts\/3933"}],"collection":[{"href":"https:\/\/www.naturparkmagazin.de\/stechlin\/wp-json\/wp\/v2\/posts"}],"about":[{"href":"https:\/\/www.naturparkmagazin.de\/stechlin\/wp-json\/wp\/v2\/types\/post"}],"author":[{"embeddable":true,"href":"https:\/\/www.naturparkmagazin.de\/stechlin\/wp-json\/wp\/v2\/users\/39"}],"replies":[{"embeddable":true,"href":"https:\/\/www.naturparkmagazin.de\/stechlin\/wp-json\/wp\/v2\/comments?post=3933"}],"version-history":[{"count":3,"href":"https:\/\/www.naturparkmagazin.de\/stechlin\/wp-json\/wp\/v2\/posts\/3933\/revisions"}],"predecessor-version":[{"id":4033,"href":"https:\/\/www.naturparkmagazin.de\/stechlin\/wp-json\/wp\/v2\/posts\/3933\/revisions\/4033"}],"wp:featuredmedia":[{"embeddable":true,"href":"https:\/\/www.naturparkmagazin.de\/stechlin\/wp-json\/wp\/v2\/media\/3934"}],"wp:attachment":[{"href":"https:\/\/www.naturparkmagazin.de\/stechlin\/wp-json\/wp\/v2\/media?parent=3933"}],"wp:term":[{"taxonomy":"category","embeddable":true,"href":"https:\/\/www.naturparkmagazin.de\/stechlin\/wp-json\/wp\/v2\/categories?post=3933"},{"taxonomy":"post_tag","embeddable":true,"href":"https:\/\/www.naturparkmagazin.de\/stechlin\/wp-json\/wp\/v2\/tags?post=3933"}],"curies":[{"name":"wp","href":"https:\/\/api.w.org\/{rel}","templated":true}]}}