{"id":4053,"date":"2016-06-15T11:25:50","date_gmt":"2016-06-15T09:25:50","guid":{"rendered":"http:\/\/www.naturparkmagazin.de\/stechlin\/?p=4053"},"modified":"2016-06-20T10:06:17","modified_gmt":"2016-06-20T08:06:17","slug":"salvadorianische-politiker-zu-gast-im-naturpark","status":"publish","type":"post","link":"https:\/\/www.naturparkmagazin.de\/stechlin\/salvadorianische-politiker-zu-gast-im-naturpark\/","title":{"rendered":"Salvadorianische Politiker zu Gast im Naturpark"},"content":{"rendered":"<p><em>&#8222;Ich freue mich, dass sich schon bis S\u00fcdamerika rumgesprochen hat, wie erfolgreich die Brandenburgischen Naturparke arbeiten und die G\u00e4ste von uns lernen wollen!&#8220;<\/em> freut sich Naturparkleiter Mario Schrumpf auf den Besuch.<\/p>\n<div id=\"attachment_4055\" style=\"width: 310px\" class=\"wp-caption alignleft\"><a href=\"https:\/\/www.naturparkmagazin.de\/stechlin\/wp-content\/uploads\/sites\/38\/Salvador03.jpg\"><img aria-describedby=\"caption-attachment-4055\" decoding=\"async\" loading=\"lazy\" class=\"size-thumbnail wp-image-4055\" src=\"https:\/\/www.naturparkmagazin.de\/stechlin\/wp-content\/uploads\/sites\/38\/Salvador03-300x180.jpg\" alt=\"Harald Petzold (rechts) begr\u00fc\u00dfte die G\u00e4ste im NaturParkHaus Stechlin\" width=\"300\" height=\"180\" srcset=\"https:\/\/www.naturparkmagazin.de\/stechlin\/wp-content\/uploads\/sites\/38\/Salvador03-300x180.jpg 300w, https:\/\/www.naturparkmagazin.de\/stechlin\/wp-content\/uploads\/sites\/38\/Salvador03.jpg 500w, https:\/\/www.naturparkmagazin.de\/stechlin\/wp-content\/uploads\/sites\/38\/Salvador03-200x120.jpg 200w\" sizes=\"(max-width: 300px) 100vw, 300px\" \/><\/a><p id=\"caption-attachment-4055\" class=\"wp-caption-text\">Harald Petzold (MdB, Die Linke, rechts) begr\u00fc\u00dfte die G\u00e4ste im NaturParkHaus Stechlin<\/p><\/div>\n<p>&nbsp;<\/p>\n<p>&nbsp;<\/p>\n<p>&nbsp;<\/p>\n<p>&nbsp;<\/p>\n<p>&nbsp;<\/p>\n<p>&nbsp;<\/p>\n<p>&nbsp;<\/p>\n<p>&nbsp;<\/p>\n<p>Am 2. Juni besuchten der B\u00fcrgermeister von San Antonio los Ranchos, Miguel Serrano und der 2. Sekret\u00e4r der Botschaft der Republik El Salvador den Naturpark. Die G\u00e4ste wurden begleitet von Harald Petzold, MdB (Die Linke). Im Mittelpunkt stand die Frage, wie werden Naturparke in Brandenburg erfolgreich gemanagt und wie wird vor Ort mit den Gemeinden zusammengearbeitet. Karin Schl\u00f6sser f\u00fchrte die G\u00e4ste durch das Besucherzentrum NaturParkHaus Stechlin und den Sinnesgarten.<\/p>\n<div id=\"attachment_4057\" style=\"width: 310px\" class=\"wp-caption alignleft\"><a href=\"https:\/\/www.naturparkmagazin.de\/stechlin\/wp-content\/uploads\/sites\/38\/Salvador030.jpg\"><img aria-describedby=\"caption-attachment-4057\" decoding=\"async\" loading=\"lazy\" class=\"size-thumbnail wp-image-4057\" src=\"https:\/\/www.naturparkmagazin.de\/stechlin\/wp-content\/uploads\/sites\/38\/Salvador030-300x180.jpg\" alt=\"Karin Schl\u00f6sser erkl\u00e4rt die Pflanzen im Sinnesgarten\" width=\"300\" height=\"180\" srcset=\"https:\/\/www.naturparkmagazin.de\/stechlin\/wp-content\/uploads\/sites\/38\/Salvador030-300x180.jpg 300w, https:\/\/www.naturparkmagazin.de\/stechlin\/wp-content\/uploads\/sites\/38\/Salvador030.jpg 500w, https:\/\/www.naturparkmagazin.de\/stechlin\/wp-content\/uploads\/sites\/38\/Salvador030-200x120.jpg 200w\" sizes=\"(max-width: 300px) 100vw, 300px\" \/><\/a><p id=\"caption-attachment-4057\" class=\"wp-caption-text\">Karin Schl\u00f6sser erkl\u00e4rt die Pflanzen im Sinnesgarten<\/p><\/div>\n<p>&nbsp;<\/p>\n<p>&nbsp;<\/p>\n<p>&nbsp;<\/p>\n<p>&nbsp;<\/p>\n<p>&nbsp;<\/p>\n<p>&nbsp;<\/p>\n<p>&nbsp;<\/p>\n<p>&nbsp;<\/p>\n<p>In der Diskussionsrunde mit dem stellv. B\u00fcrgermeister der Gemeinde Stechlin, Dr. Diethelm Ronneberger bei Kaffee und Kuchen konnten die Fragen der G\u00e4ste umfassend beantwortet werden. Eine Exkursion mit der Leiterin der Naturwacht, Anke Rudnik, zur Station Gro\u00dfer Barschsee des Naturerlebnispfades &#8222;Von Moor zu Moor&#8220; rundete das Besucherprogramm ab.<\/p>\n<div id=\"attachment_4056\" style=\"width: 310px\" class=\"wp-caption alignleft\"><a href=\"https:\/\/www.naturparkmagazin.de\/stechlin\/wp-content\/uploads\/sites\/38\/Salvador024.jpg\"><img aria-describedby=\"caption-attachment-4056\" decoding=\"async\" loading=\"lazy\" class=\"size-thumbnail wp-image-4056\" src=\"https:\/\/www.naturparkmagazin.de\/stechlin\/wp-content\/uploads\/sites\/38\/Salvador024-300x180.jpg\" alt=\"Bei Kaffee und Kuchen wurden die Fragen der G\u00e4ste beantwortet.\" width=\"300\" height=\"180\" srcset=\"https:\/\/www.naturparkmagazin.de\/stechlin\/wp-content\/uploads\/sites\/38\/Salvador024-300x180.jpg 300w, https:\/\/www.naturparkmagazin.de\/stechlin\/wp-content\/uploads\/sites\/38\/Salvador024.jpg 500w, https:\/\/www.naturparkmagazin.de\/stechlin\/wp-content\/uploads\/sites\/38\/Salvador024-200x120.jpg 200w\" sizes=\"(max-width: 300px) 100vw, 300px\" \/><\/a><p id=\"caption-attachment-4056\" class=\"wp-caption-text\">Bei Kaffee und Kuchen wurden die Fragen der G\u00e4ste beantwortet.<\/p><\/div>\n<p>&nbsp;<\/p>\n<p>&nbsp;<\/p>\n","protected":false},"excerpt":{"rendered":"<p>&#8222;Ich freue mich, dass sich schon bis S\u00fcdamerika rumgesprochen hat, wie erfolgreich die Brandenburgischen Naturparke arbeiten und die G\u00e4ste von uns lernen wollen!&#8220; freut sich Naturparkleiter Mario Schrumpf auf den Besuch.<\/p>\n","protected":false},"author":39,"featured_media":4054,"comment_status":"open","ping_status":"open","sticky":false,"template":"","format":"standard","meta":[],"categories":[7],"tags":[],"yoast_head":"<!-- This site is optimized with the Yoast SEO plugin v19.10 - https:\/\/yoast.com\/wordpress\/plugins\/seo\/ -->\n<title>Salvadorianische Politiker zu Gast im Naturpark - Naturpark Stechlin-Ruppiner Land<\/title>\n<meta name=\"robots\" content=\"index, follow, max-snippet:-1, max-image-preview:large, max-video-preview:-1\" \/>\n<link rel=\"canonical\" href=\"https:\/\/www.naturparkmagazin.de\/stechlin\/salvadorianische-politiker-zu-gast-im-naturpark\/\" \/>\n<meta property=\"og:locale\" content=\"de_DE\" \/>\n<meta property=\"og:type\" content=\"article\" \/>\n<meta property=\"og:title\" content=\"Salvadorianische Politiker zu Gast im Naturpark - Naturpark Stechlin-Ruppiner Land\" \/>\n<meta property=\"og:description\" content=\"&quot;Ich freue mich, dass sich schon bis S\u00fcdamerika rumgesprochen hat, wie erfolgreich die Brandenburgischen Naturparke arbeiten und die G\u00e4ste von uns lernen wollen!&quot; freut sich Naturparkleiter Mario Schrumpf auf den Besuch.\" \/>\n<meta property=\"og:url\" content=\"https:\/\/www.naturparkmagazin.de\/stechlin\/salvadorianische-politiker-zu-gast-im-naturpark\/\" \/>\n<meta property=\"og:site_name\" content=\"Naturpark Stechlin-Ruppiner Land\" \/>\n<meta property=\"article:published_time\" content=\"2016-06-15T09:25:50+00:00\" \/>\n<meta property=\"article:modified_time\" content=\"2016-06-20T08:06:17+00:00\" \/>\n<meta property=\"og:image\" content=\"https:\/\/www.naturparkmagazin.de\/stechlin\/wp-content\/uploads\/sites\/38\/Salvador.jpg\" \/>\n\t<meta property=\"og:image:width\" content=\"200\" \/>\n\t<meta property=\"og:image:height\" content=\"200\" \/>\n\t<meta property=\"og:image:type\" content=\"image\/jpeg\" \/>\n<meta name=\"author\" content=\"marioschrumpf\" \/>\n<meta name=\"twitter:label1\" content=\"Verfasst von\" \/>\n\t<meta name=\"twitter:data1\" content=\"marioschrumpf\" \/>\n\t<meta name=\"twitter:label2\" content=\"Gesch\u00e4tzte Lesezeit\" \/>\n\t<meta name=\"twitter:data2\" content=\"1\u00a0Minute\" \/>\n<script type=\"application\/ld+json\" class=\"yoast-schema-graph\">{\"@context\":\"https:\/\/schema.org\",\"@graph\":[{\"@type\":\"WebPage\",\"@id\":\"https:\/\/www.naturparkmagazin.de\/stechlin\/salvadorianische-politiker-zu-gast-im-naturpark\/\",\"url\":\"https:\/\/www.naturparkmagazin.de\/stechlin\/salvadorianische-politiker-zu-gast-im-naturpark\/\",\"name\":\"Salvadorianische Politiker zu Gast im Naturpark - Naturpark Stechlin-Ruppiner Land\",\"isPartOf\":{\"@id\":\"https:\/\/www.naturparkmagazin.de\/stechlin\/#website\"},\"datePublished\":\"2016-06-15T09:25:50+00:00\",\"dateModified\":\"2016-06-20T08:06:17+00:00\",\"author\":{\"@id\":\"https:\/\/www.naturparkmagazin.de\/stechlin\/#\/schema\/person\/3f0d93203df21c806dd63c76d9bb28bc\"},\"breadcrumb\":{\"@id\":\"https:\/\/www.naturparkmagazin.de\/stechlin\/salvadorianische-politiker-zu-gast-im-naturpark\/#breadcrumb\"},\"inLanguage\":\"de\",\"potentialAction\":[{\"@type\":\"ReadAction\",\"target\":[\"https:\/\/www.naturparkmagazin.de\/stechlin\/salvadorianische-politiker-zu-gast-im-naturpark\/\"]}]},{\"@type\":\"BreadcrumbList\",\"@id\":\"https:\/\/www.naturparkmagazin.de\/stechlin\/salvadorianische-politiker-zu-gast-im-naturpark\/#breadcrumb\",\"itemListElement\":[{\"@type\":\"ListItem\",\"position\":1,\"name\":\"Home\",\"item\":\"https:\/\/www.naturparkmagazin.de\/stechlin\/\"},{\"@type\":\"ListItem\",\"position\":2,\"name\":\"Salvadorianische Politiker zu Gast im Naturpark\"}]},{\"@type\":\"WebSite\",\"@id\":\"https:\/\/www.naturparkmagazin.de\/stechlin\/#website\",\"url\":\"https:\/\/www.naturparkmagazin.de\/stechlin\/\",\"name\":\"Naturpark Stechlin-Ruppiner Land\",\"description\":\"\",\"potentialAction\":[{\"@type\":\"SearchAction\",\"target\":{\"@type\":\"EntryPoint\",\"urlTemplate\":\"https:\/\/www.naturparkmagazin.de\/stechlin\/?s={search_term_string}\"},\"query-input\":\"required name=search_term_string\"}],\"inLanguage\":\"de\"},{\"@type\":\"Person\",\"@id\":\"https:\/\/www.naturparkmagazin.de\/stechlin\/#\/schema\/person\/3f0d93203df21c806dd63c76d9bb28bc\",\"name\":\"marioschrumpf\",\"url\":\"https:\/\/www.naturparkmagazin.de\/stechlin\/author\/marioschrumpf\/\"}]}<\/script>\n<!-- \/ Yoast SEO plugin. -->","yoast_head_json":{"title":"Salvadorianische Politiker zu Gast im Naturpark - Naturpark Stechlin-Ruppiner Land","robots":{"index":"index","follow":"follow","max-snippet":"max-snippet:-1","max-image-preview":"max-image-preview:large","max-video-preview":"max-video-preview:-1"},"canonical":"https:\/\/www.naturparkmagazin.de\/stechlin\/salvadorianische-politiker-zu-gast-im-naturpark\/","og_locale":"de_DE","og_type":"article","og_title":"Salvadorianische Politiker zu Gast im Naturpark - Naturpark Stechlin-Ruppiner Land","og_description":"\"Ich freue mich, dass sich schon bis S\u00fcdamerika rumgesprochen hat, wie erfolgreich die Brandenburgischen Naturparke arbeiten und die G\u00e4ste von uns lernen wollen!\" freut sich Naturparkleiter Mario Schrumpf auf den Besuch.","og_url":"https:\/\/www.naturparkmagazin.de\/stechlin\/salvadorianische-politiker-zu-gast-im-naturpark\/","og_site_name":"Naturpark Stechlin-Ruppiner Land","article_published_time":"2016-06-15T09:25:50+00:00","article_modified_time":"2016-06-20T08:06:17+00:00","og_image":[{"width":200,"height":200,"url":"https:\/\/www.naturparkmagazin.de\/stechlin\/wp-content\/uploads\/sites\/38\/Salvador.jpg","type":"image\/jpeg"}],"author":"marioschrumpf","twitter_misc":{"Verfasst von":"marioschrumpf","Gesch\u00e4tzte Lesezeit":"1\u00a0Minute"},"schema":{"@context":"https:\/\/schema.org","@graph":[{"@type":"WebPage","@id":"https:\/\/www.naturparkmagazin.de\/stechlin\/salvadorianische-politiker-zu-gast-im-naturpark\/","url":"https:\/\/www.naturparkmagazin.de\/stechlin\/salvadorianische-politiker-zu-gast-im-naturpark\/","name":"Salvadorianische Politiker zu Gast im Naturpark - Naturpark Stechlin-Ruppiner Land","isPartOf":{"@id":"https:\/\/www.naturparkmagazin.de\/stechlin\/#website"},"datePublished":"2016-06-15T09:25:50+00:00","dateModified":"2016-06-20T08:06:17+00:00","author":{"@id":"https:\/\/www.naturparkmagazin.de\/stechlin\/#\/schema\/person\/3f0d93203df21c806dd63c76d9bb28bc"},"breadcrumb":{"@id":"https:\/\/www.naturparkmagazin.de\/stechlin\/salvadorianische-politiker-zu-gast-im-naturpark\/#breadcrumb"},"inLanguage":"de","potentialAction":[{"@type":"ReadAction","target":["https:\/\/www.naturparkmagazin.de\/stechlin\/salvadorianische-politiker-zu-gast-im-naturpark\/"]}]},{"@type":"BreadcrumbList","@id":"https:\/\/www.naturparkmagazin.de\/stechlin\/salvadorianische-politiker-zu-gast-im-naturpark\/#breadcrumb","itemListElement":[{"@type":"ListItem","position":1,"name":"Home","item":"https:\/\/www.naturparkmagazin.de\/stechlin\/"},{"@type":"ListItem","position":2,"name":"Salvadorianische Politiker zu Gast im Naturpark"}]},{"@type":"WebSite","@id":"https:\/\/www.naturparkmagazin.de\/stechlin\/#website","url":"https:\/\/www.naturparkmagazin.de\/stechlin\/","name":"Naturpark Stechlin-Ruppiner Land","description":"","potentialAction":[{"@type":"SearchAction","target":{"@type":"EntryPoint","urlTemplate":"https:\/\/www.naturparkmagazin.de\/stechlin\/?s={search_term_string}"},"query-input":"required name=search_term_string"}],"inLanguage":"de"},{"@type":"Person","@id":"https:\/\/www.naturparkmagazin.de\/stechlin\/#\/schema\/person\/3f0d93203df21c806dd63c76d9bb28bc","name":"marioschrumpf","url":"https:\/\/www.naturparkmagazin.de\/stechlin\/author\/marioschrumpf\/"}]}},"_links":{"self":[{"href":"https:\/\/www.naturparkmagazin.de\/stechlin\/wp-json\/wp\/v2\/posts\/4053"}],"collection":[{"href":"https:\/\/www.naturparkmagazin.de\/stechlin\/wp-json\/wp\/v2\/posts"}],"about":[{"href":"https:\/\/www.naturparkmagazin.de\/stechlin\/wp-json\/wp\/v2\/types\/post"}],"author":[{"embeddable":true,"href":"https:\/\/www.naturparkmagazin.de\/stechlin\/wp-json\/wp\/v2\/users\/39"}],"replies":[{"embeddable":true,"href":"https:\/\/www.naturparkmagazin.de\/stechlin\/wp-json\/wp\/v2\/comments?post=4053"}],"version-history":[{"count":5,"href":"https:\/\/www.naturparkmagazin.de\/stechlin\/wp-json\/wp\/v2\/posts\/4053\/revisions"}],"predecessor-version":[{"id":4149,"href":"https:\/\/www.naturparkmagazin.de\/stechlin\/wp-json\/wp\/v2\/posts\/4053\/revisions\/4149"}],"wp:featuredmedia":[{"embeddable":true,"href":"https:\/\/www.naturparkmagazin.de\/stechlin\/wp-json\/wp\/v2\/media\/4054"}],"wp:attachment":[{"href":"https:\/\/www.naturparkmagazin.de\/stechlin\/wp-json\/wp\/v2\/media?parent=4053"}],"wp:term":[{"taxonomy":"category","embeddable":true,"href":"https:\/\/www.naturparkmagazin.de\/stechlin\/wp-json\/wp\/v2\/categories?post=4053"},{"taxonomy":"post_tag","embeddable":true,"href":"https:\/\/www.naturparkmagazin.de\/stechlin\/wp-json\/wp\/v2\/tags?post=4053"}],"curies":[{"name":"wp","href":"https:\/\/api.w.org\/{rel}","templated":true}]}}