{"id":4062,"date":"2016-06-15T11:54:38","date_gmt":"2016-06-15T09:54:38","guid":{"rendered":"http:\/\/www.naturparkmagazin.de\/stechlin\/?p=4062"},"modified":"2016-06-20T07:30:58","modified_gmt":"2016-06-20T05:30:58","slug":"vertragsnaturschutzrichtlinie-ist-im-juni-in-kraft-getreten","status":"publish","type":"post","link":"https:\/\/www.naturparkmagazin.de\/stechlin\/vertragsnaturschutzrichtlinie-ist-im-juni-in-kraft-getreten\/","title":{"rendered":"Vertragsnaturschutzrichtlinie ist im Juni in Kraft getreten"},"content":{"rendered":"<p>Brandenburgs Agrar- und Umweltminister J\u00f6rg Vogels\u00e4nger hat im Juni die Landesvorschrift zum Vertragsnaturschutz in Kraft gesetzt.<\/p>\n<p><a href=\"https:\/\/www.naturparkmagazin.de\/stechlin\/wp-content\/uploads\/sites\/38\/ziegen-nah_aufh\u00e4nger_klein.jpg\"><img decoding=\"async\" loading=\"lazy\" class=\"alignleft size-thumbnail wp-image-1423\" src=\"https:\/\/www.naturparkmagazin.de\/stechlin\/wp-content\/uploads\/sites\/38\/ziegen-nah_aufh\u00e4nger_klein-300x174.jpg\" alt=\"NP SRL\/Heiko Strobel\" width=\"300\" height=\"174\" srcset=\"https:\/\/www.naturparkmagazin.de\/stechlin\/wp-content\/uploads\/sites\/38\/ziegen-nah_aufh\u00e4nger_klein-300x174.jpg 300w, https:\/\/www.naturparkmagazin.de\/stechlin\/wp-content\/uploads\/sites\/38\/ziegen-nah_aufh\u00e4nger_klein.jpg 500w, https:\/\/www.naturparkmagazin.de\/stechlin\/wp-content\/uploads\/sites\/38\/ziegen-nah_aufh\u00e4nger_klein-200x116.jpg 200w\" sizes=\"(max-width: 300px) 100vw, 300px\" \/><\/a><\/p>\n<p>&nbsp;<\/p>\n<p>&nbsp;<\/p>\n<p>&nbsp;<\/p>\n<p>&nbsp;<\/p>\n<p>&nbsp;<\/p>\n<p>&nbsp;<\/p>\n<p>&nbsp;<\/p>\n<p>Vogels\u00e4nger: &#8222;<em>Der Vertragsnaturschutz ist die Grundlage f\u00fcr eine enge Kooperation zwischen Landwirtschaft und Naturschutz bei der Umsetzung von Natura 2000 sowie bei der Erf\u00fcllung zahlreicher Verpflichtungen zum Biotop- und Artenschutz. Der Vertragsnaturschutz erg\u00e4nzt die Agrarumweltma\u00dfnahmen insbesondere um F\u00f6rderm\u00f6glichkeiten f\u00fcr Naturschutzma\u00dfnahmen auf Ackerfl\u00e4chen. Somit ist Vertragsnaturschutz ein wichtiges Instrument zur Erh\u00f6hung der Biodiversit\u00e4t auf Ackerfl\u00e4chen&#8220;.<\/em><\/p>\n<p>Das Land stellt in diesem Jahr 1,34 Millionen Euro daf\u00fcr zur Verf\u00fcgung. \u00dcber Vereinbarungen im Vertragsnaturschutz werden vorrangig mehrj\u00e4hrige Vertr\u00e4ge mit Landnutzern auf freiwilliger Basis geschlossen, die damit Vereinbarungen zum Biotop- und Artenschutz erf\u00fcllen.<\/p>\n<p>Im Jahr 2015 konnten auf 8.000 ha Naturschutzma\u00dfnahmen durchgef\u00fchrt werden, wobei allein Projekte auf Acker- und Gr\u00fcnlandfl\u00e4chen mehr als 5.000 ha ausmachten. Dies zeigt auch die besondere Bedeutung und damit Verantwortung der Landwirtschaft f\u00fcr die Erhaltung der Artenvielfalt in Brandenburg.<\/p>\n<p>Als Ansprechpartner f\u00fcr Vertragsnaturschutzvereinbarungen im Naturpark Stechlin-Ruppiner Land steht Herr Strobel (Tel.: 033082\/407-14; Heiko.Strobel@lfu.Brandenburg.de) zur Verf\u00fcgung.<\/p>\n<p>Die vollst\u00e4ndige Richtlinie finden Sie <a href=\"http:\/\/www.mlul.brandenburg.de\/cms\/media.php\/lbm1.a.3310.de\/vv_vertragsnaturschutz2016.pdf\">hier<\/a>.<\/p>\n","protected":false},"excerpt":{"rendered":"<p>Brandenburgs Agrar- und Umweltminister J\u00f6rg Vogels\u00e4nger hat im Juni die Landesvorschrift zum Vertragsnaturschutz in Kraft gesetzt.<\/p>\n","protected":false},"author":39,"featured_media":4065,"comment_status":"open","ping_status":"open","sticky":false,"template":"","format":"standard","meta":[],"categories":[7],"tags":[],"yoast_head":"<!-- This site is optimized with the Yoast SEO plugin v19.10 - https:\/\/yoast.com\/wordpress\/plugins\/seo\/ -->\n<title>Vertragsnaturschutzrichtlinie ist im Juni in Kraft getreten - Naturpark Stechlin-Ruppiner Land<\/title>\n<meta name=\"robots\" content=\"index, follow, max-snippet:-1, max-image-preview:large, max-video-preview:-1\" \/>\n<link rel=\"canonical\" href=\"https:\/\/www.naturparkmagazin.de\/stechlin\/vertragsnaturschutzrichtlinie-ist-im-juni-in-kraft-getreten\/\" \/>\n<meta property=\"og:locale\" content=\"de_DE\" \/>\n<meta property=\"og:type\" content=\"article\" \/>\n<meta property=\"og:title\" content=\"Vertragsnaturschutzrichtlinie ist im Juni in Kraft getreten - Naturpark Stechlin-Ruppiner Land\" \/>\n<meta property=\"og:description\" content=\"Brandenburgs Agrar- und Umweltminister J\u00f6rg Vogels\u00e4nger hat im Juni die Landesvorschrift zum Vertragsnaturschutz in Kraft gesetzt.\" \/>\n<meta property=\"og:url\" content=\"https:\/\/www.naturparkmagazin.de\/stechlin\/vertragsnaturschutzrichtlinie-ist-im-juni-in-kraft-getreten\/\" \/>\n<meta property=\"og:site_name\" content=\"Naturpark Stechlin-Ruppiner Land\" \/>\n<meta property=\"article:published_time\" content=\"2016-06-15T09:54:38+00:00\" \/>\n<meta property=\"article:modified_time\" content=\"2016-06-20T05:30:58+00:00\" \/>\n<meta property=\"og:image\" content=\"https:\/\/www.naturparkmagazin.de\/stechlin\/wp-content\/uploads\/sites\/38\/VNS-Ziegen.jpg\" \/>\n\t<meta property=\"og:image:width\" content=\"200\" \/>\n\t<meta property=\"og:image:height\" content=\"200\" \/>\n\t<meta property=\"og:image:type\" content=\"image\/jpeg\" \/>\n<meta name=\"author\" content=\"marioschrumpf\" \/>\n<meta name=\"twitter:label1\" content=\"Verfasst von\" \/>\n\t<meta name=\"twitter:data1\" content=\"marioschrumpf\" \/>\n\t<meta name=\"twitter:label2\" content=\"Gesch\u00e4tzte Lesezeit\" \/>\n\t<meta name=\"twitter:data2\" content=\"1\u00a0Minute\" \/>\n<script type=\"application\/ld+json\" class=\"yoast-schema-graph\">{\"@context\":\"https:\/\/schema.org\",\"@graph\":[{\"@type\":\"WebPage\",\"@id\":\"https:\/\/www.naturparkmagazin.de\/stechlin\/vertragsnaturschutzrichtlinie-ist-im-juni-in-kraft-getreten\/\",\"url\":\"https:\/\/www.naturparkmagazin.de\/stechlin\/vertragsnaturschutzrichtlinie-ist-im-juni-in-kraft-getreten\/\",\"name\":\"Vertragsnaturschutzrichtlinie ist im Juni in Kraft getreten - Naturpark Stechlin-Ruppiner Land\",\"isPartOf\":{\"@id\":\"https:\/\/www.naturparkmagazin.de\/stechlin\/#website\"},\"datePublished\":\"2016-06-15T09:54:38+00:00\",\"dateModified\":\"2016-06-20T05:30:58+00:00\",\"author\":{\"@id\":\"https:\/\/www.naturparkmagazin.de\/stechlin\/#\/schema\/person\/3f0d93203df21c806dd63c76d9bb28bc\"},\"breadcrumb\":{\"@id\":\"https:\/\/www.naturparkmagazin.de\/stechlin\/vertragsnaturschutzrichtlinie-ist-im-juni-in-kraft-getreten\/#breadcrumb\"},\"inLanguage\":\"de\",\"potentialAction\":[{\"@type\":\"ReadAction\",\"target\":[\"https:\/\/www.naturparkmagazin.de\/stechlin\/vertragsnaturschutzrichtlinie-ist-im-juni-in-kraft-getreten\/\"]}]},{\"@type\":\"BreadcrumbList\",\"@id\":\"https:\/\/www.naturparkmagazin.de\/stechlin\/vertragsnaturschutzrichtlinie-ist-im-juni-in-kraft-getreten\/#breadcrumb\",\"itemListElement\":[{\"@type\":\"ListItem\",\"position\":1,\"name\":\"Home\",\"item\":\"https:\/\/www.naturparkmagazin.de\/stechlin\/\"},{\"@type\":\"ListItem\",\"position\":2,\"name\":\"Vertragsnaturschutzrichtlinie ist im Juni in Kraft getreten\"}]},{\"@type\":\"WebSite\",\"@id\":\"https:\/\/www.naturparkmagazin.de\/stechlin\/#website\",\"url\":\"https:\/\/www.naturparkmagazin.de\/stechlin\/\",\"name\":\"Naturpark Stechlin-Ruppiner Land\",\"description\":\"\",\"potentialAction\":[{\"@type\":\"SearchAction\",\"target\":{\"@type\":\"EntryPoint\",\"urlTemplate\":\"https:\/\/www.naturparkmagazin.de\/stechlin\/?s={search_term_string}\"},\"query-input\":\"required name=search_term_string\"}],\"inLanguage\":\"de\"},{\"@type\":\"Person\",\"@id\":\"https:\/\/www.naturparkmagazin.de\/stechlin\/#\/schema\/person\/3f0d93203df21c806dd63c76d9bb28bc\",\"name\":\"marioschrumpf\",\"url\":\"https:\/\/www.naturparkmagazin.de\/stechlin\/author\/marioschrumpf\/\"}]}<\/script>\n<!-- \/ Yoast SEO plugin. -->","yoast_head_json":{"title":"Vertragsnaturschutzrichtlinie ist im Juni in Kraft getreten - Naturpark Stechlin-Ruppiner Land","robots":{"index":"index","follow":"follow","max-snippet":"max-snippet:-1","max-image-preview":"max-image-preview:large","max-video-preview":"max-video-preview:-1"},"canonical":"https:\/\/www.naturparkmagazin.de\/stechlin\/vertragsnaturschutzrichtlinie-ist-im-juni-in-kraft-getreten\/","og_locale":"de_DE","og_type":"article","og_title":"Vertragsnaturschutzrichtlinie ist im Juni in Kraft getreten - Naturpark Stechlin-Ruppiner Land","og_description":"Brandenburgs Agrar- und Umweltminister J\u00f6rg Vogels\u00e4nger hat im Juni die Landesvorschrift zum Vertragsnaturschutz in Kraft gesetzt.","og_url":"https:\/\/www.naturparkmagazin.de\/stechlin\/vertragsnaturschutzrichtlinie-ist-im-juni-in-kraft-getreten\/","og_site_name":"Naturpark Stechlin-Ruppiner Land","article_published_time":"2016-06-15T09:54:38+00:00","article_modified_time":"2016-06-20T05:30:58+00:00","og_image":[{"width":200,"height":200,"url":"https:\/\/www.naturparkmagazin.de\/stechlin\/wp-content\/uploads\/sites\/38\/VNS-Ziegen.jpg","type":"image\/jpeg"}],"author":"marioschrumpf","twitter_misc":{"Verfasst von":"marioschrumpf","Gesch\u00e4tzte Lesezeit":"1\u00a0Minute"},"schema":{"@context":"https:\/\/schema.org","@graph":[{"@type":"WebPage","@id":"https:\/\/www.naturparkmagazin.de\/stechlin\/vertragsnaturschutzrichtlinie-ist-im-juni-in-kraft-getreten\/","url":"https:\/\/www.naturparkmagazin.de\/stechlin\/vertragsnaturschutzrichtlinie-ist-im-juni-in-kraft-getreten\/","name":"Vertragsnaturschutzrichtlinie ist im Juni in Kraft getreten - Naturpark Stechlin-Ruppiner Land","isPartOf":{"@id":"https:\/\/www.naturparkmagazin.de\/stechlin\/#website"},"datePublished":"2016-06-15T09:54:38+00:00","dateModified":"2016-06-20T05:30:58+00:00","author":{"@id":"https:\/\/www.naturparkmagazin.de\/stechlin\/#\/schema\/person\/3f0d93203df21c806dd63c76d9bb28bc"},"breadcrumb":{"@id":"https:\/\/www.naturparkmagazin.de\/stechlin\/vertragsnaturschutzrichtlinie-ist-im-juni-in-kraft-getreten\/#breadcrumb"},"inLanguage":"de","potentialAction":[{"@type":"ReadAction","target":["https:\/\/www.naturparkmagazin.de\/stechlin\/vertragsnaturschutzrichtlinie-ist-im-juni-in-kraft-getreten\/"]}]},{"@type":"BreadcrumbList","@id":"https:\/\/www.naturparkmagazin.de\/stechlin\/vertragsnaturschutzrichtlinie-ist-im-juni-in-kraft-getreten\/#breadcrumb","itemListElement":[{"@type":"ListItem","position":1,"name":"Home","item":"https:\/\/www.naturparkmagazin.de\/stechlin\/"},{"@type":"ListItem","position":2,"name":"Vertragsnaturschutzrichtlinie ist im Juni in Kraft getreten"}]},{"@type":"WebSite","@id":"https:\/\/www.naturparkmagazin.de\/stechlin\/#website","url":"https:\/\/www.naturparkmagazin.de\/stechlin\/","name":"Naturpark Stechlin-Ruppiner Land","description":"","potentialAction":[{"@type":"SearchAction","target":{"@type":"EntryPoint","urlTemplate":"https:\/\/www.naturparkmagazin.de\/stechlin\/?s={search_term_string}"},"query-input":"required name=search_term_string"}],"inLanguage":"de"},{"@type":"Person","@id":"https:\/\/www.naturparkmagazin.de\/stechlin\/#\/schema\/person\/3f0d93203df21c806dd63c76d9bb28bc","name":"marioschrumpf","url":"https:\/\/www.naturparkmagazin.de\/stechlin\/author\/marioschrumpf\/"}]}},"_links":{"self":[{"href":"https:\/\/www.naturparkmagazin.de\/stechlin\/wp-json\/wp\/v2\/posts\/4062"}],"collection":[{"href":"https:\/\/www.naturparkmagazin.de\/stechlin\/wp-json\/wp\/v2\/posts"}],"about":[{"href":"https:\/\/www.naturparkmagazin.de\/stechlin\/wp-json\/wp\/v2\/types\/post"}],"author":[{"embeddable":true,"href":"https:\/\/www.naturparkmagazin.de\/stechlin\/wp-json\/wp\/v2\/users\/39"}],"replies":[{"embeddable":true,"href":"https:\/\/www.naturparkmagazin.de\/stechlin\/wp-json\/wp\/v2\/comments?post=4062"}],"version-history":[{"count":6,"href":"https:\/\/www.naturparkmagazin.de\/stechlin\/wp-json\/wp\/v2\/posts\/4062\/revisions"}],"predecessor-version":[{"id":4066,"href":"https:\/\/www.naturparkmagazin.de\/stechlin\/wp-json\/wp\/v2\/posts\/4062\/revisions\/4066"}],"wp:featuredmedia":[{"embeddable":true,"href":"https:\/\/www.naturparkmagazin.de\/stechlin\/wp-json\/wp\/v2\/media\/4065"}],"wp:attachment":[{"href":"https:\/\/www.naturparkmagazin.de\/stechlin\/wp-json\/wp\/v2\/media?parent=4062"}],"wp:term":[{"taxonomy":"category","embeddable":true,"href":"https:\/\/www.naturparkmagazin.de\/stechlin\/wp-json\/wp\/v2\/categories?post=4062"},{"taxonomy":"post_tag","embeddable":true,"href":"https:\/\/www.naturparkmagazin.de\/stechlin\/wp-json\/wp\/v2\/tags?post=4062"}],"curies":[{"name":"wp","href":"https:\/\/api.w.org\/{rel}","templated":true}]}}