{"id":4069,"date":"2016-06-15T08:48:19","date_gmt":"2016-06-15T06:48:19","guid":{"rendered":"http:\/\/www.naturparkmagazin.de\/stechlin\/?p=4069"},"modified":"2016-06-20T07:27:18","modified_gmt":"2016-06-20T05:27:18","slug":"erfolgreiche-jungunternehmer","status":"publish","type":"post","link":"https:\/\/www.naturparkmagazin.de\/stechlin\/erfolgreiche-jungunternehmer\/","title":{"rendered":"Erfolgreiche Jungunternehmer"},"content":{"rendered":"<div id=\"attachment_4070\" style=\"width: 310px\" class=\"wp-caption alignleft\"><a href=\"https:\/\/www.naturparkmagazin.de\/stechlin\/wp-content\/uploads\/sites\/38\/Solanum-013.jpg\"><img aria-describedby=\"caption-attachment-4070\" decoding=\"async\" loading=\"lazy\" class=\"size-thumbnail wp-image-4070\" src=\"https:\/\/www.naturparkmagazin.de\/stechlin\/wp-content\/uploads\/sites\/38\/Solanum-013-300x180.jpg\" alt=\"Auch auf dem kulinarischen Festival Solanum in Rheinsberg konnte man Menzer Naturprodukte probieren.\" width=\"300\" height=\"180\" srcset=\"https:\/\/www.naturparkmagazin.de\/stechlin\/wp-content\/uploads\/sites\/38\/Solanum-013-300x180.jpg 300w, https:\/\/www.naturparkmagazin.de\/stechlin\/wp-content\/uploads\/sites\/38\/Solanum-013.jpg 500w, https:\/\/www.naturparkmagazin.de\/stechlin\/wp-content\/uploads\/sites\/38\/Solanum-013-200x120.jpg 200w\" sizes=\"(max-width: 300px) 100vw, 300px\" \/><\/a><p id=\"caption-attachment-4070\" class=\"wp-caption-text\">Auch auf dem kulinarischen Festival Solanum in Rheinsberg konnte man Menzer Naturprodukte probieren.<\/p><\/div>\n<p>&nbsp;<\/p>\n<p>&nbsp;<\/p>\n<p>&nbsp;<\/p>\n<p>&nbsp;<\/p>\n<p>&nbsp;<\/p>\n<p>&nbsp;<\/p>\n<p>&nbsp;<\/p>\n<p>&nbsp;<\/p>\n<p>Susanne Ludwig und Leo Tiede aus Menz produzieren erfolgreich Feinkost aus heimischen Fr\u00fcchten! Dabei greifen beide auf das zur\u00fcck, was in Garten, Wald und Wiese im Naturpark w\u00e4chst.<\/p>\n<p>Vorbild waren f\u00fcr beide die leckeren Sachen, die Oma Doris immer gekocht und eingeweckt hat. Marmeladen, Fruchtaufstriche, Ansatzlik\u00f6re und noch viel mehr schmackhaftes haben sich die beiden Studenten einfallen lassen. Mit ihren Gl\u00e4sern stehen sie nicht nur beim Menzer Waldfest oder Apfeltag am Marktstand. Ihre einzigartigen Produkte sind auch in den EDEKA-Superm\u00e4rkten in F\u00fcrstenberg\/Havel und Rheinsberg zu finden. Auch im Naturpark-Spezialit\u00e4ten-Shop k\u00f6nnen die Produkte bundesweit geordert werden. Mit ihrer &#8222;Wilden Holunderbl\u00fcte&#8220; haben die beiden Jungunternehmer sich dem Marmeladen-Casting 2016 gestellt und auf Anhieb einen ersten Preis in der Kategorie Manufaktur gewonnen.<\/p>\n<div id=\"attachment_4071\" style=\"width: 190px\" class=\"wp-caption alignleft\"><a href=\"https:\/\/www.naturparkmagazin.de\/stechlin\/wp-content\/uploads\/sites\/38\/Zertifikat-Ludwig-Tiede08.jpg\"><img aria-describedby=\"caption-attachment-4071\" decoding=\"async\" loading=\"lazy\" class=\"size-full wp-image-4071\" src=\"https:\/\/www.naturparkmagazin.de\/stechlin\/wp-content\/uploads\/sites\/38\/Zertifikat-Ludwig-Tiede08.jpg\" alt=\"Verdienter Lohn f\u00fcr das erfolgreiche Marmeladen-Casting 2016\" width=\"180\" height=\"250\" \/><\/a><p id=\"caption-attachment-4071\" class=\"wp-caption-text\">Verdienter Lohn f\u00fcr das erfolgreiche Marmeladen-Casting 2016<\/p><\/div>\n<p>&nbsp;<\/p>\n","protected":false},"excerpt":{"rendered":"<p>Susanne Ludwig und Leo Tiede aus Menz produzieren erfolgreich Feinkost aus heimischen Fr\u00fcchten!<\/p>\n","protected":false},"author":39,"featured_media":4089,"comment_status":"open","ping_status":"open","sticky":false,"template":"","format":"standard","meta":[],"categories":[8],"tags":[],"yoast_head":"<!-- This site is optimized with the Yoast SEO plugin v19.10 - https:\/\/yoast.com\/wordpress\/plugins\/seo\/ -->\n<title>Erfolgreiche Jungunternehmer - Naturpark Stechlin-Ruppiner Land<\/title>\n<meta name=\"robots\" content=\"index, follow, max-snippet:-1, max-image-preview:large, max-video-preview:-1\" \/>\n<link rel=\"canonical\" href=\"https:\/\/www.naturparkmagazin.de\/stechlin\/erfolgreiche-jungunternehmer\/\" \/>\n<meta property=\"og:locale\" content=\"de_DE\" \/>\n<meta property=\"og:type\" content=\"article\" \/>\n<meta property=\"og:title\" content=\"Erfolgreiche Jungunternehmer - Naturpark Stechlin-Ruppiner Land\" \/>\n<meta property=\"og:description\" content=\"Susanne Ludwig und Leo Tiede aus Menz produzieren erfolgreich Feinkost aus heimischen Fr\u00fcchten!\" \/>\n<meta property=\"og:url\" content=\"https:\/\/www.naturparkmagazin.de\/stechlin\/erfolgreiche-jungunternehmer\/\" \/>\n<meta property=\"og:site_name\" content=\"Naturpark Stechlin-Ruppiner Land\" \/>\n<meta property=\"article:published_time\" content=\"2016-06-15T06:48:19+00:00\" \/>\n<meta property=\"article:modified_time\" content=\"2016-06-20T05:27:18+00:00\" \/>\n<meta property=\"og:image\" content=\"https:\/\/www.naturparkmagazin.de\/stechlin\/wp-content\/uploads\/sites\/38\/Ludwig_Tiede.jpg\" \/>\n\t<meta property=\"og:image:width\" content=\"200\" \/>\n\t<meta property=\"og:image:height\" content=\"200\" \/>\n\t<meta property=\"og:image:type\" content=\"image\/jpeg\" \/>\n<meta name=\"author\" content=\"marioschrumpf\" \/>\n<meta name=\"twitter:label1\" content=\"Verfasst von\" \/>\n\t<meta name=\"twitter:data1\" content=\"marioschrumpf\" \/>\n\t<meta name=\"twitter:label2\" content=\"Gesch\u00e4tzte Lesezeit\" \/>\n\t<meta name=\"twitter:data2\" content=\"1\u00a0Minute\" \/>\n<script type=\"application\/ld+json\" class=\"yoast-schema-graph\">{\"@context\":\"https:\/\/schema.org\",\"@graph\":[{\"@type\":\"WebPage\",\"@id\":\"https:\/\/www.naturparkmagazin.de\/stechlin\/erfolgreiche-jungunternehmer\/\",\"url\":\"https:\/\/www.naturparkmagazin.de\/stechlin\/erfolgreiche-jungunternehmer\/\",\"name\":\"Erfolgreiche Jungunternehmer - Naturpark Stechlin-Ruppiner Land\",\"isPartOf\":{\"@id\":\"https:\/\/www.naturparkmagazin.de\/stechlin\/#website\"},\"datePublished\":\"2016-06-15T06:48:19+00:00\",\"dateModified\":\"2016-06-20T05:27:18+00:00\",\"author\":{\"@id\":\"https:\/\/www.naturparkmagazin.de\/stechlin\/#\/schema\/person\/3f0d93203df21c806dd63c76d9bb28bc\"},\"breadcrumb\":{\"@id\":\"https:\/\/www.naturparkmagazin.de\/stechlin\/erfolgreiche-jungunternehmer\/#breadcrumb\"},\"inLanguage\":\"de\",\"potentialAction\":[{\"@type\":\"ReadAction\",\"target\":[\"https:\/\/www.naturparkmagazin.de\/stechlin\/erfolgreiche-jungunternehmer\/\"]}]},{\"@type\":\"BreadcrumbList\",\"@id\":\"https:\/\/www.naturparkmagazin.de\/stechlin\/erfolgreiche-jungunternehmer\/#breadcrumb\",\"itemListElement\":[{\"@type\":\"ListItem\",\"position\":1,\"name\":\"Home\",\"item\":\"https:\/\/www.naturparkmagazin.de\/stechlin\/\"},{\"@type\":\"ListItem\",\"position\":2,\"name\":\"Erfolgreiche Jungunternehmer\"}]},{\"@type\":\"WebSite\",\"@id\":\"https:\/\/www.naturparkmagazin.de\/stechlin\/#website\",\"url\":\"https:\/\/www.naturparkmagazin.de\/stechlin\/\",\"name\":\"Naturpark Stechlin-Ruppiner Land\",\"description\":\"\",\"potentialAction\":[{\"@type\":\"SearchAction\",\"target\":{\"@type\":\"EntryPoint\",\"urlTemplate\":\"https:\/\/www.naturparkmagazin.de\/stechlin\/?s={search_term_string}\"},\"query-input\":\"required name=search_term_string\"}],\"inLanguage\":\"de\"},{\"@type\":\"Person\",\"@id\":\"https:\/\/www.naturparkmagazin.de\/stechlin\/#\/schema\/person\/3f0d93203df21c806dd63c76d9bb28bc\",\"name\":\"marioschrumpf\",\"url\":\"https:\/\/www.naturparkmagazin.de\/stechlin\/author\/marioschrumpf\/\"}]}<\/script>\n<!-- \/ Yoast SEO plugin. -->","yoast_head_json":{"title":"Erfolgreiche Jungunternehmer - Naturpark Stechlin-Ruppiner Land","robots":{"index":"index","follow":"follow","max-snippet":"max-snippet:-1","max-image-preview":"max-image-preview:large","max-video-preview":"max-video-preview:-1"},"canonical":"https:\/\/www.naturparkmagazin.de\/stechlin\/erfolgreiche-jungunternehmer\/","og_locale":"de_DE","og_type":"article","og_title":"Erfolgreiche Jungunternehmer - Naturpark Stechlin-Ruppiner Land","og_description":"Susanne Ludwig und Leo Tiede aus Menz produzieren erfolgreich Feinkost aus heimischen Fr\u00fcchten!","og_url":"https:\/\/www.naturparkmagazin.de\/stechlin\/erfolgreiche-jungunternehmer\/","og_site_name":"Naturpark Stechlin-Ruppiner Land","article_published_time":"2016-06-15T06:48:19+00:00","article_modified_time":"2016-06-20T05:27:18+00:00","og_image":[{"width":200,"height":200,"url":"https:\/\/www.naturparkmagazin.de\/stechlin\/wp-content\/uploads\/sites\/38\/Ludwig_Tiede.jpg","type":"image\/jpeg"}],"author":"marioschrumpf","twitter_misc":{"Verfasst von":"marioschrumpf","Gesch\u00e4tzte Lesezeit":"1\u00a0Minute"},"schema":{"@context":"https:\/\/schema.org","@graph":[{"@type":"WebPage","@id":"https:\/\/www.naturparkmagazin.de\/stechlin\/erfolgreiche-jungunternehmer\/","url":"https:\/\/www.naturparkmagazin.de\/stechlin\/erfolgreiche-jungunternehmer\/","name":"Erfolgreiche Jungunternehmer - Naturpark Stechlin-Ruppiner Land","isPartOf":{"@id":"https:\/\/www.naturparkmagazin.de\/stechlin\/#website"},"datePublished":"2016-06-15T06:48:19+00:00","dateModified":"2016-06-20T05:27:18+00:00","author":{"@id":"https:\/\/www.naturparkmagazin.de\/stechlin\/#\/schema\/person\/3f0d93203df21c806dd63c76d9bb28bc"},"breadcrumb":{"@id":"https:\/\/www.naturparkmagazin.de\/stechlin\/erfolgreiche-jungunternehmer\/#breadcrumb"},"inLanguage":"de","potentialAction":[{"@type":"ReadAction","target":["https:\/\/www.naturparkmagazin.de\/stechlin\/erfolgreiche-jungunternehmer\/"]}]},{"@type":"BreadcrumbList","@id":"https:\/\/www.naturparkmagazin.de\/stechlin\/erfolgreiche-jungunternehmer\/#breadcrumb","itemListElement":[{"@type":"ListItem","position":1,"name":"Home","item":"https:\/\/www.naturparkmagazin.de\/stechlin\/"},{"@type":"ListItem","position":2,"name":"Erfolgreiche Jungunternehmer"}]},{"@type":"WebSite","@id":"https:\/\/www.naturparkmagazin.de\/stechlin\/#website","url":"https:\/\/www.naturparkmagazin.de\/stechlin\/","name":"Naturpark Stechlin-Ruppiner Land","description":"","potentialAction":[{"@type":"SearchAction","target":{"@type":"EntryPoint","urlTemplate":"https:\/\/www.naturparkmagazin.de\/stechlin\/?s={search_term_string}"},"query-input":"required name=search_term_string"}],"inLanguage":"de"},{"@type":"Person","@id":"https:\/\/www.naturparkmagazin.de\/stechlin\/#\/schema\/person\/3f0d93203df21c806dd63c76d9bb28bc","name":"marioschrumpf","url":"https:\/\/www.naturparkmagazin.de\/stechlin\/author\/marioschrumpf\/"}]}},"_links":{"self":[{"href":"https:\/\/www.naturparkmagazin.de\/stechlin\/wp-json\/wp\/v2\/posts\/4069"}],"collection":[{"href":"https:\/\/www.naturparkmagazin.de\/stechlin\/wp-json\/wp\/v2\/posts"}],"about":[{"href":"https:\/\/www.naturparkmagazin.de\/stechlin\/wp-json\/wp\/v2\/types\/post"}],"author":[{"embeddable":true,"href":"https:\/\/www.naturparkmagazin.de\/stechlin\/wp-json\/wp\/v2\/users\/39"}],"replies":[{"embeddable":true,"href":"https:\/\/www.naturparkmagazin.de\/stechlin\/wp-json\/wp\/v2\/comments?post=4069"}],"version-history":[{"count":2,"href":"https:\/\/www.naturparkmagazin.de\/stechlin\/wp-json\/wp\/v2\/posts\/4069\/revisions"}],"predecessor-version":[{"id":4147,"href":"https:\/\/www.naturparkmagazin.de\/stechlin\/wp-json\/wp\/v2\/posts\/4069\/revisions\/4147"}],"wp:featuredmedia":[{"embeddable":true,"href":"https:\/\/www.naturparkmagazin.de\/stechlin\/wp-json\/wp\/v2\/media\/4089"}],"wp:attachment":[{"href":"https:\/\/www.naturparkmagazin.de\/stechlin\/wp-json\/wp\/v2\/media?parent=4069"}],"wp:term":[{"taxonomy":"category","embeddable":true,"href":"https:\/\/www.naturparkmagazin.de\/stechlin\/wp-json\/wp\/v2\/categories?post=4069"},{"taxonomy":"post_tag","embeddable":true,"href":"https:\/\/www.naturparkmagazin.de\/stechlin\/wp-json\/wp\/v2\/tags?post=4069"}],"curies":[{"name":"wp","href":"https:\/\/api.w.org\/{rel}","templated":true}]}}