{"id":407,"date":"2013-10-29T09:55:27","date_gmt":"2013-10-29T07:55:27","guid":{"rendered":"http:\/\/www.naturparkmagazin.de\/stechlin\/?p=407"},"modified":"2013-10-30T13:34:00","modified_gmt":"2013-10-30T11:34:00","slug":"einladung-zur-projektbegleitenden-arbeitsgruppe-fuer-den-managementplan-stechlin","status":"publish","type":"post","link":"https:\/\/www.naturparkmagazin.de\/stechlin\/einladung-zur-projektbegleitenden-arbeitsgruppe-fuer-den-managementplan-stechlin\/","title":{"rendered":"Einladung zur Projektbegleitenden Arbeitsgruppe f\u00fcr den Managementplan Stechlin"},"content":{"rendered":"<div id=\"attachment_409\" style=\"width: 630px\" class=\"wp-caption alignnone\"><a href=\"https:\/\/www.naturparkmagazin.de\/stechlin\/wp-content\/uploads\/sites\/38\/k-DSC_0300.jpg\"><img aria-describedby=\"caption-attachment-409\" decoding=\"async\" loading=\"lazy\" class=\"size-medium wp-image-409 \" title=\"Totholz ist ein wichtiger Lebensraum f\u00fcr zahlreiche Tierarten\" alt=\"Totholz ist ein wichtiger Lebensraum f\u00fcr zahlreiche Tierarten\" src=\"https:\/\/www.naturparkmagazin.de\/stechlin\/wp-content\/uploads\/sites\/38\/k-DSC_0300-620x415.jpg\" width=\"620\" height=\"415\" srcset=\"https:\/\/www.naturparkmagazin.de\/stechlin\/wp-content\/uploads\/sites\/38\/k-DSC_0300-620x415.jpg 620w, https:\/\/www.naturparkmagazin.de\/stechlin\/wp-content\/uploads\/sites\/38\/k-DSC_0300-300x201.jpg 300w, https:\/\/www.naturparkmagazin.de\/stechlin\/wp-content\/uploads\/sites\/38\/k-DSC_0300-940x629.jpg 940w, https:\/\/www.naturparkmagazin.de\/stechlin\/wp-content\/uploads\/sites\/38\/k-DSC_0300-670x449.jpg 670w, https:\/\/www.naturparkmagazin.de\/stechlin\/wp-content\/uploads\/sites\/38\/k-DSC_0300-200x134.jpg 200w, https:\/\/www.naturparkmagazin.de\/stechlin\/wp-content\/uploads\/sites\/38\/k-DSC_0300.jpg 1936w\" sizes=\"(max-width: 620px) 100vw, 620px\" \/><\/a><p id=\"caption-attachment-409\" class=\"wp-caption-text\">Totholz ist ein wichtiger Lebensraum f\u00fcr zahlreiche Tierarten<\/p><\/div>\n<p>Die NATURA 2000-Managementplanung im Naturpark geht dem Ende entgegen. Bisher wurden Managementpl\u00e4ne f\u00fcr 22 Fauna-Flora-Habitat (FFH)- und 2 EU-Vogelschutzgebiete fertiggestellt. Bis Jahresende folgt der Managementplan f\u00fcr das FFH- und EU-Vogelschutzgebiet Stechlin. Dieses Gebiet ist mit 8.655 ha das gr\u00f6\u00dfte und bedeutendste NATURA 2000-Gebiet im Naturpark.<\/p>\n<p>Am <strong>7. November, 9 Uhr<\/strong> findet die <strong>Projektbegleitende Arbeitsgruppen-Sitzung<\/strong> f\u00fcr das <strong>FFH- und EU-Vogelschutzgebiet Stechlin<\/strong> in der Regionalwerkstatt Stechlin in Menz statt. Nach Beteiligung der Tr\u00e4ger \u00f6ffentlicher Belange und der \u00f6ffentlichen Auslegung des Entwurfs in der Naturparkverwaltung werden insbesondere die noch offenen Fragen, Stellungnahmen und Konflikte vorgestellt und diekutiert. Interessenten sind dazu herzlichst eingeladen.<\/p>\n<p>&nbsp;<\/p>\n<div id=\"attachment_410\" style=\"width: 630px\" class=\"wp-caption alignnone\"><a href=\"https:\/\/www.naturparkmagazin.de\/stechlin\/wp-content\/uploads\/sites\/38\/k-DSC_0170.jpg\"><img aria-describedby=\"caption-attachment-410\" decoding=\"async\" loading=\"lazy\" class=\"size-medium wp-image-410 \" title=\"Renaturiertes Moor am Polzowkanal mit Krebsschere\" alt=\"Renaturiertes Moor am Polzowkanal mit Krebsschere\" src=\"https:\/\/www.naturparkmagazin.de\/stechlin\/wp-content\/uploads\/sites\/38\/k-DSC_0170-620x415.jpg\" width=\"620\" height=\"415\" srcset=\"https:\/\/www.naturparkmagazin.de\/stechlin\/wp-content\/uploads\/sites\/38\/k-DSC_0170-620x415.jpg 620w, https:\/\/www.naturparkmagazin.de\/stechlin\/wp-content\/uploads\/sites\/38\/k-DSC_0170-300x201.jpg 300w, https:\/\/www.naturparkmagazin.de\/stechlin\/wp-content\/uploads\/sites\/38\/k-DSC_0170-940x629.jpg 940w, https:\/\/www.naturparkmagazin.de\/stechlin\/wp-content\/uploads\/sites\/38\/k-DSC_0170-670x449.jpg 670w, https:\/\/www.naturparkmagazin.de\/stechlin\/wp-content\/uploads\/sites\/38\/k-DSC_0170-200x134.jpg 200w, https:\/\/www.naturparkmagazin.de\/stechlin\/wp-content\/uploads\/sites\/38\/k-DSC_0170.jpg 1936w\" sizes=\"(max-width: 620px) 100vw, 620px\" \/><\/a><p id=\"caption-attachment-410\" class=\"wp-caption-text\">Renaturiertes Moor am Polzowkanal mit Krebsschere<\/p><\/div>\n<p>&nbsp;<\/p>\n","protected":false},"excerpt":{"rendered":"<p>Am 7. November, 9 Uhr findet die Projektbegleitende Arbeitsgruppen-Sitzung f\u00fcr das FFH- und EU-Vogelschutzgebiet Stechlin in der Regionalwerkstatt Stechlin in Menz statt. <\/p>\n","protected":false},"author":39,"featured_media":408,"comment_status":"open","ping_status":"open","sticky":false,"template":"","format":"standard","meta":[],"categories":[11],"tags":[],"yoast_head":"<!-- This site is optimized with the Yoast SEO plugin v19.10 - https:\/\/yoast.com\/wordpress\/plugins\/seo\/ -->\n<title>Einladung zur Projektbegleitenden Arbeitsgruppe f\u00fcr den Managementplan Stechlin - Naturpark Stechlin-Ruppiner Land<\/title>\n<meta name=\"robots\" content=\"index, follow, max-snippet:-1, max-image-preview:large, max-video-preview:-1\" \/>\n<link rel=\"canonical\" href=\"https:\/\/www.naturparkmagazin.de\/stechlin\/einladung-zur-projektbegleitenden-arbeitsgruppe-fuer-den-managementplan-stechlin\/\" \/>\n<meta property=\"og:locale\" content=\"de_DE\" \/>\n<meta property=\"og:type\" content=\"article\" \/>\n<meta property=\"og:title\" content=\"Einladung zur Projektbegleitenden Arbeitsgruppe f\u00fcr den Managementplan Stechlin - Naturpark Stechlin-Ruppiner Land\" \/>\n<meta property=\"og:description\" content=\"Am 7. November, 9 Uhr findet die Projektbegleitende Arbeitsgruppen-Sitzung f\u00fcr das FFH- und EU-Vogelschutzgebiet Stechlin in der Regionalwerkstatt Stechlin in Menz statt.\" \/>\n<meta property=\"og:url\" content=\"https:\/\/www.naturparkmagazin.de\/stechlin\/einladung-zur-projektbegleitenden-arbeitsgruppe-fuer-den-managementplan-stechlin\/\" \/>\n<meta property=\"og:site_name\" content=\"Naturpark Stechlin-Ruppiner Land\" \/>\n<meta property=\"article:published_time\" content=\"2013-10-29T07:55:27+00:00\" \/>\n<meta property=\"article:modified_time\" content=\"2013-10-30T11:34:00+00:00\" \/>\n<meta property=\"og:image\" content=\"https:\/\/www.naturparkmagazin.de\/stechlin\/wp-content\/uploads\/sites\/38\/natura.jpg\" \/>\n\t<meta property=\"og:image:width\" content=\"394\" \/>\n\t<meta property=\"og:image:height\" content=\"327\" \/>\n\t<meta property=\"og:image:type\" content=\"image\/jpeg\" \/>\n<meta name=\"author\" content=\"marioschrumpf\" \/>\n<meta name=\"twitter:label1\" content=\"Verfasst von\" \/>\n\t<meta name=\"twitter:data1\" content=\"marioschrumpf\" \/>\n\t<meta name=\"twitter:label2\" content=\"Gesch\u00e4tzte Lesezeit\" \/>\n\t<meta name=\"twitter:data2\" content=\"1\u00a0Minute\" \/>\n<script type=\"application\/ld+json\" class=\"yoast-schema-graph\">{\"@context\":\"https:\/\/schema.org\",\"@graph\":[{\"@type\":\"WebPage\",\"@id\":\"https:\/\/www.naturparkmagazin.de\/stechlin\/einladung-zur-projektbegleitenden-arbeitsgruppe-fuer-den-managementplan-stechlin\/\",\"url\":\"https:\/\/www.naturparkmagazin.de\/stechlin\/einladung-zur-projektbegleitenden-arbeitsgruppe-fuer-den-managementplan-stechlin\/\",\"name\":\"Einladung zur Projektbegleitenden Arbeitsgruppe f\u00fcr den Managementplan Stechlin - Naturpark Stechlin-Ruppiner Land\",\"isPartOf\":{\"@id\":\"https:\/\/www.naturparkmagazin.de\/stechlin\/#website\"},\"datePublished\":\"2013-10-29T07:55:27+00:00\",\"dateModified\":\"2013-10-30T11:34:00+00:00\",\"author\":{\"@id\":\"https:\/\/www.naturparkmagazin.de\/stechlin\/#\/schema\/person\/3f0d93203df21c806dd63c76d9bb28bc\"},\"breadcrumb\":{\"@id\":\"https:\/\/www.naturparkmagazin.de\/stechlin\/einladung-zur-projektbegleitenden-arbeitsgruppe-fuer-den-managementplan-stechlin\/#breadcrumb\"},\"inLanguage\":\"de\",\"potentialAction\":[{\"@type\":\"ReadAction\",\"target\":[\"https:\/\/www.naturparkmagazin.de\/stechlin\/einladung-zur-projektbegleitenden-arbeitsgruppe-fuer-den-managementplan-stechlin\/\"]}]},{\"@type\":\"BreadcrumbList\",\"@id\":\"https:\/\/www.naturparkmagazin.de\/stechlin\/einladung-zur-projektbegleitenden-arbeitsgruppe-fuer-den-managementplan-stechlin\/#breadcrumb\",\"itemListElement\":[{\"@type\":\"ListItem\",\"position\":1,\"name\":\"Home\",\"item\":\"https:\/\/www.naturparkmagazin.de\/stechlin\/\"},{\"@type\":\"ListItem\",\"position\":2,\"name\":\"Einladung zur Projektbegleitenden Arbeitsgruppe f\u00fcr den Managementplan Stechlin\"}]},{\"@type\":\"WebSite\",\"@id\":\"https:\/\/www.naturparkmagazin.de\/stechlin\/#website\",\"url\":\"https:\/\/www.naturparkmagazin.de\/stechlin\/\",\"name\":\"Naturpark Stechlin-Ruppiner Land\",\"description\":\"\",\"potentialAction\":[{\"@type\":\"SearchAction\",\"target\":{\"@type\":\"EntryPoint\",\"urlTemplate\":\"https:\/\/www.naturparkmagazin.de\/stechlin\/?s={search_term_string}\"},\"query-input\":\"required name=search_term_string\"}],\"inLanguage\":\"de\"},{\"@type\":\"Person\",\"@id\":\"https:\/\/www.naturparkmagazin.de\/stechlin\/#\/schema\/person\/3f0d93203df21c806dd63c76d9bb28bc\",\"name\":\"marioschrumpf\",\"url\":\"https:\/\/www.naturparkmagazin.de\/stechlin\/author\/marioschrumpf\/\"}]}<\/script>\n<!-- \/ Yoast SEO plugin. -->","yoast_head_json":{"title":"Einladung zur Projektbegleitenden Arbeitsgruppe f\u00fcr den Managementplan Stechlin - Naturpark Stechlin-Ruppiner Land","robots":{"index":"index","follow":"follow","max-snippet":"max-snippet:-1","max-image-preview":"max-image-preview:large","max-video-preview":"max-video-preview:-1"},"canonical":"https:\/\/www.naturparkmagazin.de\/stechlin\/einladung-zur-projektbegleitenden-arbeitsgruppe-fuer-den-managementplan-stechlin\/","og_locale":"de_DE","og_type":"article","og_title":"Einladung zur Projektbegleitenden Arbeitsgruppe f\u00fcr den Managementplan Stechlin - Naturpark Stechlin-Ruppiner Land","og_description":"Am 7. November, 9 Uhr findet die Projektbegleitende Arbeitsgruppen-Sitzung f\u00fcr das FFH- und EU-Vogelschutzgebiet Stechlin in der Regionalwerkstatt Stechlin in Menz statt.","og_url":"https:\/\/www.naturparkmagazin.de\/stechlin\/einladung-zur-projektbegleitenden-arbeitsgruppe-fuer-den-managementplan-stechlin\/","og_site_name":"Naturpark Stechlin-Ruppiner Land","article_published_time":"2013-10-29T07:55:27+00:00","article_modified_time":"2013-10-30T11:34:00+00:00","og_image":[{"width":394,"height":327,"url":"https:\/\/www.naturparkmagazin.de\/stechlin\/wp-content\/uploads\/sites\/38\/natura.jpg","type":"image\/jpeg"}],"author":"marioschrumpf","twitter_misc":{"Verfasst von":"marioschrumpf","Gesch\u00e4tzte Lesezeit":"1\u00a0Minute"},"schema":{"@context":"https:\/\/schema.org","@graph":[{"@type":"WebPage","@id":"https:\/\/www.naturparkmagazin.de\/stechlin\/einladung-zur-projektbegleitenden-arbeitsgruppe-fuer-den-managementplan-stechlin\/","url":"https:\/\/www.naturparkmagazin.de\/stechlin\/einladung-zur-projektbegleitenden-arbeitsgruppe-fuer-den-managementplan-stechlin\/","name":"Einladung zur Projektbegleitenden Arbeitsgruppe f\u00fcr den Managementplan Stechlin - Naturpark Stechlin-Ruppiner Land","isPartOf":{"@id":"https:\/\/www.naturparkmagazin.de\/stechlin\/#website"},"datePublished":"2013-10-29T07:55:27+00:00","dateModified":"2013-10-30T11:34:00+00:00","author":{"@id":"https:\/\/www.naturparkmagazin.de\/stechlin\/#\/schema\/person\/3f0d93203df21c806dd63c76d9bb28bc"},"breadcrumb":{"@id":"https:\/\/www.naturparkmagazin.de\/stechlin\/einladung-zur-projektbegleitenden-arbeitsgruppe-fuer-den-managementplan-stechlin\/#breadcrumb"},"inLanguage":"de","potentialAction":[{"@type":"ReadAction","target":["https:\/\/www.naturparkmagazin.de\/stechlin\/einladung-zur-projektbegleitenden-arbeitsgruppe-fuer-den-managementplan-stechlin\/"]}]},{"@type":"BreadcrumbList","@id":"https:\/\/www.naturparkmagazin.de\/stechlin\/einladung-zur-projektbegleitenden-arbeitsgruppe-fuer-den-managementplan-stechlin\/#breadcrumb","itemListElement":[{"@type":"ListItem","position":1,"name":"Home","item":"https:\/\/www.naturparkmagazin.de\/stechlin\/"},{"@type":"ListItem","position":2,"name":"Einladung zur Projektbegleitenden Arbeitsgruppe f\u00fcr den Managementplan Stechlin"}]},{"@type":"WebSite","@id":"https:\/\/www.naturparkmagazin.de\/stechlin\/#website","url":"https:\/\/www.naturparkmagazin.de\/stechlin\/","name":"Naturpark Stechlin-Ruppiner Land","description":"","potentialAction":[{"@type":"SearchAction","target":{"@type":"EntryPoint","urlTemplate":"https:\/\/www.naturparkmagazin.de\/stechlin\/?s={search_term_string}"},"query-input":"required name=search_term_string"}],"inLanguage":"de"},{"@type":"Person","@id":"https:\/\/www.naturparkmagazin.de\/stechlin\/#\/schema\/person\/3f0d93203df21c806dd63c76d9bb28bc","name":"marioschrumpf","url":"https:\/\/www.naturparkmagazin.de\/stechlin\/author\/marioschrumpf\/"}]}},"_links":{"self":[{"href":"https:\/\/www.naturparkmagazin.de\/stechlin\/wp-json\/wp\/v2\/posts\/407"}],"collection":[{"href":"https:\/\/www.naturparkmagazin.de\/stechlin\/wp-json\/wp\/v2\/posts"}],"about":[{"href":"https:\/\/www.naturparkmagazin.de\/stechlin\/wp-json\/wp\/v2\/types\/post"}],"author":[{"embeddable":true,"href":"https:\/\/www.naturparkmagazin.de\/stechlin\/wp-json\/wp\/v2\/users\/39"}],"replies":[{"embeddable":true,"href":"https:\/\/www.naturparkmagazin.de\/stechlin\/wp-json\/wp\/v2\/comments?post=407"}],"version-history":[{"count":3,"href":"https:\/\/www.naturparkmagazin.de\/stechlin\/wp-json\/wp\/v2\/posts\/407\/revisions"}],"predecessor-version":[{"id":433,"href":"https:\/\/www.naturparkmagazin.de\/stechlin\/wp-json\/wp\/v2\/posts\/407\/revisions\/433"}],"wp:featuredmedia":[{"embeddable":true,"href":"https:\/\/www.naturparkmagazin.de\/stechlin\/wp-json\/wp\/v2\/media\/408"}],"wp:attachment":[{"href":"https:\/\/www.naturparkmagazin.de\/stechlin\/wp-json\/wp\/v2\/media?parent=407"}],"wp:term":[{"taxonomy":"category","embeddable":true,"href":"https:\/\/www.naturparkmagazin.de\/stechlin\/wp-json\/wp\/v2\/categories?post=407"},{"taxonomy":"post_tag","embeddable":true,"href":"https:\/\/www.naturparkmagazin.de\/stechlin\/wp-json\/wp\/v2\/tags?post=407"}],"curies":[{"name":"wp","href":"https:\/\/api.w.org\/{rel}","templated":true}]}}