{"id":4090,"date":"2016-06-15T08:18:28","date_gmt":"2016-06-15T06:18:28","guid":{"rendered":"http:\/\/www.naturparkmagazin.de\/stechlin\/?p=4090"},"modified":"2016-06-20T13:08:00","modified_gmt":"2016-06-20T11:08:00","slug":"naturpark-zu-gast-beim-bundespraesidenten-2","status":"publish","type":"post","link":"https:\/\/www.naturparkmagazin.de\/stechlin\/naturpark-zu-gast-beim-bundespraesidenten-2\/","title":{"rendered":"Naturpark zu Gast beim Bundespr\u00e4sidenten"},"content":{"rendered":"<div id=\"attachment_4094\" style=\"width: 310px\" class=\"wp-caption alignleft\"><a href=\"https:\/\/www.naturparkmagazin.de\/stechlin\/wp-content\/uploads\/sites\/38\/DBU-Umweltwoche114.jpg\"><img aria-describedby=\"caption-attachment-4094\" decoding=\"async\" loading=\"lazy\" class=\"size-thumbnail wp-image-4094\" src=\"https:\/\/www.naturparkmagazin.de\/stechlin\/wp-content\/uploads\/sites\/38\/DBU-Umweltwoche114-300x180.jpg\" alt=\"Naturparkpartner im Gespr\u00e4ch (Frank Stieldorf, Rheinsberger Preussenquelle; Martina Bauchrowitz, IGB Neuglobsow)\" width=\"300\" height=\"180\" srcset=\"https:\/\/www.naturparkmagazin.de\/stechlin\/wp-content\/uploads\/sites\/38\/DBU-Umweltwoche114-300x180.jpg 300w, https:\/\/www.naturparkmagazin.de\/stechlin\/wp-content\/uploads\/sites\/38\/DBU-Umweltwoche114.jpg 500w, https:\/\/www.naturparkmagazin.de\/stechlin\/wp-content\/uploads\/sites\/38\/DBU-Umweltwoche114-200x120.jpg 200w\" sizes=\"(max-width: 300px) 100vw, 300px\" \/><\/a><p id=\"caption-attachment-4094\" class=\"wp-caption-text\">Naturparkpartner im Gespr\u00e4ch (Frank Stieldorf, Rheinsberger Preussenquelle; Martina Bauchrowitz, IGB Neuglobsow)<\/p><\/div>\n<p>&nbsp;<\/p>\n<p>&nbsp;<\/p>\n<p>&nbsp;<\/p>\n<p>&nbsp;<\/p>\n<p>&nbsp;<\/p>\n<p>&nbsp;<\/p>\n<p>&nbsp;<\/p>\n<p>&nbsp;<\/p>\n<p>&nbsp;<\/p>\n<p>Mit drei Projekten war der Naturpark bei der 5. Umweltwoche der Deutschen Bundesstiftung Umwelt im Park des Schlosses Bellevue in Berlin dabei.<\/p>\n<p>&nbsp;<\/p>\n<div id=\"attachment_4092\" style=\"width: 310px\" class=\"wp-caption alignleft\"><a href=\"https:\/\/www.naturparkmagazin.de\/stechlin\/wp-content\/uploads\/sites\/38\/DBU-Umweltwoche-08.jpg\"><img aria-describedby=\"caption-attachment-4092\" decoding=\"async\" loading=\"lazy\" class=\"size-thumbnail wp-image-4092\" src=\"https:\/\/www.naturparkmagazin.de\/stechlin\/wp-content\/uploads\/sites\/38\/DBU-Umweltwoche-08-300x180.jpg\" alt=\"Gransees Amtsdirektor Frank Stege (2.v.l.) besuchte die Juniorranger der Manzer Naturparkschule am Stand des VDN.\" width=\"300\" height=\"180\" srcset=\"https:\/\/www.naturparkmagazin.de\/stechlin\/wp-content\/uploads\/sites\/38\/DBU-Umweltwoche-08-300x180.jpg 300w, https:\/\/www.naturparkmagazin.de\/stechlin\/wp-content\/uploads\/sites\/38\/DBU-Umweltwoche-08.jpg 500w, https:\/\/www.naturparkmagazin.de\/stechlin\/wp-content\/uploads\/sites\/38\/DBU-Umweltwoche-08-200x120.jpg 200w\" sizes=\"(max-width: 300px) 100vw, 300px\" \/><\/a><p id=\"caption-attachment-4092\" class=\"wp-caption-text\">Gransees Amtsdirektor Frank Stege (2.v.l.) besuchte die Juniorranger der Menzer Naturparkschule am Stand des VDN.<\/p><\/div>\n<p>&nbsp;<\/p>\n<p>&nbsp;<\/p>\n<p>&nbsp;<\/p>\n<p>&nbsp;<\/p>\n<p>&nbsp;<\/p>\n<p>&nbsp;<\/p>\n<p>&nbsp;<\/p>\n<p>&nbsp;<\/p>\n<p>&nbsp;<\/p>\n<p>Am Stand des Verbandes Deutscher Naturparke (VDN) informierten am 7. Juni der Naturpark und die Theodor-Fontane-Schule Menz \u00fcber ihre Zusammenarbeit, die 2015 vom VDN mit der Zertifizierung der Grundschule als Naturpark-Schule gew\u00fcrdigt wurde. Die Schule setzt bei der Unterrichtsgestaltung Schwerpunkte auf Naturpark- und Umweltthemen sowie auf nachhaltige Entwicklung. Ausgestattet mit ihren Entdeckerwesten und -rucks\u00e4cken haben vier Junior-Ranger der AG Menzer Naturforscher dies den G\u00e4sten der Umweltwoche auch anschaulich demonstriert.<\/p>\n<p>Am 8. Juni\u00a0waren der Naturpark und das EU-Life-Projekt Feuchtw\u00e4lder zu Gast am Stand der Fa. Piepenbrock. Vorgestellt wurde die Umsetzung von Managementma\u00dfnahmen mit den Piepenbrock Forstbetrieben im firmeneigenen Revier Rheinshagen. Seit f\u00fcnf Jahren wird im Rahmen von Azubi-Projekttagen eine neun Hektar gro\u00dfe Heidefl\u00e4che im Naturschutzgebiet Rheinsberger Rhin und Hellberge entbuscht. Ziel ist, junge Leuten f\u00fcr Natur- und Umweltschutz zu sensibilisieren. Das Projekt wurde bereits zweimal als UN-Dekade-Projekt zum Erhalt der biologischen Vielfalt ausgezeichnet.<\/p>\n<p>Im EU-Life-Projekt Feuchtw\u00e4lder ist auf der Grundlage des einvernehmlich abgestimmten Managementplans f\u00fcr das Fauna-Flora-Habitat(FFH)-Gebiet Rheinsberger Rhin die Verbesserung des Erhaltungszustands der angrenzenden Feuchtw\u00e4lder geplant. Durch Anhebung des Grundwasserstands und Entnahme von florenfremden Fichten in der Aue soll der europaweit gesch\u00fctzte Lebensraum aufgewertet werden.<\/p>\n<p>&nbsp;<\/p>\n<div id=\"attachment_4093\" style=\"width: 310px\" class=\"wp-caption alignleft\"><a href=\"https:\/\/www.naturparkmagazin.de\/stechlin\/wp-content\/uploads\/sites\/38\/DBU-Umweltwoche-81.jpg\"><img aria-describedby=\"caption-attachment-4093\" decoding=\"async\" loading=\"lazy\" class=\"size-thumbnail wp-image-4093\" src=\"https:\/\/www.naturparkmagazin.de\/stechlin\/wp-content\/uploads\/sites\/38\/DBU-Umweltwoche-81-300x180.jpg\" alt=\"Aufmerksam folgen der Bundespr\u00e4sident und seine Lebensgef\u00e4hrtin den Vortrag von Nele Zickert \u00fcber das Projekt &quot;Tauchen f\u00fcr den Naturschutz&quot;.\" width=\"300\" height=\"180\" srcset=\"https:\/\/www.naturparkmagazin.de\/stechlin\/wp-content\/uploads\/sites\/38\/DBU-Umweltwoche-81-300x180.jpg 300w, https:\/\/www.naturparkmagazin.de\/stechlin\/wp-content\/uploads\/sites\/38\/DBU-Umweltwoche-81.jpg 500w, https:\/\/www.naturparkmagazin.de\/stechlin\/wp-content\/uploads\/sites\/38\/DBU-Umweltwoche-81-200x120.jpg 200w\" sizes=\"(max-width: 300px) 100vw, 300px\" \/><\/a><p id=\"caption-attachment-4093\" class=\"wp-caption-text\">Aufmerksam folgen der Bundespr\u00e4sident und seine Lebensgef\u00e4hrtin den Vortrag von Nele Zickert \u00fcber das Projekt &#8222;Tauchen f\u00fcr den Naturschutz&#8220;.<\/p><\/div>\n<p>&nbsp;<\/p>\n<p>&nbsp;<\/p>\n<p>&nbsp;<\/p>\n<p>&nbsp;<\/p>\n<p>&nbsp;<\/p>\n<p>&nbsp;<\/p>\n<p>&nbsp;<\/p>\n<p>&nbsp;<\/p>\n<p>&nbsp;<\/p>\n<p>Nele Zickert vom Tauchsportverein Zehdenick e. V. diskutierte mit Wissenschaftlern \u00fcber die Bedeutung von Citizen Sciene (B\u00fcrgerwissenschaften) f\u00fcr das NATURA 2000-Monitoring.<\/p>\n","protected":false},"excerpt":{"rendered":"<p>Mit drei Projekten war der Naturpark bei der 5. Umweltwoche der Deutschen Bundesstiftung Umwelt im Park des Schlosses Bellevue in Berlin dabei.<\/p>\n","protected":false},"author":39,"featured_media":4091,"comment_status":"open","ping_status":"open","sticky":false,"template":"","format":"standard","meta":[],"categories":[7],"tags":[],"yoast_head":"<!-- This site is optimized with the Yoast SEO plugin v19.10 - https:\/\/yoast.com\/wordpress\/plugins\/seo\/ -->\n<title>Naturpark zu Gast beim Bundespr\u00e4sidenten - Naturpark Stechlin-Ruppiner Land<\/title>\n<meta name=\"robots\" content=\"index, follow, max-snippet:-1, max-image-preview:large, max-video-preview:-1\" \/>\n<link rel=\"canonical\" href=\"https:\/\/www.naturparkmagazin.de\/stechlin\/naturpark-zu-gast-beim-bundespraesidenten-2\/\" \/>\n<meta property=\"og:locale\" content=\"de_DE\" \/>\n<meta property=\"og:type\" content=\"article\" \/>\n<meta property=\"og:title\" content=\"Naturpark zu Gast beim Bundespr\u00e4sidenten - Naturpark Stechlin-Ruppiner Land\" \/>\n<meta property=\"og:description\" content=\"Mit drei Projekten war der Naturpark bei der 5. Umweltwoche der Deutschen Bundesstiftung Umwelt im Park des Schlosses Bellevue in Berlin dabei.\" \/>\n<meta property=\"og:url\" content=\"https:\/\/www.naturparkmagazin.de\/stechlin\/naturpark-zu-gast-beim-bundespraesidenten-2\/\" \/>\n<meta property=\"og:site_name\" content=\"Naturpark Stechlin-Ruppiner Land\" \/>\n<meta property=\"article:published_time\" content=\"2016-06-15T06:18:28+00:00\" \/>\n<meta property=\"article:modified_time\" content=\"2016-06-20T11:08:00+00:00\" \/>\n<meta property=\"og:image\" content=\"https:\/\/www.naturparkmagazin.de\/stechlin\/wp-content\/uploads\/sites\/38\/DBU-Umweltwoche-2016.jpg\" \/>\n\t<meta property=\"og:image:width\" content=\"200\" \/>\n\t<meta property=\"og:image:height\" content=\"200\" \/>\n\t<meta property=\"og:image:type\" content=\"image\/jpeg\" \/>\n<meta name=\"author\" content=\"marioschrumpf\" \/>\n<meta name=\"twitter:label1\" content=\"Verfasst von\" \/>\n\t<meta name=\"twitter:data1\" content=\"marioschrumpf\" \/>\n\t<meta name=\"twitter:label2\" content=\"Gesch\u00e4tzte Lesezeit\" \/>\n\t<meta name=\"twitter:data2\" content=\"2\u00a0Minuten\" \/>\n<script type=\"application\/ld+json\" class=\"yoast-schema-graph\">{\"@context\":\"https:\/\/schema.org\",\"@graph\":[{\"@type\":\"WebPage\",\"@id\":\"https:\/\/www.naturparkmagazin.de\/stechlin\/naturpark-zu-gast-beim-bundespraesidenten-2\/\",\"url\":\"https:\/\/www.naturparkmagazin.de\/stechlin\/naturpark-zu-gast-beim-bundespraesidenten-2\/\",\"name\":\"Naturpark zu Gast beim Bundespr\u00e4sidenten - Naturpark Stechlin-Ruppiner Land\",\"isPartOf\":{\"@id\":\"https:\/\/www.naturparkmagazin.de\/stechlin\/#website\"},\"datePublished\":\"2016-06-15T06:18:28+00:00\",\"dateModified\":\"2016-06-20T11:08:00+00:00\",\"author\":{\"@id\":\"https:\/\/www.naturparkmagazin.de\/stechlin\/#\/schema\/person\/3f0d93203df21c806dd63c76d9bb28bc\"},\"breadcrumb\":{\"@id\":\"https:\/\/www.naturparkmagazin.de\/stechlin\/naturpark-zu-gast-beim-bundespraesidenten-2\/#breadcrumb\"},\"inLanguage\":\"de\",\"potentialAction\":[{\"@type\":\"ReadAction\",\"target\":[\"https:\/\/www.naturparkmagazin.de\/stechlin\/naturpark-zu-gast-beim-bundespraesidenten-2\/\"]}]},{\"@type\":\"BreadcrumbList\",\"@id\":\"https:\/\/www.naturparkmagazin.de\/stechlin\/naturpark-zu-gast-beim-bundespraesidenten-2\/#breadcrumb\",\"itemListElement\":[{\"@type\":\"ListItem\",\"position\":1,\"name\":\"Home\",\"item\":\"https:\/\/www.naturparkmagazin.de\/stechlin\/\"},{\"@type\":\"ListItem\",\"position\":2,\"name\":\"Naturpark zu Gast beim Bundespr\u00e4sidenten\"}]},{\"@type\":\"WebSite\",\"@id\":\"https:\/\/www.naturparkmagazin.de\/stechlin\/#website\",\"url\":\"https:\/\/www.naturparkmagazin.de\/stechlin\/\",\"name\":\"Naturpark Stechlin-Ruppiner Land\",\"description\":\"\",\"potentialAction\":[{\"@type\":\"SearchAction\",\"target\":{\"@type\":\"EntryPoint\",\"urlTemplate\":\"https:\/\/www.naturparkmagazin.de\/stechlin\/?s={search_term_string}\"},\"query-input\":\"required name=search_term_string\"}],\"inLanguage\":\"de\"},{\"@type\":\"Person\",\"@id\":\"https:\/\/www.naturparkmagazin.de\/stechlin\/#\/schema\/person\/3f0d93203df21c806dd63c76d9bb28bc\",\"name\":\"marioschrumpf\",\"url\":\"https:\/\/www.naturparkmagazin.de\/stechlin\/author\/marioschrumpf\/\"}]}<\/script>\n<!-- \/ Yoast SEO plugin. -->","yoast_head_json":{"title":"Naturpark zu Gast beim Bundespr\u00e4sidenten - Naturpark Stechlin-Ruppiner Land","robots":{"index":"index","follow":"follow","max-snippet":"max-snippet:-1","max-image-preview":"max-image-preview:large","max-video-preview":"max-video-preview:-1"},"canonical":"https:\/\/www.naturparkmagazin.de\/stechlin\/naturpark-zu-gast-beim-bundespraesidenten-2\/","og_locale":"de_DE","og_type":"article","og_title":"Naturpark zu Gast beim Bundespr\u00e4sidenten - Naturpark Stechlin-Ruppiner Land","og_description":"Mit drei Projekten war der Naturpark bei der 5. Umweltwoche der Deutschen Bundesstiftung Umwelt im Park des Schlosses Bellevue in Berlin dabei.","og_url":"https:\/\/www.naturparkmagazin.de\/stechlin\/naturpark-zu-gast-beim-bundespraesidenten-2\/","og_site_name":"Naturpark Stechlin-Ruppiner Land","article_published_time":"2016-06-15T06:18:28+00:00","article_modified_time":"2016-06-20T11:08:00+00:00","og_image":[{"width":200,"height":200,"url":"https:\/\/www.naturparkmagazin.de\/stechlin\/wp-content\/uploads\/sites\/38\/DBU-Umweltwoche-2016.jpg","type":"image\/jpeg"}],"author":"marioschrumpf","twitter_misc":{"Verfasst von":"marioschrumpf","Gesch\u00e4tzte Lesezeit":"2\u00a0Minuten"},"schema":{"@context":"https:\/\/schema.org","@graph":[{"@type":"WebPage","@id":"https:\/\/www.naturparkmagazin.de\/stechlin\/naturpark-zu-gast-beim-bundespraesidenten-2\/","url":"https:\/\/www.naturparkmagazin.de\/stechlin\/naturpark-zu-gast-beim-bundespraesidenten-2\/","name":"Naturpark zu Gast beim Bundespr\u00e4sidenten - Naturpark Stechlin-Ruppiner Land","isPartOf":{"@id":"https:\/\/www.naturparkmagazin.de\/stechlin\/#website"},"datePublished":"2016-06-15T06:18:28+00:00","dateModified":"2016-06-20T11:08:00+00:00","author":{"@id":"https:\/\/www.naturparkmagazin.de\/stechlin\/#\/schema\/person\/3f0d93203df21c806dd63c76d9bb28bc"},"breadcrumb":{"@id":"https:\/\/www.naturparkmagazin.de\/stechlin\/naturpark-zu-gast-beim-bundespraesidenten-2\/#breadcrumb"},"inLanguage":"de","potentialAction":[{"@type":"ReadAction","target":["https:\/\/www.naturparkmagazin.de\/stechlin\/naturpark-zu-gast-beim-bundespraesidenten-2\/"]}]},{"@type":"BreadcrumbList","@id":"https:\/\/www.naturparkmagazin.de\/stechlin\/naturpark-zu-gast-beim-bundespraesidenten-2\/#breadcrumb","itemListElement":[{"@type":"ListItem","position":1,"name":"Home","item":"https:\/\/www.naturparkmagazin.de\/stechlin\/"},{"@type":"ListItem","position":2,"name":"Naturpark zu Gast beim Bundespr\u00e4sidenten"}]},{"@type":"WebSite","@id":"https:\/\/www.naturparkmagazin.de\/stechlin\/#website","url":"https:\/\/www.naturparkmagazin.de\/stechlin\/","name":"Naturpark Stechlin-Ruppiner Land","description":"","potentialAction":[{"@type":"SearchAction","target":{"@type":"EntryPoint","urlTemplate":"https:\/\/www.naturparkmagazin.de\/stechlin\/?s={search_term_string}"},"query-input":"required name=search_term_string"}],"inLanguage":"de"},{"@type":"Person","@id":"https:\/\/www.naturparkmagazin.de\/stechlin\/#\/schema\/person\/3f0d93203df21c806dd63c76d9bb28bc","name":"marioschrumpf","url":"https:\/\/www.naturparkmagazin.de\/stechlin\/author\/marioschrumpf\/"}]}},"_links":{"self":[{"href":"https:\/\/www.naturparkmagazin.de\/stechlin\/wp-json\/wp\/v2\/posts\/4090"}],"collection":[{"href":"https:\/\/www.naturparkmagazin.de\/stechlin\/wp-json\/wp\/v2\/posts"}],"about":[{"href":"https:\/\/www.naturparkmagazin.de\/stechlin\/wp-json\/wp\/v2\/types\/post"}],"author":[{"embeddable":true,"href":"https:\/\/www.naturparkmagazin.de\/stechlin\/wp-json\/wp\/v2\/users\/39"}],"replies":[{"embeddable":true,"href":"https:\/\/www.naturparkmagazin.de\/stechlin\/wp-json\/wp\/v2\/comments?post=4090"}],"version-history":[{"count":16,"href":"https:\/\/www.naturparkmagazin.de\/stechlin\/wp-json\/wp\/v2\/posts\/4090\/revisions"}],"predecessor-version":[{"id":4135,"href":"https:\/\/www.naturparkmagazin.de\/stechlin\/wp-json\/wp\/v2\/posts\/4090\/revisions\/4135"}],"wp:featuredmedia":[{"embeddable":true,"href":"https:\/\/www.naturparkmagazin.de\/stechlin\/wp-json\/wp\/v2\/media\/4091"}],"wp:attachment":[{"href":"https:\/\/www.naturparkmagazin.de\/stechlin\/wp-json\/wp\/v2\/media?parent=4090"}],"wp:term":[{"taxonomy":"category","embeddable":true,"href":"https:\/\/www.naturparkmagazin.de\/stechlin\/wp-json\/wp\/v2\/categories?post=4090"},{"taxonomy":"post_tag","embeddable":true,"href":"https:\/\/www.naturparkmagazin.de\/stechlin\/wp-json\/wp\/v2\/tags?post=4090"}],"curies":[{"name":"wp","href":"https:\/\/api.w.org\/{rel}","templated":true}]}}