{"id":4199,"date":"2016-07-18T10:26:43","date_gmt":"2016-07-18T08:26:43","guid":{"rendered":"http:\/\/www.naturparkmagazin.de\/stechlin\/?p=4199"},"modified":"2016-07-26T12:58:32","modified_gmt":"2016-07-26T10:58:32","slug":"alte-reederei-verwoehnt-mit-leckerem-essen","status":"publish","type":"post","link":"https:\/\/www.naturparkmagazin.de\/stechlin\/alte-reederei-verwoehnt-mit-leckerem-essen\/","title":{"rendered":"Alte Reederei verw\u00f6hnt mit leckerem Essen"},"content":{"rendered":"<p><a href=\"https:\/\/www.naturparkmagazin.de\/stechlin\/wp-content\/uploads\/sites\/38\/Alte-Reederei2016_1.jpg\"><img decoding=\"async\" loading=\"lazy\" class=\"alignleft size-thumbnail wp-image-4240\" src=\"https:\/\/www.naturparkmagazin.de\/stechlin\/wp-content\/uploads\/sites\/38\/Alte-Reederei2016_1-300x180.jpg\" alt=\"NP SRL\/Dr. Mario Schrumpf\" width=\"300\" height=\"180\" srcset=\"https:\/\/www.naturparkmagazin.de\/stechlin\/wp-content\/uploads\/sites\/38\/Alte-Reederei2016_1-300x180.jpg 300w, https:\/\/www.naturparkmagazin.de\/stechlin\/wp-content\/uploads\/sites\/38\/Alte-Reederei2016_1.jpg 500w, https:\/\/www.naturparkmagazin.de\/stechlin\/wp-content\/uploads\/sites\/38\/Alte-Reederei2016_1-200x120.jpg 200w\" sizes=\"(max-width: 300px) 100vw, 300px\" \/><\/a><\/p>\n<p>&nbsp;<\/p>\n<p>&nbsp;<\/p>\n<p>&nbsp;<\/p>\n<p>&nbsp;<\/p>\n<p>&nbsp;<\/p>\n<p><a href=\"https:\/\/www.naturparkmagazin.de\/stechlin\/wp-content\/uploads\/sites\/38\/Alte-Reederei2016_3.jpg\"><img decoding=\"async\" loading=\"lazy\" class=\"alignleft size-thumbnail wp-image-4242\" src=\"https:\/\/www.naturparkmagazin.de\/stechlin\/wp-content\/uploads\/sites\/38\/Alte-Reederei2016_3-300x180.jpg\" alt=\"NP SRL\/Dr. Mario Schrumpf\" width=\"300\" height=\"180\" srcset=\"https:\/\/www.naturparkmagazin.de\/stechlin\/wp-content\/uploads\/sites\/38\/Alte-Reederei2016_3-300x180.jpg 300w, https:\/\/www.naturparkmagazin.de\/stechlin\/wp-content\/uploads\/sites\/38\/Alte-Reederei2016_3.jpg 500w, https:\/\/www.naturparkmagazin.de\/stechlin\/wp-content\/uploads\/sites\/38\/Alte-Reederei2016_3-200x120.jpg 200w\" sizes=\"(max-width: 300px) 100vw, 300px\" \/><\/a><\/p>\n<p>&nbsp;<\/p>\n<p>&nbsp;<\/p>\n<p>&nbsp;<\/p>\n<p>&nbsp;<\/p>\n<p>&nbsp;<\/p>\n<p>&nbsp;<\/p>\n<p>&nbsp;<\/p>\n<p>&nbsp;<\/p>\n<p>&nbsp;<\/p>\n<p>&nbsp;<\/p>\n<p>Bis Ende\u00a0August \u00f6ffnet die Gastst\u00e4tte in der Alten Reederei in F\u00fcrstenberg\/Havel t\u00e4glich ab 11 Uhr ihre T\u00fcren. Ab 17 Uhr kocht Niels Bachmann dann wieder \u00e0 la carte. Ein vereinfachter Mittagstisch ist neben dem obligatorischen Kaffee und Kuchen im Angebot. Die warme K\u00fcche ist bis 21 Uhr in Betrieb. Geschlossen wird das gastliche Haus erst, wenn die letzten G\u00e4ste nach Hause wollen.<\/p>\n<p>weiter Informationen: <a href=\"http:\/\/www.AlteReederei.de\">www.AlteReederei.de<\/a><\/p>\n<p><a href=\"https:\/\/www.naturparkmagazin.de\/stechlin\/wp-content\/uploads\/sites\/38\/Alte-Reederei2016_2.jpg\"><img decoding=\"async\" loading=\"lazy\" class=\"alignleft size-thumbnail wp-image-4241\" src=\"https:\/\/www.naturparkmagazin.de\/stechlin\/wp-content\/uploads\/sites\/38\/Alte-Reederei2016_2-300x180.jpg\" alt=\"NP SRL\/Dr. Mario Schrumpf\" width=\"300\" height=\"180\" srcset=\"https:\/\/www.naturparkmagazin.de\/stechlin\/wp-content\/uploads\/sites\/38\/Alte-Reederei2016_2-300x180.jpg 300w, https:\/\/www.naturparkmagazin.de\/stechlin\/wp-content\/uploads\/sites\/38\/Alte-Reederei2016_2.jpg 500w, https:\/\/www.naturparkmagazin.de\/stechlin\/wp-content\/uploads\/sites\/38\/Alte-Reederei2016_2-200x120.jpg 200w\" sizes=\"(max-width: 300px) 100vw, 300px\" \/><\/a><\/p>\n<p>&nbsp;<\/p>\n","protected":false},"excerpt":{"rendered":"<p>Bis Ende August \u00f6ffnet die Gastst\u00e4tte in der Alten Reederei in F\u00fcrstenberg\/Havel t\u00e4glich ab 11 Uhr ihre T\u00fcren.<\/p>\n","protected":false},"author":39,"featured_media":4239,"comment_status":"open","ping_status":"open","sticky":false,"template":"","format":"standard","meta":[],"categories":[7],"tags":[],"yoast_head":"<!-- This site is optimized with the Yoast SEO plugin v19.10 - https:\/\/yoast.com\/wordpress\/plugins\/seo\/ -->\n<title>Alte Reederei verw\u00f6hnt mit leckerem Essen - Naturpark Stechlin-Ruppiner Land<\/title>\n<meta name=\"robots\" content=\"index, follow, max-snippet:-1, max-image-preview:large, max-video-preview:-1\" \/>\n<link rel=\"canonical\" href=\"https:\/\/www.naturparkmagazin.de\/stechlin\/alte-reederei-verwoehnt-mit-leckerem-essen\/\" \/>\n<meta property=\"og:locale\" content=\"de_DE\" \/>\n<meta property=\"og:type\" content=\"article\" \/>\n<meta property=\"og:title\" content=\"Alte Reederei verw\u00f6hnt mit leckerem Essen - Naturpark Stechlin-Ruppiner Land\" \/>\n<meta property=\"og:description\" content=\"Bis Ende August \u00f6ffnet die Gastst\u00e4tte in der Alten Reederei in F\u00fcrstenberg\/Havel t\u00e4glich ab 11 Uhr ihre T\u00fcren.\" \/>\n<meta property=\"og:url\" content=\"https:\/\/www.naturparkmagazin.de\/stechlin\/alte-reederei-verwoehnt-mit-leckerem-essen\/\" \/>\n<meta property=\"og:site_name\" content=\"Naturpark Stechlin-Ruppiner Land\" \/>\n<meta property=\"article:published_time\" content=\"2016-07-18T08:26:43+00:00\" \/>\n<meta property=\"article:modified_time\" content=\"2016-07-26T10:58:32+00:00\" \/>\n<meta property=\"og:image\" content=\"https:\/\/www.naturparkmagazin.de\/stechlin\/wp-content\/uploads\/sites\/38\/Alte-Reederei-2016.jpg\" \/>\n\t<meta property=\"og:image:width\" content=\"200\" \/>\n\t<meta property=\"og:image:height\" content=\"200\" \/>\n\t<meta property=\"og:image:type\" content=\"image\/jpeg\" \/>\n<meta name=\"author\" content=\"marioschrumpf\" \/>\n<meta name=\"twitter:label1\" content=\"Verfasst von\" \/>\n\t<meta name=\"twitter:data1\" content=\"marioschrumpf\" \/>\n<script type=\"application\/ld+json\" class=\"yoast-schema-graph\">{\"@context\":\"https:\/\/schema.org\",\"@graph\":[{\"@type\":\"WebPage\",\"@id\":\"https:\/\/www.naturparkmagazin.de\/stechlin\/alte-reederei-verwoehnt-mit-leckerem-essen\/\",\"url\":\"https:\/\/www.naturparkmagazin.de\/stechlin\/alte-reederei-verwoehnt-mit-leckerem-essen\/\",\"name\":\"Alte Reederei verw\u00f6hnt mit leckerem Essen - Naturpark Stechlin-Ruppiner Land\",\"isPartOf\":{\"@id\":\"https:\/\/www.naturparkmagazin.de\/stechlin\/#website\"},\"datePublished\":\"2016-07-18T08:26:43+00:00\",\"dateModified\":\"2016-07-26T10:58:32+00:00\",\"author\":{\"@id\":\"https:\/\/www.naturparkmagazin.de\/stechlin\/#\/schema\/person\/3f0d93203df21c806dd63c76d9bb28bc\"},\"breadcrumb\":{\"@id\":\"https:\/\/www.naturparkmagazin.de\/stechlin\/alte-reederei-verwoehnt-mit-leckerem-essen\/#breadcrumb\"},\"inLanguage\":\"de\",\"potentialAction\":[{\"@type\":\"ReadAction\",\"target\":[\"https:\/\/www.naturparkmagazin.de\/stechlin\/alte-reederei-verwoehnt-mit-leckerem-essen\/\"]}]},{\"@type\":\"BreadcrumbList\",\"@id\":\"https:\/\/www.naturparkmagazin.de\/stechlin\/alte-reederei-verwoehnt-mit-leckerem-essen\/#breadcrumb\",\"itemListElement\":[{\"@type\":\"ListItem\",\"position\":1,\"name\":\"Home\",\"item\":\"https:\/\/www.naturparkmagazin.de\/stechlin\/\"},{\"@type\":\"ListItem\",\"position\":2,\"name\":\"Alte Reederei verw\u00f6hnt mit leckerem Essen\"}]},{\"@type\":\"WebSite\",\"@id\":\"https:\/\/www.naturparkmagazin.de\/stechlin\/#website\",\"url\":\"https:\/\/www.naturparkmagazin.de\/stechlin\/\",\"name\":\"Naturpark Stechlin-Ruppiner Land\",\"description\":\"\",\"potentialAction\":[{\"@type\":\"SearchAction\",\"target\":{\"@type\":\"EntryPoint\",\"urlTemplate\":\"https:\/\/www.naturparkmagazin.de\/stechlin\/?s={search_term_string}\"},\"query-input\":\"required name=search_term_string\"}],\"inLanguage\":\"de\"},{\"@type\":\"Person\",\"@id\":\"https:\/\/www.naturparkmagazin.de\/stechlin\/#\/schema\/person\/3f0d93203df21c806dd63c76d9bb28bc\",\"name\":\"marioschrumpf\",\"url\":\"https:\/\/www.naturparkmagazin.de\/stechlin\/author\/marioschrumpf\/\"}]}<\/script>\n<!-- \/ Yoast SEO plugin. -->","yoast_head_json":{"title":"Alte Reederei verw\u00f6hnt mit leckerem Essen - Naturpark Stechlin-Ruppiner Land","robots":{"index":"index","follow":"follow","max-snippet":"max-snippet:-1","max-image-preview":"max-image-preview:large","max-video-preview":"max-video-preview:-1"},"canonical":"https:\/\/www.naturparkmagazin.de\/stechlin\/alte-reederei-verwoehnt-mit-leckerem-essen\/","og_locale":"de_DE","og_type":"article","og_title":"Alte Reederei verw\u00f6hnt mit leckerem Essen - Naturpark Stechlin-Ruppiner Land","og_description":"Bis Ende August \u00f6ffnet die Gastst\u00e4tte in der Alten Reederei in F\u00fcrstenberg\/Havel t\u00e4glich ab 11 Uhr ihre T\u00fcren.","og_url":"https:\/\/www.naturparkmagazin.de\/stechlin\/alte-reederei-verwoehnt-mit-leckerem-essen\/","og_site_name":"Naturpark Stechlin-Ruppiner Land","article_published_time":"2016-07-18T08:26:43+00:00","article_modified_time":"2016-07-26T10:58:32+00:00","og_image":[{"width":200,"height":200,"url":"https:\/\/www.naturparkmagazin.de\/stechlin\/wp-content\/uploads\/sites\/38\/Alte-Reederei-2016.jpg","type":"image\/jpeg"}],"author":"marioschrumpf","twitter_misc":{"Verfasst von":"marioschrumpf"},"schema":{"@context":"https:\/\/schema.org","@graph":[{"@type":"WebPage","@id":"https:\/\/www.naturparkmagazin.de\/stechlin\/alte-reederei-verwoehnt-mit-leckerem-essen\/","url":"https:\/\/www.naturparkmagazin.de\/stechlin\/alte-reederei-verwoehnt-mit-leckerem-essen\/","name":"Alte Reederei verw\u00f6hnt mit leckerem Essen - Naturpark Stechlin-Ruppiner Land","isPartOf":{"@id":"https:\/\/www.naturparkmagazin.de\/stechlin\/#website"},"datePublished":"2016-07-18T08:26:43+00:00","dateModified":"2016-07-26T10:58:32+00:00","author":{"@id":"https:\/\/www.naturparkmagazin.de\/stechlin\/#\/schema\/person\/3f0d93203df21c806dd63c76d9bb28bc"},"breadcrumb":{"@id":"https:\/\/www.naturparkmagazin.de\/stechlin\/alte-reederei-verwoehnt-mit-leckerem-essen\/#breadcrumb"},"inLanguage":"de","potentialAction":[{"@type":"ReadAction","target":["https:\/\/www.naturparkmagazin.de\/stechlin\/alte-reederei-verwoehnt-mit-leckerem-essen\/"]}]},{"@type":"BreadcrumbList","@id":"https:\/\/www.naturparkmagazin.de\/stechlin\/alte-reederei-verwoehnt-mit-leckerem-essen\/#breadcrumb","itemListElement":[{"@type":"ListItem","position":1,"name":"Home","item":"https:\/\/www.naturparkmagazin.de\/stechlin\/"},{"@type":"ListItem","position":2,"name":"Alte Reederei verw\u00f6hnt mit leckerem Essen"}]},{"@type":"WebSite","@id":"https:\/\/www.naturparkmagazin.de\/stechlin\/#website","url":"https:\/\/www.naturparkmagazin.de\/stechlin\/","name":"Naturpark Stechlin-Ruppiner Land","description":"","potentialAction":[{"@type":"SearchAction","target":{"@type":"EntryPoint","urlTemplate":"https:\/\/www.naturparkmagazin.de\/stechlin\/?s={search_term_string}"},"query-input":"required name=search_term_string"}],"inLanguage":"de"},{"@type":"Person","@id":"https:\/\/www.naturparkmagazin.de\/stechlin\/#\/schema\/person\/3f0d93203df21c806dd63c76d9bb28bc","name":"marioschrumpf","url":"https:\/\/www.naturparkmagazin.de\/stechlin\/author\/marioschrumpf\/"}]}},"_links":{"self":[{"href":"https:\/\/www.naturparkmagazin.de\/stechlin\/wp-json\/wp\/v2\/posts\/4199"}],"collection":[{"href":"https:\/\/www.naturparkmagazin.de\/stechlin\/wp-json\/wp\/v2\/posts"}],"about":[{"href":"https:\/\/www.naturparkmagazin.de\/stechlin\/wp-json\/wp\/v2\/types\/post"}],"author":[{"embeddable":true,"href":"https:\/\/www.naturparkmagazin.de\/stechlin\/wp-json\/wp\/v2\/users\/39"}],"replies":[{"embeddable":true,"href":"https:\/\/www.naturparkmagazin.de\/stechlin\/wp-json\/wp\/v2\/comments?post=4199"}],"version-history":[{"count":4,"href":"https:\/\/www.naturparkmagazin.de\/stechlin\/wp-json\/wp\/v2\/posts\/4199\/revisions"}],"predecessor-version":[{"id":4243,"href":"https:\/\/www.naturparkmagazin.de\/stechlin\/wp-json\/wp\/v2\/posts\/4199\/revisions\/4243"}],"wp:featuredmedia":[{"embeddable":true,"href":"https:\/\/www.naturparkmagazin.de\/stechlin\/wp-json\/wp\/v2\/media\/4239"}],"wp:attachment":[{"href":"https:\/\/www.naturparkmagazin.de\/stechlin\/wp-json\/wp\/v2\/media?parent=4199"}],"wp:term":[{"taxonomy":"category","embeddable":true,"href":"https:\/\/www.naturparkmagazin.de\/stechlin\/wp-json\/wp\/v2\/categories?post=4199"},{"taxonomy":"post_tag","embeddable":true,"href":"https:\/\/www.naturparkmagazin.de\/stechlin\/wp-json\/wp\/v2\/tags?post=4199"}],"curies":[{"name":"wp","href":"https:\/\/api.w.org\/{rel}","templated":true}]}}