{"id":4217,"date":"2017-11-15T12:13:44","date_gmt":"2017-11-15T11:13:44","guid":{"rendered":"http:\/\/www.naturparkmagazin.de\/stechlin\/?p=4217"},"modified":"2025-05-28T11:16:09","modified_gmt":"2025-05-28T09:16:09","slug":"oekis-dringend-gesucht-im-besucherzentrum-naturparkhaus-stechlin-in-menz","status":"publish","type":"post","link":"https:\/\/www.naturparkmagazin.de\/stechlin\/oekis-dringend-gesucht-im-besucherzentrum-naturparkhaus-stechlin-in-menz\/","title":{"rendered":"Schule aus und was dann? &#8211; \u201e\u00d6ki\u201c gesucht (2017)"},"content":{"rendered":"<div id=\"attachment_4219\" style=\"width: 210px\" class=\"wp-caption aligncenter\"><a href=\"https:\/\/www.naturparkmagazin.de\/stechlin\/wp-content\/uploads\/sites\/38\/\u00d6ki-gesucht2.jpg\"><img aria-describedby=\"caption-attachment-4219\" decoding=\"async\" loading=\"lazy\" class=\"size-full wp-image-4219\" src=\"https:\/\/www.naturparkmagazin.de\/stechlin\/wp-content\/uploads\/sites\/38\/\u00d6ki-gesucht2.jpg\" alt=\"Pauline Finner erkl\u00e4rt das Aquarium.\" width=\"200\" height=\"300\" \/><\/a><p id=\"caption-attachment-4219\" class=\"wp-caption-text\">&#8222;\u00d6kiline&#8220; Pauline Finner erkl\u00e4rt das Aquarium.<\/p><\/div>\n<p>Das NaturParkHaus Stechlin in Menz sucht ab sofort einen Teilnehmer f\u00fcr das Freiwillige \u00f6kologische Jahr. Bewerben k\u00f6nnen sich junge Menschen bis zum 26. Lebensjahr. Wer einmal gerne hinter den \u201eGr\u00fcnen Vorhang\u201c des Naturparks \u201eStechlin \u2013 Ruppiner Land\u201c schauen m\u00f6chte, sollte sich melden. Die Aufgaben sind vielf\u00e4ltig. So sind die Besuchergruppen in der Erlebnisausstellung und im Sinnesgarten zu betreuen, bei den Umweltbildungsprogrammen mit Kindern zu arbeiten und eigene Naturprojekte kreativ zu entwickeln.<\/p>\n<p>Verschiedene Seminarwochen finden auch in anderen Einsatzstellen in Brandenburg statt. Dabei lernt man nicht nur andere \u201e\u00d6kis\u201c kennen, sondern erweitert auch sein Wissen im \u00f6kologischen Bereich.<\/p>\n<p>Eine Unterkunft mit Bad und K\u00fcche steht in Menz bereit. Dazu gibt es ein kleines Taschengeld.<\/p>\n<p>Wer Interesse hat, kann sich im NaturParkHaus in Menz melden unter der Telefonnummer: 033082\/51210 oder unter: <a href=\"mailto:post@naturparkhaus.de\">post@naturparkhaus.de<\/a>. Er kann auch seine Bewerbung direkt an den: \u201eF\u00f6rderverein \u201eM\u00e4rkischer Wald\u201c im Erholungszentrum H\u00f6lzener See, Projekt F\u00d6J, Weg zum H\u00f6lzernen See 1, 15741 Gr\u00e4bendorf, Tel: 0330763\/66618 senden. Eine sch\u00f6ne und spannende Zeit erwartet Euch!<\/p>\n<p><a href=\"https:\/\/www.naturparkmagazin.de\/stechlin\/wp-content\/uploads\/sites\/38\/PICT0025_500x300.jpg\"><img decoding=\"async\" loading=\"lazy\" class=\" size-thumbnail wp-image-6394 aligncenter\" src=\"https:\/\/www.naturparkmagazin.de\/stechlin\/wp-content\/uploads\/sites\/38\/PICT0025_500x300-300x180.jpg\" alt=\"NP SRL\/Karin Schl\u00f6sser\" width=\"300\" height=\"180\" srcset=\"https:\/\/www.naturparkmagazin.de\/stechlin\/wp-content\/uploads\/sites\/38\/PICT0025_500x300-300x180.jpg 300w, https:\/\/www.naturparkmagazin.de\/stechlin\/wp-content\/uploads\/sites\/38\/PICT0025_500x300.jpg 500w, https:\/\/www.naturparkmagazin.de\/stechlin\/wp-content\/uploads\/sites\/38\/PICT0025_500x300-200x120.jpg 200w\" sizes=\"(max-width: 300px) 100vw, 300px\" \/><\/a><\/p>\n<p>&nbsp;<\/p>\n","protected":false},"excerpt":{"rendered":"<p>Du hast die Schule gemeistert und hast noch keine Ahnung wie es weiter geht? Du bist Dir unsicher ob das Studium oder eine Ausbildung das richtige ist? <\/p>\n","protected":false},"author":39,"featured_media":4218,"comment_status":"open","ping_status":"open","sticky":false,"template":"","format":"standard","meta":[],"categories":[7],"tags":[],"yoast_head":"<!-- This site is optimized with the Yoast SEO plugin v19.10 - https:\/\/yoast.com\/wordpress\/plugins\/seo\/ -->\n<title>Schule aus und was dann? - \u201e\u00d6ki\u201c gesucht (2017) - Naturpark Stechlin-Ruppiner Land<\/title>\n<meta name=\"robots\" content=\"index, follow, max-snippet:-1, max-image-preview:large, max-video-preview:-1\" \/>\n<link rel=\"canonical\" href=\"https:\/\/www.naturparkmagazin.de\/stechlin\/oekis-dringend-gesucht-im-besucherzentrum-naturparkhaus-stechlin-in-menz\/\" \/>\n<meta property=\"og:locale\" content=\"de_DE\" \/>\n<meta property=\"og:type\" content=\"article\" \/>\n<meta property=\"og:title\" content=\"Schule aus und was dann? - \u201e\u00d6ki\u201c gesucht (2017) - Naturpark Stechlin-Ruppiner Land\" \/>\n<meta property=\"og:description\" content=\"Du hast die Schule gemeistert und hast noch keine Ahnung wie es weiter geht? Du bist Dir unsicher ob das Studium oder eine Ausbildung das richtige ist?\" \/>\n<meta property=\"og:url\" content=\"https:\/\/www.naturparkmagazin.de\/stechlin\/oekis-dringend-gesucht-im-besucherzentrum-naturparkhaus-stechlin-in-menz\/\" \/>\n<meta property=\"og:site_name\" content=\"Naturpark Stechlin-Ruppiner Land\" \/>\n<meta property=\"article:published_time\" content=\"2017-11-15T11:13:44+00:00\" \/>\n<meta property=\"article:modified_time\" content=\"2025-05-28T09:16:09+00:00\" \/>\n<meta property=\"og:image\" content=\"https:\/\/www.naturparkmagazin.de\/stechlin\/wp-content\/uploads\/sites\/38\/\u00d6ki-gesucht.jpg\" \/>\n\t<meta property=\"og:image:width\" content=\"200\" \/>\n\t<meta property=\"og:image:height\" content=\"200\" \/>\n\t<meta property=\"og:image:type\" content=\"image\/jpeg\" \/>\n<meta name=\"author\" content=\"marioschrumpf\" \/>\n<meta name=\"twitter:label1\" content=\"Verfasst von\" \/>\n\t<meta name=\"twitter:data1\" content=\"marioschrumpf\" \/>\n\t<meta name=\"twitter:label2\" content=\"Gesch\u00e4tzte Lesezeit\" \/>\n\t<meta name=\"twitter:data2\" content=\"1\u00a0Minute\" \/>\n<script type=\"application\/ld+json\" class=\"yoast-schema-graph\">{\"@context\":\"https:\/\/schema.org\",\"@graph\":[{\"@type\":\"WebPage\",\"@id\":\"https:\/\/www.naturparkmagazin.de\/stechlin\/oekis-dringend-gesucht-im-besucherzentrum-naturparkhaus-stechlin-in-menz\/\",\"url\":\"https:\/\/www.naturparkmagazin.de\/stechlin\/oekis-dringend-gesucht-im-besucherzentrum-naturparkhaus-stechlin-in-menz\/\",\"name\":\"Schule aus und was dann? - \u201e\u00d6ki\u201c gesucht (2017) - Naturpark Stechlin-Ruppiner Land\",\"isPartOf\":{\"@id\":\"https:\/\/www.naturparkmagazin.de\/stechlin\/#website\"},\"datePublished\":\"2017-11-15T11:13:44+00:00\",\"dateModified\":\"2025-05-28T09:16:09+00:00\",\"author\":{\"@id\":\"https:\/\/www.naturparkmagazin.de\/stechlin\/#\/schema\/person\/3f0d93203df21c806dd63c76d9bb28bc\"},\"breadcrumb\":{\"@id\":\"https:\/\/www.naturparkmagazin.de\/stechlin\/oekis-dringend-gesucht-im-besucherzentrum-naturparkhaus-stechlin-in-menz\/#breadcrumb\"},\"inLanguage\":\"de\",\"potentialAction\":[{\"@type\":\"ReadAction\",\"target\":[\"https:\/\/www.naturparkmagazin.de\/stechlin\/oekis-dringend-gesucht-im-besucherzentrum-naturparkhaus-stechlin-in-menz\/\"]}]},{\"@type\":\"BreadcrumbList\",\"@id\":\"https:\/\/www.naturparkmagazin.de\/stechlin\/oekis-dringend-gesucht-im-besucherzentrum-naturparkhaus-stechlin-in-menz\/#breadcrumb\",\"itemListElement\":[{\"@type\":\"ListItem\",\"position\":1,\"name\":\"Home\",\"item\":\"https:\/\/www.naturparkmagazin.de\/stechlin\/\"},{\"@type\":\"ListItem\",\"position\":2,\"name\":\"Schule aus und was dann? &#8211; \u201e\u00d6ki\u201c gesucht (2017)\"}]},{\"@type\":\"WebSite\",\"@id\":\"https:\/\/www.naturparkmagazin.de\/stechlin\/#website\",\"url\":\"https:\/\/www.naturparkmagazin.de\/stechlin\/\",\"name\":\"Naturpark Stechlin-Ruppiner Land\",\"description\":\"\",\"potentialAction\":[{\"@type\":\"SearchAction\",\"target\":{\"@type\":\"EntryPoint\",\"urlTemplate\":\"https:\/\/www.naturparkmagazin.de\/stechlin\/?s={search_term_string}\"},\"query-input\":\"required name=search_term_string\"}],\"inLanguage\":\"de\"},{\"@type\":\"Person\",\"@id\":\"https:\/\/www.naturparkmagazin.de\/stechlin\/#\/schema\/person\/3f0d93203df21c806dd63c76d9bb28bc\",\"name\":\"marioschrumpf\",\"url\":\"https:\/\/www.naturparkmagazin.de\/stechlin\/author\/marioschrumpf\/\"}]}<\/script>\n<!-- \/ Yoast SEO plugin. -->","yoast_head_json":{"title":"Schule aus und was dann? - \u201e\u00d6ki\u201c gesucht (2017) - Naturpark Stechlin-Ruppiner Land","robots":{"index":"index","follow":"follow","max-snippet":"max-snippet:-1","max-image-preview":"max-image-preview:large","max-video-preview":"max-video-preview:-1"},"canonical":"https:\/\/www.naturparkmagazin.de\/stechlin\/oekis-dringend-gesucht-im-besucherzentrum-naturparkhaus-stechlin-in-menz\/","og_locale":"de_DE","og_type":"article","og_title":"Schule aus und was dann? - \u201e\u00d6ki\u201c gesucht (2017) - Naturpark Stechlin-Ruppiner Land","og_description":"Du hast die Schule gemeistert und hast noch keine Ahnung wie es weiter geht? Du bist Dir unsicher ob das Studium oder eine Ausbildung das richtige ist?","og_url":"https:\/\/www.naturparkmagazin.de\/stechlin\/oekis-dringend-gesucht-im-besucherzentrum-naturparkhaus-stechlin-in-menz\/","og_site_name":"Naturpark Stechlin-Ruppiner Land","article_published_time":"2017-11-15T11:13:44+00:00","article_modified_time":"2025-05-28T09:16:09+00:00","og_image":[{"width":200,"height":200,"url":"https:\/\/www.naturparkmagazin.de\/stechlin\/wp-content\/uploads\/sites\/38\/\u00d6ki-gesucht.jpg","type":"image\/jpeg"}],"author":"marioschrumpf","twitter_misc":{"Verfasst von":"marioschrumpf","Gesch\u00e4tzte Lesezeit":"1\u00a0Minute"},"schema":{"@context":"https:\/\/schema.org","@graph":[{"@type":"WebPage","@id":"https:\/\/www.naturparkmagazin.de\/stechlin\/oekis-dringend-gesucht-im-besucherzentrum-naturparkhaus-stechlin-in-menz\/","url":"https:\/\/www.naturparkmagazin.de\/stechlin\/oekis-dringend-gesucht-im-besucherzentrum-naturparkhaus-stechlin-in-menz\/","name":"Schule aus und was dann? - \u201e\u00d6ki\u201c gesucht (2017) - Naturpark Stechlin-Ruppiner Land","isPartOf":{"@id":"https:\/\/www.naturparkmagazin.de\/stechlin\/#website"},"datePublished":"2017-11-15T11:13:44+00:00","dateModified":"2025-05-28T09:16:09+00:00","author":{"@id":"https:\/\/www.naturparkmagazin.de\/stechlin\/#\/schema\/person\/3f0d93203df21c806dd63c76d9bb28bc"},"breadcrumb":{"@id":"https:\/\/www.naturparkmagazin.de\/stechlin\/oekis-dringend-gesucht-im-besucherzentrum-naturparkhaus-stechlin-in-menz\/#breadcrumb"},"inLanguage":"de","potentialAction":[{"@type":"ReadAction","target":["https:\/\/www.naturparkmagazin.de\/stechlin\/oekis-dringend-gesucht-im-besucherzentrum-naturparkhaus-stechlin-in-menz\/"]}]},{"@type":"BreadcrumbList","@id":"https:\/\/www.naturparkmagazin.de\/stechlin\/oekis-dringend-gesucht-im-besucherzentrum-naturparkhaus-stechlin-in-menz\/#breadcrumb","itemListElement":[{"@type":"ListItem","position":1,"name":"Home","item":"https:\/\/www.naturparkmagazin.de\/stechlin\/"},{"@type":"ListItem","position":2,"name":"Schule aus und was dann? &#8211; \u201e\u00d6ki\u201c gesucht (2017)"}]},{"@type":"WebSite","@id":"https:\/\/www.naturparkmagazin.de\/stechlin\/#website","url":"https:\/\/www.naturparkmagazin.de\/stechlin\/","name":"Naturpark Stechlin-Ruppiner Land","description":"","potentialAction":[{"@type":"SearchAction","target":{"@type":"EntryPoint","urlTemplate":"https:\/\/www.naturparkmagazin.de\/stechlin\/?s={search_term_string}"},"query-input":"required name=search_term_string"}],"inLanguage":"de"},{"@type":"Person","@id":"https:\/\/www.naturparkmagazin.de\/stechlin\/#\/schema\/person\/3f0d93203df21c806dd63c76d9bb28bc","name":"marioschrumpf","url":"https:\/\/www.naturparkmagazin.de\/stechlin\/author\/marioschrumpf\/"}]}},"_links":{"self":[{"href":"https:\/\/www.naturparkmagazin.de\/stechlin\/wp-json\/wp\/v2\/posts\/4217"}],"collection":[{"href":"https:\/\/www.naturparkmagazin.de\/stechlin\/wp-json\/wp\/v2\/posts"}],"about":[{"href":"https:\/\/www.naturparkmagazin.de\/stechlin\/wp-json\/wp\/v2\/types\/post"}],"author":[{"embeddable":true,"href":"https:\/\/www.naturparkmagazin.de\/stechlin\/wp-json\/wp\/v2\/users\/39"}],"replies":[{"embeddable":true,"href":"https:\/\/www.naturparkmagazin.de\/stechlin\/wp-json\/wp\/v2\/comments?post=4217"}],"version-history":[{"count":9,"href":"https:\/\/www.naturparkmagazin.de\/stechlin\/wp-json\/wp\/v2\/posts\/4217\/revisions"}],"predecessor-version":[{"id":17387,"href":"https:\/\/www.naturparkmagazin.de\/stechlin\/wp-json\/wp\/v2\/posts\/4217\/revisions\/17387"}],"wp:featuredmedia":[{"embeddable":true,"href":"https:\/\/www.naturparkmagazin.de\/stechlin\/wp-json\/wp\/v2\/media\/4218"}],"wp:attachment":[{"href":"https:\/\/www.naturparkmagazin.de\/stechlin\/wp-json\/wp\/v2\/media?parent=4217"}],"wp:term":[{"taxonomy":"category","embeddable":true,"href":"https:\/\/www.naturparkmagazin.de\/stechlin\/wp-json\/wp\/v2\/categories?post=4217"},{"taxonomy":"post_tag","embeddable":true,"href":"https:\/\/www.naturparkmagazin.de\/stechlin\/wp-json\/wp\/v2\/tags?post=4217"}],"curies":[{"name":"wp","href":"https:\/\/api.w.org\/{rel}","templated":true}]}}