{"id":4221,"date":"2016-07-18T09:15:20","date_gmt":"2016-07-18T07:15:20","guid":{"rendered":"http:\/\/www.naturparkmagazin.de\/stechlin\/?p=4221"},"modified":"2016-07-26T12:59:09","modified_gmt":"2016-07-26T10:59:09","slug":"rheinsberger-preussenquelle-uebernimmt-patenschaft-fuer-fischadler","status":"publish","type":"post","link":"https:\/\/www.naturparkmagazin.de\/stechlin\/rheinsberger-preussenquelle-uebernimmt-patenschaft-fuer-fischadler\/","title":{"rendered":"Rheinsberger Preussenquelle \u00fcbernimmt Patenschaft f\u00fcr Fischadler"},"content":{"rendered":"<p><a href=\"https:\/\/www.naturparkmagazin.de\/stechlin\/wp-content\/uploads\/sites\/38\/Patenschaftsurkunde.jpg\"><img decoding=\"async\" loading=\"lazy\" class=\"alignleft size-full wp-image-4223\" src=\"https:\/\/www.naturparkmagazin.de\/stechlin\/wp-content\/uploads\/sites\/38\/Patenschaftsurkunde.jpg\" alt=\"NP SRL\/NPV\" width=\"210\" height=\"300\" srcset=\"https:\/\/www.naturparkmagazin.de\/stechlin\/wp-content\/uploads\/sites\/38\/Patenschaftsurkunde.jpg 210w, https:\/\/www.naturparkmagazin.de\/stechlin\/wp-content\/uploads\/sites\/38\/Patenschaftsurkunde-200x286.jpg 200w\" sizes=\"(max-width: 210px) 100vw, 210px\" \/>\n<\/a><\/p>\n<p>&nbsp;<\/p>\n<p>&nbsp;<\/p>\n<p>&nbsp;<\/p>\n<p>&nbsp;<\/p>\n<p>&nbsp;<\/p>\n<p>&nbsp;<\/p>\n<p>&nbsp;<\/p>\n<p>&nbsp;<\/p>\n<p>&nbsp;<\/p>\n<p>&nbsp;<\/p>\n<p>&nbsp;<\/p>\n<p>Am 14. Juli hat der Vorsitzende des NABU-Regionalverbandes Neuruppin, Bernd Ewert dem Gesch\u00e4ftsf\u00fchrer der Preussenquelle, Frank Stieldorf offiziell die Patenschaftsurkunde f\u00fcr drei Fischadlerhorste \u00fcberreicht.<\/p>\n<div id=\"attachment_4250\" style=\"width: 310px\" class=\"wp-caption alignleft\"><a href=\"https:\/\/www.naturparkmagazin.de\/stechlin\/wp-content\/uploads\/sites\/38\/Fischadlertafel_Einweihung1.jpg\"><img aria-describedby=\"caption-attachment-4250\" decoding=\"async\" loading=\"lazy\" class=\"size-thumbnail wp-image-4250\" src=\"https:\/\/www.naturparkmagazin.de\/stechlin\/wp-content\/uploads\/sites\/38\/Fischadlertafel_Einweihung1-300x180.jpg\" alt=\"Frank Stieldorf, Gesch\u00e4ftsf\u00fchrer der Preussenquelle, nach der \u00dcbergabe der Patenschaftsurkunde f\u00fcr drei Fischadlerpaare.\" width=\"300\" height=\"180\" srcset=\"https:\/\/www.naturparkmagazin.de\/stechlin\/wp-content\/uploads\/sites\/38\/Fischadlertafel_Einweihung1-300x180.jpg 300w, https:\/\/www.naturparkmagazin.de\/stechlin\/wp-content\/uploads\/sites\/38\/Fischadlertafel_Einweihung1.jpg 500w, https:\/\/www.naturparkmagazin.de\/stechlin\/wp-content\/uploads\/sites\/38\/Fischadlertafel_Einweihung1-200x120.jpg 200w\" sizes=\"(max-width: 300px) 100vw, 300px\" \/><\/a><p id=\"caption-attachment-4250\" class=\"wp-caption-text\">Frank Stieldorf, Gesch\u00e4ftsf\u00fchrer der Preussenquelle, pr\u00e4sentiert stolz die Patenschaftsurkunde f\u00fcr drei Fischadlerpaare.<\/p><\/div>\n<p>&nbsp;<\/p>\n<p>&nbsp;<\/p>\n<p>&nbsp;<\/p>\n<p>&nbsp;<\/p>\n<p>&nbsp;<\/p>\n<p>&nbsp;<\/p>\n<p>&nbsp;<\/p>\n<p>&nbsp;<\/p>\n<p>&nbsp;<\/p>\n<p>Im Beisein von Rheinsberger B\u00fcrgermeister Jan-Pieter Rau und Naturparkleiter Dr. Mario Schrumpf wurde an der Uferpromenade am Rheinsberger Grienericksee eine Infotafel zum Fischadler ihrer Bestimmung \u00fcbergeben. Bereits im Fr\u00fchjahr vor der R\u00fcckkehr der Fischadler aus ihrem Winterquartier in Westafrika wurden 3 Horstunterlagen f\u00fcr Baumbr\u00fcter an den Rheinsberger Gew\u00e4ssern mit finanzieller Unterst\u00fctzung der Preussenquelle erneuert. Die Infotafel am Grienericksee informiert \u00fcber die Biologie und das Vorkommen der nach der EU-Vogelschutz-Richtlinie europaweit gesch\u00fctzten Vogelart. Besucher k\u00f6nnen den auf Fisch als Nahrung spezialisierten Greifvogel hier mit etwas Gl\u00fcck beim Jagen beobachten.<\/p>\n<div id=\"attachment_4252\" style=\"width: 310px\" class=\"wp-caption alignleft\"><a href=\"https:\/\/www.naturparkmagazin.de\/stechlin\/wp-content\/uploads\/sites\/38\/Fischadlertafel_Einweihung2.jpg\"><img aria-describedby=\"caption-attachment-4252\" decoding=\"async\" loading=\"lazy\" class=\"size-thumbnail wp-image-4252\" src=\"https:\/\/www.naturparkmagazin.de\/stechlin\/wp-content\/uploads\/sites\/38\/Fischadlertafel_Einweihung2-300x180.jpg\" alt=\"Ein Blick durch das Spektiv in den Fischadlerhorst mit zwei Jungtieren.\" width=\"300\" height=\"180\" srcset=\"https:\/\/www.naturparkmagazin.de\/stechlin\/wp-content\/uploads\/sites\/38\/Fischadlertafel_Einweihung2-300x180.jpg 300w, https:\/\/www.naturparkmagazin.de\/stechlin\/wp-content\/uploads\/sites\/38\/Fischadlertafel_Einweihung2.jpg 500w, https:\/\/www.naturparkmagazin.de\/stechlin\/wp-content\/uploads\/sites\/38\/Fischadlertafel_Einweihung2-200x120.jpg 200w\" sizes=\"(max-width: 300px) 100vw, 300px\" \/><\/a><p id=\"caption-attachment-4252\" class=\"wp-caption-text\">Ein Blick durch das Spektiv in den Fischadlerhorst mit zwei Jungtieren.<\/p><\/div>\n<p>&nbsp;<\/p>\n<p>&nbsp;<\/p>\n<p>&nbsp;<\/p>\n<p>&nbsp;<\/p>\n<p>&nbsp;<\/p>\n<p>&nbsp;<\/p>\n<p>&nbsp;<\/p>\n<p>&nbsp;<\/p>\n<p>&nbsp;<\/p>\n<p>Von den ca. 600 Brutpaaren bundesweit, leben mehr als die H\u00e4lfte (386) in Brandenburg, davon 29 (ca. 5%) im Naturpark Stechlin-Ruppiner Land.<\/p>\n<div id=\"attachment_4224\" style=\"width: 310px\" class=\"wp-caption alignleft\"><a href=\"https:\/\/www.naturparkmagazin.de\/stechlin\/wp-content\/uploads\/sites\/38\/Horsterneuerung_Ewert.jpg\"><img aria-describedby=\"caption-attachment-4224\" decoding=\"async\" loading=\"lazy\" class=\"size-thumbnail wp-image-4224\" src=\"https:\/\/www.naturparkmagazin.de\/stechlin\/wp-content\/uploads\/sites\/38\/Horsterneuerung_Ewert-300x180.jpg\" alt=\"Erneuerung eines Naturhorstes, der Horst auf der alten Eiche war fast vollst\u00e4ndig abgest\u00fcrzt.\" width=\"300\" height=\"180\" srcset=\"https:\/\/www.naturparkmagazin.de\/stechlin\/wp-content\/uploads\/sites\/38\/Horsterneuerung_Ewert-300x180.jpg 300w, https:\/\/www.naturparkmagazin.de\/stechlin\/wp-content\/uploads\/sites\/38\/Horsterneuerung_Ewert.jpg 500w, https:\/\/www.naturparkmagazin.de\/stechlin\/wp-content\/uploads\/sites\/38\/Horsterneuerung_Ewert-200x120.jpg 200w\" sizes=\"(max-width: 300px) 100vw, 300px\" \/><\/a><p id=\"caption-attachment-4224\" class=\"wp-caption-text\">Erneuerung eines Naturhorstes, der Horst auf der alten Eiche war fast vollst\u00e4ndig abgest\u00fcrzt.<\/p><\/div>\n<p>&nbsp;<\/p>\n<p>&nbsp;<\/p>\n<p>&nbsp;<\/p>\n<p>&nbsp;<\/p>\n<p>&nbsp;<\/p>\n<p>&nbsp;<\/p>\n<p>&nbsp;<\/p>\n<p>&nbsp;<\/p>\n<p><a href=\"http:\/\/www.stechlin-ruppiner-land-naturpark.de\/fileadmin\/user_upload\/PDF\/Stechlin-Ruppin\/Publikationen\/Fischadler_Druck_Monitor.pdf\">Hier<\/a> geht&#8217;s zur Infotafel.<\/p>\n","protected":false},"excerpt":{"rendered":"<p>Am 14. Juli hat der Vorsitzende des NABU-Regionalverbandes Neuruppin, Bernd Ewert dem Gesch\u00e4ftsf\u00fchrer der Preussenquelle, Frank Stieldorf offiziell die Patenschaftsurkunde f\u00fcr drei Fischadlerhorste \u00fcberreicht.<\/p>\n","protected":false},"author":39,"featured_media":4249,"comment_status":"open","ping_status":"open","sticky":false,"template":"","format":"standard","meta":[],"categories":[7],"tags":[],"yoast_head":"<!-- This site is optimized with the Yoast SEO plugin v19.10 - https:\/\/yoast.com\/wordpress\/plugins\/seo\/ -->\n<title>Rheinsberger Preussenquelle \u00fcbernimmt Patenschaft f\u00fcr Fischadler - Naturpark Stechlin-Ruppiner Land<\/title>\n<meta name=\"robots\" content=\"index, follow, max-snippet:-1, max-image-preview:large, max-video-preview:-1\" \/>\n<link rel=\"canonical\" href=\"https:\/\/www.naturparkmagazin.de\/stechlin\/rheinsberger-preussenquelle-uebernimmt-patenschaft-fuer-fischadler\/\" \/>\n<meta property=\"og:locale\" content=\"de_DE\" \/>\n<meta property=\"og:type\" content=\"article\" \/>\n<meta property=\"og:title\" content=\"Rheinsberger Preussenquelle \u00fcbernimmt Patenschaft f\u00fcr Fischadler - Naturpark Stechlin-Ruppiner Land\" \/>\n<meta property=\"og:description\" content=\"Am 14. Juli hat der Vorsitzende des NABU-Regionalverbandes Neuruppin, Bernd Ewert dem Gesch\u00e4ftsf\u00fchrer der Preussenquelle, Frank Stieldorf offiziell die Patenschaftsurkunde f\u00fcr drei Fischadlerhorste \u00fcberreicht.\" \/>\n<meta property=\"og:url\" content=\"https:\/\/www.naturparkmagazin.de\/stechlin\/rheinsberger-preussenquelle-uebernimmt-patenschaft-fuer-fischadler\/\" \/>\n<meta property=\"og:site_name\" content=\"Naturpark Stechlin-Ruppiner Land\" \/>\n<meta property=\"article:published_time\" content=\"2016-07-18T07:15:20+00:00\" \/>\n<meta property=\"article:modified_time\" content=\"2016-07-26T10:59:09+00:00\" \/>\n<meta property=\"og:image\" content=\"https:\/\/www.naturparkmagazin.de\/stechlin\/wp-content\/uploads\/sites\/38\/Fischadlertafeleinweihung.jpg\" \/>\n\t<meta property=\"og:image:width\" content=\"200\" \/>\n\t<meta property=\"og:image:height\" content=\"200\" \/>\n\t<meta property=\"og:image:type\" content=\"image\/jpeg\" \/>\n<meta name=\"author\" content=\"marioschrumpf\" \/>\n<meta name=\"twitter:label1\" content=\"Verfasst von\" \/>\n\t<meta name=\"twitter:data1\" content=\"marioschrumpf\" \/>\n\t<meta name=\"twitter:label2\" content=\"Gesch\u00e4tzte Lesezeit\" \/>\n\t<meta name=\"twitter:data2\" content=\"1\u00a0Minute\" \/>\n<script type=\"application\/ld+json\" class=\"yoast-schema-graph\">{\"@context\":\"https:\/\/schema.org\",\"@graph\":[{\"@type\":\"WebPage\",\"@id\":\"https:\/\/www.naturparkmagazin.de\/stechlin\/rheinsberger-preussenquelle-uebernimmt-patenschaft-fuer-fischadler\/\",\"url\":\"https:\/\/www.naturparkmagazin.de\/stechlin\/rheinsberger-preussenquelle-uebernimmt-patenschaft-fuer-fischadler\/\",\"name\":\"Rheinsberger Preussenquelle \u00fcbernimmt Patenschaft f\u00fcr Fischadler - Naturpark Stechlin-Ruppiner Land\",\"isPartOf\":{\"@id\":\"https:\/\/www.naturparkmagazin.de\/stechlin\/#website\"},\"datePublished\":\"2016-07-18T07:15:20+00:00\",\"dateModified\":\"2016-07-26T10:59:09+00:00\",\"author\":{\"@id\":\"https:\/\/www.naturparkmagazin.de\/stechlin\/#\/schema\/person\/3f0d93203df21c806dd63c76d9bb28bc\"},\"breadcrumb\":{\"@id\":\"https:\/\/www.naturparkmagazin.de\/stechlin\/rheinsberger-preussenquelle-uebernimmt-patenschaft-fuer-fischadler\/#breadcrumb\"},\"inLanguage\":\"de\",\"potentialAction\":[{\"@type\":\"ReadAction\",\"target\":[\"https:\/\/www.naturparkmagazin.de\/stechlin\/rheinsberger-preussenquelle-uebernimmt-patenschaft-fuer-fischadler\/\"]}]},{\"@type\":\"BreadcrumbList\",\"@id\":\"https:\/\/www.naturparkmagazin.de\/stechlin\/rheinsberger-preussenquelle-uebernimmt-patenschaft-fuer-fischadler\/#breadcrumb\",\"itemListElement\":[{\"@type\":\"ListItem\",\"position\":1,\"name\":\"Home\",\"item\":\"https:\/\/www.naturparkmagazin.de\/stechlin\/\"},{\"@type\":\"ListItem\",\"position\":2,\"name\":\"Rheinsberger Preussenquelle \u00fcbernimmt Patenschaft f\u00fcr Fischadler\"}]},{\"@type\":\"WebSite\",\"@id\":\"https:\/\/www.naturparkmagazin.de\/stechlin\/#website\",\"url\":\"https:\/\/www.naturparkmagazin.de\/stechlin\/\",\"name\":\"Naturpark Stechlin-Ruppiner Land\",\"description\":\"\",\"potentialAction\":[{\"@type\":\"SearchAction\",\"target\":{\"@type\":\"EntryPoint\",\"urlTemplate\":\"https:\/\/www.naturparkmagazin.de\/stechlin\/?s={search_term_string}\"},\"query-input\":\"required name=search_term_string\"}],\"inLanguage\":\"de\"},{\"@type\":\"Person\",\"@id\":\"https:\/\/www.naturparkmagazin.de\/stechlin\/#\/schema\/person\/3f0d93203df21c806dd63c76d9bb28bc\",\"name\":\"marioschrumpf\",\"url\":\"https:\/\/www.naturparkmagazin.de\/stechlin\/author\/marioschrumpf\/\"}]}<\/script>\n<!-- \/ Yoast SEO plugin. -->","yoast_head_json":{"title":"Rheinsberger Preussenquelle \u00fcbernimmt Patenschaft f\u00fcr Fischadler - Naturpark Stechlin-Ruppiner Land","robots":{"index":"index","follow":"follow","max-snippet":"max-snippet:-1","max-image-preview":"max-image-preview:large","max-video-preview":"max-video-preview:-1"},"canonical":"https:\/\/www.naturparkmagazin.de\/stechlin\/rheinsberger-preussenquelle-uebernimmt-patenschaft-fuer-fischadler\/","og_locale":"de_DE","og_type":"article","og_title":"Rheinsberger Preussenquelle \u00fcbernimmt Patenschaft f\u00fcr Fischadler - Naturpark Stechlin-Ruppiner Land","og_description":"Am 14. Juli hat der Vorsitzende des NABU-Regionalverbandes Neuruppin, Bernd Ewert dem Gesch\u00e4ftsf\u00fchrer der Preussenquelle, Frank Stieldorf offiziell die Patenschaftsurkunde f\u00fcr drei Fischadlerhorste \u00fcberreicht.","og_url":"https:\/\/www.naturparkmagazin.de\/stechlin\/rheinsberger-preussenquelle-uebernimmt-patenschaft-fuer-fischadler\/","og_site_name":"Naturpark Stechlin-Ruppiner Land","article_published_time":"2016-07-18T07:15:20+00:00","article_modified_time":"2016-07-26T10:59:09+00:00","og_image":[{"width":200,"height":200,"url":"https:\/\/www.naturparkmagazin.de\/stechlin\/wp-content\/uploads\/sites\/38\/Fischadlertafeleinweihung.jpg","type":"image\/jpeg"}],"author":"marioschrumpf","twitter_misc":{"Verfasst von":"marioschrumpf","Gesch\u00e4tzte Lesezeit":"1\u00a0Minute"},"schema":{"@context":"https:\/\/schema.org","@graph":[{"@type":"WebPage","@id":"https:\/\/www.naturparkmagazin.de\/stechlin\/rheinsberger-preussenquelle-uebernimmt-patenschaft-fuer-fischadler\/","url":"https:\/\/www.naturparkmagazin.de\/stechlin\/rheinsberger-preussenquelle-uebernimmt-patenschaft-fuer-fischadler\/","name":"Rheinsberger Preussenquelle \u00fcbernimmt Patenschaft f\u00fcr Fischadler - Naturpark Stechlin-Ruppiner Land","isPartOf":{"@id":"https:\/\/www.naturparkmagazin.de\/stechlin\/#website"},"datePublished":"2016-07-18T07:15:20+00:00","dateModified":"2016-07-26T10:59:09+00:00","author":{"@id":"https:\/\/www.naturparkmagazin.de\/stechlin\/#\/schema\/person\/3f0d93203df21c806dd63c76d9bb28bc"},"breadcrumb":{"@id":"https:\/\/www.naturparkmagazin.de\/stechlin\/rheinsberger-preussenquelle-uebernimmt-patenschaft-fuer-fischadler\/#breadcrumb"},"inLanguage":"de","potentialAction":[{"@type":"ReadAction","target":["https:\/\/www.naturparkmagazin.de\/stechlin\/rheinsberger-preussenquelle-uebernimmt-patenschaft-fuer-fischadler\/"]}]},{"@type":"BreadcrumbList","@id":"https:\/\/www.naturparkmagazin.de\/stechlin\/rheinsberger-preussenquelle-uebernimmt-patenschaft-fuer-fischadler\/#breadcrumb","itemListElement":[{"@type":"ListItem","position":1,"name":"Home","item":"https:\/\/www.naturparkmagazin.de\/stechlin\/"},{"@type":"ListItem","position":2,"name":"Rheinsberger Preussenquelle \u00fcbernimmt Patenschaft f\u00fcr Fischadler"}]},{"@type":"WebSite","@id":"https:\/\/www.naturparkmagazin.de\/stechlin\/#website","url":"https:\/\/www.naturparkmagazin.de\/stechlin\/","name":"Naturpark Stechlin-Ruppiner Land","description":"","potentialAction":[{"@type":"SearchAction","target":{"@type":"EntryPoint","urlTemplate":"https:\/\/www.naturparkmagazin.de\/stechlin\/?s={search_term_string}"},"query-input":"required name=search_term_string"}],"inLanguage":"de"},{"@type":"Person","@id":"https:\/\/www.naturparkmagazin.de\/stechlin\/#\/schema\/person\/3f0d93203df21c806dd63c76d9bb28bc","name":"marioschrumpf","url":"https:\/\/www.naturparkmagazin.de\/stechlin\/author\/marioschrumpf\/"}]}},"_links":{"self":[{"href":"https:\/\/www.naturparkmagazin.de\/stechlin\/wp-json\/wp\/v2\/posts\/4221"}],"collection":[{"href":"https:\/\/www.naturparkmagazin.de\/stechlin\/wp-json\/wp\/v2\/posts"}],"about":[{"href":"https:\/\/www.naturparkmagazin.de\/stechlin\/wp-json\/wp\/v2\/types\/post"}],"author":[{"embeddable":true,"href":"https:\/\/www.naturparkmagazin.de\/stechlin\/wp-json\/wp\/v2\/users\/39"}],"replies":[{"embeddable":true,"href":"https:\/\/www.naturparkmagazin.de\/stechlin\/wp-json\/wp\/v2\/comments?post=4221"}],"version-history":[{"count":7,"href":"https:\/\/www.naturparkmagazin.de\/stechlin\/wp-json\/wp\/v2\/posts\/4221\/revisions"}],"predecessor-version":[{"id":4251,"href":"https:\/\/www.naturparkmagazin.de\/stechlin\/wp-json\/wp\/v2\/posts\/4221\/revisions\/4251"}],"wp:featuredmedia":[{"embeddable":true,"href":"https:\/\/www.naturparkmagazin.de\/stechlin\/wp-json\/wp\/v2\/media\/4249"}],"wp:attachment":[{"href":"https:\/\/www.naturparkmagazin.de\/stechlin\/wp-json\/wp\/v2\/media?parent=4221"}],"wp:term":[{"taxonomy":"category","embeddable":true,"href":"https:\/\/www.naturparkmagazin.de\/stechlin\/wp-json\/wp\/v2\/categories?post=4221"},{"taxonomy":"post_tag","embeddable":true,"href":"https:\/\/www.naturparkmagazin.de\/stechlin\/wp-json\/wp\/v2\/tags?post=4221"}],"curies":[{"name":"wp","href":"https:\/\/api.w.org\/{rel}","templated":true}]}}