{"id":4226,"date":"2016-08-15T09:35:37","date_gmt":"2016-08-15T07:35:37","guid":{"rendered":"http:\/\/www.naturparkmagazin.de\/stechlin\/?p=4226"},"modified":"2016-08-15T13:08:32","modified_gmt":"2016-08-15T11:08:32","slug":"tourismuspolitischer-dialog-der-spd-bundestagsfraktion","status":"publish","type":"post","link":"https:\/\/www.naturparkmagazin.de\/stechlin\/tourismuspolitischer-dialog-der-spd-bundestagsfraktion\/","title":{"rendered":"Tourismuspolitischer Dialog der SPD-Bundestagsfraktion"},"content":{"rendered":"<div id=\"attachment_4323\" style=\"width: 310px\" class=\"wp-caption alignleft\"><a href=\"https:\/\/www.naturparkmagazin.de\/stechlin\/wp-content\/uploads\/sites\/38\/salvadorianischer-politiker_DSC_0016.jpg\"><img aria-describedby=\"caption-attachment-4323\" decoding=\"async\" loading=\"lazy\" class=\"size-thumbnail wp-image-4323\" src=\"https:\/\/www.naturparkmagazin.de\/stechlin\/wp-content\/uploads\/sites\/38\/salvadorianischer-politiker_DSC_0016-300x180.jpg\" alt=\"F\u00fchrung im Besucherzentrum NaturParkHaus Stechlin\" width=\"300\" height=\"180\" srcset=\"https:\/\/www.naturparkmagazin.de\/stechlin\/wp-content\/uploads\/sites\/38\/salvadorianischer-politiker_DSC_0016-300x180.jpg 300w, https:\/\/www.naturparkmagazin.de\/stechlin\/wp-content\/uploads\/sites\/38\/salvadorianischer-politiker_DSC_0016.jpg 500w, https:\/\/www.naturparkmagazin.de\/stechlin\/wp-content\/uploads\/sites\/38\/salvadorianischer-politiker_DSC_0016-200x120.jpg 200w\" sizes=\"(max-width: 300px) 100vw, 300px\" \/><\/a><p id=\"caption-attachment-4323\" class=\"wp-caption-text\">F\u00fchrung im Besucherzentrum NaturParkHaus Stechlin<\/p><\/div>\n<p>&nbsp;<\/p>\n<p>&nbsp;<\/p>\n<p>&nbsp;<\/p>\n<p>&nbsp;<\/p>\n<p>&nbsp;<\/p>\n<p>&nbsp;<\/p>\n<div id=\"attachment_4322\" style=\"width: 310px\" class=\"wp-caption alignleft\"><a href=\"https:\/\/www.naturparkmagazin.de\/stechlin\/wp-content\/uploads\/sites\/38\/solanum_DSC_0013.jpg\"><img aria-describedby=\"caption-attachment-4322\" decoding=\"async\" loading=\"lazy\" class=\"size-thumbnail wp-image-4322\" src=\"https:\/\/www.naturparkmagazin.de\/stechlin\/wp-content\/uploads\/sites\/38\/solanum_DSC_0013-300x180.jpg\" alt=\"Veranstaltungen wie das kulinarische Festival SOLANUM in Rheinsberg werden von Touristen gern besucht.\" width=\"300\" height=\"180\" srcset=\"https:\/\/www.naturparkmagazin.de\/stechlin\/wp-content\/uploads\/sites\/38\/solanum_DSC_0013-300x180.jpg 300w, https:\/\/www.naturparkmagazin.de\/stechlin\/wp-content\/uploads\/sites\/38\/solanum_DSC_0013.jpg 500w, https:\/\/www.naturparkmagazin.de\/stechlin\/wp-content\/uploads\/sites\/38\/solanum_DSC_0013-200x120.jpg 200w\" sizes=\"(max-width: 300px) 100vw, 300px\" \/><\/a><p id=\"caption-attachment-4322\" class=\"wp-caption-text\">Veranstaltungen wie das kulinarische Festival SOLANUM in Rheinsberg werden von Touristen gern besucht.<\/p><\/div>\n<p>&nbsp;<\/p>\n<p>&nbsp;<\/p>\n<p>&nbsp;<\/p>\n<p>&nbsp;<\/p>\n<p>&nbsp;<\/p>\n<p>&nbsp;<\/p>\n<p>&nbsp;<\/p>\n<p>&nbsp;<\/p>\n<p>&nbsp;<\/p>\n<p>&nbsp;<\/p>\n<p>Einmal j\u00e4hrlich l\u00e4dt die Arbeitsgruppe Tourismus der SPD-Bundestagsfraktion nach Berlin zum Tourismuspolitischen Dialog ein.<\/p>\n<p>In meiner Funktion als Vorstandsmitglied durfte ich am 22. Juni 2016 als Vertreter des Verbandes Deutscher Naturparke (VDN) teilnehmen.<\/p>\n<p>An verschiedenen Thementischen wurde intensiv diskutiert, u.a. \u00fcber Besch\u00e4ftigung und Ausbildung im Tourismus, zur Touristischen Infrastruktur und \u00fcber Verbraucherrechte f\u00fcr Reisende.<\/p>\n<p>Stefan Zierke, MdL aus der Uckermark und langj\u00e4hriger Gesch\u00e4ftsf\u00fchrer des dortigen Tourismusverbandes moderierte den Thementisch &#8222;Touristische Infrastruktur&#8220; und &#8222;Tourismus im l\u00e4ndlichen Raum&#8220;.<\/p>\n<p>In der Diskussion dort wurde deutlich, welche herausragende Bedeutung aus Sicht der Tourismuspolitiker die Naturparke f\u00fcr die nachhaltige Entwicklung des l\u00e4ndlichen Raumes in Deutschland haben. Die 103 deutschen Naturparke decken immerhin 28% der Fl\u00e4che der Bundesrepublik ab.<\/p>\n<p>&nbsp;<\/p>\n<p>Dr. Mario Schrumpf<\/p>\n","protected":false},"excerpt":{"rendered":"<p>Einmal j\u00e4hrlich l\u00e4dt die Arbeitsgruppe Tourismus der SPD-Bundestagsfraktion nach Berlin zum Tourismuspolitischen Dialog ein. <\/p>\n","protected":false},"author":39,"featured_media":4339,"comment_status":"open","ping_status":"open","sticky":false,"template":"","format":"standard","meta":[],"categories":[7],"tags":[],"yoast_head":"<!-- This site is optimized with the Yoast SEO plugin v19.10 - https:\/\/yoast.com\/wordpress\/plugins\/seo\/ -->\n<title>Tourismuspolitischer Dialog der SPD-Bundestagsfraktion - Naturpark Stechlin-Ruppiner Land<\/title>\n<meta name=\"robots\" content=\"index, follow, max-snippet:-1, max-image-preview:large, max-video-preview:-1\" \/>\n<link rel=\"canonical\" href=\"https:\/\/www.naturparkmagazin.de\/stechlin\/tourismuspolitischer-dialog-der-spd-bundestagsfraktion\/\" \/>\n<meta property=\"og:locale\" content=\"de_DE\" \/>\n<meta property=\"og:type\" content=\"article\" \/>\n<meta property=\"og:title\" content=\"Tourismuspolitischer Dialog der SPD-Bundestagsfraktion - Naturpark Stechlin-Ruppiner Land\" \/>\n<meta property=\"og:description\" content=\"Einmal j\u00e4hrlich l\u00e4dt die Arbeitsgruppe Tourismus der SPD-Bundestagsfraktion nach Berlin zum Tourismuspolitischen Dialog ein.\" \/>\n<meta property=\"og:url\" content=\"https:\/\/www.naturparkmagazin.de\/stechlin\/tourismuspolitischer-dialog-der-spd-bundestagsfraktion\/\" \/>\n<meta property=\"og:site_name\" content=\"Naturpark Stechlin-Ruppiner Land\" \/>\n<meta property=\"article:published_time\" content=\"2016-08-15T07:35:37+00:00\" \/>\n<meta property=\"article:modified_time\" content=\"2016-08-15T11:08:32+00:00\" \/>\n<meta property=\"og:image\" content=\"https:\/\/www.naturparkmagazin.de\/stechlin\/wp-content\/uploads\/sites\/38\/tourismuspolitischer-dialog_DSC_0076.jpg\" \/>\n\t<meta property=\"og:image:width\" content=\"200\" \/>\n\t<meta property=\"og:image:height\" content=\"200\" \/>\n\t<meta property=\"og:image:type\" content=\"image\/jpeg\" \/>\n<meta name=\"author\" content=\"marioschrumpf\" \/>\n<meta name=\"twitter:label1\" content=\"Verfasst von\" \/>\n\t<meta name=\"twitter:data1\" content=\"marioschrumpf\" \/>\n\t<meta name=\"twitter:label2\" content=\"Gesch\u00e4tzte Lesezeit\" \/>\n\t<meta name=\"twitter:data2\" content=\"1\u00a0Minute\" \/>\n<script type=\"application\/ld+json\" class=\"yoast-schema-graph\">{\"@context\":\"https:\/\/schema.org\",\"@graph\":[{\"@type\":\"WebPage\",\"@id\":\"https:\/\/www.naturparkmagazin.de\/stechlin\/tourismuspolitischer-dialog-der-spd-bundestagsfraktion\/\",\"url\":\"https:\/\/www.naturparkmagazin.de\/stechlin\/tourismuspolitischer-dialog-der-spd-bundestagsfraktion\/\",\"name\":\"Tourismuspolitischer Dialog der SPD-Bundestagsfraktion - Naturpark Stechlin-Ruppiner Land\",\"isPartOf\":{\"@id\":\"https:\/\/www.naturparkmagazin.de\/stechlin\/#website\"},\"datePublished\":\"2016-08-15T07:35:37+00:00\",\"dateModified\":\"2016-08-15T11:08:32+00:00\",\"author\":{\"@id\":\"https:\/\/www.naturparkmagazin.de\/stechlin\/#\/schema\/person\/3f0d93203df21c806dd63c76d9bb28bc\"},\"breadcrumb\":{\"@id\":\"https:\/\/www.naturparkmagazin.de\/stechlin\/tourismuspolitischer-dialog-der-spd-bundestagsfraktion\/#breadcrumb\"},\"inLanguage\":\"de\",\"potentialAction\":[{\"@type\":\"ReadAction\",\"target\":[\"https:\/\/www.naturparkmagazin.de\/stechlin\/tourismuspolitischer-dialog-der-spd-bundestagsfraktion\/\"]}]},{\"@type\":\"BreadcrumbList\",\"@id\":\"https:\/\/www.naturparkmagazin.de\/stechlin\/tourismuspolitischer-dialog-der-spd-bundestagsfraktion\/#breadcrumb\",\"itemListElement\":[{\"@type\":\"ListItem\",\"position\":1,\"name\":\"Home\",\"item\":\"https:\/\/www.naturparkmagazin.de\/stechlin\/\"},{\"@type\":\"ListItem\",\"position\":2,\"name\":\"Tourismuspolitischer Dialog der SPD-Bundestagsfraktion\"}]},{\"@type\":\"WebSite\",\"@id\":\"https:\/\/www.naturparkmagazin.de\/stechlin\/#website\",\"url\":\"https:\/\/www.naturparkmagazin.de\/stechlin\/\",\"name\":\"Naturpark Stechlin-Ruppiner Land\",\"description\":\"\",\"potentialAction\":[{\"@type\":\"SearchAction\",\"target\":{\"@type\":\"EntryPoint\",\"urlTemplate\":\"https:\/\/www.naturparkmagazin.de\/stechlin\/?s={search_term_string}\"},\"query-input\":\"required name=search_term_string\"}],\"inLanguage\":\"de\"},{\"@type\":\"Person\",\"@id\":\"https:\/\/www.naturparkmagazin.de\/stechlin\/#\/schema\/person\/3f0d93203df21c806dd63c76d9bb28bc\",\"name\":\"marioschrumpf\",\"url\":\"https:\/\/www.naturparkmagazin.de\/stechlin\/author\/marioschrumpf\/\"}]}<\/script>\n<!-- \/ Yoast SEO plugin. -->","yoast_head_json":{"title":"Tourismuspolitischer Dialog der SPD-Bundestagsfraktion - Naturpark Stechlin-Ruppiner Land","robots":{"index":"index","follow":"follow","max-snippet":"max-snippet:-1","max-image-preview":"max-image-preview:large","max-video-preview":"max-video-preview:-1"},"canonical":"https:\/\/www.naturparkmagazin.de\/stechlin\/tourismuspolitischer-dialog-der-spd-bundestagsfraktion\/","og_locale":"de_DE","og_type":"article","og_title":"Tourismuspolitischer Dialog der SPD-Bundestagsfraktion - Naturpark Stechlin-Ruppiner Land","og_description":"Einmal j\u00e4hrlich l\u00e4dt die Arbeitsgruppe Tourismus der SPD-Bundestagsfraktion nach Berlin zum Tourismuspolitischen Dialog ein.","og_url":"https:\/\/www.naturparkmagazin.de\/stechlin\/tourismuspolitischer-dialog-der-spd-bundestagsfraktion\/","og_site_name":"Naturpark Stechlin-Ruppiner Land","article_published_time":"2016-08-15T07:35:37+00:00","article_modified_time":"2016-08-15T11:08:32+00:00","og_image":[{"width":200,"height":200,"url":"https:\/\/www.naturparkmagazin.de\/stechlin\/wp-content\/uploads\/sites\/38\/tourismuspolitischer-dialog_DSC_0076.jpg","type":"image\/jpeg"}],"author":"marioschrumpf","twitter_misc":{"Verfasst von":"marioschrumpf","Gesch\u00e4tzte Lesezeit":"1\u00a0Minute"},"schema":{"@context":"https:\/\/schema.org","@graph":[{"@type":"WebPage","@id":"https:\/\/www.naturparkmagazin.de\/stechlin\/tourismuspolitischer-dialog-der-spd-bundestagsfraktion\/","url":"https:\/\/www.naturparkmagazin.de\/stechlin\/tourismuspolitischer-dialog-der-spd-bundestagsfraktion\/","name":"Tourismuspolitischer Dialog der SPD-Bundestagsfraktion - Naturpark Stechlin-Ruppiner Land","isPartOf":{"@id":"https:\/\/www.naturparkmagazin.de\/stechlin\/#website"},"datePublished":"2016-08-15T07:35:37+00:00","dateModified":"2016-08-15T11:08:32+00:00","author":{"@id":"https:\/\/www.naturparkmagazin.de\/stechlin\/#\/schema\/person\/3f0d93203df21c806dd63c76d9bb28bc"},"breadcrumb":{"@id":"https:\/\/www.naturparkmagazin.de\/stechlin\/tourismuspolitischer-dialog-der-spd-bundestagsfraktion\/#breadcrumb"},"inLanguage":"de","potentialAction":[{"@type":"ReadAction","target":["https:\/\/www.naturparkmagazin.de\/stechlin\/tourismuspolitischer-dialog-der-spd-bundestagsfraktion\/"]}]},{"@type":"BreadcrumbList","@id":"https:\/\/www.naturparkmagazin.de\/stechlin\/tourismuspolitischer-dialog-der-spd-bundestagsfraktion\/#breadcrumb","itemListElement":[{"@type":"ListItem","position":1,"name":"Home","item":"https:\/\/www.naturparkmagazin.de\/stechlin\/"},{"@type":"ListItem","position":2,"name":"Tourismuspolitischer Dialog der SPD-Bundestagsfraktion"}]},{"@type":"WebSite","@id":"https:\/\/www.naturparkmagazin.de\/stechlin\/#website","url":"https:\/\/www.naturparkmagazin.de\/stechlin\/","name":"Naturpark Stechlin-Ruppiner Land","description":"","potentialAction":[{"@type":"SearchAction","target":{"@type":"EntryPoint","urlTemplate":"https:\/\/www.naturparkmagazin.de\/stechlin\/?s={search_term_string}"},"query-input":"required name=search_term_string"}],"inLanguage":"de"},{"@type":"Person","@id":"https:\/\/www.naturparkmagazin.de\/stechlin\/#\/schema\/person\/3f0d93203df21c806dd63c76d9bb28bc","name":"marioschrumpf","url":"https:\/\/www.naturparkmagazin.de\/stechlin\/author\/marioschrumpf\/"}]}},"_links":{"self":[{"href":"https:\/\/www.naturparkmagazin.de\/stechlin\/wp-json\/wp\/v2\/posts\/4226"}],"collection":[{"href":"https:\/\/www.naturparkmagazin.de\/stechlin\/wp-json\/wp\/v2\/posts"}],"about":[{"href":"https:\/\/www.naturparkmagazin.de\/stechlin\/wp-json\/wp\/v2\/types\/post"}],"author":[{"embeddable":true,"href":"https:\/\/www.naturparkmagazin.de\/stechlin\/wp-json\/wp\/v2\/users\/39"}],"replies":[{"embeddable":true,"href":"https:\/\/www.naturparkmagazin.de\/stechlin\/wp-json\/wp\/v2\/comments?post=4226"}],"version-history":[{"count":14,"href":"https:\/\/www.naturparkmagazin.de\/stechlin\/wp-json\/wp\/v2\/posts\/4226\/revisions"}],"predecessor-version":[{"id":4429,"href":"https:\/\/www.naturparkmagazin.de\/stechlin\/wp-json\/wp\/v2\/posts\/4226\/revisions\/4429"}],"wp:featuredmedia":[{"embeddable":true,"href":"https:\/\/www.naturparkmagazin.de\/stechlin\/wp-json\/wp\/v2\/media\/4339"}],"wp:attachment":[{"href":"https:\/\/www.naturparkmagazin.de\/stechlin\/wp-json\/wp\/v2\/media?parent=4226"}],"wp:term":[{"taxonomy":"category","embeddable":true,"href":"https:\/\/www.naturparkmagazin.de\/stechlin\/wp-json\/wp\/v2\/categories?post=4226"},{"taxonomy":"post_tag","embeddable":true,"href":"https:\/\/www.naturparkmagazin.de\/stechlin\/wp-json\/wp\/v2\/tags?post=4226"}],"curies":[{"name":"wp","href":"https:\/\/api.w.org\/{rel}","templated":true}]}}