{"id":4228,"date":"2016-07-18T16:00:35","date_gmt":"2016-07-18T14:00:35","guid":{"rendered":"http:\/\/www.naturparkmagazin.de\/stechlin\/?p=4228"},"modified":"2016-07-28T12:51:09","modified_gmt":"2016-07-28T10:51:09","slug":"erfolgreiches-kunstsymposium","status":"publish","type":"post","link":"https:\/\/www.naturparkmagazin.de\/stechlin\/erfolgreiches-kunstsymposium\/","title":{"rendered":"Erfolgreiches Kunstsymposium"},"content":{"rendered":"<div id=\"attachment_4262\" style=\"width: 310px\" class=\"wp-caption alignleft\"><a href=\"https:\/\/www.naturparkmagazin.de\/stechlin\/wp-content\/uploads\/sites\/38\/kunstsymposium2016_023.jpg\"><img aria-describedby=\"caption-attachment-4262\" decoding=\"async\" loading=\"lazy\" class=\"wp-image-4262 size-thumbnail\" src=\"https:\/\/www.naturparkmagazin.de\/stechlin\/wp-content\/uploads\/sites\/38\/kunstsymposium2016_023-300x180.jpg\" alt=\"kunstsymposium2016_023\" width=\"300\" height=\"180\" srcset=\"https:\/\/www.naturparkmagazin.de\/stechlin\/wp-content\/uploads\/sites\/38\/kunstsymposium2016_023-300x180.jpg 300w, https:\/\/www.naturparkmagazin.de\/stechlin\/wp-content\/uploads\/sites\/38\/kunstsymposium2016_023.jpg 500w, https:\/\/www.naturparkmagazin.de\/stechlin\/wp-content\/uploads\/sites\/38\/kunstsymposium2016_023-200x120.jpg 200w\" sizes=\"(max-width: 300px) 100vw, 300px\" \/><\/a><p id=\"caption-attachment-4262\" class=\"wp-caption-text\">Gastgeber Dr. Gruner (Leiter der Waldarbeitsschule Kunsterspring-links im Bild) mit den teilnehmenden K\u00fcnstlern<\/p><\/div>\n<p>&nbsp;<\/p>\n<p>&nbsp;<\/p>\n<p>&nbsp;<\/p>\n<p>&nbsp;<\/p>\n<p>&nbsp;<\/p>\n<p>&nbsp;<\/p>\n<p>&nbsp;<\/p>\n<p>Acht K\u00fcnstler aus Japan, Polen und Deutschland\u00a0haben vom 19.-30. Juli 2016 elf Tage gemeinsam auf dem Gel\u00e4nde der Waldarbeitsschule in der Ruppiner Schweiz und in der angrenzenden Landschaft im Naturpark Stechlin-Ruppiner Land zum Thema &#8222;<em>Zwischen Wasser und Land<\/em>&#8220; gearbeitet. Dabei waren Tomoki Mori aus Japan, Sebastian Wywiorski aus Polen sowie Sally Moira Busse, Uwe Thamm, Stephan M\u00f6ller, Jens Kanitz, Gudrun Lomas und Kuno Lomas aus Deutschland.<\/p>\n<div id=\"attachment_4263\" style=\"width: 310px\" class=\"wp-caption alignleft\"><a href=\"https:\/\/www.naturparkmagazin.de\/stechlin\/wp-content\/uploads\/sites\/38\/kunstsymposium2016_047.jpg\"><img aria-describedby=\"caption-attachment-4263\" decoding=\"async\" loading=\"lazy\" class=\"wp-image-4263 size-thumbnail\" src=\"https:\/\/www.naturparkmagazin.de\/stechlin\/wp-content\/uploads\/sites\/38\/kunstsymposium2016_047-300x180.jpg\" alt=\"kunstsymposium2016_047\" width=\"300\" height=\"180\" srcset=\"https:\/\/www.naturparkmagazin.de\/stechlin\/wp-content\/uploads\/sites\/38\/kunstsymposium2016_047-300x180.jpg 300w, https:\/\/www.naturparkmagazin.de\/stechlin\/wp-content\/uploads\/sites\/38\/kunstsymposium2016_047.jpg 500w, https:\/\/www.naturparkmagazin.de\/stechlin\/wp-content\/uploads\/sites\/38\/kunstsymposium2016_047-200x120.jpg 200w\" sizes=\"(max-width: 300px) 100vw, 300px\" \/><\/a><p id=\"caption-attachment-4263\" class=\"wp-caption-text\">Jens Kanitz stellt seinen Entwurf vor<\/p><\/div>\n<p>&nbsp;<\/p>\n<p>&nbsp;<\/p>\n<p>&nbsp;<\/p>\n<p>&nbsp;<\/p>\n<p>&nbsp;<\/p>\n<p>&nbsp;<\/p>\n<p>&nbsp;<\/p>\n<p>Eingeladen haben in bew\u00e4hrter Zusammenarbeit der Kunstverein Zehdenick, der Naturpark Stechlin-Ruppiner Land, die Stiftung NaturSchutzFonds Brandenburg und die Waldarbeitsschule Kunsterspring. In diesem Jahr wurden nicht nur Bilder, sondern auch Skulpturen aus Eichenholz geschaffen, die zuk\u00fcnftig ihren Platz entlang des Rundwanderweges um den Dagowsee in Neuglobsow in der Gemeinde Stechlin finden sollen.<\/p>\n<p>Das Medium Kunst erschlie\u00dft im Rahmen der \u00d6ffentlichkeitsarbeit des EU LIFE-Projektes Feuchtw\u00e4lder der Stiftung NaturSchutzFonds Brandenburg mit Kunstinteressierten eine neue Zielgruppe, die f\u00fcr die Besonderheiten, Ver\u00e4nderungen, Verg\u00e4nglichkeit und Einzigartigkeit der Flora und Fauna zwischen Land und Wasser gewonnen werden k\u00f6nnen. \u00dcber die vermittelten Botschaften wird so die Akzeptanz f\u00fcr Auen- und Feuchtw\u00e4lder als gesch\u00fctzte Lebensr\u00e4ume innerhalb des europaweiten Schutzgebietsnetzwerkes NATURA 2000 gesteigert. Der Landesbetrieb Forst Brandenburg (LFB) unterst\u00fctzt dieses besondere Kunstsymposium\u00a0 organisatorisch und\u00a0 stellt\u00a0 geeignetes Eichenholz zur Verf\u00fcgung. Auch der LFB\u00a0 sieht in den k\u00fcnstlerischen, in Eichenholz\u00a0 festgehaltenen Botschaften ein Signal zum nachhaltigen Umgang mit\u00a0 der Vegetationsform Wald sowie dem nachwachsenden Rohstoff Holz.<\/p>\n<p>Die K\u00fcnstler\u00a0haben ihre Arbeiten zum Ende des Kunstsymposiums in einer Finissage am 30. Juli in der Waldarbeitsschule der \u00d6ffentlichkeit pr\u00e4sentiert.<\/p>\n","protected":false},"excerpt":{"rendered":"<p>Acht K\u00fcnstler aus Japan, Polen und Deutschland haben im Juli 2016 elf Tage gemeinsam auf dem Gel\u00e4nde der Waldarbeitsschule im Naturpark Stechlin-Ruppiner Land zum Thema &#8222;Zwischen Wasser und Land&#8220; gearbeitet. <\/p>\n","protected":false},"author":39,"featured_media":4261,"comment_status":"open","ping_status":"open","sticky":false,"template":"","format":"standard","meta":[],"categories":[7],"tags":[],"yoast_head":"<!-- This site is optimized with the Yoast SEO plugin v19.10 - https:\/\/yoast.com\/wordpress\/plugins\/seo\/ -->\n<title>Erfolgreiches Kunstsymposium - Naturpark Stechlin-Ruppiner Land<\/title>\n<meta name=\"robots\" content=\"index, follow, max-snippet:-1, max-image-preview:large, max-video-preview:-1\" \/>\n<link rel=\"canonical\" href=\"https:\/\/www.naturparkmagazin.de\/stechlin\/erfolgreiches-kunstsymposium\/\" \/>\n<meta property=\"og:locale\" content=\"de_DE\" \/>\n<meta property=\"og:type\" content=\"article\" \/>\n<meta property=\"og:title\" content=\"Erfolgreiches Kunstsymposium - Naturpark Stechlin-Ruppiner Land\" \/>\n<meta property=\"og:description\" content=\"Acht K\u00fcnstler aus Japan, Polen und Deutschland haben im Juli 2016 elf Tage gemeinsam auf dem Gel\u00e4nde der Waldarbeitsschule im Naturpark Stechlin-Ruppiner Land zum Thema &quot;Zwischen Wasser und Land&quot; gearbeitet.\" \/>\n<meta property=\"og:url\" content=\"https:\/\/www.naturparkmagazin.de\/stechlin\/erfolgreiches-kunstsymposium\/\" \/>\n<meta property=\"og:site_name\" content=\"Naturpark Stechlin-Ruppiner Land\" \/>\n<meta property=\"article:published_time\" content=\"2016-07-18T14:00:35+00:00\" \/>\n<meta property=\"article:modified_time\" content=\"2016-07-28T10:51:09+00:00\" \/>\n<meta property=\"og:image\" content=\"https:\/\/www.naturparkmagazin.de\/stechlin\/wp-content\/uploads\/sites\/38\/kunstsymposium2016.jpg\" \/>\n\t<meta property=\"og:image:width\" content=\"200\" \/>\n\t<meta property=\"og:image:height\" content=\"200\" \/>\n\t<meta property=\"og:image:type\" content=\"image\/jpeg\" \/>\n<meta name=\"author\" content=\"marioschrumpf\" \/>\n<meta name=\"twitter:label1\" content=\"Verfasst von\" \/>\n\t<meta name=\"twitter:data1\" content=\"marioschrumpf\" \/>\n\t<meta name=\"twitter:label2\" content=\"Gesch\u00e4tzte Lesezeit\" \/>\n\t<meta name=\"twitter:data2\" content=\"2\u00a0Minuten\" \/>\n<script type=\"application\/ld+json\" class=\"yoast-schema-graph\">{\"@context\":\"https:\/\/schema.org\",\"@graph\":[{\"@type\":\"WebPage\",\"@id\":\"https:\/\/www.naturparkmagazin.de\/stechlin\/erfolgreiches-kunstsymposium\/\",\"url\":\"https:\/\/www.naturparkmagazin.de\/stechlin\/erfolgreiches-kunstsymposium\/\",\"name\":\"Erfolgreiches Kunstsymposium - Naturpark Stechlin-Ruppiner Land\",\"isPartOf\":{\"@id\":\"https:\/\/www.naturparkmagazin.de\/stechlin\/#website\"},\"datePublished\":\"2016-07-18T14:00:35+00:00\",\"dateModified\":\"2016-07-28T10:51:09+00:00\",\"author\":{\"@id\":\"https:\/\/www.naturparkmagazin.de\/stechlin\/#\/schema\/person\/3f0d93203df21c806dd63c76d9bb28bc\"},\"breadcrumb\":{\"@id\":\"https:\/\/www.naturparkmagazin.de\/stechlin\/erfolgreiches-kunstsymposium\/#breadcrumb\"},\"inLanguage\":\"de\",\"potentialAction\":[{\"@type\":\"ReadAction\",\"target\":[\"https:\/\/www.naturparkmagazin.de\/stechlin\/erfolgreiches-kunstsymposium\/\"]}]},{\"@type\":\"BreadcrumbList\",\"@id\":\"https:\/\/www.naturparkmagazin.de\/stechlin\/erfolgreiches-kunstsymposium\/#breadcrumb\",\"itemListElement\":[{\"@type\":\"ListItem\",\"position\":1,\"name\":\"Home\",\"item\":\"https:\/\/www.naturparkmagazin.de\/stechlin\/\"},{\"@type\":\"ListItem\",\"position\":2,\"name\":\"Erfolgreiches Kunstsymposium\"}]},{\"@type\":\"WebSite\",\"@id\":\"https:\/\/www.naturparkmagazin.de\/stechlin\/#website\",\"url\":\"https:\/\/www.naturparkmagazin.de\/stechlin\/\",\"name\":\"Naturpark Stechlin-Ruppiner Land\",\"description\":\"\",\"potentialAction\":[{\"@type\":\"SearchAction\",\"target\":{\"@type\":\"EntryPoint\",\"urlTemplate\":\"https:\/\/www.naturparkmagazin.de\/stechlin\/?s={search_term_string}\"},\"query-input\":\"required name=search_term_string\"}],\"inLanguage\":\"de\"},{\"@type\":\"Person\",\"@id\":\"https:\/\/www.naturparkmagazin.de\/stechlin\/#\/schema\/person\/3f0d93203df21c806dd63c76d9bb28bc\",\"name\":\"marioschrumpf\",\"url\":\"https:\/\/www.naturparkmagazin.de\/stechlin\/author\/marioschrumpf\/\"}]}<\/script>\n<!-- \/ Yoast SEO plugin. -->","yoast_head_json":{"title":"Erfolgreiches Kunstsymposium - Naturpark Stechlin-Ruppiner Land","robots":{"index":"index","follow":"follow","max-snippet":"max-snippet:-1","max-image-preview":"max-image-preview:large","max-video-preview":"max-video-preview:-1"},"canonical":"https:\/\/www.naturparkmagazin.de\/stechlin\/erfolgreiches-kunstsymposium\/","og_locale":"de_DE","og_type":"article","og_title":"Erfolgreiches Kunstsymposium - Naturpark Stechlin-Ruppiner Land","og_description":"Acht K\u00fcnstler aus Japan, Polen und Deutschland haben im Juli 2016 elf Tage gemeinsam auf dem Gel\u00e4nde der Waldarbeitsschule im Naturpark Stechlin-Ruppiner Land zum Thema \"Zwischen Wasser und Land\" gearbeitet.","og_url":"https:\/\/www.naturparkmagazin.de\/stechlin\/erfolgreiches-kunstsymposium\/","og_site_name":"Naturpark Stechlin-Ruppiner Land","article_published_time":"2016-07-18T14:00:35+00:00","article_modified_time":"2016-07-28T10:51:09+00:00","og_image":[{"width":200,"height":200,"url":"https:\/\/www.naturparkmagazin.de\/stechlin\/wp-content\/uploads\/sites\/38\/kunstsymposium2016.jpg","type":"image\/jpeg"}],"author":"marioschrumpf","twitter_misc":{"Verfasst von":"marioschrumpf","Gesch\u00e4tzte Lesezeit":"2\u00a0Minuten"},"schema":{"@context":"https:\/\/schema.org","@graph":[{"@type":"WebPage","@id":"https:\/\/www.naturparkmagazin.de\/stechlin\/erfolgreiches-kunstsymposium\/","url":"https:\/\/www.naturparkmagazin.de\/stechlin\/erfolgreiches-kunstsymposium\/","name":"Erfolgreiches Kunstsymposium - Naturpark Stechlin-Ruppiner Land","isPartOf":{"@id":"https:\/\/www.naturparkmagazin.de\/stechlin\/#website"},"datePublished":"2016-07-18T14:00:35+00:00","dateModified":"2016-07-28T10:51:09+00:00","author":{"@id":"https:\/\/www.naturparkmagazin.de\/stechlin\/#\/schema\/person\/3f0d93203df21c806dd63c76d9bb28bc"},"breadcrumb":{"@id":"https:\/\/www.naturparkmagazin.de\/stechlin\/erfolgreiches-kunstsymposium\/#breadcrumb"},"inLanguage":"de","potentialAction":[{"@type":"ReadAction","target":["https:\/\/www.naturparkmagazin.de\/stechlin\/erfolgreiches-kunstsymposium\/"]}]},{"@type":"BreadcrumbList","@id":"https:\/\/www.naturparkmagazin.de\/stechlin\/erfolgreiches-kunstsymposium\/#breadcrumb","itemListElement":[{"@type":"ListItem","position":1,"name":"Home","item":"https:\/\/www.naturparkmagazin.de\/stechlin\/"},{"@type":"ListItem","position":2,"name":"Erfolgreiches Kunstsymposium"}]},{"@type":"WebSite","@id":"https:\/\/www.naturparkmagazin.de\/stechlin\/#website","url":"https:\/\/www.naturparkmagazin.de\/stechlin\/","name":"Naturpark Stechlin-Ruppiner Land","description":"","potentialAction":[{"@type":"SearchAction","target":{"@type":"EntryPoint","urlTemplate":"https:\/\/www.naturparkmagazin.de\/stechlin\/?s={search_term_string}"},"query-input":"required name=search_term_string"}],"inLanguage":"de"},{"@type":"Person","@id":"https:\/\/www.naturparkmagazin.de\/stechlin\/#\/schema\/person\/3f0d93203df21c806dd63c76d9bb28bc","name":"marioschrumpf","url":"https:\/\/www.naturparkmagazin.de\/stechlin\/author\/marioschrumpf\/"}]}},"_links":{"self":[{"href":"https:\/\/www.naturparkmagazin.de\/stechlin\/wp-json\/wp\/v2\/posts\/4228"}],"collection":[{"href":"https:\/\/www.naturparkmagazin.de\/stechlin\/wp-json\/wp\/v2\/posts"}],"about":[{"href":"https:\/\/www.naturparkmagazin.de\/stechlin\/wp-json\/wp\/v2\/types\/post"}],"author":[{"embeddable":true,"href":"https:\/\/www.naturparkmagazin.de\/stechlin\/wp-json\/wp\/v2\/users\/39"}],"replies":[{"embeddable":true,"href":"https:\/\/www.naturparkmagazin.de\/stechlin\/wp-json\/wp\/v2\/comments?post=4228"}],"version-history":[{"count":9,"href":"https:\/\/www.naturparkmagazin.de\/stechlin\/wp-json\/wp\/v2\/posts\/4228\/revisions"}],"predecessor-version":[{"id":4363,"href":"https:\/\/www.naturparkmagazin.de\/stechlin\/wp-json\/wp\/v2\/posts\/4228\/revisions\/4363"}],"wp:featuredmedia":[{"embeddable":true,"href":"https:\/\/www.naturparkmagazin.de\/stechlin\/wp-json\/wp\/v2\/media\/4261"}],"wp:attachment":[{"href":"https:\/\/www.naturparkmagazin.de\/stechlin\/wp-json\/wp\/v2\/media?parent=4228"}],"wp:term":[{"taxonomy":"category","embeddable":true,"href":"https:\/\/www.naturparkmagazin.de\/stechlin\/wp-json\/wp\/v2\/categories?post=4228"},{"taxonomy":"post_tag","embeddable":true,"href":"https:\/\/www.naturparkmagazin.de\/stechlin\/wp-json\/wp\/v2\/tags?post=4228"}],"curies":[{"name":"wp","href":"https:\/\/api.w.org\/{rel}","templated":true}]}}